{"id":5622,"date":"2025-07-17T18:59:46","date_gmt":"2025-07-17T23:59:46","guid":{"rendered":"https:\/\/vocesdelaregion.com\/?p=5622"},"modified":"2025-07-19T19:02:41","modified_gmt":"2025-07-20T00:02:41","slug":"manizales-lista-para-el-grita-plancha-2025-en-la-plaza-de-bolivar","status":"publish","type":"post","link":"https:\/\/vocesdelaregion.com\/index.php\/2025\/07\/17\/manizales-lista-para-el-grita-plancha-2025-en-la-plaza-de-bolivar\/","title":{"rendered":"Manizales lista para el \u2018Grita Plancha 2025\u2019 en la Plaza de Bol\u00edvar"},"content":{"rendered":"\n<ul class=\"wp-block-list\">\n<li><strong><em>Los asistentes podr\u00e1n ingresar al concierto\u00a0<strong><em>este s\u00e1bado 19 de julio<\/em><\/strong><\/em><\/strong>,<strong><em>\u00a0a partir de las 6 de la tarde. La entrada es libre, sin boleter\u00eda y para mayores de edad.<\/em><\/strong><\/li>\n\n\n\n<li><strong><em>El show principal estar\u00e1 a cargo de Majida Issa, Marbelle, Yolanda Rayo y Keyla, quienes protagonizar\u00e1n el espect\u00e1culo Planchando el Despecho.<\/em><\/strong><\/li>\n<\/ul>\n\n\n\n<p>Este s\u00e1bado 19 de julio, desde las 6:00 p. m., la Plaza de Bol\u00edvar de Manizales se convertir\u00e1 en el escenario de&nbsp;<strong>\u2018Manizales Grita Plancha\u2019<\/strong>, homenaje a la m\u00fasica y a las grandes voces que han marcado generaciones.<\/p>\n\n\n\n<p>El show principal estar\u00e1 a cargo de Majida Issa, Marbelle, Yolanda Rayo y Keyla, quienes protagonizar\u00e1n el espect\u00e1culo&nbsp;<strong>Planchando el Despecho<\/strong>, una puesta en escena llena de poder, nostalgia y emoci\u00f3n. Con sus interpretaciones, el p\u00fablico revivir\u00e1 los himnos del amor y el desamor que han trascendido el tiempo. Adem\u00e1s, el evento contar\u00e1 con la participaci\u00f3n especial de dos agrupaciones locales, que abrir\u00e1n el concierto con lo mejor del talento manizale\u00f1o y, as\u00ed celebrar la diversidad y riqueza cultural de la regi\u00f3n.<\/p>\n\n\n\n<p>La gran noche musical hace parte de la apuesta de la Alcald\u00eda de Manizales, por medio de la Secretar\u00eda de Cultura y Civismo y, la Promotora de Eventos y Turismo por fortalecer el arte de la ciudad, para consolidarla como un destino para el disfrute colectivo y el acceso gratuito a espect\u00e1culos de calidad.<\/p>\n\n\n\n<p>El gerente de la Promotora de Eventos y Turismo de Manizales, Juan Pablo Mar\u00edn Jaramillo se\u00f1al\u00f3:&nbsp;<strong><em>\u201csi eres mayor de edad y quieres disfrutar de este evento, este s\u00e1bado te esperamos en la Plaza de Bol\u00edvar por nuestros ingresos tradicionales: carrera 22, calles 22 y 23, entre carreras 23 y 22. Vamos a vivir un momento \u00fanico con Planchando al Despecho y recuerda, tenemos zonas para el adulto mayor y una especial para personas con movilidad reducida\u201d.<\/em><\/strong><\/p>\n\n\n\n<figure class=\"wp-block-embed is-type-video is-provider-youtube wp-block-embed-youtube wp-embed-aspect-16-9 wp-has-aspect-ratio\"><div class=\"wp-block-embed__wrapper\">\n<iframe title=\"Gerente de la Promotora de Eventos y Turismo,  invitando al Manizales Grita Plancha.\" width=\"640\" height=\"360\" src=\"https:\/\/www.youtube.com\/embed\/3nteUBn-QvQ?feature=oembed\" frameborder=\"0\" allow=\"accelerometer; autoplay; clipboard-write; encrypted-media; gyroscope; picture-in-picture; web-share\" referrerpolicy=\"strict-origin-when-cross-origin\" allowfullscreen><\/iframe>\n<\/div><\/figure>\n\n\n\n<p>El ingreso es libre, sin boleter\u00eda y para mayores de edad. Se recomienda asistir con tiempo y seguir las indicaciones del equipo log\u00edstico y las autoridades para vivir una experiencia segura y memorable.<\/p>\n","protected":false},"excerpt":{"rendered":"<p>Este s\u00e1bado 19 de julio, desde las 6:00 p. m., la Plaza de Bol\u00edvar de Manizales se convertir\u00e1 en el escenario de&nbsp;\u2018Manizales Grita Plancha\u2019, homenaje a la m\u00fasica y a las grandes voces que han marcado generaciones. El show principal estar\u00e1 a cargo de Majida Issa, Marbelle, Yolanda Rayo y Keyla, quienes protagonizar\u00e1n el espect\u00e1culo&nbsp;Planchando [&hellip;]<\/p>\n","protected":false},"author":1,"featured_media":5620,"comment_status":"open","ping_status":"open","sticky":false,"template":"","format":"standard","meta":{"om_disable_all_campaigns":false,"_monsterinsights_skip_tracking":false,"_monsterinsights_sitenote_active":false,"_monsterinsights_sitenote_note":"","_monsterinsights_sitenote_category":0,"_uf_show_specific_survey":0,"_uf_disable_surveys":false,"footnotes":""},"categories":[355,58,26],"tags":[],"class_list":["post-5622","post","type-post","status-publish","format-standard","has-post-thumbnail","hentry","category-alcaldia-de-manizales","category-alcaldias","category-manizales"],"aioseo_notices":[],"blog_post_layout_featured_media_urls":{"thumbnail":["https:\/\/vocesdelaregion.com\/wp-content\/uploads\/2025\/07\/Post-Grita-Plancha-150x150.png",150,150,true],"full":["https:\/\/vocesdelaregion.com\/wp-content\/uploads\/2025\/07\/Post-Grita-Plancha.png",1081,1351,false]},"categories_names":{"355":{"name":"Alcald\u00eda de Manizales","link":"https:\/\/vocesdelaregion.com\/index.php\/category\/alcaldias\/alcaldia-de-manizales\/"},"58":{"name":"Alcald\u00edas","link":"https:\/\/vocesdelaregion.com\/index.php\/category\/alcaldias\/"},"26":{"name":"Manizales","link":"https:\/\/vocesdelaregion.com\/index.php\/category\/manizales\/"}},"tags_names":[],"comments_number":"0","wpmagazine_modules_lite_featured_media_urls":{"thumbnail":["https:\/\/vocesdelaregion.com\/wp-content\/uploads\/2025\/07\/Post-Grita-Plancha-150x150.png",150,150,true],"cvmm-medium":["https:\/\/vocesdelaregion.com\/wp-content\/uploads\/2025\/07\/Post-Grita-Plancha-300x300.png",300,300,true],"cvmm-medium-plus":["https:\/\/vocesdelaregion.com\/wp-content\/uploads\/2025\/07\/Post-Grita-Plancha-305x207.png",305,207,true],"cvmm-portrait":["https:\/\/vocesdelaregion.com\/wp-content\/uploads\/2025\/07\/Post-Grita-Plancha-400x600.png",400,600,true],"cvmm-medium-square":["https:\/\/vocesdelaregion.com\/wp-content\/uploads\/2025\/07\/Post-Grita-Plancha-600x600.png",600,600,true],"cvmm-large":["https:\/\/vocesdelaregion.com\/wp-content\/uploads\/2025\/07\/Post-Grita-Plancha-1024x1024.png",1024,1024,true],"cvmm-small":["https:\/\/vocesdelaregion.com\/wp-content\/uploads\/2025\/07\/Post-Grita-Plancha-130x95.png",130,95,true],"full":["https:\/\/vocesdelaregion.com\/wp-content\/uploads\/2025\/07\/Post-Grita-Plancha.png",1081,1351,false]},"_links":{"self":[{"href":"https:\/\/vocesdelaregion.com\/index.php\/wp-json\/wp\/v2\/posts\/5622","targetHints":{"allow":["GET"]}}],"collection":[{"href":"https:\/\/vocesdelaregion.com\/index.php\/wp-json\/wp\/v2\/posts"}],"about":[{"href":"https:\/\/vocesdelaregion.com\/index.php\/wp-json\/wp\/v2\/types\/post"}],"author":[{"embeddable":true,"href":"https:\/\/vocesdelaregion.com\/index.php\/wp-json\/wp\/v2\/users\/1"}],"replies":[{"embeddable":true,"href":"https:\/\/vocesdelaregion.com\/index.php\/wp-json\/wp\/v2\/comments?post=5622"}],"version-history":[{"count":1,"href":"https:\/\/vocesdelaregion.com\/index.php\/wp-json\/wp\/v2\/posts\/5622\/revisions"}],"predecessor-version":[{"id":5623,"href":"https:\/\/vocesdelaregion.com\/index.php\/wp-json\/wp\/v2\/posts\/5622\/revisions\/5623"}],"wp:featuredmedia":[{"embeddable":true,"href":"https:\/\/vocesdelaregion.com\/index.php\/wp-json\/wp\/v2\/media\/5620"}],"wp:attachment":[{"href":"https:\/\/vocesdelaregion.com\/index.php\/wp-json\/wp\/v2\/media?parent=5622"}],"wp:term":[{"taxonomy":"category","embeddable":true,"href":"https:\/\/vocesdelaregion.com\/index.php\/wp-json\/wp\/v2\/categories?post=5622"},{"taxonomy":"post_tag","embeddable":true,"href":"https:\/\/vocesdelaregion.com\/index.php\/wp-json\/wp\/v2\/tags?post=5622"}],"curies":[{"name":"wp","href":"https:\/\/api.w.org\/{rel}","templated":true}]}}