{"id":5611,"date":"2025-07-17T17:15:14","date_gmt":"2025-07-17T22:15:14","guid":{"rendered":"https:\/\/vocesdelaregion.com\/?p=5611"},"modified":"2025-07-17T17:15:16","modified_gmt":"2025-07-17T22:15:16","slug":"capturados-con-tarjetas-hurtadas-uno-tiene-10-anotaciones-judiciales","status":"publish","type":"post","link":"https:\/\/vocesdelaregion.com\/index.php\/2025\/07\/17\/capturados-con-tarjetas-hurtadas-uno-tiene-10-anotaciones-judiciales\/","title":{"rendered":"Capturados con tarjetas hurtadas: uno tiene 10 anotaciones judiciales"},"content":{"rendered":"\n<p>Tres hombres capturados por delitos relacionados con hurto inform\u00e1tico y uso fraudulento de tarjetas bancarias<\/p>\n\n\n\n<p>En desarrollo del macro plan de seguridad \u201cCaldas Avanza M\u00e1s Seguro\u201d, integrantes de la Seccional de Investigaci\u00f3n Criminal capturaron en el municipio de Anserma a tres hombres de 60, 53 y 38 a\u00f1os, presuntamente vinculados a una estructura delincuencial dedicada al hurto por medios inform\u00e1ticos y al uso fraudulento de tarjetas bancarias.<\/p>\n\n\n\n<figure class=\"wp-block-gallery has-nested-images columns-default is-cropped wp-block-gallery-1 is-layout-flex wp-block-gallery-is-layout-flex\">\n<figure class=\"wp-block-image size-large\"><img fetchpriority=\"high\" decoding=\"async\" width=\"1024\" height=\"809\" data-id=\"5612\" src=\"https:\/\/vocesdelaregion.com\/wp-content\/uploads\/2025\/07\/WhatsApp-Image-2025-07-17-at-3.41.36-PM-1024x809.jpeg\" alt=\"\" class=\"wp-image-5612\" srcset=\"https:\/\/vocesdelaregion.com\/wp-content\/uploads\/2025\/07\/WhatsApp-Image-2025-07-17-at-3.41.36-PM-1024x809.jpeg 1024w, https:\/\/vocesdelaregion.com\/wp-content\/uploads\/2025\/07\/WhatsApp-Image-2025-07-17-at-3.41.36-PM-300x237.jpeg 300w, https:\/\/vocesdelaregion.com\/wp-content\/uploads\/2025\/07\/WhatsApp-Image-2025-07-17-at-3.41.36-PM-768x607.jpeg 768w, https:\/\/vocesdelaregion.com\/wp-content\/uploads\/2025\/07\/WhatsApp-Image-2025-07-17-at-3.41.36-PM-600x474.jpeg 600w, https:\/\/vocesdelaregion.com\/wp-content\/uploads\/2025\/07\/WhatsApp-Image-2025-07-17-at-3.41.36-PM.jpeg 1280w\" sizes=\"(max-width: 1024px) 100vw, 1024px\" \/><\/figure>\n\n\n\n<figure class=\"wp-block-image size-large\"><img decoding=\"async\" width=\"1024\" height=\"629\" data-id=\"5613\" src=\"https:\/\/vocesdelaregion.com\/wp-content\/uploads\/2025\/07\/WhatsApp-Image-2025-07-17-at-3.41.29-PM-1024x629.jpeg\" alt=\"\" class=\"wp-image-5613\" srcset=\"https:\/\/vocesdelaregion.com\/wp-content\/uploads\/2025\/07\/WhatsApp-Image-2025-07-17-at-3.41.29-PM-1024x629.jpeg 1024w, https:\/\/vocesdelaregion.com\/wp-content\/uploads\/2025\/07\/WhatsApp-Image-2025-07-17-at-3.41.29-PM-300x184.jpeg 300w, https:\/\/vocesdelaregion.com\/wp-content\/uploads\/2025\/07\/WhatsApp-Image-2025-07-17-at-3.41.29-PM-768x472.jpeg 768w, https:\/\/vocesdelaregion.com\/wp-content\/uploads\/2025\/07\/WhatsApp-Image-2025-07-17-at-3.41.29-PM-1536x944.jpeg 1536w, https:\/\/vocesdelaregion.com\/wp-content\/uploads\/2025\/07\/WhatsApp-Image-2025-07-17-at-3.41.29-PM-600x369.jpeg 600w, https:\/\/vocesdelaregion.com\/wp-content\/uploads\/2025\/07\/WhatsApp-Image-2025-07-17-at-3.41.29-PM.jpeg 1600w\" sizes=\"(max-width: 1024px) 100vw, 1024px\" \/><\/figure>\n\n\n\n<figure class=\"wp-block-image size-large\"><img decoding=\"async\" width=\"1024\" height=\"629\" data-id=\"5614\" src=\"https:\/\/vocesdelaregion.com\/wp-content\/uploads\/2025\/07\/WhatsApp-Image-2025-07-17-at-3.41.28-PM-1024x629.jpeg\" alt=\"\" class=\"wp-image-5614\" srcset=\"https:\/\/vocesdelaregion.com\/wp-content\/uploads\/2025\/07\/WhatsApp-Image-2025-07-17-at-3.41.28-PM-1024x629.jpeg 1024w, https:\/\/vocesdelaregion.com\/wp-content\/uploads\/2025\/07\/WhatsApp-Image-2025-07-17-at-3.41.28-PM-300x184.jpeg 300w, https:\/\/vocesdelaregion.com\/wp-content\/uploads\/2025\/07\/WhatsApp-Image-2025-07-17-at-3.41.28-PM-768x472.jpeg 768w, https:\/\/vocesdelaregion.com\/wp-content\/uploads\/2025\/07\/WhatsApp-Image-2025-07-17-at-3.41.28-PM-1536x944.jpeg 1536w, https:\/\/vocesdelaregion.com\/wp-content\/uploads\/2025\/07\/WhatsApp-Image-2025-07-17-at-3.41.28-PM-600x369.jpeg 600w, https:\/\/vocesdelaregion.com\/wp-content\/uploads\/2025\/07\/WhatsApp-Image-2025-07-17-at-3.41.28-PM.jpeg 1600w\" sizes=\"(max-width: 1024px) 100vw, 1024px\" \/><\/figure>\n<\/figure>\n\n\n\n<p>Durante el procedimiento, se report\u00f3 la alerta de un bloqueo en un cajero autom\u00e1tico de Davivienda, lo que gener\u00f3 sospechas de actividad delictiva. A trav\u00e9s de las c\u00e1maras de seguridad, se observaron a varios individuos manipulando tarjetas de d\u00e9bito. Gracias al aviso oportuno de Andina seguridad, uniformados de la seccional de investigaci\u00f3n criminal se desplazaron de forma inmediata al lugar. Al notar la presencia policial, los sujetos emprendieron la huida en un veh\u00edculo, dando inicio a una persecuci\u00f3n que culmin\u00f3 con su captura.<\/p>\n\n\n\n<p>Dos de los individuos fueron sorprendidos en flagrancia mientras utilizaban tarjetas hurtadas de las entidades Davivienda y Bancolombia. El tercer sujeto fue detenido por orden judicial emitida por el Juzgado Primero Penal Municipal de Armenia, Quind\u00edo, por el delito de hurto por medios inform\u00e1ticos.<\/p>\n\n\n\n<figure class=\"wp-block-embed is-type-video is-provider-tiktok wp-block-embed-tiktok\"><div class=\"wp-block-embed__wrapper\">\n<blockquote class=\"tiktok-embed\" cite=\"https:\/\/www.tiktok.com\/@vocesdelaregion\/video\/7528174043892288774\" data-video-id=\"7528174043892288774\" data-embed-from=\"oembed\" style=\"max-width:605px; min-width:325px;\"> <section> <a target=\"_blank\" title=\"@vocesdelaregion\" href=\"https:\/\/www.tiktok.com\/@vocesdelaregion?refer=embed\">@vocesdelaregion<\/a> <p>CAPTURADOS EN ANSERMA CON TARJETAS HURTADAS: UNO DE ELLOS TIENE 10 ANOTACIONES JUDICIALES  Tres hombres capturados por delitos relacionados con hurto inform\u00e1tico y uso fraudulento de tarjetas bancarias En desarrollo del macro plan de seguridad \u201cCaldas Avanza M\u00e1s Seguro\u201d, integrantes de la Seccional de Investigaci\u00f3n Criminal capturaron en el municipio de Anserma a tres hombres de 60, 53 y 38 a\u00f1os, presuntamente vinculados a una estructura delincuencial dedicada al hurto por medios inform\u00e1ticos y al uso fraudulento de tarjetas bancarias. Durante el procedimiento, se report\u00f3 la alerta de un bloqueo en un cajero autom\u00e1tico de Davivienda, lo que gener\u00f3 sospechas de actividad delictiva. A trav\u00e9s de las c\u00e1maras de seguridad, se observaron a varios individuos manipulando tarjetas de d\u00e9bito. Gracias al aviso oportuno de Andina seguridad, uniformados de la seccional de investigaci\u00f3n criminal se desplazaron de forma inmediata al lugar. Al notar la presencia policial, los sujetos emprendieron la huida en un veh\u00edculo, dando inicio a una persecuci\u00f3n que culmin\u00f3 con su captura. Dos de los individuos fueron sorprendidos en flagrancia mientras utilizaban tarjetas hurtadas de las entidades Davivienda y Bancolombia. El tercer sujeto fue detenido por orden judicial emitida por el Juzgado Primero Penal Municipal de Armenia, Quind\u00edo, por el delito de hurto por medios inform\u00e1ticos.  En el operativo fueron incautadas dos tarjetas d\u00e9bito Davivienda, una tarjeta d\u00e9bito Bancolombia y dos tel\u00e9fonos celulares, utilizados presuntamente para cometer fraudes electr\u00f3nicos. Gracias a la verificaci\u00f3n realizada en coordinaci\u00f3n con Asobancaria, se estableci\u00f3 que las tarjetas incautadas hab\u00edan sido reportadas por hurto o p\u00e9rdida, y que una de ellas estaba asociada a una reclamaci\u00f3n por un retiro no autorizado de $1.600.000 pesos. Al verificar los antecedentes judiciales, se estableci\u00f3 que uno de los capturados se encontraba pr\u00f3fugo desde el a\u00f1o 2023 y contaba con una orden de captura vigente por hurto inform\u00e1tico. Este individuo adem\u00e1s presenta diez anotaciones en el sistema SPOA, por delitos como hurto por medios inform\u00e1ticos, falsedad personal, hurto calificado y abuso de confianza.  Seg\u00fan las investigaciones adelantadas, los tres capturados har\u00edan parte de una red criminal itinerante que recorre diferentes zonas del pa\u00eds realizando \u201ccambiazos\u201d de tarjetas y hurtos electr\u00f3nicos. Todos registran antecedentes por concierto para delinquir, hurto por medios inform\u00e1ticos, lesiones personales y hurto calificado. Las investigaciones contin\u00faan con el objetivo de desarticular por completo esta estructura delictiva y esclarecer otros hechos relacionados. La Polic\u00eda Nacional hace un llamado a la ciudadan\u00eda para que est\u00e9 atenta al momento de utilizar cajeros autom\u00e1ticos, evitando recibir ayuda de extra\u00f1os y reportando cualquier situaci\u00f3n sospechosa de inmediato. Se recomienda verificar siempre que su tarjeta y transacci\u00f3n est\u00e9n en orden y comunicarse con su entidad bancaria ante cualquier anomal\u00eda. Este tipo de acciones permiten prevenir delitos y fortalecer la seguridad en el departamento, por eso \u201cCaldas Avanza M\u00e1s Seguro\u201d.<\/p> <a target=\"_blank\" title=\"\u266c original sound - Voces De La Regi\u00f3n - Voces De La Regi\u00f3n\" href=\"https:\/\/www.tiktok.com\/music\/original-sound-Voces-De-La-Regi\u00f3n-7528174095032978181?refer=embed\">\u266c original sound &#8211; Voces De La Regi\u00f3n &#8211; Voces De La Regi\u00f3n<\/a> <\/section> <\/blockquote> <script async src=\"https:\/\/www.tiktok.com\/embed.js\"><\/script>\n<\/div><\/figure>\n\n\n\n<p>En el operativo fueron incautadas dos tarjetas d\u00e9bito Davivienda, una tarjeta d\u00e9bito Bancolombia y dos tel\u00e9fonos celulares, utilizados presuntamente para cometer fraudes electr\u00f3nicos. Gracias a la verificaci\u00f3n realizada en coordinaci\u00f3n con Asobancaria, se estableci\u00f3 que las tarjetas incautadas hab\u00edan sido reportadas por hurto o p\u00e9rdida, y que una de ellas estaba asociada a una reclamaci\u00f3n por un retiro no autorizado de $1.600.000 pesos.<\/p>\n\n\n\n<p>Al verificar los antecedentes judiciales, se estableci\u00f3 que uno de los capturados se encontraba pr\u00f3fugo desde el a\u00f1o 2023 y contaba con una orden de captura vigente por hurto inform\u00e1tico. Este individuo adem\u00e1s presenta diez anotaciones en el sistema SPOA, por delitos como hurto por medios inform\u00e1ticos, falsedad personal, hurto calificado y abuso de confianza.<\/p>\n\n\n\n<p>Seg\u00fan las investigaciones adelantadas, los tres capturados har\u00edan parte de una red criminal itinerante que recorre diferentes zonas del pa\u00eds realizando \u201ccambiazos\u201d de tarjetas y hurtos electr\u00f3nicos. Todos registran antecedentes por concierto para delinquir, hurto por medios inform\u00e1ticos, lesiones personales y hurto calificado.<\/p>\n\n\n\n<p>Las investigaciones contin\u00faan con el objetivo de desarticular por completo esta estructura delictiva y esclarecer otros hechos relacionados.<\/p>\n\n\n\n<p>La Polic\u00eda Nacional hace un llamado a la ciudadan\u00eda para que est\u00e9 atenta al momento de utilizar cajeros autom\u00e1ticos, evitando recibir ayuda de extra\u00f1os y reportando cualquier situaci\u00f3n sospechosa de inmediato. Se recomienda verificar siempre que su tarjeta y transacci\u00f3n est\u00e9n en orden y comunicarse con su entidad bancaria ante cualquier anomal\u00eda. Este tipo de acciones permiten prevenir delitos y fortalecer la seguridad en el departamento, por eso \u201cCaldas Avanza M\u00e1s Seguro\u201d.<\/p>\n\n\n\n<p><\/p>\n","protected":false},"excerpt":{"rendered":"<p>Tres hombres capturados por delitos relacionados con hurto inform\u00e1tico y uso fraudulento de tarjetas bancarias En desarrollo del macro plan de seguridad \u201cCaldas Avanza M\u00e1s Seguro\u201d, integrantes de la Seccional de Investigaci\u00f3n Criminal capturaron en el municipio de Anserma a tres hombres de 60, 53 y 38 a\u00f1os, presuntamente vinculados a una estructura delincuencial dedicada [&hellip;]<\/p>\n","protected":false},"author":1,"featured_media":5615,"comment_status":"open","ping_status":"open","sticky":false,"template":"","format":"standard","meta":{"om_disable_all_campaigns":false,"_monsterinsights_skip_tracking":false,"_monsterinsights_sitenote_active":false,"_monsterinsights_sitenote_note":"","_monsterinsights_sitenote_category":0,"_uf_show_specific_survey":0,"_uf_disable_surveys":false,"footnotes":""},"categories":[19,25,359,27],"tags":[],"class_list":["post-5611","post","type-post","status-publish","format-standard","has-post-thumbnail","hentry","category-anserma","category-judicial","category-judiciales-caldas","category-occidente-prospero"],"aioseo_notices":[],"blog_post_layout_featured_media_urls":{"thumbnail":["https:\/\/vocesdelaregion.com\/wp-content\/uploads\/2025\/07\/WhatsApp-Image-2025-07-17-at-3.41.35-PM-150x150.jpeg",150,150,true],"full":["https:\/\/vocesdelaregion.com\/wp-content\/uploads\/2025\/07\/WhatsApp-Image-2025-07-17-at-3.41.35-PM.jpeg",1600,1219,false]},"categories_names":{"19":{"name":"Anserma","link":"https:\/\/vocesdelaregion.com\/index.php\/category\/occidente-prospero\/anserma\/"},"25":{"name":"Judicial","link":"https:\/\/vocesdelaregion.com\/index.php\/category\/judicial\/"},"359":{"name":"Judiciales Caldas","link":"https:\/\/vocesdelaregion.com\/index.php\/category\/judicial\/judiciales-caldas\/"},"27":{"name":"Occidente Pr\u00f3spero","link":"https:\/\/vocesdelaregion.com\/index.php\/category\/occidente-prospero\/"}},"tags_names":[],"comments_number":"0","wpmagazine_modules_lite_featured_media_urls":{"thumbnail":["https:\/\/vocesdelaregion.com\/wp-content\/uploads\/2025\/07\/WhatsApp-Image-2025-07-17-at-3.41.35-PM-150x150.jpeg",150,150,true],"cvmm-medium":["https:\/\/vocesdelaregion.com\/wp-content\/uploads\/2025\/07\/WhatsApp-Image-2025-07-17-at-3.41.35-PM-300x300.jpeg",300,300,true],"cvmm-medium-plus":["https:\/\/vocesdelaregion.com\/wp-content\/uploads\/2025\/07\/WhatsApp-Image-2025-07-17-at-3.41.35-PM-305x207.jpeg",305,207,true],"cvmm-portrait":["https:\/\/vocesdelaregion.com\/wp-content\/uploads\/2025\/07\/WhatsApp-Image-2025-07-17-at-3.41.35-PM-400x600.jpeg",400,600,true],"cvmm-medium-square":["https:\/\/vocesdelaregion.com\/wp-content\/uploads\/2025\/07\/WhatsApp-Image-2025-07-17-at-3.41.35-PM-600x600.jpeg",600,600,true],"cvmm-large":["https:\/\/vocesdelaregion.com\/wp-content\/uploads\/2025\/07\/WhatsApp-Image-2025-07-17-at-3.41.35-PM-1024x1024.jpeg",1024,1024,true],"cvmm-small":["https:\/\/vocesdelaregion.com\/wp-content\/uploads\/2025\/07\/WhatsApp-Image-2025-07-17-at-3.41.35-PM-130x95.jpeg",130,95,true],"full":["https:\/\/vocesdelaregion.com\/wp-content\/uploads\/2025\/07\/WhatsApp-Image-2025-07-17-at-3.41.35-PM.jpeg",1600,1219,false]},"_links":{"self":[{"href":"https:\/\/vocesdelaregion.com\/index.php\/wp-json\/wp\/v2\/posts\/5611","targetHints":{"allow":["GET"]}}],"collection":[{"href":"https:\/\/vocesdelaregion.com\/index.php\/wp-json\/wp\/v2\/posts"}],"about":[{"href":"https:\/\/vocesdelaregion.com\/index.php\/wp-json\/wp\/v2\/types\/post"}],"author":[{"embeddable":true,"href":"https:\/\/vocesdelaregion.com\/index.php\/wp-json\/wp\/v2\/users\/1"}],"replies":[{"embeddable":true,"href":"https:\/\/vocesdelaregion.com\/index.php\/wp-json\/wp\/v2\/comments?post=5611"}],"version-history":[{"count":1,"href":"https:\/\/vocesdelaregion.com\/index.php\/wp-json\/wp\/v2\/posts\/5611\/revisions"}],"predecessor-version":[{"id":5616,"href":"https:\/\/vocesdelaregion.com\/index.php\/wp-json\/wp\/v2\/posts\/5611\/revisions\/5616"}],"wp:featuredmedia":[{"embeddable":true,"href":"https:\/\/vocesdelaregion.com\/index.php\/wp-json\/wp\/v2\/media\/5615"}],"wp:attachment":[{"href":"https:\/\/vocesdelaregion.com\/index.php\/wp-json\/wp\/v2\/media?parent=5611"}],"wp:term":[{"taxonomy":"category","embeddable":true,"href":"https:\/\/vocesdelaregion.com\/index.php\/wp-json\/wp\/v2\/categories?post=5611"},{"taxonomy":"post_tag","embeddable":true,"href":"https:\/\/vocesdelaregion.com\/index.php\/wp-json\/wp\/v2\/tags?post=5611"}],"curies":[{"name":"wp","href":"https:\/\/api.w.org\/{rel}","templated":true}]}}