{"id":5562,"date":"2025-06-18T15:42:02","date_gmt":"2025-06-18T20:42:02","guid":{"rendered":"https:\/\/vocesdelaregion.com\/?p=5562"},"modified":"2025-06-28T15:49:42","modified_gmt":"2025-06-28T20:49:42","slug":"mejoramiento-de-la-infraestructura-vial-en-el-barrio-el-paraiso-una-inversion-para-la-calidad-de-vida","status":"publish","type":"post","link":"https:\/\/vocesdelaregion.com\/index.php\/2025\/06\/18\/mejoramiento-de-la-infraestructura-vial-en-el-barrio-el-paraiso-una-inversion-para-la-calidad-de-vida\/","title":{"rendered":"Mejoramiento de la infraestructura vial en el barrio El Para\u00edso: una inversi\u00f3n para la calidad de vida"},"content":{"rendered":"\n<ul class=\"wp-block-list\">\n<li><strong><em>La construcci\u00f3n de senderos peatonales y v\u00edas en dos puntos claves del barrio refleja el compromiso con el desarrollo de sectores tradicionalmente olvidados.<\/em><\/strong><\/li>\n\n\n\n<li><strong><em>Los mejoramientos ayudan a la movilidad en El Para\u00edso, fortalecen la econom\u00eda del barrio, generan empleo y promueven un entorno seguro y digno para todos.<\/em><\/strong><\/li>\n<\/ul>\n\n\n\n<p>Dos mejoramientos viales se concentran en el barrio El Para\u00edso, donde se ejecuta importantes intervenciones de construcci\u00f3n de v\u00edas y senderos peatonales, con una inversi\u00f3n total que supera los $185 millones.<\/p>\n\n\n\n<p>La intervenci\u00f3n hace parte del plan de infraestructura de la Administraci\u00f3n Municipal para el 2025, el cual cuenta con un presupuesto de $224.326 millones para ejecutar obras en \u00e1reas como educaci\u00f3n, cultura, deportes, saneamiento, estabilidad, v\u00edas y vivienda; entre otros.<\/p>\n\n\n\n<figure class=\"wp-block-gallery has-nested-images columns-default is-cropped wp-block-gallery-1 is-layout-flex wp-block-gallery-is-layout-flex\">\n<figure class=\"wp-block-image size-large\"><img fetchpriority=\"high\" decoding=\"async\" width=\"1024\" height=\"683\" data-id=\"5563\" src=\"https:\/\/vocesdelaregion.com\/wp-content\/uploads\/2025\/06\/Infraestructura-El-Paraiso-4-1024x683.jpeg\" alt=\"\" class=\"wp-image-5563\" srcset=\"https:\/\/vocesdelaregion.com\/wp-content\/uploads\/2025\/06\/Infraestructura-El-Paraiso-4-1024x683.jpeg 1024w, https:\/\/vocesdelaregion.com\/wp-content\/uploads\/2025\/06\/Infraestructura-El-Paraiso-4-300x200.jpeg 300w, https:\/\/vocesdelaregion.com\/wp-content\/uploads\/2025\/06\/Infraestructura-El-Paraiso-4-768x512.jpeg 768w, https:\/\/vocesdelaregion.com\/wp-content\/uploads\/2025\/06\/Infraestructura-El-Paraiso-4-600x400.jpeg 600w, https:\/\/vocesdelaregion.com\/wp-content\/uploads\/2025\/06\/Infraestructura-El-Paraiso-4.jpeg 1536w\" sizes=\"(max-width: 1024px) 100vw, 1024px\" \/><\/figure>\n\n\n\n<figure class=\"wp-block-image size-large\"><img decoding=\"async\" width=\"1024\" height=\"683\" data-id=\"5565\" src=\"https:\/\/vocesdelaregion.com\/wp-content\/uploads\/2025\/06\/Infraestructura-El-Paraiso-2-1024x683.jpeg\" alt=\"\" class=\"wp-image-5565\" srcset=\"https:\/\/vocesdelaregion.com\/wp-content\/uploads\/2025\/06\/Infraestructura-El-Paraiso-2-1024x683.jpeg 1024w, https:\/\/vocesdelaregion.com\/wp-content\/uploads\/2025\/06\/Infraestructura-El-Paraiso-2-300x200.jpeg 300w, https:\/\/vocesdelaregion.com\/wp-content\/uploads\/2025\/06\/Infraestructura-El-Paraiso-2-768x512.jpeg 768w, https:\/\/vocesdelaregion.com\/wp-content\/uploads\/2025\/06\/Infraestructura-El-Paraiso-2-600x400.jpeg 600w, https:\/\/vocesdelaregion.com\/wp-content\/uploads\/2025\/06\/Infraestructura-El-Paraiso-2.jpeg 1536w\" sizes=\"(max-width: 1024px) 100vw, 1024px\" \/><\/figure>\n\n\n\n<figure class=\"wp-block-image size-large\"><img decoding=\"async\" width=\"1024\" height=\"683\" data-id=\"5564\" src=\"https:\/\/vocesdelaregion.com\/wp-content\/uploads\/2025\/06\/Infraestructura-El-Paraiso-1-1024x683.jpeg\" alt=\"\" class=\"wp-image-5564\" srcset=\"https:\/\/vocesdelaregion.com\/wp-content\/uploads\/2025\/06\/Infraestructura-El-Paraiso-1-1024x683.jpeg 1024w, https:\/\/vocesdelaregion.com\/wp-content\/uploads\/2025\/06\/Infraestructura-El-Paraiso-1-300x200.jpeg 300w, https:\/\/vocesdelaregion.com\/wp-content\/uploads\/2025\/06\/Infraestructura-El-Paraiso-1-768x512.jpeg 768w, https:\/\/vocesdelaregion.com\/wp-content\/uploads\/2025\/06\/Infraestructura-El-Paraiso-1-600x400.jpeg 600w, https:\/\/vocesdelaregion.com\/wp-content\/uploads\/2025\/06\/Infraestructura-El-Paraiso-1.jpeg 1536w\" sizes=\"(max-width: 1024px) 100vw, 1024px\" \/><\/figure>\n<\/figure>\n\n\n\n<p>Los puntos de intervenci\u00f3n son la carrera 41 #48-31 y carrera 40A #48B-88. Adem\u00e1s del impacto directo en la movilidad; las intervenciones fomentan el desarrollo local, al facilitar el tr\u00e1nsito de bienes y personas, fortalecer la seguridad vial y generar empleo en el sector de la construcci\u00f3n.<\/p>\n\n\n\n<figure class=\"wp-block-gallery has-nested-images columns-default is-cropped wp-block-gallery-2 is-layout-flex wp-block-gallery-is-layout-flex\">\n<figure class=\"wp-block-image size-large\"><img loading=\"lazy\" decoding=\"async\" width=\"1024\" height=\"683\" data-id=\"5566\" src=\"https:\/\/vocesdelaregion.com\/wp-content\/uploads\/2025\/06\/Infraestructura-El-Paraiso-7-1024x683.jpeg\" alt=\"\" class=\"wp-image-5566\" srcset=\"https:\/\/vocesdelaregion.com\/wp-content\/uploads\/2025\/06\/Infraestructura-El-Paraiso-7-1024x683.jpeg 1024w, https:\/\/vocesdelaregion.com\/wp-content\/uploads\/2025\/06\/Infraestructura-El-Paraiso-7-300x200.jpeg 300w, https:\/\/vocesdelaregion.com\/wp-content\/uploads\/2025\/06\/Infraestructura-El-Paraiso-7-768x512.jpeg 768w, https:\/\/vocesdelaregion.com\/wp-content\/uploads\/2025\/06\/Infraestructura-El-Paraiso-7-600x400.jpeg 600w, https:\/\/vocesdelaregion.com\/wp-content\/uploads\/2025\/06\/Infraestructura-El-Paraiso-7.jpeg 1536w\" sizes=\"(max-width: 1024px) 100vw, 1024px\" \/><\/figure>\n\n\n\n<figure class=\"wp-block-image size-large\"><img loading=\"lazy\" decoding=\"async\" width=\"1024\" height=\"683\" data-id=\"5567\" src=\"https:\/\/vocesdelaregion.com\/wp-content\/uploads\/2025\/06\/Infraestructura-El-Paraiso-6-1024x683.jpeg\" alt=\"\" class=\"wp-image-5567\" srcset=\"https:\/\/vocesdelaregion.com\/wp-content\/uploads\/2025\/06\/Infraestructura-El-Paraiso-6-1024x683.jpeg 1024w, https:\/\/vocesdelaregion.com\/wp-content\/uploads\/2025\/06\/Infraestructura-El-Paraiso-6-300x200.jpeg 300w, https:\/\/vocesdelaregion.com\/wp-content\/uploads\/2025\/06\/Infraestructura-El-Paraiso-6-768x512.jpeg 768w, https:\/\/vocesdelaregion.com\/wp-content\/uploads\/2025\/06\/Infraestructura-El-Paraiso-6-600x400.jpeg 600w, https:\/\/vocesdelaregion.com\/wp-content\/uploads\/2025\/06\/Infraestructura-El-Paraiso-6.jpeg 1536w\" sizes=\"(max-width: 1024px) 100vw, 1024px\" \/><\/figure>\n\n\n\n<figure class=\"wp-block-image size-large\"><img loading=\"lazy\" decoding=\"async\" width=\"1024\" height=\"683\" data-id=\"5568\" src=\"https:\/\/vocesdelaregion.com\/wp-content\/uploads\/2025\/06\/Infraestructura-El-Paraiso-5-1024x683.jpeg\" alt=\"\" class=\"wp-image-5568\" srcset=\"https:\/\/vocesdelaregion.com\/wp-content\/uploads\/2025\/06\/Infraestructura-El-Paraiso-5-1024x683.jpeg 1024w, https:\/\/vocesdelaregion.com\/wp-content\/uploads\/2025\/06\/Infraestructura-El-Paraiso-5-300x200.jpeg 300w, https:\/\/vocesdelaregion.com\/wp-content\/uploads\/2025\/06\/Infraestructura-El-Paraiso-5-768x512.jpeg 768w, https:\/\/vocesdelaregion.com\/wp-content\/uploads\/2025\/06\/Infraestructura-El-Paraiso-5-600x400.jpeg 600w, https:\/\/vocesdelaregion.com\/wp-content\/uploads\/2025\/06\/Infraestructura-El-Paraiso-5.jpeg 1536w\" sizes=\"(max-width: 1024px) 100vw, 1024px\" \/><\/figure>\n<\/figure>\n\n\n\n<p>La Administraci\u00f3n Municipal hace un llamado a la ciudadan\u00eda para que acompa\u00f1e y respalde el desarrollo de las obras, respete la se\u00f1alizaci\u00f3n instalada y facilite el trabajo del personal t\u00e9cnico y operario, en beneficio de toda la comunidad.<\/p>\n","protected":false},"excerpt":{"rendered":"<p>Dos mejoramientos viales se concentran en el barrio El Para\u00edso, donde se ejecuta importantes intervenciones de construcci\u00f3n de v\u00edas y senderos peatonales, con una inversi\u00f3n total que supera los $185 millones. La intervenci\u00f3n hace parte del plan de infraestructura de la Administraci\u00f3n Municipal para el 2025, el cual cuenta con un presupuesto de $224.326 millones [&hellip;]<\/p>\n","protected":false},"author":1,"featured_media":5569,"comment_status":"open","ping_status":"open","sticky":false,"template":"","format":"standard","meta":{"om_disable_all_campaigns":false,"_monsterinsights_skip_tracking":false,"_monsterinsights_sitenote_active":false,"_monsterinsights_sitenote_note":"","_monsterinsights_sitenote_category":0,"_uf_show_specific_survey":0,"_uf_disable_surveys":false,"footnotes":""},"categories":[355,58,41,49],"tags":[],"class_list":["post-5562","post","type-post","status-publish","format-standard","has-post-thumbnail","hentry","category-alcaldia-de-manizales","category-alcaldias","category-movilidad","category-vias"],"aioseo_notices":[],"blog_post_layout_featured_media_urls":{"thumbnail":["https:\/\/vocesdelaregion.com\/wp-content\/uploads\/2025\/06\/Infraestructura-El-Paraiso-3-150x150.jpeg",150,150,true],"full":["https:\/\/vocesdelaregion.com\/wp-content\/uploads\/2025\/06\/Infraestructura-El-Paraiso-3.jpeg",1536,1024,false]},"categories_names":{"355":{"name":"Alcald\u00eda de Manizales","link":"https:\/\/vocesdelaregion.com\/index.php\/category\/alcaldias\/alcaldia-de-manizales\/"},"58":{"name":"Alcald\u00edas","link":"https:\/\/vocesdelaregion.com\/index.php\/category\/alcaldias\/"},"41":{"name":"Movilidad","link":"https:\/\/vocesdelaregion.com\/index.php\/category\/movilidad\/"},"49":{"name":"V\u00edas","link":"https:\/\/vocesdelaregion.com\/index.php\/category\/movilidad\/vias\/"}},"tags_names":[],"comments_number":"0","wpmagazine_modules_lite_featured_media_urls":{"thumbnail":["https:\/\/vocesdelaregion.com\/wp-content\/uploads\/2025\/06\/Infraestructura-El-Paraiso-3-150x150.jpeg",150,150,true],"cvmm-medium":["https:\/\/vocesdelaregion.com\/wp-content\/uploads\/2025\/06\/Infraestructura-El-Paraiso-3-300x300.jpeg",300,300,true],"cvmm-medium-plus":["https:\/\/vocesdelaregion.com\/wp-content\/uploads\/2025\/06\/Infraestructura-El-Paraiso-3-305x207.jpeg",305,207,true],"cvmm-portrait":["https:\/\/vocesdelaregion.com\/wp-content\/uploads\/2025\/06\/Infraestructura-El-Paraiso-3-400x600.jpeg",400,600,true],"cvmm-medium-square":["https:\/\/vocesdelaregion.com\/wp-content\/uploads\/2025\/06\/Infraestructura-El-Paraiso-3-600x600.jpeg",600,600,true],"cvmm-large":["https:\/\/vocesdelaregion.com\/wp-content\/uploads\/2025\/06\/Infraestructura-El-Paraiso-3-1024x1024.jpeg",1024,1024,true],"cvmm-small":["https:\/\/vocesdelaregion.com\/wp-content\/uploads\/2025\/06\/Infraestructura-El-Paraiso-3-130x95.jpeg",130,95,true],"full":["https:\/\/vocesdelaregion.com\/wp-content\/uploads\/2025\/06\/Infraestructura-El-Paraiso-3.jpeg",1536,1024,false]},"_links":{"self":[{"href":"https:\/\/vocesdelaregion.com\/index.php\/wp-json\/wp\/v2\/posts\/5562","targetHints":{"allow":["GET"]}}],"collection":[{"href":"https:\/\/vocesdelaregion.com\/index.php\/wp-json\/wp\/v2\/posts"}],"about":[{"href":"https:\/\/vocesdelaregion.com\/index.php\/wp-json\/wp\/v2\/types\/post"}],"author":[{"embeddable":true,"href":"https:\/\/vocesdelaregion.com\/index.php\/wp-json\/wp\/v2\/users\/1"}],"replies":[{"embeddable":true,"href":"https:\/\/vocesdelaregion.com\/index.php\/wp-json\/wp\/v2\/comments?post=5562"}],"version-history":[{"count":1,"href":"https:\/\/vocesdelaregion.com\/index.php\/wp-json\/wp\/v2\/posts\/5562\/revisions"}],"predecessor-version":[{"id":5570,"href":"https:\/\/vocesdelaregion.com\/index.php\/wp-json\/wp\/v2\/posts\/5562\/revisions\/5570"}],"wp:featuredmedia":[{"embeddable":true,"href":"https:\/\/vocesdelaregion.com\/index.php\/wp-json\/wp\/v2\/media\/5569"}],"wp:attachment":[{"href":"https:\/\/vocesdelaregion.com\/index.php\/wp-json\/wp\/v2\/media?parent=5562"}],"wp:term":[{"taxonomy":"category","embeddable":true,"href":"https:\/\/vocesdelaregion.com\/index.php\/wp-json\/wp\/v2\/categories?post=5562"},{"taxonomy":"post_tag","embeddable":true,"href":"https:\/\/vocesdelaregion.com\/index.php\/wp-json\/wp\/v2\/tags?post=5562"}],"curies":[{"name":"wp","href":"https:\/\/api.w.org\/{rel}","templated":true}]}}