{"id":5495,"date":"2025-06-03T21:25:00","date_gmt":"2025-06-04T02:25:00","guid":{"rendered":"https:\/\/vocesdelaregion.com\/?p=5495"},"modified":"2025-06-03T22:11:00","modified_gmt":"2025-06-04T03:11:00","slug":"guarda-de-transito-y-motociclista-protagonizan-bochornoso-espectaculo","status":"publish","type":"post","link":"https:\/\/vocesdelaregion.com\/index.php\/2025\/06\/03\/guarda-de-transito-y-motociclista-protagonizan-bochornoso-espectaculo\/","title":{"rendered":"Guarda de tr\u00e1nsito y motociclista protagonizan bochornoso espect\u00e1culo."},"content":{"rendered":"\n<p>Lo que parec\u00eda un simple procedimiento de tr\u00e1nsito termin\u00f3 en una verdadera batalla campal. Todo ocurri\u00f3 en la Carrera 22, entre calles 22 y 23, plena Plaza de Bol\u00edvar de Manizales, cuando agentes de tr\u00e1nsito adelantaban un control de rutina. Pero al pedirle los documentos a un motociclista&#8230; \u00a1se desat\u00f3 el caos!<\/p>\n\n\n\n<p>Seg\u00fan testigos, el conductor <strong>golpe\u00f3 en la cara a uno de los agentes<\/strong> y hasta le tumb\u00f3 la comparendera. Luego, intent\u00f3 huir a toda velocidad, pero fue alcanzado por otras unidades que llegaron a apoyar.<\/p>\n\n\n\n<figure class=\"wp-block-video\"><video height=\"1280\" style=\"aspect-ratio: 720 \/ 1280;\" width=\"720\" controls src=\"https:\/\/vocesdelaregion.com\/wp-content\/uploads\/2025\/06\/AQPPliuydVcRTwryuxWgWlW0QESNwonF6EJbSGB4w-R0SdZak4Gxc6M3nxaQMkN1CQ_A96Nd4temM1Inkfsw_C7u.mp4\"><\/video><\/figure>\n\n\n\n<p>El motociclista, lejos de calmarse, volvi\u00f3 a agredir a los uniformados, generando una escena de tensi\u00f3n que alarm\u00f3 a comerciantes y peatones.<\/p>\n\n\n\n<p>Gracias a la r\u00e1pida intervenci\u00f3n de la Polic\u00eda, el desorden fue controlado. El motociclista, al parecer, <strong>no ten\u00eda los papeles en regla<\/strong>, lo que desat\u00f3 todo este esc\u00e1ndalo.<\/p>\n\n\n\n<figure class=\"wp-block-video\"><video height=\"848\" style=\"aspect-ratio: 480 \/ 848;\" width=\"480\" controls src=\"https:\/\/vocesdelaregion.com\/wp-content\/uploads\/2025\/06\/WhatsApp-Video-2025-06-03-at-9.38.39-PM.mp4\"><\/video><\/figure>\n\n\n\n<p>Las autoridades investigan lo sucedido y reiteran el llamado al respeto por la ley y sus funcionarios. <\/p>\n","protected":false},"excerpt":{"rendered":"<p>Lo que parec\u00eda un simple procedimiento de tr\u00e1nsito termin\u00f3 en una verdadera batalla campal. Todo ocurri\u00f3 en la Carrera 22, entre calles 22 y 23, plena Plaza de Bol\u00edvar de Manizales, cuando agentes de tr\u00e1nsito adelantaban un control de rutina. Pero al pedirle los documentos a un motociclista&#8230; \u00a1se desat\u00f3 el caos! Seg\u00fan testigos, el [&hellip;]<\/p>\n","protected":false},"author":1,"featured_media":5498,"comment_status":"open","ping_status":"open","sticky":false,"template":"","format":"standard","meta":{"om_disable_all_campaigns":false,"_monsterinsights_skip_tracking":false,"_monsterinsights_sitenote_active":false,"_monsterinsights_sitenote_note":"","_monsterinsights_sitenote_category":0,"_uf_show_specific_survey":0,"_uf_disable_surveys":false,"footnotes":""},"categories":[25,359,26],"tags":[],"class_list":["post-5495","post","type-post","status-publish","format-standard","has-post-thumbnail","hentry","category-judicial","category-judiciales-caldas","category-manizales"],"aioseo_notices":[],"blog_post_layout_featured_media_urls":{"thumbnail":["https:\/\/vocesdelaregion.com\/wp-content\/uploads\/2025\/06\/Captura-de-pantalla-2025-06-03-220915-150x150.png",150,150,true],"full":["https:\/\/vocesdelaregion.com\/wp-content\/uploads\/2025\/06\/Captura-de-pantalla-2025-06-03-220915.png",545,715,false]},"categories_names":{"25":{"name":"Judicial","link":"https:\/\/vocesdelaregion.com\/index.php\/category\/judicial\/"},"359":{"name":"Judiciales Caldas","link":"https:\/\/vocesdelaregion.com\/index.php\/category\/judicial\/judiciales-caldas\/"},"26":{"name":"Manizales","link":"https:\/\/vocesdelaregion.com\/index.php\/category\/manizales\/"}},"tags_names":[],"comments_number":"0","wpmagazine_modules_lite_featured_media_urls":{"thumbnail":["https:\/\/vocesdelaregion.com\/wp-content\/uploads\/2025\/06\/Captura-de-pantalla-2025-06-03-220915-150x150.png",150,150,true],"cvmm-medium":["https:\/\/vocesdelaregion.com\/wp-content\/uploads\/2025\/06\/Captura-de-pantalla-2025-06-03-220915-300x300.png",300,300,true],"cvmm-medium-plus":["https:\/\/vocesdelaregion.com\/wp-content\/uploads\/2025\/06\/Captura-de-pantalla-2025-06-03-220915-305x207.png",305,207,true],"cvmm-portrait":["https:\/\/vocesdelaregion.com\/wp-content\/uploads\/2025\/06\/Captura-de-pantalla-2025-06-03-220915-400x600.png",400,600,true],"cvmm-medium-square":["https:\/\/vocesdelaregion.com\/wp-content\/uploads\/2025\/06\/Captura-de-pantalla-2025-06-03-220915-545x600.png",545,600,true],"cvmm-large":["https:\/\/vocesdelaregion.com\/wp-content\/uploads\/2025\/06\/Captura-de-pantalla-2025-06-03-220915.png",545,715,false],"cvmm-small":["https:\/\/vocesdelaregion.com\/wp-content\/uploads\/2025\/06\/Captura-de-pantalla-2025-06-03-220915-130x95.png",130,95,true],"full":["https:\/\/vocesdelaregion.com\/wp-content\/uploads\/2025\/06\/Captura-de-pantalla-2025-06-03-220915.png",545,715,false]},"_links":{"self":[{"href":"https:\/\/vocesdelaregion.com\/index.php\/wp-json\/wp\/v2\/posts\/5495","targetHints":{"allow":["GET"]}}],"collection":[{"href":"https:\/\/vocesdelaregion.com\/index.php\/wp-json\/wp\/v2\/posts"}],"about":[{"href":"https:\/\/vocesdelaregion.com\/index.php\/wp-json\/wp\/v2\/types\/post"}],"author":[{"embeddable":true,"href":"https:\/\/vocesdelaregion.com\/index.php\/wp-json\/wp\/v2\/users\/1"}],"replies":[{"embeddable":true,"href":"https:\/\/vocesdelaregion.com\/index.php\/wp-json\/wp\/v2\/comments?post=5495"}],"version-history":[{"count":1,"href":"https:\/\/vocesdelaregion.com\/index.php\/wp-json\/wp\/v2\/posts\/5495\/revisions"}],"predecessor-version":[{"id":5499,"href":"https:\/\/vocesdelaregion.com\/index.php\/wp-json\/wp\/v2\/posts\/5495\/revisions\/5499"}],"wp:featuredmedia":[{"embeddable":true,"href":"https:\/\/vocesdelaregion.com\/index.php\/wp-json\/wp\/v2\/media\/5498"}],"wp:attachment":[{"href":"https:\/\/vocesdelaregion.com\/index.php\/wp-json\/wp\/v2\/media?parent=5495"}],"wp:term":[{"taxonomy":"category","embeddable":true,"href":"https:\/\/vocesdelaregion.com\/index.php\/wp-json\/wp\/v2\/categories?post=5495"},{"taxonomy":"post_tag","embeddable":true,"href":"https:\/\/vocesdelaregion.com\/index.php\/wp-json\/wp\/v2\/tags?post=5495"}],"curies":[{"name":"wp","href":"https:\/\/api.w.org\/{rel}","templated":true}]}}