{"id":5388,"date":"2025-05-20T20:30:47","date_gmt":"2025-05-21T01:30:47","guid":{"rendered":"https:\/\/vocesdelaregion.com\/?p=5388"},"modified":"2025-05-20T20:30:50","modified_gmt":"2025-05-21T01:30:50","slug":"570-familias-beneficiadas-con-seguridad-alimentaria-en-belalcazar-y-san-jose","status":"publish","type":"post","link":"https:\/\/vocesdelaregion.com\/index.php\/2025\/05\/20\/570-familias-beneficiadas-con-seguridad-alimentaria-en-belalcazar-y-san-jose\/","title":{"rendered":"570 familias beneficiadas con seguridad alimentaria en Belalc\u00e1zar y San Jos\u00e9"},"content":{"rendered":"\n<p>La Gobernaci\u00f3n de Caldas, a trav\u00e9s de la Secretar\u00eda de Agricultura y Desarrollo Rural, firm\u00f3 convenios con los municipios de Belalc\u00e1zar y San Jos\u00e9 para fortalecer la seguridad alimentaria de las comunidades rurales.&nbsp;<strong>La inversi\u00f3n asciende, en el caso de Belalc\u00e1zar, a $98 millones 364 mil; mientras que para San Jos\u00e9 son $82 millones 300 mil pesos.<\/strong><\/p>\n\n\n\n<p>Estos acuerdos que beneficiar\u00e1n a 160 familias de Belalc\u00e1zar y a 410 de San Jos\u00e9, principalmente campesinas, madres cabeza de hogar y poblaci\u00f3n en condici\u00f3n de vulnerabilidad,&nbsp;<strong>contempla la entrega de kits de herramientas, semillas de hortalizas, ma\u00edz y fr\u00edjol, as\u00ed como alimentos concentrados para pollos, porcinos y peces<\/strong>. El objetivo de los convenios es promover la autosuficiencia alimentaria en las veredas de estas localidades.<\/p>\n\n\n\n<p>\u201c<em>Estamos muy contentos porque realmente\u00a0<strong>vemos la mano de la Gobernaci\u00f3n y de la Secretar\u00eda de Agricultura en estas alianzas que venimos haciendo\u00a0<\/strong>para llegar al sector agr\u00edcola y a nuestros campesinos con seguridad alimentaria<\/em>\u201d, destac\u00f3 Fabio Andr\u00e9s Ram\u00edrez Giraldo, alcalde de Belalc\u00e1zar.<\/p>\n\n\n\n<figure class=\"wp-block-video\"><video controls src=\"https:\/\/escaldas.com\/wp-content\/uploads\/2025\/05\/Fabio-Andres-Ramirez-Giraldo-NOTA-SEGURIDAD-ALIMENTARIA.mp4\"><\/video><\/figure>\n\n\n\n<p>Por su parte, Jorge Andr\u00e9s Henao Casta\u00f1o, alcalde de San Jos\u00e9, indic\u00f3: \u201c<em>Esta es la oportunidad para 410 familias de recibir un apoyo por parte de la Gobernaci\u00f3n y la Administraci\u00f3n Municipal\u00a0<strong>para sus huertas, sus pollos y sus peces; es la posibilidad de tener una verdadera seguridad alimentaria<\/strong><\/em>\u201d.<\/p>\n\n\n\n<p>Este convenio hace parte del programa \u2018Apoyo a las comunidades campesinas caldenses\u2019 del subprograma Fortalecimiento de la Agricultura Familiar Campesina y Comunitaria (ACFC), el cual busca&nbsp;<strong>promover el autoconsumo y la producci\u00f3n de alimentos sanos y en cantidad suficiente<\/strong>&nbsp;para las familias del territorio caldense.<\/p>\n\n\n\n<p>A la fecha, ya se han firmado convenios con los municipios de Marquetalia, Belalc\u00e1zar, Villamar\u00eda y San Jos\u00e9 y&nbsp;<strong>se espera en los pr\u00f3ximos d\u00edas concretar alianzas similares con Palestina, Norcasia, Aranzazu, Anserma y Marulanda<\/strong>, alcanzando as\u00ed una inversi\u00f3n total de $840 millones.<\/p>\n\n\n\n<p>\u201cAs\u00ed vamos transformando el campo y&nbsp;<strong>demostr\u00e1ndole a nuestros ni\u00f1os, j\u00f3venes y a los habitantes de la ruralidad que el Gobierno de Caldas est\u00e1 presente<\/strong>&nbsp;y tiene en cuenta cada una de sus necesidades. Esperamos cambiar su forma de vida de manera positiva en lo que queda de este gobierno\u201d, concluy\u00f3 Marino Murillo Franco, secretario de Agricultura y Desarrollo Rural de Caldas.<\/p>\n\n\n\n<figure class=\"wp-block-video\"><video controls src=\"https:\/\/escaldas.com\/wp-content\/uploads\/2025\/05\/Marino-Murillo-Franco-SEGURIDAD-ALIMENTARIA.mp4\"><\/video><\/figure>\n","protected":false},"excerpt":{"rendered":"<p>La Gobernaci\u00f3n de Caldas, a trav\u00e9s de la Secretar\u00eda de Agricultura y Desarrollo Rural, firm\u00f3 convenios con los municipios de Belalc\u00e1zar y San Jos\u00e9 para fortalecer la seguridad alimentaria de las comunidades rurales.&nbsp;La inversi\u00f3n asciende, en el caso de Belalc\u00e1zar, a $98 millones 364 mil; mientras que para San Jos\u00e9 son $82 millones 300 mil [&hellip;]<\/p>\n","protected":false},"author":1,"featured_media":5389,"comment_status":"open","ping_status":"open","sticky":false,"template":"","format":"standard","meta":{"om_disable_all_campaigns":false,"_monsterinsights_skip_tracking":false,"_monsterinsights_sitenote_active":false,"_monsterinsights_sitenote_note":"","_monsterinsights_sitenote_category":0,"_uf_show_specific_survey":0,"_uf_disable_surveys":false,"footnotes":""},"categories":[23,361,357,356,27,29],"tags":[],"class_list":["post-5388","post","type-post","status-publish","format-standard","has-post-thumbnail","hentry","category-belalcazar","category-economia","category-gobernacion-de-caldas","category-gobernaciones","category-occidente-prospero","category-san-jose"],"aioseo_notices":[],"blog_post_layout_featured_media_urls":{"thumbnail":["https:\/\/vocesdelaregion.com\/wp-content\/uploads\/2025\/05\/Logo-blanco-1-150x150.png",150,150,true],"full":["https:\/\/vocesdelaregion.com\/wp-content\/uploads\/2025\/05\/Logo-blanco-1.png",1080,1080,false]},"categories_names":{"23":{"name":"Belalc\u00e1zar","link":"https:\/\/vocesdelaregion.com\/index.php\/category\/occidente-prospero\/belalcazar\/"},"361":{"name":"Econom\u00eda","link":"https:\/\/vocesdelaregion.com\/index.php\/category\/economia\/"},"357":{"name":"Gobernaci\u00f3n de Caldas","link":"https:\/\/vocesdelaregion.com\/index.php\/category\/gobernaciones\/gobernacion-de-caldas\/"},"356":{"name":"Gobernaciones","link":"https:\/\/vocesdelaregion.com\/index.php\/category\/gobernaciones\/"},"27":{"name":"Occidente Pr\u00f3spero","link":"https:\/\/vocesdelaregion.com\/index.php\/category\/occidente-prospero\/"},"29":{"name":"San Jos\u00e9","link":"https:\/\/vocesdelaregion.com\/index.php\/category\/occidente-prospero\/san-jose\/"}},"tags_names":[],"comments_number":"0","wpmagazine_modules_lite_featured_media_urls":{"thumbnail":["https:\/\/vocesdelaregion.com\/wp-content\/uploads\/2025\/05\/Logo-blanco-1-150x150.png",150,150,true],"cvmm-medium":["https:\/\/vocesdelaregion.com\/wp-content\/uploads\/2025\/05\/Logo-blanco-1-300x300.png",300,300,true],"cvmm-medium-plus":["https:\/\/vocesdelaregion.com\/wp-content\/uploads\/2025\/05\/Logo-blanco-1-305x207.png",305,207,true],"cvmm-portrait":["https:\/\/vocesdelaregion.com\/wp-content\/uploads\/2025\/05\/Logo-blanco-1-400x600.png",400,600,true],"cvmm-medium-square":["https:\/\/vocesdelaregion.com\/wp-content\/uploads\/2025\/05\/Logo-blanco-1-600x600.png",600,600,true],"cvmm-large":["https:\/\/vocesdelaregion.com\/wp-content\/uploads\/2025\/05\/Logo-blanco-1-1024x1024.png",1024,1024,true],"cvmm-small":["https:\/\/vocesdelaregion.com\/wp-content\/uploads\/2025\/05\/Logo-blanco-1-130x95.png",130,95,true],"full":["https:\/\/vocesdelaregion.com\/wp-content\/uploads\/2025\/05\/Logo-blanco-1.png",1080,1080,false]},"_links":{"self":[{"href":"https:\/\/vocesdelaregion.com\/index.php\/wp-json\/wp\/v2\/posts\/5388","targetHints":{"allow":["GET"]}}],"collection":[{"href":"https:\/\/vocesdelaregion.com\/index.php\/wp-json\/wp\/v2\/posts"}],"about":[{"href":"https:\/\/vocesdelaregion.com\/index.php\/wp-json\/wp\/v2\/types\/post"}],"author":[{"embeddable":true,"href":"https:\/\/vocesdelaregion.com\/index.php\/wp-json\/wp\/v2\/users\/1"}],"replies":[{"embeddable":true,"href":"https:\/\/vocesdelaregion.com\/index.php\/wp-json\/wp\/v2\/comments?post=5388"}],"version-history":[{"count":1,"href":"https:\/\/vocesdelaregion.com\/index.php\/wp-json\/wp\/v2\/posts\/5388\/revisions"}],"predecessor-version":[{"id":5390,"href":"https:\/\/vocesdelaregion.com\/index.php\/wp-json\/wp\/v2\/posts\/5388\/revisions\/5390"}],"wp:featuredmedia":[{"embeddable":true,"href":"https:\/\/vocesdelaregion.com\/index.php\/wp-json\/wp\/v2\/media\/5389"}],"wp:attachment":[{"href":"https:\/\/vocesdelaregion.com\/index.php\/wp-json\/wp\/v2\/media?parent=5388"}],"wp:term":[{"taxonomy":"category","embeddable":true,"href":"https:\/\/vocesdelaregion.com\/index.php\/wp-json\/wp\/v2\/categories?post=5388"},{"taxonomy":"post_tag","embeddable":true,"href":"https:\/\/vocesdelaregion.com\/index.php\/wp-json\/wp\/v2\/tags?post=5388"}],"curies":[{"name":"wp","href":"https:\/\/api.w.org\/{rel}","templated":true}]}}