{"id":5367,"date":"2025-05-18T05:36:24","date_gmt":"2025-05-18T10:36:24","guid":{"rendered":"https:\/\/vocesdelaregion.com\/?p=5367"},"modified":"2025-05-18T07:36:56","modified_gmt":"2025-05-18T12:36:56","slug":"fallecio-hombre-atrapado-por-un-alud","status":"publish","type":"post","link":"https:\/\/vocesdelaregion.com\/index.php\/2025\/05\/18\/fallecio-hombre-atrapado-por-un-alud\/","title":{"rendered":"Falleci\u00f3 hombre atrapado por un alud."},"content":{"rendered":"\n<p>Se registr\u00f3 una tragedia en el municipio de Marmato, Alto Occidente de Caldas.<\/p>\n\n\n\n<p>En la salida hacia Jim\u00e9nez, un derrumbe de tierra dej\u00f3 atrapado a un hombre. De inmediato, mineros artesanales, y personal de la empresa Perseo llegaron al lugar para rescatarlo, mientras las unidades de bomberos de Marmato, La Polic\u00eda del municipio y personal de la Alcald\u00eda se desplazaban hasta el sitio.<\/p>\n\n\n\n<figure class=\"wp-block-gallery has-nested-images columns-default is-cropped wp-block-gallery-1 is-layout-flex wp-block-gallery-is-layout-flex\">\n<figure class=\"wp-block-image size-large\"><img fetchpriority=\"high\" decoding=\"async\" width=\"540\" height=\"960\" data-id=\"5361\" src=\"https:\/\/vocesdelaregion.com\/wp-content\/uploads\/2025\/05\/fb_img_17475694589558127606171782226324.jpg\" alt=\"\" class=\"wp-image-5361\" srcset=\"https:\/\/vocesdelaregion.com\/wp-content\/uploads\/2025\/05\/fb_img_17475694589558127606171782226324.jpg 540w, https:\/\/vocesdelaregion.com\/wp-content\/uploads\/2025\/05\/fb_img_17475694589558127606171782226324-169x300.jpg 169w\" sizes=\"(max-width: 540px) 100vw, 540px\" \/><\/figure>\n\n\n\n<figure class=\"wp-block-image size-large\"><img decoding=\"async\" width=\"540\" height=\"960\" data-id=\"5362\" src=\"https:\/\/vocesdelaregion.com\/wp-content\/uploads\/2025\/05\/fb_img_17475694513812434521073011519972.jpg\" alt=\"\" class=\"wp-image-5362\" srcset=\"https:\/\/vocesdelaregion.com\/wp-content\/uploads\/2025\/05\/fb_img_17475694513812434521073011519972.jpg 540w, https:\/\/vocesdelaregion.com\/wp-content\/uploads\/2025\/05\/fb_img_17475694513812434521073011519972-169x300.jpg 169w\" sizes=\"(max-width: 540px) 100vw, 540px\" \/><\/figure>\n\n\n\n<figure class=\"wp-block-image size-large\"><img decoding=\"async\" width=\"540\" height=\"960\" data-id=\"5363\" src=\"https:\/\/vocesdelaregion.com\/wp-content\/uploads\/2025\/05\/fb_img_17475694536967708923253423147832.jpg\" alt=\"\" class=\"wp-image-5363\" srcset=\"https:\/\/vocesdelaregion.com\/wp-content\/uploads\/2025\/05\/fb_img_17475694536967708923253423147832.jpg 540w, https:\/\/vocesdelaregion.com\/wp-content\/uploads\/2025\/05\/fb_img_17475694536967708923253423147832-169x300.jpg 169w\" sizes=\"(max-width: 540px) 100vw, 540px\" \/><\/figure>\n<\/figure>\n\n\n\n<p>Durante m\u00e1s de 8 horas, trataron de abrir espacio entre los escombros para extraerlo, la esperanza no se perd\u00eda, pues el hombre respond\u00eda a los llamados que hac\u00edan desde el exterior. <\/p>\n\n\n\n<p>As\u00ed lo manifestaron desde la Alcald\u00eda de Marmato:<\/p>\n\n\n\n<p>&#8220;<em>Emergencia en Marmato<\/em><br><br><em>Nuestro compa\u00f1ero Juli\u00e1n &#8216;My Friend&#8217;, contratista de ESPANC, est\u00e1 atrapado bajo escombros. <\/em><br><br><em>Los mineros tradicionales del sector de la plaza y de la empresa Perseo est\u00e1n liderando el rescate en articulaci\u00f3n con la Alcald\u00eda Municipal, Bomberos, Polic\u00eda Nacional organismos de socorro y un honorable concejal, trabajando incansablemente para su rescate. <\/em><br><br><em>Juli\u00e1n responde a los llamados, lo que nos llena de esperanza. <\/em><br><br><em>Agradecemos la labor conjunta y el apoyo de todas las entidades involucradas en este esfuerzo por salvar su vida<\/em>&#8220;<\/p>\n\n\n\n<figure class=\"wp-block-gallery has-nested-images columns-default is-cropped wp-block-gallery-2 is-layout-flex wp-block-gallery-is-layout-flex\">\n<figure class=\"wp-block-image size-large\"><img loading=\"lazy\" decoding=\"async\" width=\"576\" height=\"1024\" data-id=\"5365\" src=\"https:\/\/vocesdelaregion.com\/wp-content\/uploads\/2025\/05\/fb_img_17475694566045695147834554747522-576x1024.jpg\" alt=\"\" class=\"wp-image-5365\" srcset=\"https:\/\/vocesdelaregion.com\/wp-content\/uploads\/2025\/05\/fb_img_17475694566045695147834554747522-576x1024.jpg 576w, https:\/\/vocesdelaregion.com\/wp-content\/uploads\/2025\/05\/fb_img_17475694566045695147834554747522-169x300.jpg 169w, https:\/\/vocesdelaregion.com\/wp-content\/uploads\/2025\/05\/fb_img_17475694566045695147834554747522-768x1365.jpg 768w, https:\/\/vocesdelaregion.com\/wp-content\/uploads\/2025\/05\/fb_img_17475694566045695147834554747522-864x1536.jpg 864w, https:\/\/vocesdelaregion.com\/wp-content\/uploads\/2025\/05\/fb_img_17475694566045695147834554747522-600x1067.jpg 600w, https:\/\/vocesdelaregion.com\/wp-content\/uploads\/2025\/05\/fb_img_17475694566045695147834554747522.jpg 1080w\" sizes=\"(max-width: 576px) 100vw, 576px\" \/><\/figure>\n\n\n\n<figure class=\"wp-block-image size-large\"><img loading=\"lazy\" decoding=\"async\" width=\"576\" height=\"1024\" data-id=\"5364\" src=\"https:\/\/vocesdelaregion.com\/wp-content\/uploads\/2025\/05\/fb_img_17475694642782166293752960176809-576x1024.jpg\" alt=\"\" class=\"wp-image-5364\" srcset=\"https:\/\/vocesdelaregion.com\/wp-content\/uploads\/2025\/05\/fb_img_17475694642782166293752960176809-576x1024.jpg 576w, https:\/\/vocesdelaregion.com\/wp-content\/uploads\/2025\/05\/fb_img_17475694642782166293752960176809-169x300.jpg 169w, https:\/\/vocesdelaregion.com\/wp-content\/uploads\/2025\/05\/fb_img_17475694642782166293752960176809-600x1067.jpg 600w, https:\/\/vocesdelaregion.com\/wp-content\/uploads\/2025\/05\/fb_img_17475694642782166293752960176809.jpg 720w\" sizes=\"(max-width: 576px) 100vw, 576px\" \/><\/figure>\n<\/figure>\n\n\n\n<p>Al final, la vida se le apag\u00f3 a &#8220;My Friend&#8221;, a pesar de todo el esfuerzo de las personas que lucharon hasta el cansancio para rescatarlo con vida.<\/p>\n\n\n\n<p>El hombre fue identificado como Juli\u00e1n Alberto Isaza.<\/p>\n\n\n\n<figure class=\"wp-block-image size-large\"><img loading=\"lazy\" decoding=\"async\" width=\"798\" height=\"1024\" src=\"https:\/\/vocesdelaregion.com\/wp-content\/uploads\/2025\/05\/fb_img_17475714541964698927982526910692-798x1024.jpg\" alt=\"\" class=\"wp-image-5360\" srcset=\"https:\/\/vocesdelaregion.com\/wp-content\/uploads\/2025\/05\/fb_img_17475714541964698927982526910692-798x1024.jpg 798w, https:\/\/vocesdelaregion.com\/wp-content\/uploads\/2025\/05\/fb_img_17475714541964698927982526910692-234x300.jpg 234w, https:\/\/vocesdelaregion.com\/wp-content\/uploads\/2025\/05\/fb_img_17475714541964698927982526910692-768x986.jpg 768w, https:\/\/vocesdelaregion.com\/wp-content\/uploads\/2025\/05\/fb_img_17475714541964698927982526910692-600x770.jpg 600w, https:\/\/vocesdelaregion.com\/wp-content\/uploads\/2025\/05\/fb_img_17475714541964698927982526910692.jpg 1080w\" sizes=\"(max-width: 798px) 100vw, 798px\" \/><\/figure>\n\n\n\n<p><\/p>\n","protected":false},"excerpt":{"rendered":"<p>Se registr\u00f3 una tragedia en el municipio de Marmato, Alto Occidente de Caldas. En la salida hacia Jim\u00e9nez, un derrumbe de tierra dej\u00f3 atrapado a un hombre. De inmediato, mineros artesanales, y personal de la empresa Perseo llegaron al lugar para rescatarlo, mientras las unidades de bomberos de Marmato, La Polic\u00eda del municipio y personal [&hellip;]<\/p>\n","protected":false},"author":1,"featured_media":5366,"comment_status":"open","ping_status":"open","sticky":false,"template":"","format":"standard","meta":{"om_disable_all_campaigns":false,"_monsterinsights_skip_tracking":false,"_monsterinsights_sitenote_active":false,"_monsterinsights_sitenote_note":"","_monsterinsights_sitenote_category":0,"_uf_show_specific_survey":0,"_uf_disable_surveys":false,"footnotes":""},"categories":[61,58,42,24],"tags":[],"class_list":["post-5367","post","type-post","status-publish","format-standard","has-post-thumbnail","hentry","category-accidentes","category-alcaldias","category-alto-occidente","category-caldas"],"aioseo_notices":[],"blog_post_layout_featured_media_urls":{"thumbnail":["https:\/\/vocesdelaregion.com\/wp-content\/uploads\/2025\/05\/FB_IMG_1747569445602-150x150.jpg",150,150,true],"full":["https:\/\/vocesdelaregion.com\/wp-content\/uploads\/2025\/05\/FB_IMG_1747569445602.jpg",1080,1435,false]},"categories_names":{"61":{"name":"Accidentes","link":"https:\/\/vocesdelaregion.com\/index.php\/category\/accidentes\/"},"58":{"name":"Alcald\u00edas","link":"https:\/\/vocesdelaregion.com\/index.php\/category\/alcaldias\/"},"42":{"name":"Alto Occidente","link":"https:\/\/vocesdelaregion.com\/index.php\/category\/caldas\/alto-occidente\/"},"24":{"name":"Caldas","link":"https:\/\/vocesdelaregion.com\/index.php\/category\/caldas\/"}},"tags_names":[],"comments_number":"0","wpmagazine_modules_lite_featured_media_urls":{"thumbnail":["https:\/\/vocesdelaregion.com\/wp-content\/uploads\/2025\/05\/FB_IMG_1747569445602-150x150.jpg",150,150,true],"cvmm-medium":["https:\/\/vocesdelaregion.com\/wp-content\/uploads\/2025\/05\/FB_IMG_1747569445602-300x300.jpg",300,300,true],"cvmm-medium-plus":["https:\/\/vocesdelaregion.com\/wp-content\/uploads\/2025\/05\/FB_IMG_1747569445602-305x207.jpg",305,207,true],"cvmm-portrait":["https:\/\/vocesdelaregion.com\/wp-content\/uploads\/2025\/05\/FB_IMG_1747569445602-400x600.jpg",400,600,true],"cvmm-medium-square":["https:\/\/vocesdelaregion.com\/wp-content\/uploads\/2025\/05\/FB_IMG_1747569445602-600x600.jpg",600,600,true],"cvmm-large":["https:\/\/vocesdelaregion.com\/wp-content\/uploads\/2025\/05\/FB_IMG_1747569445602-1024x1024.jpg",1024,1024,true],"cvmm-small":["https:\/\/vocesdelaregion.com\/wp-content\/uploads\/2025\/05\/FB_IMG_1747569445602-130x95.jpg",130,95,true],"full":["https:\/\/vocesdelaregion.com\/wp-content\/uploads\/2025\/05\/FB_IMG_1747569445602.jpg",1080,1435,false]},"_links":{"self":[{"href":"https:\/\/vocesdelaregion.com\/index.php\/wp-json\/wp\/v2\/posts\/5367","targetHints":{"allow":["GET"]}}],"collection":[{"href":"https:\/\/vocesdelaregion.com\/index.php\/wp-json\/wp\/v2\/posts"}],"about":[{"href":"https:\/\/vocesdelaregion.com\/index.php\/wp-json\/wp\/v2\/types\/post"}],"author":[{"embeddable":true,"href":"https:\/\/vocesdelaregion.com\/index.php\/wp-json\/wp\/v2\/users\/1"}],"replies":[{"embeddable":true,"href":"https:\/\/vocesdelaregion.com\/index.php\/wp-json\/wp\/v2\/comments?post=5367"}],"version-history":[{"count":1,"href":"https:\/\/vocesdelaregion.com\/index.php\/wp-json\/wp\/v2\/posts\/5367\/revisions"}],"predecessor-version":[{"id":5368,"href":"https:\/\/vocesdelaregion.com\/index.php\/wp-json\/wp\/v2\/posts\/5367\/revisions\/5368"}],"wp:featuredmedia":[{"embeddable":true,"href":"https:\/\/vocesdelaregion.com\/index.php\/wp-json\/wp\/v2\/media\/5366"}],"wp:attachment":[{"href":"https:\/\/vocesdelaregion.com\/index.php\/wp-json\/wp\/v2\/media?parent=5367"}],"wp:term":[{"taxonomy":"category","embeddable":true,"href":"https:\/\/vocesdelaregion.com\/index.php\/wp-json\/wp\/v2\/categories?post=5367"},{"taxonomy":"post_tag","embeddable":true,"href":"https:\/\/vocesdelaregion.com\/index.php\/wp-json\/wp\/v2\/tags?post=5367"}],"curies":[{"name":"wp","href":"https:\/\/api.w.org\/{rel}","templated":true}]}}