{"id":5147,"date":"2025-04-24T23:23:02","date_gmt":"2025-04-25T04:23:02","guid":{"rendered":"https:\/\/vocesdelaregion.com\/?p=5147"},"modified":"2025-04-24T23:23:04","modified_gmt":"2025-04-25T04:23:04","slug":"a-sangre-fria-asesinan-a-un-hombre-mientras-veia-futbol","status":"publish","type":"post","link":"https:\/\/vocesdelaregion.com\/index.php\/2025\/04\/24\/a-sangre-fria-asesinan-a-un-hombre-mientras-veia-futbol\/","title":{"rendered":"\u00a1A sangre fr\u00eda! Asesinan a un hombre mientras ve\u00eda f\u00fatbol"},"content":{"rendered":"\n<p>La tranquilidad de La Dorada, Caldas, se rompi\u00f3 la noche de este jueves, luego de m\u00e1s de dos meses sin homicidios. Un ataque a bala cobr\u00f3 la vida de un hombre y dej\u00f3 a otro herido en plena transmisi\u00f3n de un partido de la Copa Libertadores.<\/p>\n\n\n\n<p>Todo ocurri\u00f3 en un establecimiento comercial ubicado en el norte de la ciudad, sobre la avenida Marlboro, cerca de la famosa \u201cdestapada\u201d de la calle 42. All\u00ed, como en muchos rincones del pa\u00eds, varios vecinos se hab\u00edan reunido para ver el encuentro entre Atl\u00e9tico Nacional y Bah\u00eda.<\/p>\n\n\n\n<p>Pero la fiesta del f\u00fatbol se convirti\u00f3 en tragedia cuando dos hombres fueron atacados a tiros por sicarios que, al parecer, ya los ven\u00edan cazando. Uno de ellos fue identificado como <strong>Jhon Jairo Luna<\/strong>, quien muri\u00f3 en el acto. El otro es un reconocido mec\u00e1nico del pueblo, conocido como <strong>\u201cToto\u201d<\/strong>, quien result\u00f3 herido y fue trasladado a un centro m\u00e9dico, donde permanece bajo vigilancia policial y fuera de peligro, seg\u00fan las autoridades.<\/p>\n\n\n\n<p>Este ataque violento le pone fin a m\u00e1s de <strong>70 d\u00edas de calma<\/strong> en el municipio y deja una familia de luto. El comandante del Sexto Distrito de Polic\u00eda asegur\u00f3 que ya se adelantan las investigaciones para dar con los responsables de este crimen.<\/p>\n\n\n\n<p>La Dorada lleg\u00f3 a 8 homicidios este 2025<\/p>\n","protected":false},"excerpt":{"rendered":"<p>La tranquilidad de La Dorada, Caldas, se rompi\u00f3 la noche de este jueves, luego de m\u00e1s de dos meses sin homicidios. Un ataque a bala cobr\u00f3 la vida de un hombre y dej\u00f3 a otro herido en plena transmisi\u00f3n de un partido de la Copa Libertadores. Todo ocurri\u00f3 en un establecimiento comercial ubicado en el [&hellip;]<\/p>\n","protected":false},"author":1,"featured_media":1184,"comment_status":"open","ping_status":"open","sticky":false,"template":"","format":"standard","meta":{"om_disable_all_campaigns":false,"_monsterinsights_skip_tracking":false,"_monsterinsights_sitenote_active":false,"_monsterinsights_sitenote_note":"","_monsterinsights_sitenote_category":0,"_uf_show_specific_survey":0,"_uf_disable_surveys":false,"footnotes":""},"categories":[25,359],"tags":[],"class_list":["post-5147","post","type-post","status-publish","format-standard","has-post-thumbnail","hentry","category-judicial","category-judiciales-caldas"],"aioseo_notices":[],"blog_post_layout_featured_media_urls":{"thumbnail":["https:\/\/vocesdelaregion.com\/wp-content\/uploads\/2023\/12\/crimen-1-150x150.jpg",150,150,true],"full":["https:\/\/vocesdelaregion.com\/wp-content\/uploads\/2023\/12\/crimen-1.jpg",810,633,false]},"categories_names":{"25":{"name":"Judicial","link":"https:\/\/vocesdelaregion.com\/index.php\/category\/judicial\/"},"359":{"name":"Judiciales Caldas","link":"https:\/\/vocesdelaregion.com\/index.php\/category\/judicial\/judiciales-caldas\/"}},"tags_names":[],"comments_number":"0","wpmagazine_modules_lite_featured_media_urls":{"thumbnail":["https:\/\/vocesdelaregion.com\/wp-content\/uploads\/2023\/12\/crimen-1-150x150.jpg",150,150,true],"cvmm-medium":["https:\/\/vocesdelaregion.com\/wp-content\/uploads\/2023\/12\/crimen-1-300x300.jpg",300,300,true],"cvmm-medium-plus":["https:\/\/vocesdelaregion.com\/wp-content\/uploads\/2023\/12\/crimen-1-305x207.jpg",305,207,true],"cvmm-portrait":["https:\/\/vocesdelaregion.com\/wp-content\/uploads\/2023\/12\/crimen-1-400x600.jpg",400,600,true],"cvmm-medium-square":["https:\/\/vocesdelaregion.com\/wp-content\/uploads\/2023\/12\/crimen-1-600x600.jpg",600,600,true],"cvmm-large":["https:\/\/vocesdelaregion.com\/wp-content\/uploads\/2023\/12\/crimen-1.jpg",810,633,false],"cvmm-small":["https:\/\/vocesdelaregion.com\/wp-content\/uploads\/2023\/12\/crimen-1-130x95.jpg",130,95,true],"full":["https:\/\/vocesdelaregion.com\/wp-content\/uploads\/2023\/12\/crimen-1.jpg",810,633,false]},"_links":{"self":[{"href":"https:\/\/vocesdelaregion.com\/index.php\/wp-json\/wp\/v2\/posts\/5147","targetHints":{"allow":["GET"]}}],"collection":[{"href":"https:\/\/vocesdelaregion.com\/index.php\/wp-json\/wp\/v2\/posts"}],"about":[{"href":"https:\/\/vocesdelaregion.com\/index.php\/wp-json\/wp\/v2\/types\/post"}],"author":[{"embeddable":true,"href":"https:\/\/vocesdelaregion.com\/index.php\/wp-json\/wp\/v2\/users\/1"}],"replies":[{"embeddable":true,"href":"https:\/\/vocesdelaregion.com\/index.php\/wp-json\/wp\/v2\/comments?post=5147"}],"version-history":[{"count":2,"href":"https:\/\/vocesdelaregion.com\/index.php\/wp-json\/wp\/v2\/posts\/5147\/revisions"}],"predecessor-version":[{"id":5149,"href":"https:\/\/vocesdelaregion.com\/index.php\/wp-json\/wp\/v2\/posts\/5147\/revisions\/5149"}],"wp:featuredmedia":[{"embeddable":true,"href":"https:\/\/vocesdelaregion.com\/index.php\/wp-json\/wp\/v2\/media\/1184"}],"wp:attachment":[{"href":"https:\/\/vocesdelaregion.com\/index.php\/wp-json\/wp\/v2\/media?parent=5147"}],"wp:term":[{"taxonomy":"category","embeddable":true,"href":"https:\/\/vocesdelaregion.com\/index.php\/wp-json\/wp\/v2\/categories?post=5147"},{"taxonomy":"post_tag","embeddable":true,"href":"https:\/\/vocesdelaregion.com\/index.php\/wp-json\/wp\/v2\/tags?post=5147"}],"curies":[{"name":"wp","href":"https:\/\/api.w.org\/{rel}","templated":true}]}}