{"id":5110,"date":"2025-04-20T18:45:08","date_gmt":"2025-04-20T23:45:08","guid":{"rendered":"https:\/\/vocesdelaregion.com\/?p=5110"},"modified":"2025-04-20T18:45:54","modified_gmt":"2025-04-20T23:45:54","slug":"atencion-cierre-total-en-la-via-aranzazu-salamina-por-caida-de-roca-en-el-sector-la-union","status":"publish","type":"post","link":"https:\/\/vocesdelaregion.com\/index.php\/2025\/04\/20\/atencion-cierre-total-en-la-via-aranzazu-salamina-por-caida-de-roca-en-el-sector-la-union\/","title":{"rendered":"Atenci\u00f3n, Cierre total en la v\u00eda Aranzazu \u2013 Salamina por ca\u00edda de roca en el sector La Uni\u00f3n"},"content":{"rendered":"\n<p>Hay nuevo deslizamiento y las condiciones de seguridad no son las mejores <\/p>\n\n\n\n<p>La Gobernaci\u00f3n de Caldas, a trav\u00e9s de la Secretar\u00eda de Infraestructura, informa que a partir de las 6:30 p.m. de hoy y hasta las 6:30 a.m. de ma\u00f1ana, se implementar\u00e1 el cierre total de la v\u00eda Aranzazu \u2013 Salamina, a la altura del sector La Uni\u00f3n, debido a un nuevo deslizamiento de tierra y la constante ca\u00edda de rocas sobre la calzada.<\/p>\n\n\n\n<figure class=\"wp-block-image size-large\"><img fetchpriority=\"high\" decoding=\"async\" width=\"791\" height=\"1024\" src=\"https:\/\/vocesdelaregion.com\/wp-content\/uploads\/2025\/04\/img-20250420-wa02065597811709407222802-791x1024.jpg\" alt=\"\" class=\"wp-image-5108\" srcset=\"https:\/\/vocesdelaregion.com\/wp-content\/uploads\/2025\/04\/img-20250420-wa02065597811709407222802-791x1024.jpg 791w, https:\/\/vocesdelaregion.com\/wp-content\/uploads\/2025\/04\/img-20250420-wa02065597811709407222802-232x300.jpg 232w, https:\/\/vocesdelaregion.com\/wp-content\/uploads\/2025\/04\/img-20250420-wa02065597811709407222802-768x994.jpg 768w, https:\/\/vocesdelaregion.com\/wp-content\/uploads\/2025\/04\/img-20250420-wa02065597811709407222802-600x777.jpg 600w, https:\/\/vocesdelaregion.com\/wp-content\/uploads\/2025\/04\/img-20250420-wa02065597811709407222802.jpg 989w\" sizes=\"(max-width: 791px) 100vw, 791px\" \/><figcaption class=\"wp-element-caption\">Comunicado de la Alcald\u00eda de Salamina<\/figcaption><\/figure>\n\n\n\n<p>El combo de maquinaria ya se encuentra en el sitio realizando labores de remoci\u00f3n del material y recuperaci\u00f3n de la v\u00eda. Sin embargo, las condiciones del terreno y la inestabilidad del talud obligan a suspender frecuentemente los trabajos por seguridad, debido a la ca\u00edda continua de rocas.<\/p>\n\n\n\n<p>Se recomienda a los usuarios de esta v\u00eda tomar rutas alternas como Manizales- La Felisa- La Merced -Salamina &#8211; P\u00e1cora &#8211; Aguadas o Manizales- La Pintada &#8211; Aguadas &#8211; P\u00e1cora &#8211; Salamina, mientras se habilita nuevamente el paso, y seguir las recomendaciones del personal en sitio.<\/p>\n\n\n\n<figure class=\"wp-block-video\"><video height=\"480\" style=\"aspect-ratio: 848 \/ 480;\" width=\"848\" controls src=\"https:\/\/vocesdelaregion.com\/wp-content\/uploads\/2025\/04\/VID-20250420-WA0204.mp4\"><\/video><figcaption class=\"wp-element-caption\">Jorge Ricardo Guti\u00e9rrez, Secretario de Infraestructura de Caldas <\/figcaption><\/figure>\n\n\n\n<p><strong>Recomendaciones para la ciudadan\u00eda:<\/strong><\/p>\n\n\n\n<p><br>\u2022 Evite transitar por la zona afectada hasta nuevo aviso.<br>\u2022 Siga las indicaciones del personal t\u00e9cnico y organismos de atenci\u00f3n en la v\u00eda.<code>\u2022 En caso de lluvias intensas, abst\u00e9ngase de movilizarse por corredores rurales o zonas con antecedentes de deslizamientos.<\/code><\/p>\n\n\n\n<p>La Secretar\u00eda de Infraestructura continuar\u00e1 monitoreando la situaci\u00f3n. Estas medidas se toman para proteger la vida y garantizar una intervenci\u00f3n segura en el sector.<\/p>\n","protected":false},"excerpt":{"rendered":"<p>Hay nuevo deslizamiento y las condiciones de seguridad no son las mejores La Gobernaci\u00f3n de Caldas, a trav\u00e9s de la Secretar\u00eda de Infraestructura, informa que a partir de las 6:30 p.m. de hoy y hasta las 6:30 a.m. de ma\u00f1ana, se implementar\u00e1 el cierre total de la v\u00eda Aranzazu \u2013 Salamina, a la altura del [&hellip;]<\/p>\n","protected":false},"author":1,"featured_media":5109,"comment_status":"open","ping_status":"open","sticky":false,"template":"","format":"standard","meta":{"om_disable_all_campaigns":false,"_monsterinsights_skip_tracking":false,"_monsterinsights_sitenote_active":false,"_monsterinsights_sitenote_note":"","_monsterinsights_sitenote_category":0,"_uf_show_specific_survey":0,"_uf_disable_surveys":false,"footnotes":""},"categories":[41,43,49],"tags":[],"class_list":["post-5110","post","type-post","status-publish","format-standard","has-post-thumbnail","hentry","category-movilidad","category-norte","category-vias"],"aioseo_notices":[],"blog_post_layout_featured_media_urls":{"thumbnail":["https:\/\/vocesdelaregion.com\/wp-content\/uploads\/2025\/04\/IMG-20250420-WA0205-150x150.jpg",150,150,true],"full":["https:\/\/vocesdelaregion.com\/wp-content\/uploads\/2025\/04\/IMG-20250420-WA0205.jpg",1280,1280,false]},"categories_names":{"41":{"name":"Movilidad","link":"https:\/\/vocesdelaregion.com\/index.php\/category\/movilidad\/"},"43":{"name":"Norte","link":"https:\/\/vocesdelaregion.com\/index.php\/category\/caldas\/norte\/"},"49":{"name":"V\u00edas","link":"https:\/\/vocesdelaregion.com\/index.php\/category\/movilidad\/vias\/"}},"tags_names":[],"comments_number":"0","wpmagazine_modules_lite_featured_media_urls":{"thumbnail":["https:\/\/vocesdelaregion.com\/wp-content\/uploads\/2025\/04\/IMG-20250420-WA0205-150x150.jpg",150,150,true],"cvmm-medium":["https:\/\/vocesdelaregion.com\/wp-content\/uploads\/2025\/04\/IMG-20250420-WA0205-300x300.jpg",300,300,true],"cvmm-medium-plus":["https:\/\/vocesdelaregion.com\/wp-content\/uploads\/2025\/04\/IMG-20250420-WA0205-305x207.jpg",305,207,true],"cvmm-portrait":["https:\/\/vocesdelaregion.com\/wp-content\/uploads\/2025\/04\/IMG-20250420-WA0205-400x600.jpg",400,600,true],"cvmm-medium-square":["https:\/\/vocesdelaregion.com\/wp-content\/uploads\/2025\/04\/IMG-20250420-WA0205-600x600.jpg",600,600,true],"cvmm-large":["https:\/\/vocesdelaregion.com\/wp-content\/uploads\/2025\/04\/IMG-20250420-WA0205-1024x1024.jpg",1024,1024,true],"cvmm-small":["https:\/\/vocesdelaregion.com\/wp-content\/uploads\/2025\/04\/IMG-20250420-WA0205-130x95.jpg",130,95,true],"full":["https:\/\/vocesdelaregion.com\/wp-content\/uploads\/2025\/04\/IMG-20250420-WA0205.jpg",1280,1280,false]},"_links":{"self":[{"href":"https:\/\/vocesdelaregion.com\/index.php\/wp-json\/wp\/v2\/posts\/5110","targetHints":{"allow":["GET"]}}],"collection":[{"href":"https:\/\/vocesdelaregion.com\/index.php\/wp-json\/wp\/v2\/posts"}],"about":[{"href":"https:\/\/vocesdelaregion.com\/index.php\/wp-json\/wp\/v2\/types\/post"}],"author":[{"embeddable":true,"href":"https:\/\/vocesdelaregion.com\/index.php\/wp-json\/wp\/v2\/users\/1"}],"replies":[{"embeddable":true,"href":"https:\/\/vocesdelaregion.com\/index.php\/wp-json\/wp\/v2\/comments?post=5110"}],"version-history":[{"count":1,"href":"https:\/\/vocesdelaregion.com\/index.php\/wp-json\/wp\/v2\/posts\/5110\/revisions"}],"predecessor-version":[{"id":5111,"href":"https:\/\/vocesdelaregion.com\/index.php\/wp-json\/wp\/v2\/posts\/5110\/revisions\/5111"}],"wp:featuredmedia":[{"embeddable":true,"href":"https:\/\/vocesdelaregion.com\/index.php\/wp-json\/wp\/v2\/media\/5109"}],"wp:attachment":[{"href":"https:\/\/vocesdelaregion.com\/index.php\/wp-json\/wp\/v2\/media?parent=5110"}],"wp:term":[{"taxonomy":"category","embeddable":true,"href":"https:\/\/vocesdelaregion.com\/index.php\/wp-json\/wp\/v2\/categories?post=5110"},{"taxonomy":"post_tag","embeddable":true,"href":"https:\/\/vocesdelaregion.com\/index.php\/wp-json\/wp\/v2\/tags?post=5110"}],"curies":[{"name":"wp","href":"https:\/\/api.w.org\/{rel}","templated":true}]}}