{"id":5105,"date":"2025-04-20T12:22:20","date_gmt":"2025-04-20T17:22:20","guid":{"rendered":"https:\/\/vocesdelaregion.com\/?p=5105"},"modified":"2025-04-20T12:22:58","modified_gmt":"2025-04-20T17:22:58","slug":"movilidad-segura-en-el-regreso-de-semana-santa","status":"publish","type":"post","link":"https:\/\/vocesdelaregion.com\/index.php\/2025\/04\/20\/movilidad-segura-en-el-regreso-de-semana-santa\/","title":{"rendered":"Movilidad segura en el regreso de Semana Santa."},"content":{"rendered":"\n<p>Activados operativos para garantizar la movilidad y seguridad vial en este plan retorno de \u201cSEMANA SANTA\u201d<\/p>\n\n\n\n<p>Las acciones est\u00e1n dirigidas a mantener la seguridad y tranquilidad ciudadana en el departamento de Caldas<\/p>\n\n\n\n<p>La Polic\u00eda Nacional de Colombia, a trav\u00e9s de sus diferentes especialidades y con el liderazgo de la Direcci\u00f3n de Tr\u00e1nsito y Transporte, se encuentra en las v\u00edas del pa\u00eds acompa\u00f1ando a todos los viajeros que regresan a sus lugares de destino tras el descanso luego de haber compartido en familia durante la Semana Mayor.<\/p>\n\n\n\n<figure class=\"wp-block-video\"><video height=\"720\" style=\"aspect-ratio: 1280 \/ 720;\" width=\"1280\" controls src=\"https:\/\/vocesdelaregion.com\/wp-content\/uploads\/2025\/04\/VID-20250420-WA0102.mp4\"><\/video><figcaption class=\"wp-element-caption\">Luis Fernando Sandoval Rico, Subcomandante Polic\u00eda Caldas <\/figcaption><\/figure>\n\n\n\n<p>Para garantizar su seguridad y movilidad, se ha dispuesto m\u00e1s de 1.800 uniformados comprometidos con la protecci\u00f3n de todos los usuarios viales. A lo largo y ancho del Departamento de Caldas.<\/p>\n\n\n\n<p>Encontrar\u00e1n \u00e1reas de prevenci\u00f3n vial como esta, donde brindaremos informaci\u00f3n, orientaci\u00f3n y realizaremos pausas activas especialmente para quienes recorren trayectos largos. Este Plan Retorno cuenta con todo el despliegue de nuestras capacidades institucionales para acompa\u00f1ar, vigilar y velar por la seguridad de los viajeros.<\/p>\n\n\n\n<figure class=\"wp-block-gallery has-nested-images columns-default is-cropped wp-block-gallery-1 is-layout-flex wp-block-gallery-is-layout-flex\">\n<figure class=\"wp-block-image size-large\"><img fetchpriority=\"high\" decoding=\"async\" width=\"1024\" height=\"683\" data-id=\"5098\" src=\"https:\/\/vocesdelaregion.com\/wp-content\/uploads\/2025\/04\/10006353003340530907422766437-1024x683.jpg\" alt=\"\" class=\"wp-image-5098\" srcset=\"https:\/\/vocesdelaregion.com\/wp-content\/uploads\/2025\/04\/10006353003340530907422766437-1024x683.jpg 1024w, https:\/\/vocesdelaregion.com\/wp-content\/uploads\/2025\/04\/10006353003340530907422766437-300x200.jpg 300w, https:\/\/vocesdelaregion.com\/wp-content\/uploads\/2025\/04\/10006353003340530907422766437-768x512.jpg 768w, https:\/\/vocesdelaregion.com\/wp-content\/uploads\/2025\/04\/10006353003340530907422766437-1536x1024.jpg 1536w, https:\/\/vocesdelaregion.com\/wp-content\/uploads\/2025\/04\/10006353003340530907422766437-600x400.jpg 600w, https:\/\/vocesdelaregion.com\/wp-content\/uploads\/2025\/04\/10006353003340530907422766437.jpg 1600w\" sizes=\"(max-width: 1024px) 100vw, 1024px\" \/><\/figure>\n\n\n\n<figure class=\"wp-block-image size-large\"><img decoding=\"async\" width=\"1024\" height=\"683\" data-id=\"5097\" src=\"https:\/\/vocesdelaregion.com\/wp-content\/uploads\/2025\/04\/10006353125121624257422359120-1024x683.jpg\" alt=\"\" class=\"wp-image-5097\" srcset=\"https:\/\/vocesdelaregion.com\/wp-content\/uploads\/2025\/04\/10006353125121624257422359120-1024x683.jpg 1024w, https:\/\/vocesdelaregion.com\/wp-content\/uploads\/2025\/04\/10006353125121624257422359120-300x200.jpg 300w, https:\/\/vocesdelaregion.com\/wp-content\/uploads\/2025\/04\/10006353125121624257422359120-768x512.jpg 768w, https:\/\/vocesdelaregion.com\/wp-content\/uploads\/2025\/04\/10006353125121624257422359120-1536x1024.jpg 1536w, https:\/\/vocesdelaregion.com\/wp-content\/uploads\/2025\/04\/10006353125121624257422359120-600x400.jpg 600w, https:\/\/vocesdelaregion.com\/wp-content\/uploads\/2025\/04\/10006353125121624257422359120.jpg 1600w\" sizes=\"(max-width: 1024px) 100vw, 1024px\" \/><\/figure>\n\n\n\n<figure class=\"wp-block-image size-large\"><img decoding=\"async\" width=\"1024\" height=\"683\" data-id=\"5096\" src=\"https:\/\/vocesdelaregion.com\/wp-content\/uploads\/2025\/04\/10006353188004848287484325973-1024x683.jpg\" alt=\"\" class=\"wp-image-5096\" srcset=\"https:\/\/vocesdelaregion.com\/wp-content\/uploads\/2025\/04\/10006353188004848287484325973-1024x683.jpg 1024w, https:\/\/vocesdelaregion.com\/wp-content\/uploads\/2025\/04\/10006353188004848287484325973-300x200.jpg 300w, https:\/\/vocesdelaregion.com\/wp-content\/uploads\/2025\/04\/10006353188004848287484325973-768x512.jpg 768w, https:\/\/vocesdelaregion.com\/wp-content\/uploads\/2025\/04\/10006353188004848287484325973-1536x1024.jpg 1536w, https:\/\/vocesdelaregion.com\/wp-content\/uploads\/2025\/04\/10006353188004848287484325973-600x400.jpg 600w, https:\/\/vocesdelaregion.com\/wp-content\/uploads\/2025\/04\/10006353188004848287484325973.jpg 1600w\" sizes=\"(max-width: 1024px) 100vw, 1024px\" \/><\/figure>\n<\/figure>\n\n\n\n<p>Para ello, la Polic\u00eda ha dispuesto este despliegue con motorizados, patrullas, unidades de prevenci\u00f3n vial y sobrevuelos, todo articulado para que el regreso avance sin ninguna novedad.<\/p>\n\n\n\n<p>&#8220;<em>Queremos que todos lleguen a casa sin contratiempos. Por eso, recuerden que nuestras l\u00edneas de emergencia est\u00e1n disponibles las 24 horas del d\u00eda a trav\u00e9s del #767 123, y tambi\u00e9n pueden consultar nuestras redes sociales oficiales en Instagram y X como @Policia_Caldas y en Facebook como Departamento de Polic\u00eda Caldas, para conocer el estado actualizado de las v\u00edas o reportar cualquier situaci\u00f3n<\/em>.&#8221;<\/p>\n\n\n\n<figure class=\"wp-block-video\"><video height=\"720\" style=\"aspect-ratio: 1280 \/ 720;\" width=\"1280\" controls src=\"https:\/\/vocesdelaregion.com\/wp-content\/uploads\/2025\/04\/VID-20250420-WA0103.mp4\"><\/video><figcaption class=\"wp-element-caption\">Plan retorno <\/figcaption><\/figure>\n\n\n\n<p>Recomendaciones a conductores:<\/p>\n\n\n\n<ol class=\"wp-block-list\">\n<li>Haga revisar su veh\u00edculo antes de viajar.<\/li>\n\n\n\n<li>Descansar y dormir lo suficiente, as\u00ed podr\u00e1 conducir relajado y sin sue\u00f1o.<\/li>\n\n\n\n<li>Si va a conducir, no consuma licor.<\/li>\n\n\n\n<li>Use siempre el cintur\u00f3n de seguridad.<\/li>\n\n\n\n<li>Conduzca con prudencia y sin af\u00e1n.<\/li>\n\n\n\n<li>No realizar maniobras peligrosas (no adelante en curva o en l\u00ednea continua)<\/li>\n\n\n\n<li>No exceder los l\u00edmites de velocidad establecidos.<\/li>\n\n\n\n<li>No lleve sobrecupo de pasajeros.<\/li>\n\n\n\n<li>Evite conducir haciendo uso del celular o manipulando la emisora de tu radio.<\/li>\n\n\n\n<li>Conduce por lapsos menores a tres horas, con el fin de evitar fatiga y accidentes, estaciona tu veh\u00edculo en un lugar seguro, estira las piernas y respira aire puro.<\/li>\n\n\n\n<li>Conductor de motocicleta: use los elementos de protecci\u00f3n (casco y chaleco), respete las normas de tr\u00e1nsito, evite transportar carga y sobrecupo de personas, recuerde que la motocicleta est\u00e1 destinada para dos personas, no transporte ni\u00f1os menores de 10 a\u00f1os.<\/li>\n\n\n\n<li>Desinfecte con regularidad las superficies de su veh\u00edculo con las que tiene contacto frecuentemente.<\/li>\n\n\n\n<li>En la medida de lo posible mantenga ventilado su veh\u00edculo.<\/li>\n\n\n\n<li>Al subirse al veh\u00edculo abra las puertas y permita que se ventile durante un par de minutos.<\/li>\n\n\n\n<li>En la medida posible mantenga la distancia m\u00ednima recomendada.<\/li>\n<\/ol>\n\n\n\n<figure class=\"wp-block-gallery has-nested-images columns-default is-cropped wp-block-gallery-2 is-layout-flex wp-block-gallery-is-layout-flex\">\n<figure class=\"wp-block-image size-large\"><img loading=\"lazy\" decoding=\"async\" width=\"1024\" height=\"683\" data-id=\"5102\" src=\"https:\/\/vocesdelaregion.com\/wp-content\/uploads\/2025\/04\/img-20250420-wa00972042391961866820285-1024x683.jpg\" alt=\"\" class=\"wp-image-5102\" srcset=\"https:\/\/vocesdelaregion.com\/wp-content\/uploads\/2025\/04\/img-20250420-wa00972042391961866820285-1024x683.jpg 1024w, https:\/\/vocesdelaregion.com\/wp-content\/uploads\/2025\/04\/img-20250420-wa00972042391961866820285-300x200.jpg 300w, https:\/\/vocesdelaregion.com\/wp-content\/uploads\/2025\/04\/img-20250420-wa00972042391961866820285-768x512.jpg 768w, https:\/\/vocesdelaregion.com\/wp-content\/uploads\/2025\/04\/img-20250420-wa00972042391961866820285-1536x1024.jpg 1536w, https:\/\/vocesdelaregion.com\/wp-content\/uploads\/2025\/04\/img-20250420-wa00972042391961866820285-600x400.jpg 600w, https:\/\/vocesdelaregion.com\/wp-content\/uploads\/2025\/04\/img-20250420-wa00972042391961866820285.jpg 1600w\" sizes=\"(max-width: 1024px) 100vw, 1024px\" \/><\/figure>\n\n\n\n<figure class=\"wp-block-image size-large\"><img loading=\"lazy\" decoding=\"async\" width=\"1024\" height=\"683\" data-id=\"5103\" src=\"https:\/\/vocesdelaregion.com\/wp-content\/uploads\/2025\/04\/img-20250420-wa00951527281775849812399-1024x683.jpg\" alt=\"\" class=\"wp-image-5103\" srcset=\"https:\/\/vocesdelaregion.com\/wp-content\/uploads\/2025\/04\/img-20250420-wa00951527281775849812399-1024x683.jpg 1024w, https:\/\/vocesdelaregion.com\/wp-content\/uploads\/2025\/04\/img-20250420-wa00951527281775849812399-300x200.jpg 300w, https:\/\/vocesdelaregion.com\/wp-content\/uploads\/2025\/04\/img-20250420-wa00951527281775849812399-768x512.jpg 768w, https:\/\/vocesdelaregion.com\/wp-content\/uploads\/2025\/04\/img-20250420-wa00951527281775849812399-1536x1024.jpg 1536w, https:\/\/vocesdelaregion.com\/wp-content\/uploads\/2025\/04\/img-20250420-wa00951527281775849812399-600x400.jpg 600w, https:\/\/vocesdelaregion.com\/wp-content\/uploads\/2025\/04\/img-20250420-wa00951527281775849812399.jpg 1600w\" sizes=\"(max-width: 1024px) 100vw, 1024px\" \/><\/figure>\n\n\n\n<figure class=\"wp-block-image size-large\"><img loading=\"lazy\" decoding=\"async\" width=\"1024\" height=\"683\" data-id=\"5101\" src=\"https:\/\/vocesdelaregion.com\/wp-content\/uploads\/2025\/04\/img-20250420-wa00927858780477794027223-1024x683.jpg\" alt=\"\" class=\"wp-image-5101\" srcset=\"https:\/\/vocesdelaregion.com\/wp-content\/uploads\/2025\/04\/img-20250420-wa00927858780477794027223-1024x683.jpg 1024w, https:\/\/vocesdelaregion.com\/wp-content\/uploads\/2025\/04\/img-20250420-wa00927858780477794027223-300x200.jpg 300w, https:\/\/vocesdelaregion.com\/wp-content\/uploads\/2025\/04\/img-20250420-wa00927858780477794027223-768x512.jpg 768w, https:\/\/vocesdelaregion.com\/wp-content\/uploads\/2025\/04\/img-20250420-wa00927858780477794027223-1536x1024.jpg 1536w, https:\/\/vocesdelaregion.com\/wp-content\/uploads\/2025\/04\/img-20250420-wa00927858780477794027223-600x400.jpg 600w, https:\/\/vocesdelaregion.com\/wp-content\/uploads\/2025\/04\/img-20250420-wa00927858780477794027223.jpg 1600w\" sizes=\"(max-width: 1024px) 100vw, 1024px\" \/><\/figure>\n<\/figure>\n\n\n\n<p>#UnidosPorLaSeguridad, conduzca con responsabilidad y madruguele al plan retorno.<\/p>\n","protected":false},"excerpt":{"rendered":"<p>Activados operativos para garantizar la movilidad y seguridad vial en este plan retorno de \u201cSEMANA SANTA\u201d Las acciones est\u00e1n dirigidas a mantener la seguridad y tranquilidad ciudadana en el departamento de Caldas La Polic\u00eda Nacional de Colombia, a trav\u00e9s de sus diferentes especialidades y con el liderazgo de la Direcci\u00f3n de Tr\u00e1nsito y Transporte, se [&hellip;]<\/p>\n","protected":false},"author":1,"featured_media":5104,"comment_status":"open","ping_status":"open","sticky":false,"template":"","format":"standard","meta":{"om_disable_all_campaigns":false,"_monsterinsights_skip_tracking":false,"_monsterinsights_sitenote_active":false,"_monsterinsights_sitenote_note":"","_monsterinsights_sitenote_category":0,"_uf_show_specific_survey":0,"_uf_disable_surveys":false,"footnotes":""},"categories":[41,49],"tags":[],"class_list":["post-5105","post","type-post","status-publish","format-standard","has-post-thumbnail","hentry","category-movilidad","category-vias"],"aioseo_notices":[],"blog_post_layout_featured_media_urls":{"thumbnail":["https:\/\/vocesdelaregion.com\/wp-content\/uploads\/2025\/04\/IMG-20250420-WA0093-150x150.jpg",150,150,true],"full":["https:\/\/vocesdelaregion.com\/wp-content\/uploads\/2025\/04\/IMG-20250420-WA0093.jpg",1600,1067,false]},"categories_names":{"41":{"name":"Movilidad","link":"https:\/\/vocesdelaregion.com\/index.php\/category\/movilidad\/"},"49":{"name":"V\u00edas","link":"https:\/\/vocesdelaregion.com\/index.php\/category\/movilidad\/vias\/"}},"tags_names":[],"comments_number":"0","wpmagazine_modules_lite_featured_media_urls":{"thumbnail":["https:\/\/vocesdelaregion.com\/wp-content\/uploads\/2025\/04\/IMG-20250420-WA0093-150x150.jpg",150,150,true],"cvmm-medium":["https:\/\/vocesdelaregion.com\/wp-content\/uploads\/2025\/04\/IMG-20250420-WA0093-300x300.jpg",300,300,true],"cvmm-medium-plus":["https:\/\/vocesdelaregion.com\/wp-content\/uploads\/2025\/04\/IMG-20250420-WA0093-305x207.jpg",305,207,true],"cvmm-portrait":["https:\/\/vocesdelaregion.com\/wp-content\/uploads\/2025\/04\/IMG-20250420-WA0093-400x600.jpg",400,600,true],"cvmm-medium-square":["https:\/\/vocesdelaregion.com\/wp-content\/uploads\/2025\/04\/IMG-20250420-WA0093-600x600.jpg",600,600,true],"cvmm-large":["https:\/\/vocesdelaregion.com\/wp-content\/uploads\/2025\/04\/IMG-20250420-WA0093-1024x1024.jpg",1024,1024,true],"cvmm-small":["https:\/\/vocesdelaregion.com\/wp-content\/uploads\/2025\/04\/IMG-20250420-WA0093-130x95.jpg",130,95,true],"full":["https:\/\/vocesdelaregion.com\/wp-content\/uploads\/2025\/04\/IMG-20250420-WA0093.jpg",1600,1067,false]},"_links":{"self":[{"href":"https:\/\/vocesdelaregion.com\/index.php\/wp-json\/wp\/v2\/posts\/5105","targetHints":{"allow":["GET"]}}],"collection":[{"href":"https:\/\/vocesdelaregion.com\/index.php\/wp-json\/wp\/v2\/posts"}],"about":[{"href":"https:\/\/vocesdelaregion.com\/index.php\/wp-json\/wp\/v2\/types\/post"}],"author":[{"embeddable":true,"href":"https:\/\/vocesdelaregion.com\/index.php\/wp-json\/wp\/v2\/users\/1"}],"replies":[{"embeddable":true,"href":"https:\/\/vocesdelaregion.com\/index.php\/wp-json\/wp\/v2\/comments?post=5105"}],"version-history":[{"count":1,"href":"https:\/\/vocesdelaregion.com\/index.php\/wp-json\/wp\/v2\/posts\/5105\/revisions"}],"predecessor-version":[{"id":5106,"href":"https:\/\/vocesdelaregion.com\/index.php\/wp-json\/wp\/v2\/posts\/5105\/revisions\/5106"}],"wp:featuredmedia":[{"embeddable":true,"href":"https:\/\/vocesdelaregion.com\/index.php\/wp-json\/wp\/v2\/media\/5104"}],"wp:attachment":[{"href":"https:\/\/vocesdelaregion.com\/index.php\/wp-json\/wp\/v2\/media?parent=5105"}],"wp:term":[{"taxonomy":"category","embeddable":true,"href":"https:\/\/vocesdelaregion.com\/index.php\/wp-json\/wp\/v2\/categories?post=5105"},{"taxonomy":"post_tag","embeddable":true,"href":"https:\/\/vocesdelaregion.com\/index.php\/wp-json\/wp\/v2\/tags?post=5105"}],"curies":[{"name":"wp","href":"https:\/\/api.w.org\/{rel}","templated":true}]}}