{"id":5094,"date":"2025-04-20T10:06:44","date_gmt":"2025-04-20T15:06:44","guid":{"rendered":"https:\/\/vocesdelaregion.com\/?p=5094"},"modified":"2025-04-20T10:07:40","modified_gmt":"2025-04-20T15:07:40","slug":"estado-vial-en-caldas-este-domingo-varias-afectaciones","status":"publish","type":"post","link":"https:\/\/vocesdelaregion.com\/index.php\/2025\/04\/20\/estado-vial-en-caldas-este-domingo-varias-afectaciones\/","title":{"rendered":"Estado vial en Caldas este domingo. Varias afectaciones"},"content":{"rendered":"\n<p>Reporte de estado de v\u00edas en Caldas \u2013 domingo 20 de abril de 2025<\/p>\n\n\n\n<p>La Secretar\u00eda de Infraestructura informa que, debido al incremento de las lluvias, de las \u00faltimas horas, se han presentado afectaciones en varias v\u00edas de la red vial departamental. <\/p>\n\n\n\n<p>A continuaci\u00f3n, se detalla el estado actual y las acciones en curso:<br>\u2022 Neira \u2013 Aranzazu: Se registr\u00f3 un nuevo deslizamiento en el sector Cantadelicias. Aunque se hab\u00eda iniciado la remoci\u00f3n desde las primeras horas del d\u00eda, las lluvias provocaron un nuevo movimiento en masa. Los combos de maquinaria ya se encuentran en el lugar para continuar con las labores de limpieza.<br>\u2022 Manizales \u2013 Fresno: Se logr\u00f3 habilitar el paso a un carril. Las labores de monitoreo contin\u00faan para garantizar la seguridad de los usuarios.<br>\u2022 Aranzazu \u2013 Salamina (sector Alegr\u00edas \u2013 El Yarumo): Se presenta deslizamiento que afecta la movilidad. Personal t\u00e9cnico se encuentra en el sector para iniciar la remoci\u00f3n del material.<br>\u2022 La Manuela \u2013 Palestina: Tambi\u00e9n se registra deslizamiento que interrumpe el tr\u00e1nsito. Se adelantan trabajos de remoci\u00f3n para garantizar la reapertura del paso en el menor tiempo posible.<\/p>\n\n\n\n<p><br>\u2022 <strong>Neira \u2013 Aranzazu<\/strong>: Se registr\u00f3 un nuevo deslizamiento en el sector Cantadelicia. Aunque se hab\u00eda iniciado la remoci\u00f3n desde las primeras horas del d\u00eda, las lluvias provocaron un nuevo movimiento en masa. Los combos de maquinaria ya se encuentran en el lugar para continuar con las labores de limpieza.<\/p>\n\n\n\n<p><br>\u2022 <strong>Manizales \u2013 Fresno<\/strong>: Se logr\u00f3 habilitar el paso a un carril. Las labores de monitoreo contin\u00faan para garantizar la seguridad de los usuarios.<\/p>\n\n\n\n<p><br>\u2022 <strong>Aranzazu \u2013 Salamina<\/strong> (sector Alegr\u00edas \u2013 El Yarumo): Se presenta deslizamiento que afecta la movilidad. Personal t\u00e9cnico se encuentra en el sector para iniciar la remoci\u00f3n del material.<\/p>\n\n\n\n<p><br>\u2022 <strong>La Manuela \u2013 Palestina<\/strong>: Tambi\u00e9n se registra deslizamiento que interrumpe el tr\u00e1nsito. Se adelantan trabajos de remoci\u00f3n para garantizar la reapertura del paso en el menor tiempo posible.<\/p>\n\n\n\n<figure class=\"wp-block-video\"><video height=\"464\" style=\"aspect-ratio: 848 \/ 464;\" width=\"848\" controls src=\"https:\/\/vocesdelaregion.com\/wp-content\/uploads\/2025\/04\/VID-20250420-WA0055.mp4\"><\/video><figcaption class=\"wp-element-caption\">Jorge Ricardo Guti\u00e9rrez, Secretario de Infraestructura de Caldas<\/figcaption><\/figure>\n\n\n\n<p>En el desarrollo del plan retorno, los combos de maquinaria se encuentran desplegados en los puntos cr\u00edticos priorizados, con el fin de garantizar la seguridad y movilidad de quienes transitan por las v\u00edas del departamento.<\/p>\n\n\n\n<p><strong>Recomendaciones para los conductores:<\/strong><br>\u2022 Transitar con precauci\u00f3n, especialmente en zonas de ladera o donde persistan lluvias.<br>\u2022 Acatar las indicaciones del personal en v\u00eda.<br>\u2022 Evitar circular durante la noche.<\/p>\n\n\n\n<p>La Gobernaci\u00f3n de Caldas contin\u00faa comprometida con la atenci\u00f3n oportuna de emergencias viales y con la seguridad de todos los usuarios.<\/p>\n","protected":false},"excerpt":{"rendered":"<p>Reporte de estado de v\u00edas en Caldas \u2013 domingo 20 de abril de 2025 La Secretar\u00eda de Infraestructura informa que, debido al incremento de las lluvias, de las \u00faltimas horas, se han presentado afectaciones en varias v\u00edas de la red vial departamental. A continuaci\u00f3n, se detalla el estado actual y las acciones en curso:\u2022 Neira [&hellip;]<\/p>\n","protected":false},"author":1,"featured_media":5093,"comment_status":"open","ping_status":"open","sticky":false,"template":"","format":"standard","meta":{"om_disable_all_campaigns":false,"_monsterinsights_skip_tracking":false,"_monsterinsights_sitenote_active":false,"_monsterinsights_sitenote_note":"","_monsterinsights_sitenote_category":0,"_uf_show_specific_survey":0,"_uf_disable_surveys":false,"footnotes":""},"categories":[24,46,41,43,49],"tags":[],"class_list":["post-5094","post","type-post","status-publish","format-standard","has-post-thumbnail","hentry","category-caldas","category-centro-sur","category-movilidad","category-norte","category-vias"],"aioseo_notices":[],"blog_post_layout_featured_media_urls":{"thumbnail":["https:\/\/vocesdelaregion.com\/wp-content\/uploads\/2025\/04\/IMG-20250420-WA0009-150x150.jpg",150,150,true],"full":["https:\/\/vocesdelaregion.com\/wp-content\/uploads\/2025\/04\/IMG-20250420-WA0009.jpg",1280,719,false]},"categories_names":{"24":{"name":"Caldas","link":"https:\/\/vocesdelaregion.com\/index.php\/category\/caldas\/"},"46":{"name":"Centro sur","link":"https:\/\/vocesdelaregion.com\/index.php\/category\/caldas\/centro-sur\/"},"41":{"name":"Movilidad","link":"https:\/\/vocesdelaregion.com\/index.php\/category\/movilidad\/"},"43":{"name":"Norte","link":"https:\/\/vocesdelaregion.com\/index.php\/category\/caldas\/norte\/"},"49":{"name":"V\u00edas","link":"https:\/\/vocesdelaregion.com\/index.php\/category\/movilidad\/vias\/"}},"tags_names":[],"comments_number":"0","wpmagazine_modules_lite_featured_media_urls":{"thumbnail":["https:\/\/vocesdelaregion.com\/wp-content\/uploads\/2025\/04\/IMG-20250420-WA0009-150x150.jpg",150,150,true],"cvmm-medium":["https:\/\/vocesdelaregion.com\/wp-content\/uploads\/2025\/04\/IMG-20250420-WA0009-300x300.jpg",300,300,true],"cvmm-medium-plus":["https:\/\/vocesdelaregion.com\/wp-content\/uploads\/2025\/04\/IMG-20250420-WA0009-305x207.jpg",305,207,true],"cvmm-portrait":["https:\/\/vocesdelaregion.com\/wp-content\/uploads\/2025\/04\/IMG-20250420-WA0009-400x600.jpg",400,600,true],"cvmm-medium-square":["https:\/\/vocesdelaregion.com\/wp-content\/uploads\/2025\/04\/IMG-20250420-WA0009-600x600.jpg",600,600,true],"cvmm-large":["https:\/\/vocesdelaregion.com\/wp-content\/uploads\/2025\/04\/IMG-20250420-WA0009-1024x719.jpg",1024,719,true],"cvmm-small":["https:\/\/vocesdelaregion.com\/wp-content\/uploads\/2025\/04\/IMG-20250420-WA0009-130x95.jpg",130,95,true],"full":["https:\/\/vocesdelaregion.com\/wp-content\/uploads\/2025\/04\/IMG-20250420-WA0009.jpg",1280,719,false]},"_links":{"self":[{"href":"https:\/\/vocesdelaregion.com\/index.php\/wp-json\/wp\/v2\/posts\/5094","targetHints":{"allow":["GET"]}}],"collection":[{"href":"https:\/\/vocesdelaregion.com\/index.php\/wp-json\/wp\/v2\/posts"}],"about":[{"href":"https:\/\/vocesdelaregion.com\/index.php\/wp-json\/wp\/v2\/types\/post"}],"author":[{"embeddable":true,"href":"https:\/\/vocesdelaregion.com\/index.php\/wp-json\/wp\/v2\/users\/1"}],"replies":[{"embeddable":true,"href":"https:\/\/vocesdelaregion.com\/index.php\/wp-json\/wp\/v2\/comments?post=5094"}],"version-history":[{"count":1,"href":"https:\/\/vocesdelaregion.com\/index.php\/wp-json\/wp\/v2\/posts\/5094\/revisions"}],"predecessor-version":[{"id":5095,"href":"https:\/\/vocesdelaregion.com\/index.php\/wp-json\/wp\/v2\/posts\/5094\/revisions\/5095"}],"wp:featuredmedia":[{"embeddable":true,"href":"https:\/\/vocesdelaregion.com\/index.php\/wp-json\/wp\/v2\/media\/5093"}],"wp:attachment":[{"href":"https:\/\/vocesdelaregion.com\/index.php\/wp-json\/wp\/v2\/media?parent=5094"}],"wp:term":[{"taxonomy":"category","embeddable":true,"href":"https:\/\/vocesdelaregion.com\/index.php\/wp-json\/wp\/v2\/categories?post=5094"},{"taxonomy":"post_tag","embeddable":true,"href":"https:\/\/vocesdelaregion.com\/index.php\/wp-json\/wp\/v2\/tags?post=5094"}],"curies":[{"name":"wp","href":"https:\/\/api.w.org\/{rel}","templated":true}]}}