{"id":5061,"date":"2025-04-18T23:21:36","date_gmt":"2025-04-19T04:21:36","guid":{"rendered":"https:\/\/vocesdelaregion.com\/?p=5061"},"modified":"2025-04-18T23:24:15","modified_gmt":"2025-04-19T04:24:15","slug":"reporte-oficial-sobre-las-dos-personas-ahogadas-en-el-rio-manso","status":"publish","type":"post","link":"https:\/\/vocesdelaregion.com\/index.php\/2025\/04\/18\/reporte-oficial-sobre-las-dos-personas-ahogadas-en-el-rio-manso\/","title":{"rendered":"Reporte oficial sobre las dos personas ahogadas en el r\u00edo Manso"},"content":{"rendered":"\n<p>Dado a los recientes reportes de dos personas fallecidas por accidentes de inmersi\u00f3n en aguas del R\u00edo Manso (sector de Trasvase, jurisdicci\u00f3n de Berl\u00edn, Saman\u00e1), desde la Jefatura de Gesti\u00f3n del Riesgo de la Gobernaci\u00f3n de Caldas y el Cuerpo de Bomberos Voluntarios de Norcasia se hace un llamado urgente a la prudencia y responsabilidad de la comunidad.<\/p>\n\n\n\n<p>\u201c<em>Es fundamental tener mucha precauci\u00f3n al momento de compartir en familia en los cauces de estos r\u00edos. Preferiblemente, hacerlo con el acompa\u00f1amiento de agencias y gu\u00edas certificados, para garantizar la seguridad durante cualquier actividad tur\u00edstica<\/em>\u201d, indic\u00f3 Hernando Rojas Mar\u00edn, comandante y representante legal del Cuerpo de Bomberos Voluntarios de Norcasia.<\/p>\n\n\n\n<figure class=\"wp-block-audio\"><audio controls src=\"https:\/\/vocesdelaregion.com\/wp-content\/uploads\/2025\/04\/AUD-20250418-WA0160-online-audio-converter.com-1.mp3\"><\/audio><\/figure>\n\n\n\n<p>La Gobernaci\u00f3n de Caldas reitera su compromiso con la protecci\u00f3n de la vida y la seguridad de todos los ciudadanos, e invita a la comunidad a actuar con responsabilidad, acatando las recomendaciones de las autoridades y priorizando siempre la prevenci\u00f3n.<\/p>\n\n\n\n<figure class=\"wp-block-gallery has-nested-images columns-default is-cropped wp-block-gallery-1 is-layout-flex wp-block-gallery-is-layout-flex\">\n<figure class=\"wp-block-image size-large\"><img fetchpriority=\"high\" decoding=\"async\" width=\"1024\" height=\"1024\" data-id=\"5050\" src=\"https:\/\/vocesdelaregion.com\/wp-content\/uploads\/2025\/04\/Red-and-Black-Simple-Breaking-News-Instagram-Post_20250418_225518_0000-1024x1024.png\" alt=\"\" class=\"wp-image-5050\" srcset=\"https:\/\/vocesdelaregion.com\/wp-content\/uploads\/2025\/04\/Red-and-Black-Simple-Breaking-News-Instagram-Post_20250418_225518_0000-1024x1024.png 1024w, https:\/\/vocesdelaregion.com\/wp-content\/uploads\/2025\/04\/Red-and-Black-Simple-Breaking-News-Instagram-Post_20250418_225518_0000-300x300.png 300w, https:\/\/vocesdelaregion.com\/wp-content\/uploads\/2025\/04\/Red-and-Black-Simple-Breaking-News-Instagram-Post_20250418_225518_0000-150x150.png 150w, https:\/\/vocesdelaregion.com\/wp-content\/uploads\/2025\/04\/Red-and-Black-Simple-Breaking-News-Instagram-Post_20250418_225518_0000-768x768.png 768w, https:\/\/vocesdelaregion.com\/wp-content\/uploads\/2025\/04\/Red-and-Black-Simple-Breaking-News-Instagram-Post_20250418_225518_0000-600x600.png 600w, https:\/\/vocesdelaregion.com\/wp-content\/uploads\/2025\/04\/Red-and-Black-Simple-Breaking-News-Instagram-Post_20250418_225518_0000-100x100.png 100w, https:\/\/vocesdelaregion.com\/wp-content\/uploads\/2025\/04\/Red-and-Black-Simple-Breaking-News-Instagram-Post_20250418_225518_0000.png 1080w\" sizes=\"(max-width: 1024px) 100vw, 1024px\" \/><\/figure>\n\n\n\n<figure class=\"wp-block-image size-large\"><img decoding=\"async\" width=\"1024\" height=\"1024\" data-id=\"5047\" src=\"https:\/\/vocesdelaregion.com\/wp-content\/uploads\/2025\/04\/Red-and-Black-Simple-Breaking-News-Instagram-Post_20250418_222528_0000-1024x1024.png\" alt=\"\" class=\"wp-image-5047\" srcset=\"https:\/\/vocesdelaregion.com\/wp-content\/uploads\/2025\/04\/Red-and-Black-Simple-Breaking-News-Instagram-Post_20250418_222528_0000-1024x1024.png 1024w, https:\/\/vocesdelaregion.com\/wp-content\/uploads\/2025\/04\/Red-and-Black-Simple-Breaking-News-Instagram-Post_20250418_222528_0000-300x300.png 300w, https:\/\/vocesdelaregion.com\/wp-content\/uploads\/2025\/04\/Red-and-Black-Simple-Breaking-News-Instagram-Post_20250418_222528_0000-150x150.png 150w, https:\/\/vocesdelaregion.com\/wp-content\/uploads\/2025\/04\/Red-and-Black-Simple-Breaking-News-Instagram-Post_20250418_222528_0000-768x768.png 768w, https:\/\/vocesdelaregion.com\/wp-content\/uploads\/2025\/04\/Red-and-Black-Simple-Breaking-News-Instagram-Post_20250418_222528_0000-600x600.png 600w, https:\/\/vocesdelaregion.com\/wp-content\/uploads\/2025\/04\/Red-and-Black-Simple-Breaking-News-Instagram-Post_20250418_222528_0000-100x100.png 100w, https:\/\/vocesdelaregion.com\/wp-content\/uploads\/2025\/04\/Red-and-Black-Simple-Breaking-News-Instagram-Post_20250418_222528_0000.png 1080w\" sizes=\"(max-width: 1024px) 100vw, 1024px\" \/><\/figure>\n<\/figure>\n\n\n\n<figure class=\"wp-block-image size-large\"><img decoding=\"async\" width=\"1024\" height=\"767\" src=\"https:\/\/vocesdelaregion.com\/wp-content\/uploads\/2025\/04\/20250418_2316458194118371033675430-1024x767.jpg\" alt=\"\" class=\"wp-image-5058\" srcset=\"https:\/\/vocesdelaregion.com\/wp-content\/uploads\/2025\/04\/20250418_2316458194118371033675430-1024x767.jpg 1024w, https:\/\/vocesdelaregion.com\/wp-content\/uploads\/2025\/04\/20250418_2316458194118371033675430-300x225.jpg 300w, https:\/\/vocesdelaregion.com\/wp-content\/uploads\/2025\/04\/20250418_2316458194118371033675430-768x575.jpg 768w, https:\/\/vocesdelaregion.com\/wp-content\/uploads\/2025\/04\/20250418_2316458194118371033675430-136x102.jpg 136w, https:\/\/vocesdelaregion.com\/wp-content\/uploads\/2025\/04\/20250418_2316458194118371033675430-600x450.jpg 600w, https:\/\/vocesdelaregion.com\/wp-content\/uploads\/2025\/04\/20250418_2316458194118371033675430.jpg 1200w\" sizes=\"(max-width: 1024px) 100vw, 1024px\" \/><\/figure>\n\n\n\n<p>Por su parte, el Gobernador de Caldas expres\u00f3:<\/p>\n\n\n\n<p>&#8220;<em>Lamentamos profundamente los tr\u00e1gicos hechos ocurridos en el sector Trasvase del R\u00edo Manso, jurisdicci\u00f3n de Berl\u00edn, Saman\u00e1. En en estos \u00faltimos dos d\u00edas, dos personas perdieron la vida en este mismo punto: un ciudadano de Bogot\u00e1 y una joven residente en La Dorada.<\/em><br><br><em>Ambos ingresaron al r\u00edo sin el acompa\u00f1amiento de operadores tur\u00edsticos autorizados. A\u00fan se investigan las circunstancias, pero reiteramos un llamado urgente a la prudencia: no visiten esta zona sin gu\u00edas certificados, quienes conocen el territorio y operan con protocolos de seguridad.<\/em><br><br><em>Agradezco al alcalde de Norcasia, al hospital local y a los organismos de socorro por su esfuerzo y r\u00e1pida atenci\u00f3n. Nos duele profundamente lo ocurrido y acompa\u00f1amos con solidaridad a las familias afectadas<\/em>.&#8221;<\/p>\n\n\n\n<figure class=\"wp-block-image\"><img loading=\"lazy\" decoding=\"async\" width=\"1024\" height=\"767\" src=\"https:\/\/vocesdelaregion.com\/wp-content\/uploads\/2025\/04\/img-20250418-wa01595864817302123408742-1024x767.jpg\" alt=\"\" class=\"wp-image-5059\" srcset=\"https:\/\/vocesdelaregion.com\/wp-content\/uploads\/2025\/04\/img-20250418-wa01595864817302123408742-1024x767.jpg 1024w, https:\/\/vocesdelaregion.com\/wp-content\/uploads\/2025\/04\/img-20250418-wa01595864817302123408742-300x225.jpg 300w, https:\/\/vocesdelaregion.com\/wp-content\/uploads\/2025\/04\/img-20250418-wa01595864817302123408742-768x575.jpg 768w, https:\/\/vocesdelaregion.com\/wp-content\/uploads\/2025\/04\/img-20250418-wa01595864817302123408742-136x102.jpg 136w, https:\/\/vocesdelaregion.com\/wp-content\/uploads\/2025\/04\/img-20250418-wa01595864817302123408742-600x450.jpg 600w, https:\/\/vocesdelaregion.com\/wp-content\/uploads\/2025\/04\/img-20250418-wa01595864817302123408742.jpg 1440w\" sizes=\"(max-width: 1024px) 100vw, 1024px\" \/><\/figure>\n","protected":false},"excerpt":{"rendered":"<p>Dado a los recientes reportes de dos personas fallecidas por accidentes de inmersi\u00f3n en aguas del R\u00edo Manso (sector de Trasvase, jurisdicci\u00f3n de Berl\u00edn, Saman\u00e1), desde la Jefatura de Gesti\u00f3n del Riesgo de la Gobernaci\u00f3n de Caldas y el Cuerpo de Bomberos Voluntarios de Norcasia se hace un llamado urgente a la prudencia y responsabilidad [&hellip;]<\/p>\n","protected":false},"author":1,"featured_media":5060,"comment_status":"open","ping_status":"open","sticky":false,"template":"","format":"standard","meta":{"om_disable_all_campaigns":false,"_monsterinsights_skip_tracking":false,"_monsterinsights_sitenote_active":false,"_monsterinsights_sitenote_note":"","_monsterinsights_sitenote_category":0,"_uf_show_specific_survey":0,"_uf_disable_surveys":false,"footnotes":""},"categories":[61,357,356,45],"tags":[],"class_list":["post-5061","post","type-post","status-publish","format-standard","has-post-thumbnail","hentry","category-accidentes","category-gobernacion-de-caldas","category-gobernaciones","category-magdalena"],"aioseo_notices":[],"blog_post_layout_featured_media_urls":{"thumbnail":["https:\/\/vocesdelaregion.com\/wp-content\/uploads\/2025\/04\/20250418_231645-150x150.jpg",150,150,true],"full":["https:\/\/vocesdelaregion.com\/wp-content\/uploads\/2025\/04\/20250418_231645.jpg",1200,899,false]},"categories_names":{"61":{"name":"Accidentes","link":"https:\/\/vocesdelaregion.com\/index.php\/category\/accidentes\/"},"357":{"name":"Gobernaci\u00f3n de Caldas","link":"https:\/\/vocesdelaregion.com\/index.php\/category\/gobernaciones\/gobernacion-de-caldas\/"},"356":{"name":"Gobernaciones","link":"https:\/\/vocesdelaregion.com\/index.php\/category\/gobernaciones\/"},"45":{"name":"Magdalena","link":"https:\/\/vocesdelaregion.com\/index.php\/category\/caldas\/magdalena\/"}},"tags_names":[],"comments_number":"0","wpmagazine_modules_lite_featured_media_urls":{"thumbnail":["https:\/\/vocesdelaregion.com\/wp-content\/uploads\/2025\/04\/20250418_231645-150x150.jpg",150,150,true],"cvmm-medium":["https:\/\/vocesdelaregion.com\/wp-content\/uploads\/2025\/04\/20250418_231645-300x300.jpg",300,300,true],"cvmm-medium-plus":["https:\/\/vocesdelaregion.com\/wp-content\/uploads\/2025\/04\/20250418_231645-305x207.jpg",305,207,true],"cvmm-portrait":["https:\/\/vocesdelaregion.com\/wp-content\/uploads\/2025\/04\/20250418_231645-400x600.jpg",400,600,true],"cvmm-medium-square":["https:\/\/vocesdelaregion.com\/wp-content\/uploads\/2025\/04\/20250418_231645-600x600.jpg",600,600,true],"cvmm-large":["https:\/\/vocesdelaregion.com\/wp-content\/uploads\/2025\/04\/20250418_231645-1024x899.jpg",1024,899,true],"cvmm-small":["https:\/\/vocesdelaregion.com\/wp-content\/uploads\/2025\/04\/20250418_231645-130x95.jpg",130,95,true],"full":["https:\/\/vocesdelaregion.com\/wp-content\/uploads\/2025\/04\/20250418_231645.jpg",1200,899,false]},"_links":{"self":[{"href":"https:\/\/vocesdelaregion.com\/index.php\/wp-json\/wp\/v2\/posts\/5061","targetHints":{"allow":["GET"]}}],"collection":[{"href":"https:\/\/vocesdelaregion.com\/index.php\/wp-json\/wp\/v2\/posts"}],"about":[{"href":"https:\/\/vocesdelaregion.com\/index.php\/wp-json\/wp\/v2\/types\/post"}],"author":[{"embeddable":true,"href":"https:\/\/vocesdelaregion.com\/index.php\/wp-json\/wp\/v2\/users\/1"}],"replies":[{"embeddable":true,"href":"https:\/\/vocesdelaregion.com\/index.php\/wp-json\/wp\/v2\/comments?post=5061"}],"version-history":[{"count":2,"href":"https:\/\/vocesdelaregion.com\/index.php\/wp-json\/wp\/v2\/posts\/5061\/revisions"}],"predecessor-version":[{"id":5063,"href":"https:\/\/vocesdelaregion.com\/index.php\/wp-json\/wp\/v2\/posts\/5061\/revisions\/5063"}],"wp:featuredmedia":[{"embeddable":true,"href":"https:\/\/vocesdelaregion.com\/index.php\/wp-json\/wp\/v2\/media\/5060"}],"wp:attachment":[{"href":"https:\/\/vocesdelaregion.com\/index.php\/wp-json\/wp\/v2\/media?parent=5061"}],"wp:term":[{"taxonomy":"category","embeddable":true,"href":"https:\/\/vocesdelaregion.com\/index.php\/wp-json\/wp\/v2\/categories?post=5061"},{"taxonomy":"post_tag","embeddable":true,"href":"https:\/\/vocesdelaregion.com\/index.php\/wp-json\/wp\/v2\/tags?post=5061"}],"curies":[{"name":"wp","href":"https:\/\/api.w.org\/{rel}","templated":true}]}}