{"id":5048,"date":"2025-04-18T22:26:41","date_gmt":"2025-04-19T03:26:41","guid":{"rendered":"https:\/\/vocesdelaregion.com\/?p=5048"},"modified":"2025-04-19T13:42:26","modified_gmt":"2025-04-19T18:42:26","slug":"una-joven-se-ahogo-mientras-disfrutaba-de-un-paseo-de-rio","status":"publish","type":"post","link":"https:\/\/vocesdelaregion.com\/index.php\/2025\/04\/18\/una-joven-se-ahogo-mientras-disfrutaba-de-un-paseo-de-rio\/","title":{"rendered":"Una joven se ahog\u00f3 mientras disfrutaba de un paseo de r\u00edo"},"content":{"rendered":"\n<p>Lo que empez\u00f3 como un d\u00eda de paseo y descanso en medio de la naturaleza termin\u00f3 en tragedia. Mar\u00eda Camila Loaiza Cifuentes, una joven de 23 a\u00f1os, falleci\u00f3 este Viernes Santo tras ser arrastrada por las aguas del r\u00edo Manso, en la v\u00eda entre Norcasia y San Diego, en la regi\u00f3n Magdalena Caldense.<\/p>\n\n\n\n<p>La joven, descrita por quienes la conoc\u00edan como trabajadora, emprendedora y llena de vida, estaba disfrutando del agua en compa\u00f1\u00eda de varias personas.<\/p>\n\n\n\n<figure class=\"wp-block-image size-large\"><img fetchpriority=\"high\" decoding=\"async\" width=\"819\" height=\"1024\" src=\"https:\/\/vocesdelaregion.com\/wp-content\/uploads\/2025\/04\/fb_img_17450316988034014308784896646534-819x1024.jpg\" alt=\"\" class=\"wp-image-5046\" srcset=\"https:\/\/vocesdelaregion.com\/wp-content\/uploads\/2025\/04\/fb_img_17450316988034014308784896646534-819x1024.jpg 819w, https:\/\/vocesdelaregion.com\/wp-content\/uploads\/2025\/04\/fb_img_17450316988034014308784896646534-240x300.jpg 240w, https:\/\/vocesdelaregion.com\/wp-content\/uploads\/2025\/04\/fb_img_17450316988034014308784896646534-768x960.jpg 768w, https:\/\/vocesdelaregion.com\/wp-content\/uploads\/2025\/04\/fb_img_17450316988034014308784896646534-600x750.jpg 600w, https:\/\/vocesdelaregion.com\/wp-content\/uploads\/2025\/04\/fb_img_17450316988034014308784896646534.jpg 1080w\" sizes=\"(max-width: 819px) 100vw, 819px\" \/><figcaption class=\"wp-element-caption\">Mar\u00eda Camila Loaiza QEPD<\/figcaption><\/figure>\n\n\n\n<p> Seg\u00fan testigos, en un momento fue sorprendida por la corriente del r\u00edo. Las personas que estaban con ella intentaron rescatarla y tambi\u00e9n fueron arrastradas, pero lograron salir\u2026 lamentablemente, Mar\u00eda Camila no corri\u00f3 con la misma suerte.<\/p>\n\n\n\n<p>Fue llevada con urgencia al hospital de Norcasia, pero los m\u00e9dicos solo pudieron confirmar que ya no ten\u00eda signos vitales.<\/p>\n","protected":false},"excerpt":{"rendered":"<p>Lo que empez\u00f3 como un d\u00eda de paseo y descanso en medio de la naturaleza termin\u00f3 en tragedia. Mar\u00eda Camila Loaiza Cifuentes, una joven de 23 a\u00f1os, falleci\u00f3 este Viernes Santo tras ser arrastrada por las aguas del r\u00edo Manso, en la v\u00eda entre Norcasia y San Diego, en la regi\u00f3n Magdalena Caldense. La joven, [&hellip;]<\/p>\n","protected":false},"author":1,"featured_media":5047,"comment_status":"open","ping_status":"open","sticky":false,"template":"","format":"standard","meta":{"om_disable_all_campaigns":false,"_monsterinsights_skip_tracking":false,"_monsterinsights_sitenote_active":false,"_monsterinsights_sitenote_note":"","_monsterinsights_sitenote_category":0,"_uf_show_specific_survey":0,"_uf_disable_surveys":false,"footnotes":""},"categories":[61,24,25,359,45],"tags":[],"class_list":["post-5048","post","type-post","status-publish","format-standard","has-post-thumbnail","hentry","category-accidentes","category-caldas","category-judicial","category-judiciales-caldas","category-magdalena"],"aioseo_notices":[],"blog_post_layout_featured_media_urls":{"thumbnail":["https:\/\/vocesdelaregion.com\/wp-content\/uploads\/2025\/04\/Red-and-Black-Simple-Breaking-News-Instagram-Post_20250418_222528_0000-150x150.png",150,150,true],"full":["https:\/\/vocesdelaregion.com\/wp-content\/uploads\/2025\/04\/Red-and-Black-Simple-Breaking-News-Instagram-Post_20250418_222528_0000.png",1080,1080,false]},"categories_names":{"61":{"name":"Accidentes","link":"https:\/\/vocesdelaregion.com\/index.php\/category\/accidentes\/"},"24":{"name":"Caldas","link":"https:\/\/vocesdelaregion.com\/index.php\/category\/caldas\/"},"25":{"name":"Judicial","link":"https:\/\/vocesdelaregion.com\/index.php\/category\/judicial\/"},"359":{"name":"Judiciales Caldas","link":"https:\/\/vocesdelaregion.com\/index.php\/category\/judicial\/judiciales-caldas\/"},"45":{"name":"Magdalena","link":"https:\/\/vocesdelaregion.com\/index.php\/category\/caldas\/magdalena\/"}},"tags_names":[],"comments_number":"0","wpmagazine_modules_lite_featured_media_urls":{"thumbnail":["https:\/\/vocesdelaregion.com\/wp-content\/uploads\/2025\/04\/Red-and-Black-Simple-Breaking-News-Instagram-Post_20250418_222528_0000-150x150.png",150,150,true],"cvmm-medium":["https:\/\/vocesdelaregion.com\/wp-content\/uploads\/2025\/04\/Red-and-Black-Simple-Breaking-News-Instagram-Post_20250418_222528_0000-300x300.png",300,300,true],"cvmm-medium-plus":["https:\/\/vocesdelaregion.com\/wp-content\/uploads\/2025\/04\/Red-and-Black-Simple-Breaking-News-Instagram-Post_20250418_222528_0000-305x207.png",305,207,true],"cvmm-portrait":["https:\/\/vocesdelaregion.com\/wp-content\/uploads\/2025\/04\/Red-and-Black-Simple-Breaking-News-Instagram-Post_20250418_222528_0000-400x600.png",400,600,true],"cvmm-medium-square":["https:\/\/vocesdelaregion.com\/wp-content\/uploads\/2025\/04\/Red-and-Black-Simple-Breaking-News-Instagram-Post_20250418_222528_0000-600x600.png",600,600,true],"cvmm-large":["https:\/\/vocesdelaregion.com\/wp-content\/uploads\/2025\/04\/Red-and-Black-Simple-Breaking-News-Instagram-Post_20250418_222528_0000-1024x1024.png",1024,1024,true],"cvmm-small":["https:\/\/vocesdelaregion.com\/wp-content\/uploads\/2025\/04\/Red-and-Black-Simple-Breaking-News-Instagram-Post_20250418_222528_0000-130x95.png",130,95,true],"full":["https:\/\/vocesdelaregion.com\/wp-content\/uploads\/2025\/04\/Red-and-Black-Simple-Breaking-News-Instagram-Post_20250418_222528_0000.png",1080,1080,false]},"_links":{"self":[{"href":"https:\/\/vocesdelaregion.com\/index.php\/wp-json\/wp\/v2\/posts\/5048","targetHints":{"allow":["GET"]}}],"collection":[{"href":"https:\/\/vocesdelaregion.com\/index.php\/wp-json\/wp\/v2\/posts"}],"about":[{"href":"https:\/\/vocesdelaregion.com\/index.php\/wp-json\/wp\/v2\/types\/post"}],"author":[{"embeddable":true,"href":"https:\/\/vocesdelaregion.com\/index.php\/wp-json\/wp\/v2\/users\/1"}],"replies":[{"embeddable":true,"href":"https:\/\/vocesdelaregion.com\/index.php\/wp-json\/wp\/v2\/comments?post=5048"}],"version-history":[{"count":2,"href":"https:\/\/vocesdelaregion.com\/index.php\/wp-json\/wp\/v2\/posts\/5048\/revisions"}],"predecessor-version":[{"id":5072,"href":"https:\/\/vocesdelaregion.com\/index.php\/wp-json\/wp\/v2\/posts\/5048\/revisions\/5072"}],"wp:featuredmedia":[{"embeddable":true,"href":"https:\/\/vocesdelaregion.com\/index.php\/wp-json\/wp\/v2\/media\/5047"}],"wp:attachment":[{"href":"https:\/\/vocesdelaregion.com\/index.php\/wp-json\/wp\/v2\/media?parent=5048"}],"wp:term":[{"taxonomy":"category","embeddable":true,"href":"https:\/\/vocesdelaregion.com\/index.php\/wp-json\/wp\/v2\/categories?post=5048"},{"taxonomy":"post_tag","embeddable":true,"href":"https:\/\/vocesdelaregion.com\/index.php\/wp-json\/wp\/v2\/tags?post=5048"}],"curies":[{"name":"wp","href":"https:\/\/api.w.org\/{rel}","templated":true}]}}