{"id":4994,"date":"2025-04-15T13:45:53","date_gmt":"2025-04-15T18:45:53","guid":{"rendered":"https:\/\/vocesdelaregion.com\/?p=4994"},"modified":"2025-04-15T13:45:56","modified_gmt":"2025-04-15T18:45:56","slug":"motoclista-fallecio-en-accidente-de-transito","status":"publish","type":"post","link":"https:\/\/vocesdelaregion.com\/index.php\/2025\/04\/15\/motoclista-fallecio-en-accidente-de-transito\/","title":{"rendered":"Motoclista falleci\u00f3 en accidente de tr\u00e1nsito"},"content":{"rendered":"\n<p>Hace instantes se registr\u00f3 un fatal accidente de tr\u00e1nsito en la v\u00eda principal del barrio Bengala de Manizales.<\/p>\n\n\n\n<p>Un motociclista falleci\u00f3 tr\u00e1gicamente al quedar bajo las llantas de un Cosmob\u00fas.<\/p>\n\n\n\n<p>Unidades del Grupo Especial de Rescate &#8211; GER llegaron al lugar para auxiliar al hombre, pero lamentablemente ya no hab\u00eda por hacer, no ten\u00eda signos vitales.<\/p>\n\n\n\n<p>Al lugar se dirigen las autoridades judicales para realizar las labores t\u00e9cnicas delevantamiento a cad\u00e1ver e identificar a la v\u00edctima<\/p>\n\n\n\n<p>Noticia en desarrollo&#8230;<\/p>\n\n\n\n<figure class=\"wp-block-image size-large\"><img fetchpriority=\"high\" decoding=\"async\" width=\"472\" height=\"1024\" src=\"https:\/\/vocesdelaregion.com\/wp-content\/uploads\/2025\/04\/WhatsApp-Image-2025-04-15-at-1.28.06-PM-472x1024.jpeg\" alt=\"\" class=\"wp-image-4995\" srcset=\"https:\/\/vocesdelaregion.com\/wp-content\/uploads\/2025\/04\/WhatsApp-Image-2025-04-15-at-1.28.06-PM-472x1024.jpeg 472w, https:\/\/vocesdelaregion.com\/wp-content\/uploads\/2025\/04\/WhatsApp-Image-2025-04-15-at-1.28.06-PM-138x300.jpeg 138w, https:\/\/vocesdelaregion.com\/wp-content\/uploads\/2025\/04\/WhatsApp-Image-2025-04-15-at-1.28.06-PM.jpeg 590w\" sizes=\"(max-width: 472px) 100vw, 472px\" \/><\/figure>\n","protected":false},"excerpt":{"rendered":"<p>Hace instantes se registr\u00f3 un fatal accidente de tr\u00e1nsito en la v\u00eda principal del barrio Bengala de Manizales. Un motociclista falleci\u00f3 tr\u00e1gicamente al quedar bajo las llantas de un Cosmob\u00fas. Unidades del Grupo Especial de Rescate &#8211; GER llegaron al lugar para auxiliar al hombre, pero lamentablemente ya no hab\u00eda por hacer, no ten\u00eda signos [&hellip;]<\/p>\n","protected":false},"author":1,"featured_media":4996,"comment_status":"open","ping_status":"open","sticky":false,"template":"","format":"standard","meta":{"om_disable_all_campaigns":false,"_monsterinsights_skip_tracking":false,"_monsterinsights_sitenote_active":false,"_monsterinsights_sitenote_note":"","_monsterinsights_sitenote_category":0,"_uf_show_specific_survey":0,"_uf_disable_surveys":false,"footnotes":""},"categories":[48,41],"tags":[],"class_list":["post-4994","post","type-post","status-publish","format-standard","has-post-thumbnail","hentry","category-accidentes-de-transito","category-movilidad"],"aioseo_notices":[],"blog_post_layout_featured_media_urls":{"thumbnail":["https:\/\/vocesdelaregion.com\/wp-content\/uploads\/2025\/04\/WhatsApp-Image-2025-04-15-at-1.33.03-PM-150x150.jpeg",150,150,true],"full":["https:\/\/vocesdelaregion.com\/wp-content\/uploads\/2025\/04\/WhatsApp-Image-2025-04-15-at-1.33.03-PM-scaled.jpeg",2560,1920,false]},"categories_names":{"48":{"name":"Accidentes de tr\u00e1nsito","link":"https:\/\/vocesdelaregion.com\/index.php\/category\/movilidad\/accidentes-de-transito\/"},"41":{"name":"Movilidad","link":"https:\/\/vocesdelaregion.com\/index.php\/category\/movilidad\/"}},"tags_names":[],"comments_number":"0","wpmagazine_modules_lite_featured_media_urls":{"thumbnail":["https:\/\/vocesdelaregion.com\/wp-content\/uploads\/2025\/04\/WhatsApp-Image-2025-04-15-at-1.33.03-PM-150x150.jpeg",150,150,true],"cvmm-medium":["https:\/\/vocesdelaregion.com\/wp-content\/uploads\/2025\/04\/WhatsApp-Image-2025-04-15-at-1.33.03-PM-300x300.jpeg",300,300,true],"cvmm-medium-plus":["https:\/\/vocesdelaregion.com\/wp-content\/uploads\/2025\/04\/WhatsApp-Image-2025-04-15-at-1.33.03-PM-305x207.jpeg",305,207,true],"cvmm-portrait":["https:\/\/vocesdelaregion.com\/wp-content\/uploads\/2025\/04\/WhatsApp-Image-2025-04-15-at-1.33.03-PM-400x600.jpeg",400,600,true],"cvmm-medium-square":["https:\/\/vocesdelaregion.com\/wp-content\/uploads\/2025\/04\/WhatsApp-Image-2025-04-15-at-1.33.03-PM-600x600.jpeg",600,600,true],"cvmm-large":["https:\/\/vocesdelaregion.com\/wp-content\/uploads\/2025\/04\/WhatsApp-Image-2025-04-15-at-1.33.03-PM-1024x1024.jpeg",1024,1024,true],"cvmm-small":["https:\/\/vocesdelaregion.com\/wp-content\/uploads\/2025\/04\/WhatsApp-Image-2025-04-15-at-1.33.03-PM-130x95.jpeg",130,95,true],"full":["https:\/\/vocesdelaregion.com\/wp-content\/uploads\/2025\/04\/WhatsApp-Image-2025-04-15-at-1.33.03-PM-scaled.jpeg",2560,1920,false]},"_links":{"self":[{"href":"https:\/\/vocesdelaregion.com\/index.php\/wp-json\/wp\/v2\/posts\/4994","targetHints":{"allow":["GET"]}}],"collection":[{"href":"https:\/\/vocesdelaregion.com\/index.php\/wp-json\/wp\/v2\/posts"}],"about":[{"href":"https:\/\/vocesdelaregion.com\/index.php\/wp-json\/wp\/v2\/types\/post"}],"author":[{"embeddable":true,"href":"https:\/\/vocesdelaregion.com\/index.php\/wp-json\/wp\/v2\/users\/1"}],"replies":[{"embeddable":true,"href":"https:\/\/vocesdelaregion.com\/index.php\/wp-json\/wp\/v2\/comments?post=4994"}],"version-history":[{"count":2,"href":"https:\/\/vocesdelaregion.com\/index.php\/wp-json\/wp\/v2\/posts\/4994\/revisions"}],"predecessor-version":[{"id":4998,"href":"https:\/\/vocesdelaregion.com\/index.php\/wp-json\/wp\/v2\/posts\/4994\/revisions\/4998"}],"wp:featuredmedia":[{"embeddable":true,"href":"https:\/\/vocesdelaregion.com\/index.php\/wp-json\/wp\/v2\/media\/4996"}],"wp:attachment":[{"href":"https:\/\/vocesdelaregion.com\/index.php\/wp-json\/wp\/v2\/media?parent=4994"}],"wp:term":[{"taxonomy":"category","embeddable":true,"href":"https:\/\/vocesdelaregion.com\/index.php\/wp-json\/wp\/v2\/categories?post=4994"},{"taxonomy":"post_tag","embeddable":true,"href":"https:\/\/vocesdelaregion.com\/index.php\/wp-json\/wp\/v2\/tags?post=4994"}],"curies":[{"name":"wp","href":"https:\/\/api.w.org\/{rel}","templated":true}]}}