{"id":4974,"date":"2025-04-14T16:23:27","date_gmt":"2025-04-14T21:23:27","guid":{"rendered":"https:\/\/vocesdelaregion.com\/?p=4974"},"modified":"2025-04-14T16:24:20","modified_gmt":"2025-04-14T21:24:20","slug":"que-susto-se-desplomo-un-arbol-del-parque-principal","status":"publish","type":"post","link":"https:\/\/vocesdelaregion.com\/index.php\/2025\/04\/14\/que-susto-se-desplomo-un-arbol-del-parque-principal\/","title":{"rendered":"Qu\u00e9 susto! Se desplom\u00f3 un \u00e1rbol del parque principal."},"content":{"rendered":"\n<p>Sobre el mediod\u00eda de este lunes 14 de abril, transe\u00fantes y quienes estaban en inmediaciones del parque principal del municipio de Aguadas, norte de Caldas se llevaron un gran susto cuando escucharon el estruendo de un \u00e1rbol que cay\u00f3 en plena plaza principal.<\/p>\n\n\n\n<p>Por fortuna, ninguna persona result\u00f3 afectada.<\/p>\n\n\n\n<figure class=\"wp-block-video\"><video height=\"544\" style=\"aspect-ratio: 480 \/ 544;\" width=\"480\" controls src=\"https:\/\/vocesdelaregion.com\/wp-content\/uploads\/2025\/04\/AQMKO20JX-POSQsYLvRzI3zUof9PtCDsAwNZY3dZI8davYa72qpempX49Us0AKETHNbqjAq07wTe0zUqhQhEbyIA.mp4\"><\/video><figcaption class=\"wp-element-caption\">Ca\u00edda de \u00e1rbol en el parque de Aguadas<\/figcaption><\/figure>\n\n\n\n<p>Al parecer, las lluvias de los \u00faltimos d\u00edas lo debilitaron y provocaron el colapso, sin embargo, las autoridades est\u00e1n investigando las causas.<\/p>\n\n\n\n<figure class=\"wp-block-gallery has-nested-images columns-default is-cropped wp-block-gallery-1 is-layout-flex wp-block-gallery-is-layout-flex\">\n<figure class=\"wp-block-image size-large\"><img fetchpriority=\"high\" decoding=\"async\" width=\"768\" height=\"1024\" data-id=\"4971\" src=\"https:\/\/vocesdelaregion.com\/wp-content\/uploads\/2025\/04\/fb_img_17446634801826188349235582212156-768x1024.jpg\" alt=\"\" class=\"wp-image-4971\" srcset=\"https:\/\/vocesdelaregion.com\/wp-content\/uploads\/2025\/04\/fb_img_17446634801826188349235582212156-768x1024.jpg 768w, https:\/\/vocesdelaregion.com\/wp-content\/uploads\/2025\/04\/fb_img_17446634801826188349235582212156-225x300.jpg 225w, https:\/\/vocesdelaregion.com\/wp-content\/uploads\/2025\/04\/fb_img_17446634801826188349235582212156-600x800.jpg 600w, https:\/\/vocesdelaregion.com\/wp-content\/uploads\/2025\/04\/fb_img_17446634801826188349235582212156.jpg 1080w\" sizes=\"(max-width: 768px) 100vw, 768px\" \/><\/figure>\n\n\n\n<figure class=\"wp-block-image size-large\"><img decoding=\"async\" width=\"1024\" height=\"576\" data-id=\"4968\" src=\"https:\/\/vocesdelaregion.com\/wp-content\/uploads\/2025\/04\/fb_img_17446634908884508388100711607252-1024x576.jpg\" alt=\"\" class=\"wp-image-4968\" srcset=\"https:\/\/vocesdelaregion.com\/wp-content\/uploads\/2025\/04\/fb_img_17446634908884508388100711607252-1024x576.jpg 1024w, https:\/\/vocesdelaregion.com\/wp-content\/uploads\/2025\/04\/fb_img_17446634908884508388100711607252-300x169.jpg 300w, https:\/\/vocesdelaregion.com\/wp-content\/uploads\/2025\/04\/fb_img_17446634908884508388100711607252-768x432.jpg 768w, https:\/\/vocesdelaregion.com\/wp-content\/uploads\/2025\/04\/fb_img_17446634908884508388100711607252-600x338.jpg 600w, https:\/\/vocesdelaregion.com\/wp-content\/uploads\/2025\/04\/fb_img_17446634908884508388100711607252.jpg 1080w\" sizes=\"(max-width: 1024px) 100vw, 1024px\" \/><\/figure>\n\n\n\n<figure class=\"wp-block-image size-large\"><img decoding=\"async\" width=\"960\" height=\"723\" data-id=\"4969\" src=\"https:\/\/vocesdelaregion.com\/wp-content\/uploads\/2025\/04\/fb_img_1744665617187289268202439979548.jpg\" alt=\"\" class=\"wp-image-4969\" srcset=\"https:\/\/vocesdelaregion.com\/wp-content\/uploads\/2025\/04\/fb_img_1744665617187289268202439979548.jpg 960w, https:\/\/vocesdelaregion.com\/wp-content\/uploads\/2025\/04\/fb_img_1744665617187289268202439979548-300x226.jpg 300w, https:\/\/vocesdelaregion.com\/wp-content\/uploads\/2025\/04\/fb_img_1744665617187289268202439979548-768x578.jpg 768w, https:\/\/vocesdelaregion.com\/wp-content\/uploads\/2025\/04\/fb_img_1744665617187289268202439979548-136x102.jpg 136w, https:\/\/vocesdelaregion.com\/wp-content\/uploads\/2025\/04\/fb_img_1744665617187289268202439979548-600x452.jpg 600w\" sizes=\"(max-width: 960px) 100vw, 960px\" \/><\/figure>\n\n\n\n<figure class=\"wp-block-image size-large\"><img loading=\"lazy\" decoding=\"async\" width=\"768\" height=\"1024\" data-id=\"4972\" src=\"https:\/\/vocesdelaregion.com\/wp-content\/uploads\/2025\/04\/fb_img_17446634876771442382747969463480-768x1024.jpg\" alt=\"\" class=\"wp-image-4972\" srcset=\"https:\/\/vocesdelaregion.com\/wp-content\/uploads\/2025\/04\/fb_img_17446634876771442382747969463480-768x1024.jpg 768w, https:\/\/vocesdelaregion.com\/wp-content\/uploads\/2025\/04\/fb_img_17446634876771442382747969463480-225x300.jpg 225w, https:\/\/vocesdelaregion.com\/wp-content\/uploads\/2025\/04\/fb_img_17446634876771442382747969463480-600x800.jpg 600w, https:\/\/vocesdelaregion.com\/wp-content\/uploads\/2025\/04\/fb_img_17446634876771442382747969463480.jpg 1080w\" sizes=\"(max-width: 768px) 100vw, 768px\" \/><\/figure>\n\n\n\n<figure class=\"wp-block-image size-large\"><img loading=\"lazy\" decoding=\"async\" width=\"785\" height=\"949\" data-id=\"4970\" src=\"https:\/\/vocesdelaregion.com\/wp-content\/uploads\/2025\/04\/fb_img_17446634773635872811156127027252.jpg\" alt=\"\" class=\"wp-image-4970\" srcset=\"https:\/\/vocesdelaregion.com\/wp-content\/uploads\/2025\/04\/fb_img_17446634773635872811156127027252.jpg 785w, https:\/\/vocesdelaregion.com\/wp-content\/uploads\/2025\/04\/fb_img_17446634773635872811156127027252-248x300.jpg 248w, https:\/\/vocesdelaregion.com\/wp-content\/uploads\/2025\/04\/fb_img_17446634773635872811156127027252-768x928.jpg 768w, https:\/\/vocesdelaregion.com\/wp-content\/uploads\/2025\/04\/fb_img_17446634773635872811156127027252-600x725.jpg 600w\" sizes=\"(max-width: 785px) 100vw, 785px\" \/><\/figure>\n<\/figure>\n","protected":false},"excerpt":{"rendered":"<p>Sobre el mediod\u00eda de este lunes 14 de abril, transe\u00fantes y quienes estaban en inmediaciones del parque principal del municipio de Aguadas, norte de Caldas se llevaron un gran susto cuando escucharon el estruendo de un \u00e1rbol que cay\u00f3 en plena plaza principal. Por fortuna, ninguna persona result\u00f3 afectada. Al parecer, las lluvias de los [&hellip;]<\/p>\n","protected":false},"author":1,"featured_media":4973,"comment_status":"open","ping_status":"open","sticky":false,"template":"","format":"standard","meta":{"om_disable_all_campaigns":false,"_monsterinsights_skip_tracking":false,"_monsterinsights_sitenote_active":false,"_monsterinsights_sitenote_note":"","_monsterinsights_sitenote_category":0,"_uf_show_specific_survey":0,"_uf_disable_surveys":false,"footnotes":""},"categories":[61,24,43],"tags":[],"class_list":["post-4974","post","type-post","status-publish","format-standard","has-post-thumbnail","hentry","category-accidentes","category-caldas","category-norte"],"aioseo_notices":[],"blog_post_layout_featured_media_urls":{"thumbnail":["https:\/\/vocesdelaregion.com\/wp-content\/uploads\/2025\/04\/FB_IMG_1744663482818-150x150.jpg",150,150,true],"full":["https:\/\/vocesdelaregion.com\/wp-content\/uploads\/2025\/04\/FB_IMG_1744663482818.jpg",1080,608,false]},"categories_names":{"61":{"name":"Accidentes","link":"https:\/\/vocesdelaregion.com\/index.php\/category\/accidentes\/"},"24":{"name":"Caldas","link":"https:\/\/vocesdelaregion.com\/index.php\/category\/caldas\/"},"43":{"name":"Norte","link":"https:\/\/vocesdelaregion.com\/index.php\/category\/caldas\/norte\/"}},"tags_names":[],"comments_number":"0","wpmagazine_modules_lite_featured_media_urls":{"thumbnail":["https:\/\/vocesdelaregion.com\/wp-content\/uploads\/2025\/04\/FB_IMG_1744663482818-150x150.jpg",150,150,true],"cvmm-medium":["https:\/\/vocesdelaregion.com\/wp-content\/uploads\/2025\/04\/FB_IMG_1744663482818-300x300.jpg",300,300,true],"cvmm-medium-plus":["https:\/\/vocesdelaregion.com\/wp-content\/uploads\/2025\/04\/FB_IMG_1744663482818-305x207.jpg",305,207,true],"cvmm-portrait":["https:\/\/vocesdelaregion.com\/wp-content\/uploads\/2025\/04\/FB_IMG_1744663482818-400x600.jpg",400,600,true],"cvmm-medium-square":["https:\/\/vocesdelaregion.com\/wp-content\/uploads\/2025\/04\/FB_IMG_1744663482818-600x600.jpg",600,600,true],"cvmm-large":["https:\/\/vocesdelaregion.com\/wp-content\/uploads\/2025\/04\/FB_IMG_1744663482818-1024x608.jpg",1024,608,true],"cvmm-small":["https:\/\/vocesdelaregion.com\/wp-content\/uploads\/2025\/04\/FB_IMG_1744663482818-130x95.jpg",130,95,true],"full":["https:\/\/vocesdelaregion.com\/wp-content\/uploads\/2025\/04\/FB_IMG_1744663482818.jpg",1080,608,false]},"_links":{"self":[{"href":"https:\/\/vocesdelaregion.com\/index.php\/wp-json\/wp\/v2\/posts\/4974","targetHints":{"allow":["GET"]}}],"collection":[{"href":"https:\/\/vocesdelaregion.com\/index.php\/wp-json\/wp\/v2\/posts"}],"about":[{"href":"https:\/\/vocesdelaregion.com\/index.php\/wp-json\/wp\/v2\/types\/post"}],"author":[{"embeddable":true,"href":"https:\/\/vocesdelaregion.com\/index.php\/wp-json\/wp\/v2\/users\/1"}],"replies":[{"embeddable":true,"href":"https:\/\/vocesdelaregion.com\/index.php\/wp-json\/wp\/v2\/comments?post=4974"}],"version-history":[{"count":1,"href":"https:\/\/vocesdelaregion.com\/index.php\/wp-json\/wp\/v2\/posts\/4974\/revisions"}],"predecessor-version":[{"id":4975,"href":"https:\/\/vocesdelaregion.com\/index.php\/wp-json\/wp\/v2\/posts\/4974\/revisions\/4975"}],"wp:featuredmedia":[{"embeddable":true,"href":"https:\/\/vocesdelaregion.com\/index.php\/wp-json\/wp\/v2\/media\/4973"}],"wp:attachment":[{"href":"https:\/\/vocesdelaregion.com\/index.php\/wp-json\/wp\/v2\/media?parent=4974"}],"wp:term":[{"taxonomy":"category","embeddable":true,"href":"https:\/\/vocesdelaregion.com\/index.php\/wp-json\/wp\/v2\/categories?post=4974"},{"taxonomy":"post_tag","embeddable":true,"href":"https:\/\/vocesdelaregion.com\/index.php\/wp-json\/wp\/v2\/tags?post=4974"}],"curies":[{"name":"wp","href":"https:\/\/api.w.org\/{rel}","templated":true}]}}