{"id":4958,"date":"2025-04-14T10:21:01","date_gmt":"2025-04-14T15:21:01","guid":{"rendered":"https:\/\/vocesdelaregion.com\/?p=4958"},"modified":"2025-04-14T11:33:28","modified_gmt":"2025-04-14T16:33:28","slug":"impresionante-peaton-arrollado-por-motocicleta","status":"publish","type":"post","link":"https:\/\/vocesdelaregion.com\/index.php\/2025\/04\/14\/impresionante-peaton-arrollado-por-motocicleta\/","title":{"rendered":"Impresionante! motociclista fallecido."},"content":{"rendered":"\n<p>En la v\u00eda entre el municipio de La Virginia y Cerritos, sector Hatoviejo se registra un fatal accidente de tr\u00e1nsito.<\/p>\n\n\n\n<p>Un hombre que se movilizaba en su motocicleta por esta v\u00eda r\u00e1pida choc\u00f3 violentamente vcontra un autom\u00f3vil, lanz\u00e1ndolo varios metros, cayendo fuertemente sobre el pavimento, ocasion\u00e1ndole graves lesiones que le provocan la muerte en el sitio<\/p>\n\n\n\n<p>Hay problemas del movilidad en el sector.<\/p>\n\n\n\n<p>Noticia en desarrollo&#8230;<\/p>\n\n\n\n<figure class=\"wp-block-video\"><video height=\"1080\" style=\"aspect-ratio: 1080 \/ 1080;\" width=\"1080\" controls src=\"https:\/\/vocesdelaregion.com\/wp-content\/uploads\/2025\/04\/Ultimo-momento-3.mp4\"><\/video><\/figure>\n\n\n\n<p><\/p>\n","protected":false},"excerpt":{"rendered":"<p>En la v\u00eda entre el municipio de La Virginia y Cerritos, sector Hatoviejo se registra un fatal accidente de tr\u00e1nsito. Un hombre que se movilizaba en su motocicleta por esta v\u00eda r\u00e1pida choc\u00f3 violentamente vcontra un autom\u00f3vil, lanz\u00e1ndolo varios metros, cayendo fuertemente sobre el pavimento, ocasion\u00e1ndole graves lesiones que le provocan la muerte en el [&hellip;]<\/p>\n","protected":false},"author":1,"featured_media":4959,"comment_status":"open","ping_status":"open","sticky":false,"template":"","format":"standard","meta":{"om_disable_all_campaigns":false,"_monsterinsights_skip_tracking":false,"_monsterinsights_sitenote_active":false,"_monsterinsights_sitenote_note":"","_monsterinsights_sitenote_category":0,"_uf_show_specific_survey":0,"_uf_disable_surveys":false,"footnotes":""},"categories":[48,41,49],"tags":[],"class_list":["post-4958","post","type-post","status-publish","format-standard","has-post-thumbnail","hentry","category-accidentes-de-transito","category-movilidad","category-vias"],"aioseo_notices":[],"blog_post_layout_featured_media_urls":{"thumbnail":["https:\/\/vocesdelaregion.com\/wp-content\/uploads\/2025\/04\/Accidnete-la-Virginia-150x150.jpg",150,150,true],"full":["https:\/\/vocesdelaregion.com\/wp-content\/uploads\/2025\/04\/Accidnete-la-Virginia.jpg",512,640,false]},"categories_names":{"48":{"name":"Accidentes de tr\u00e1nsito","link":"https:\/\/vocesdelaregion.com\/index.php\/category\/movilidad\/accidentes-de-transito\/"},"41":{"name":"Movilidad","link":"https:\/\/vocesdelaregion.com\/index.php\/category\/movilidad\/"},"49":{"name":"V\u00edas","link":"https:\/\/vocesdelaregion.com\/index.php\/category\/movilidad\/vias\/"}},"tags_names":[],"comments_number":"0","wpmagazine_modules_lite_featured_media_urls":{"thumbnail":["https:\/\/vocesdelaregion.com\/wp-content\/uploads\/2025\/04\/Accidnete-la-Virginia-150x150.jpg",150,150,true],"cvmm-medium":["https:\/\/vocesdelaregion.com\/wp-content\/uploads\/2025\/04\/Accidnete-la-Virginia-300x300.jpg",300,300,true],"cvmm-medium-plus":["https:\/\/vocesdelaregion.com\/wp-content\/uploads\/2025\/04\/Accidnete-la-Virginia-305x207.jpg",305,207,true],"cvmm-portrait":["https:\/\/vocesdelaregion.com\/wp-content\/uploads\/2025\/04\/Accidnete-la-Virginia-400x600.jpg",400,600,true],"cvmm-medium-square":["https:\/\/vocesdelaregion.com\/wp-content\/uploads\/2025\/04\/Accidnete-la-Virginia-512x600.jpg",512,600,true],"cvmm-large":["https:\/\/vocesdelaregion.com\/wp-content\/uploads\/2025\/04\/Accidnete-la-Virginia.jpg",512,640,false],"cvmm-small":["https:\/\/vocesdelaregion.com\/wp-content\/uploads\/2025\/04\/Accidnete-la-Virginia-130x95.jpg",130,95,true],"full":["https:\/\/vocesdelaregion.com\/wp-content\/uploads\/2025\/04\/Accidnete-la-Virginia.jpg",512,640,false]},"_links":{"self":[{"href":"https:\/\/vocesdelaregion.com\/index.php\/wp-json\/wp\/v2\/posts\/4958","targetHints":{"allow":["GET"]}}],"collection":[{"href":"https:\/\/vocesdelaregion.com\/index.php\/wp-json\/wp\/v2\/posts"}],"about":[{"href":"https:\/\/vocesdelaregion.com\/index.php\/wp-json\/wp\/v2\/types\/post"}],"author":[{"embeddable":true,"href":"https:\/\/vocesdelaregion.com\/index.php\/wp-json\/wp\/v2\/users\/1"}],"replies":[{"embeddable":true,"href":"https:\/\/vocesdelaregion.com\/index.php\/wp-json\/wp\/v2\/comments?post=4958"}],"version-history":[{"count":4,"href":"https:\/\/vocesdelaregion.com\/index.php\/wp-json\/wp\/v2\/posts\/4958\/revisions"}],"predecessor-version":[{"id":4966,"href":"https:\/\/vocesdelaregion.com\/index.php\/wp-json\/wp\/v2\/posts\/4958\/revisions\/4966"}],"wp:featuredmedia":[{"embeddable":true,"href":"https:\/\/vocesdelaregion.com\/index.php\/wp-json\/wp\/v2\/media\/4959"}],"wp:attachment":[{"href":"https:\/\/vocesdelaregion.com\/index.php\/wp-json\/wp\/v2\/media?parent=4958"}],"wp:term":[{"taxonomy":"category","embeddable":true,"href":"https:\/\/vocesdelaregion.com\/index.php\/wp-json\/wp\/v2\/categories?post=4958"},{"taxonomy":"post_tag","embeddable":true,"href":"https:\/\/vocesdelaregion.com\/index.php\/wp-json\/wp\/v2\/tags?post=4958"}],"curies":[{"name":"wp","href":"https:\/\/api.w.org\/{rel}","templated":true}]}}