{"id":4908,"date":"2025-04-08T20:07:15","date_gmt":"2025-04-09T01:07:15","guid":{"rendered":"https:\/\/vocesdelaregion.com\/?p=4908"},"modified":"2025-04-08T20:07:17","modified_gmt":"2025-04-09T01:07:17","slug":"alcalde-de-manizales-y-su-secretario-de-educacion-libres-de-arresto","status":"publish","type":"post","link":"https:\/\/vocesdelaregion.com\/index.php\/2025\/04\/08\/alcalde-de-manizales-y-su-secretario-de-educacion-libres-de-arresto\/","title":{"rendered":"\u00a1Alcalde de Manizales y su Secretario de Educaci\u00f3n libres de arresto!"},"content":{"rendered":"\n<p><em>Juez revoca sanci\u00f3n, pero ordena matricular a ni\u00f1o con discapacidad en 48 horas<\/em><\/p>\n\n\n\n<p><strong>\u00bfQu\u00e9 pas\u00f3?<\/strong><br>El&nbsp;<strong>Juzgado Segundo Civil de Manizales<\/strong>&nbsp;tumb\u00f3 la orden de arresto y multas contra el alcalde&nbsp;<strong>Jorge Eduardo Rojas<\/strong>&nbsp;y su Secretario de Educaci\u00f3n,&nbsp;<strong>Andr\u00e9s Felipe Betancourth<\/strong>, que otro juzgado les hab\u00eda impuesto por no garantizar el derecho a la educaci\u00f3n de un menor con discapacidad.<\/p>\n\n\n\n<p><strong>El detalle clave<\/strong>:<br>Aunque el alcalde y su equipo\u00a0<strong>no ir\u00e1n a la c\u00e1rcel<\/strong>, el juez les dio\u00a0<strong>48 horas<\/strong>\u00a0para matricular al ni\u00f1o en un colegio\u00a0<strong>inclusivo<\/strong>\u00a0(p\u00fablico o privado) y que pueda estudiar en 2025 sin m\u00e1s trabas.<\/p>\n\n\n\n<h3 class=\"wp-block-heading\"><strong>\u00bfY qu\u00e9 dice la Alcald\u00eda?<\/strong><\/h3>\n\n\n\n<p>La&nbsp;<strong>Secretar\u00eda de Educaci\u00f3n<\/strong>&nbsp;sali\u00f3 al quite con cifras:<\/p>\n\n\n\n<ul class=\"wp-block-list\">\n<li><strong>1.496 ni\u00f1os con discapacidad<\/strong>\u00a0est\u00e1n atendidos en colegios p\u00fablicos.<\/li>\n\n\n\n<li>Les dan\u00a0<strong>profes especializados<\/strong>\u00a0(en convenio con la U. de Manizales),\u00a0<strong>comida gratis<\/strong>\u00a0y\u00a0<strong>transporte<\/strong>.<\/li>\n<\/ul>\n\n\n\n<p><strong>Ofertas seg\u00fan el caso<\/strong>:<br>\u2714\u00a0<strong>Si el ni\u00f1o puede estudiar en colegio normal<\/strong>: lo incluyen con todos los apoyos.<br>\u2714\u00a0<strong>Si su discapacidad es m\u00e1s compleja<\/strong>: programas de habilidades para la vida (manejados por Salud o la Oficina de Discapacidad).<\/p>\n\n\n\n<figure class=\"wp-block-video\"><video controls src=\"https:\/\/centrodeinformacion.manizales.gov.co\/wp-content\/uploads\/2025\/04\/WhatsApp-Video-2025-04-08-at-16.14.13.mp4\"><\/video><\/figure>\n\n\n\n<p><strong>Pol\u00e9mica con las tutelas<\/strong>:<br>De\u00a0<strong>5 demandas<\/strong>\u00a0por educaci\u00f3n inclusiva,\u00a0<strong>4 las gan\u00f3 la Alcald\u00eda<\/strong>. La que perdi\u00f3 (que obligaba a meter al ni\u00f1o en un colegio\u00a0<em>privado<\/em>)\u00a0<strong>fue revertida<\/strong>: ahora podr\u00e1n elegir opci\u00f3n p\u00fablica o privada.<\/p>\n\n\n\n<p><strong>El mensaje final<\/strong>:<br><em>&#8220;No somos los malos&#8221;<\/em>, dice el gobierno local. Prometen que su \u00fanica pelea es que&nbsp;<strong>ning\u00fan ni\u00f1o con discapacidad se quede sin educaci\u00f3n<\/strong>, pero&nbsp;<strong>bajo sus reglas<\/strong>.<\/p>\n\n\n\n<p>\u00bfY el menor en el centro del l\u00edo?&nbsp;<strong>Tiene 2 d\u00edas para tener cupo asegurado<\/strong>.<\/p>\n\n\n\n<p><strong>Esto no acaba aqu\u00ed<\/strong>: Las familias y colectivos de discapacidad siguen en pie de lucha.<\/p>\n\n\n\n<p><\/p>\n","protected":false},"excerpt":{"rendered":"<p>Juez revoca sanci\u00f3n, pero ordena matricular a ni\u00f1o con discapacidad en 48 horas \u00bfQu\u00e9 pas\u00f3?El&nbsp;Juzgado Segundo Civil de Manizales&nbsp;tumb\u00f3 la orden de arresto y multas contra el alcalde&nbsp;Jorge Eduardo Rojas&nbsp;y su Secretario de Educaci\u00f3n,&nbsp;Andr\u00e9s Felipe Betancourth, que otro juzgado les hab\u00eda impuesto por no garantizar el derecho a la educaci\u00f3n de un menor con discapacidad. [&hellip;]<\/p>\n","protected":false},"author":1,"featured_media":4909,"comment_status":"open","ping_status":"open","sticky":false,"template":"","format":"standard","meta":{"om_disable_all_campaigns":false,"_monsterinsights_skip_tracking":false,"_monsterinsights_sitenote_active":false,"_monsterinsights_sitenote_note":"","_monsterinsights_sitenote_category":0,"_uf_show_specific_survey":0,"_uf_disable_surveys":false,"footnotes":""},"categories":[355,58,26],"tags":[],"class_list":["post-4908","post","type-post","status-publish","format-standard","has-post-thumbnail","hentry","category-alcaldia-de-manizales","category-alcaldias","category-manizales"],"aioseo_notices":[],"blog_post_layout_featured_media_urls":{"thumbnail":["https:\/\/vocesdelaregion.com\/wp-content\/uploads\/2025\/04\/Captura-de-pantalla-2025-04-08-195235-150x150.png",150,150,true],"full":["https:\/\/vocesdelaregion.com\/wp-content\/uploads\/2025\/04\/Captura-de-pantalla-2025-04-08-195235.png",509,664,false]},"categories_names":{"355":{"name":"Alcald\u00eda de Manizales","link":"https:\/\/vocesdelaregion.com\/index.php\/category\/alcaldias\/alcaldia-de-manizales\/"},"58":{"name":"Alcald\u00edas","link":"https:\/\/vocesdelaregion.com\/index.php\/category\/alcaldias\/"},"26":{"name":"Manizales","link":"https:\/\/vocesdelaregion.com\/index.php\/category\/manizales\/"}},"tags_names":[],"comments_number":"0","wpmagazine_modules_lite_featured_media_urls":{"thumbnail":["https:\/\/vocesdelaregion.com\/wp-content\/uploads\/2025\/04\/Captura-de-pantalla-2025-04-08-195235-150x150.png",150,150,true],"cvmm-medium":["https:\/\/vocesdelaregion.com\/wp-content\/uploads\/2025\/04\/Captura-de-pantalla-2025-04-08-195235-300x300.png",300,300,true],"cvmm-medium-plus":["https:\/\/vocesdelaregion.com\/wp-content\/uploads\/2025\/04\/Captura-de-pantalla-2025-04-08-195235-305x207.png",305,207,true],"cvmm-portrait":["https:\/\/vocesdelaregion.com\/wp-content\/uploads\/2025\/04\/Captura-de-pantalla-2025-04-08-195235-400x600.png",400,600,true],"cvmm-medium-square":["https:\/\/vocesdelaregion.com\/wp-content\/uploads\/2025\/04\/Captura-de-pantalla-2025-04-08-195235-509x600.png",509,600,true],"cvmm-large":["https:\/\/vocesdelaregion.com\/wp-content\/uploads\/2025\/04\/Captura-de-pantalla-2025-04-08-195235.png",509,664,false],"cvmm-small":["https:\/\/vocesdelaregion.com\/wp-content\/uploads\/2025\/04\/Captura-de-pantalla-2025-04-08-195235-130x95.png",130,95,true],"full":["https:\/\/vocesdelaregion.com\/wp-content\/uploads\/2025\/04\/Captura-de-pantalla-2025-04-08-195235.png",509,664,false]},"_links":{"self":[{"href":"https:\/\/vocesdelaregion.com\/index.php\/wp-json\/wp\/v2\/posts\/4908","targetHints":{"allow":["GET"]}}],"collection":[{"href":"https:\/\/vocesdelaregion.com\/index.php\/wp-json\/wp\/v2\/posts"}],"about":[{"href":"https:\/\/vocesdelaregion.com\/index.php\/wp-json\/wp\/v2\/types\/post"}],"author":[{"embeddable":true,"href":"https:\/\/vocesdelaregion.com\/index.php\/wp-json\/wp\/v2\/users\/1"}],"replies":[{"embeddable":true,"href":"https:\/\/vocesdelaregion.com\/index.php\/wp-json\/wp\/v2\/comments?post=4908"}],"version-history":[{"count":2,"href":"https:\/\/vocesdelaregion.com\/index.php\/wp-json\/wp\/v2\/posts\/4908\/revisions"}],"predecessor-version":[{"id":4911,"href":"https:\/\/vocesdelaregion.com\/index.php\/wp-json\/wp\/v2\/posts\/4908\/revisions\/4911"}],"wp:featuredmedia":[{"embeddable":true,"href":"https:\/\/vocesdelaregion.com\/index.php\/wp-json\/wp\/v2\/media\/4909"}],"wp:attachment":[{"href":"https:\/\/vocesdelaregion.com\/index.php\/wp-json\/wp\/v2\/media?parent=4908"}],"wp:term":[{"taxonomy":"category","embeddable":true,"href":"https:\/\/vocesdelaregion.com\/index.php\/wp-json\/wp\/v2\/categories?post=4908"},{"taxonomy":"post_tag","embeddable":true,"href":"https:\/\/vocesdelaregion.com\/index.php\/wp-json\/wp\/v2\/tags?post=4908"}],"curies":[{"name":"wp","href":"https:\/\/api.w.org\/{rel}","templated":true}]}}