{"id":4893,"date":"2025-04-08T07:26:00","date_gmt":"2025-04-08T12:26:00","guid":{"rendered":"https:\/\/vocesdelaregion.com\/?p=4893"},"modified":"2025-04-08T09:54:34","modified_gmt":"2025-04-08T14:54:34","slug":"resumen-de-afectaciones-viales-por-las-intensas-lluvias-de-las-ultimas-horas","status":"publish","type":"post","link":"https:\/\/vocesdelaregion.com\/index.php\/2025\/04\/08\/resumen-de-afectaciones-viales-por-las-intensas-lluvias-de-las-ultimas-horas\/","title":{"rendered":"Resumen de afectaciones viales por las intensas lluvias de las \u00faltimas horas"},"content":{"rendered":"\n<p>Intensas lluvias se han registrado en las \u00faltimas 24 horas en el departamento de Caldas, especielmente en las regiones Alto Occidente, Norte y Centro Sur.<\/p>\n\n\n\n<p>Se han registrado crecientes s\u00fabitas, desbordamientos de quebradas y deslizamientos de tierra. Este es un balance incial de las afectaciones:<\/p>\n\n\n\n<ol class=\"wp-block-list\">\n<li>En Sup\u00eda, creciente s\u00fabita del r\u00edo  Sup\u00eda y desbordamiento de la quebrada Rapado. Bomberos del municipio entregaron un balance preliminar:<\/li>\n<\/ol>\n\n\n\n<ul class=\"wp-block-list\">\n<li>Calle 25 se atienden 8 viviendas con inundaciones en su interior , da\u00f1os en enseres, ropa , electrodom\u00e9sticos.<\/li>\n\n\n\n<li>Se traslada un paciente al Hospital San Lorenzo de Sup\u00eda por contaminaci\u00f3n de herida con agua de la inundaci\u00f3n.<\/li>\n\n\n\n<li>Barrio la Julia se atienden 2 viviendas con inundaciones en su interior, da\u00f1os en enseres , ropa y electrodom\u00e9sticos.<\/li>\n\n\n\n<li>Carrera 7 calle 22, 1 vivienda con inundaci\u00f3n en su interior, da\u00f1os en enseres , ropa y electrodom\u00e9sticos.<\/li>\n\n\n\n<li>Tambi\u00e9n se reportaron inundaciones en los barrios Los Mangos, Guayabal, La Pista, vereda Guamal , vereda Santa Ana.<\/li>\n\n\n\n<li>Se ha iniciado un censo para establecer la cantidad de damnificados, adem\u00b4pas a\u00fan se verifica si hay m\u00e1s viviendas afectadas<\/li>\n<\/ul>\n\n\n\n<p>Noticia en desarrollo\u2026<\/p>\n\n\n\n<p>2. En Neira, deslizamiento de tierra en el sector Naranjal, salida hacia Manizales, v\u00eda con paso restringido.<\/p>\n\n\n\n<figure class=\"wp-block-image size-large\"><img fetchpriority=\"high\" decoding=\"async\" width=\"1024\" height=\"576\" src=\"https:\/\/vocesdelaregion.com\/wp-content\/uploads\/2025\/04\/WhatsApp-Image-2025-04-08-at-6.19.15-AM-1024x576.jpeg\" alt=\"\" class=\"wp-image-4895\" srcset=\"https:\/\/vocesdelaregion.com\/wp-content\/uploads\/2025\/04\/WhatsApp-Image-2025-04-08-at-6.19.15-AM-1024x576.jpeg 1024w, https:\/\/vocesdelaregion.com\/wp-content\/uploads\/2025\/04\/WhatsApp-Image-2025-04-08-at-6.19.15-AM-300x169.jpeg 300w, https:\/\/vocesdelaregion.com\/wp-content\/uploads\/2025\/04\/WhatsApp-Image-2025-04-08-at-6.19.15-AM-768x432.jpeg 768w, https:\/\/vocesdelaregion.com\/wp-content\/uploads\/2025\/04\/WhatsApp-Image-2025-04-08-at-6.19.15-AM-600x338.jpeg 600w, https:\/\/vocesdelaregion.com\/wp-content\/uploads\/2025\/04\/WhatsApp-Image-2025-04-08-at-6.19.15-AM.jpeg 1280w\" sizes=\"(max-width: 1024px) 100vw, 1024px\" \/><figcaption class=\"wp-element-caption\">V\u00eda Neira &#8211; Manizales, sector Naranjal.<\/figcaption><\/figure>\n\n\n\n<p>3. La v\u00eda Manizales Alto de Letras presenta deslizamiento de tierra en el sector Sabinas, no hay paso<\/p>\n\n\n\n<figure class=\"wp-block-image size-large\"><img decoding=\"async\" width=\"576\" height=\"1024\" src=\"https:\/\/vocesdelaregion.com\/wp-content\/uploads\/2025\/04\/WhatsApp-Image-2025-04-08-at-6.56.44-AM-576x1024.jpeg\" alt=\"\" class=\"wp-image-4896\" srcset=\"https:\/\/vocesdelaregion.com\/wp-content\/uploads\/2025\/04\/WhatsApp-Image-2025-04-08-at-6.56.44-AM-576x1024.jpeg 576w, https:\/\/vocesdelaregion.com\/wp-content\/uploads\/2025\/04\/WhatsApp-Image-2025-04-08-at-6.56.44-AM-169x300.jpeg 169w, https:\/\/vocesdelaregion.com\/wp-content\/uploads\/2025\/04\/WhatsApp-Image-2025-04-08-at-6.56.44-AM-600x1067.jpeg 600w, https:\/\/vocesdelaregion.com\/wp-content\/uploads\/2025\/04\/WhatsApp-Image-2025-04-08-at-6.56.44-AM.jpeg 720w\" sizes=\"(max-width: 576px) 100vw, 576px\" \/><figcaption class=\"wp-element-caption\">Sector Sabinas, v\u00eda Manizales &#8211; Alto de Letras<\/figcaption><\/figure>\n\n\n\n<p>4. Deslizamiento de tierra en la v\u00eda antigua Manizales &#8211; Chinchin\u00e1, sector La Rosa. No hay paso<\/p>\n\n\n\n<figure class=\"wp-block-image size-large is-style-default\"><img decoding=\"async\" width=\"575\" height=\"1024\" src=\"https:\/\/vocesdelaregion.com\/wp-content\/uploads\/2025\/04\/Via-Antigua-Manizales-Chinchina-575x1024.jpeg\" alt=\"V\u00eda Antigua Manizales - Chinchin\u00e1\" class=\"wp-image-4897\" srcset=\"https:\/\/vocesdelaregion.com\/wp-content\/uploads\/2025\/04\/Via-Antigua-Manizales-Chinchina-575x1024.jpeg 575w, https:\/\/vocesdelaregion.com\/wp-content\/uploads\/2025\/04\/Via-Antigua-Manizales-Chinchina-169x300.jpeg 169w, https:\/\/vocesdelaregion.com\/wp-content\/uploads\/2025\/04\/Via-Antigua-Manizales-Chinchina-600x1068.jpeg 600w, https:\/\/vocesdelaregion.com\/wp-content\/uploads\/2025\/04\/Via-Antigua-Manizales-Chinchina.jpeg 719w\" sizes=\"(max-width: 575px) 100vw, 575px\" \/><figcaption class=\"wp-element-caption\">V\u00eda Antigua Manizales &#8211; Chinchin\u00e1<\/figcaption><\/figure>\n\n\n\n<p>5. Se inicia el traslado de equipos y personal para atender derrumbes en la v\u00eda El Lago &#8211; La Estrella &#8211; El Tr\u00e9bol, en el sector La Estrella en Chinchin\u00e1<\/p>\n\n\n\n<p>Equipos en desplazamiento:<br>\u2022 1 retroexcavadora<br>\u2022 2 volquetas<br>\u2022 2 ayudantes<\/p>\n\n\n\n<p>Se recomienda a los usuarios de la v\u00eda transitar con precauci\u00f3n y atender las indicaciones del personal operativo.<\/p>\n\n\n\n<p>informaci\u00f3n preliminar sobre las afectaciones por lluvias con Paula Marcela Villamil, jefe de Gesti\u00f3n del Riesgo de Caldas<\/p>\n\n\n\n<figure class=\"wp-block-video\"><video height=\"720\" style=\"aspect-ratio: 1280 \/ 720;\" width=\"1280\" controls src=\"https:\/\/vocesdelaregion.com\/wp-content\/uploads\/2025\/04\/Balance-de-lluvias-8-de-abril.mp4\"><\/video><figcaption class=\"wp-element-caption\">Paula Marcela Villamil, jefe de Gesti\u00f3n del Riesgo de Caldas<\/figcaption><\/figure>\n\n\n\n<p><\/p>\n","protected":false},"excerpt":{"rendered":"<p>Intensas lluvias se han registrado en las \u00faltimas 24 horas en el departamento de Caldas, especielmente en las regiones Alto Occidente, Norte y Centro Sur. Se han registrado crecientes s\u00fabitas, desbordamientos de quebradas y deslizamientos de tierra. Este es un balance incial de las afectaciones: Noticia en desarrollo\u2026 2. En Neira, deslizamiento de tierra en [&hellip;]<\/p>\n","protected":false},"author":1,"featured_media":4886,"comment_status":"open","ping_status":"open","sticky":false,"template":"","format":"standard","meta":{"om_disable_all_campaigns":false,"_monsterinsights_skip_tracking":false,"_monsterinsights_sitenote_active":false,"_monsterinsights_sitenote_note":"","_monsterinsights_sitenote_category":0,"_uf_show_specific_survey":0,"_uf_disable_surveys":false,"footnotes":""},"categories":[41,49],"tags":[],"class_list":["post-4893","post","type-post","status-publish","format-standard","has-post-thumbnail","hentry","category-movilidad","category-vias"],"aioseo_notices":[],"blog_post_layout_featured_media_urls":{"thumbnail":["https:\/\/vocesdelaregion.com\/wp-content\/uploads\/2025\/04\/inundaciones-Supia-5-150x150.jpg",150,150,true],"full":["https:\/\/vocesdelaregion.com\/wp-content\/uploads\/2025\/04\/inundaciones-Supia-5.jpg",1600,1200,false]},"categories_names":{"41":{"name":"Movilidad","link":"https:\/\/vocesdelaregion.com\/index.php\/category\/movilidad\/"},"49":{"name":"V\u00edas","link":"https:\/\/vocesdelaregion.com\/index.php\/category\/movilidad\/vias\/"}},"tags_names":[],"comments_number":"0","wpmagazine_modules_lite_featured_media_urls":{"thumbnail":["https:\/\/vocesdelaregion.com\/wp-content\/uploads\/2025\/04\/inundaciones-Supia-5-150x150.jpg",150,150,true],"cvmm-medium":["https:\/\/vocesdelaregion.com\/wp-content\/uploads\/2025\/04\/inundaciones-Supia-5-300x300.jpg",300,300,true],"cvmm-medium-plus":["https:\/\/vocesdelaregion.com\/wp-content\/uploads\/2025\/04\/inundaciones-Supia-5-305x207.jpg",305,207,true],"cvmm-portrait":["https:\/\/vocesdelaregion.com\/wp-content\/uploads\/2025\/04\/inundaciones-Supia-5-400x600.jpg",400,600,true],"cvmm-medium-square":["https:\/\/vocesdelaregion.com\/wp-content\/uploads\/2025\/04\/inundaciones-Supia-5-600x600.jpg",600,600,true],"cvmm-large":["https:\/\/vocesdelaregion.com\/wp-content\/uploads\/2025\/04\/inundaciones-Supia-5-1024x1024.jpg",1024,1024,true],"cvmm-small":["https:\/\/vocesdelaregion.com\/wp-content\/uploads\/2025\/04\/inundaciones-Supia-5-130x95.jpg",130,95,true],"full":["https:\/\/vocesdelaregion.com\/wp-content\/uploads\/2025\/04\/inundaciones-Supia-5.jpg",1600,1200,false]},"_links":{"self":[{"href":"https:\/\/vocesdelaregion.com\/index.php\/wp-json\/wp\/v2\/posts\/4893","targetHints":{"allow":["GET"]}}],"collection":[{"href":"https:\/\/vocesdelaregion.com\/index.php\/wp-json\/wp\/v2\/posts"}],"about":[{"href":"https:\/\/vocesdelaregion.com\/index.php\/wp-json\/wp\/v2\/types\/post"}],"author":[{"embeddable":true,"href":"https:\/\/vocesdelaregion.com\/index.php\/wp-json\/wp\/v2\/users\/1"}],"replies":[{"embeddable":true,"href":"https:\/\/vocesdelaregion.com\/index.php\/wp-json\/wp\/v2\/comments?post=4893"}],"version-history":[{"count":2,"href":"https:\/\/vocesdelaregion.com\/index.php\/wp-json\/wp\/v2\/posts\/4893\/revisions"}],"predecessor-version":[{"id":4899,"href":"https:\/\/vocesdelaregion.com\/index.php\/wp-json\/wp\/v2\/posts\/4893\/revisions\/4899"}],"wp:featuredmedia":[{"embeddable":true,"href":"https:\/\/vocesdelaregion.com\/index.php\/wp-json\/wp\/v2\/media\/4886"}],"wp:attachment":[{"href":"https:\/\/vocesdelaregion.com\/index.php\/wp-json\/wp\/v2\/media?parent=4893"}],"wp:term":[{"taxonomy":"category","embeddable":true,"href":"https:\/\/vocesdelaregion.com\/index.php\/wp-json\/wp\/v2\/categories?post=4893"},{"taxonomy":"post_tag","embeddable":true,"href":"https:\/\/vocesdelaregion.com\/index.php\/wp-json\/wp\/v2\/tags?post=4893"}],"curies":[{"name":"wp","href":"https:\/\/api.w.org\/{rel}","templated":true}]}}