{"id":4881,"date":"2025-04-08T03:31:00","date_gmt":"2025-04-08T08:31:00","guid":{"rendered":"https:\/\/vocesdelaregion.com\/?p=4881"},"modified":"2025-04-08T05:51:14","modified_gmt":"2025-04-08T10:51:14","slug":"emergencias-por-las-fuertes-lluvias-en-supia","status":"publish","type":"post","link":"https:\/\/vocesdelaregion.com\/index.php\/2025\/04\/08\/emergencias-por-las-fuertes-lluvias-en-supia\/","title":{"rendered":"Emergencias por las fuertes lluvias en Sup\u00eda"},"content":{"rendered":"\n<p>La noche de este lunes 7 de abril se registraron fuertes lluvias en diferentes partes del departamento, especialmente en el Alto Occidente de Caldas y particularmente en el municipio de Sup\u00eda.<\/p>\n\n\n\n<p>Hubo creciente y desbordamiento de la quebrada Rapado, inundaciones en calles y viviendas.<\/p>\n\n\n\n<figure class=\"wp-block-gallery has-nested-images columns-default is-cropped wp-block-gallery-1 is-layout-flex wp-block-gallery-is-layout-flex\">\n<figure class=\"wp-block-image size-large\"><img fetchpriority=\"high\" decoding=\"async\" width=\"1024\" height=\"768\" data-id=\"4882\" src=\"https:\/\/vocesdelaregion.com\/wp-content\/uploads\/2025\/04\/inundaciones-Supia-3-1024x768.jpg\" alt=\"\" class=\"wp-image-4882\" srcset=\"https:\/\/vocesdelaregion.com\/wp-content\/uploads\/2025\/04\/inundaciones-Supia-3-1024x768.jpg 1024w, https:\/\/vocesdelaregion.com\/wp-content\/uploads\/2025\/04\/inundaciones-Supia-3-300x225.jpg 300w, https:\/\/vocesdelaregion.com\/wp-content\/uploads\/2025\/04\/inundaciones-Supia-3-768x576.jpg 768w, https:\/\/vocesdelaregion.com\/wp-content\/uploads\/2025\/04\/inundaciones-Supia-3-1536x1152.jpg 1536w, https:\/\/vocesdelaregion.com\/wp-content\/uploads\/2025\/04\/inundaciones-Supia-3-136x102.jpg 136w, https:\/\/vocesdelaregion.com\/wp-content\/uploads\/2025\/04\/inundaciones-Supia-3-600x450.jpg 600w, https:\/\/vocesdelaregion.com\/wp-content\/uploads\/2025\/04\/inundaciones-Supia-3.jpg 1600w\" sizes=\"(max-width: 1024px) 100vw, 1024px\" \/><\/figure>\n\n\n\n<figure class=\"wp-block-image size-large\"><img decoding=\"async\" width=\"770\" height=\"1024\" data-id=\"4883\" src=\"https:\/\/vocesdelaregion.com\/wp-content\/uploads\/2025\/04\/inundaciones-Supia-1-770x1024.jpg\" alt=\"\" class=\"wp-image-4883\" srcset=\"https:\/\/vocesdelaregion.com\/wp-content\/uploads\/2025\/04\/inundaciones-Supia-1-770x1024.jpg 770w, https:\/\/vocesdelaregion.com\/wp-content\/uploads\/2025\/04\/inundaciones-Supia-1-226x300.jpg 226w, https:\/\/vocesdelaregion.com\/wp-content\/uploads\/2025\/04\/inundaciones-Supia-1-768x1021.jpg 768w, https:\/\/vocesdelaregion.com\/wp-content\/uploads\/2025\/04\/inundaciones-Supia-1-600x798.jpg 600w, https:\/\/vocesdelaregion.com\/wp-content\/uploads\/2025\/04\/inundaciones-Supia-1.jpg 963w\" sizes=\"(max-width: 770px) 100vw, 770px\" \/><\/figure>\n\n\n\n<figure class=\"wp-block-image size-large\"><img decoding=\"async\" width=\"1024\" height=\"472\" data-id=\"4884\" src=\"https:\/\/vocesdelaregion.com\/wp-content\/uploads\/2025\/04\/inundaciones-Supia-2-1024x472.jpg\" alt=\"\" class=\"wp-image-4884\" srcset=\"https:\/\/vocesdelaregion.com\/wp-content\/uploads\/2025\/04\/inundaciones-Supia-2-1024x472.jpg 1024w, https:\/\/vocesdelaregion.com\/wp-content\/uploads\/2025\/04\/inundaciones-Supia-2-300x138.jpg 300w, https:\/\/vocesdelaregion.com\/wp-content\/uploads\/2025\/04\/inundaciones-Supia-2-768x354.jpg 768w, https:\/\/vocesdelaregion.com\/wp-content\/uploads\/2025\/04\/inundaciones-Supia-2-1536x708.jpg 1536w, https:\/\/vocesdelaregion.com\/wp-content\/uploads\/2025\/04\/inundaciones-Supia-2-2048x944.jpg 2048w, https:\/\/vocesdelaregion.com\/wp-content\/uploads\/2025\/04\/inundaciones-Supia-2-600x277.jpg 600w\" sizes=\"(max-width: 1024px) 100vw, 1024px\" \/><\/figure>\n<\/figure>\n\n\n\n<p>Los Bomberos de Sup\u00eda est\u00e1n atendiendo varias emergencias y nos han entregado un balance preliminar de las atenciones:<\/p>\n\n\n\n<ul class=\"wp-block-list\">\n<li>Calle 25 se atienden 8 viviendas con inundaciones en su interior , da\u00f1os en enseres, ropa , electrodom\u00e9sticos.<\/li>\n\n\n\n<li>Se traslada un paciente al Hospital San Lorenzo de Sup\u00eda por contaminaci\u00f3n de herida con agua de la inundaci\u00f3n.<\/li>\n\n\n\n<li>Barrio la Julia se atienden 2 viviendas con inundaciones en su interior, da\u00f1os en enseres , ropa y electrodom\u00e9sticos.<\/li>\n\n\n\n<li>Carrera 7 calle 22, 1 vivienda con inundaci\u00f3n en su interior, da\u00f1os en enseres , ropa y electrodom\u00e9sticos.<\/li>\n\n\n\n<li>Tambi\u00e9n se reportaron inundaciones en los barrios Los Mangos, Guayabal, La Pista, vereda Guamal , vereda Santa Ana.<\/li>\n\n\n\n<li>Se ha iniciado un censo para establecer la cantidad de damnificados, adem\u00b4pas a\u00fan se verifica si hay m\u00e1s viviendas afectadas<\/li>\n<\/ul>\n\n\n\n<p>Noticia en desarrollo\u2026<\/p>\n\n\n\n<figure class=\"wp-block-video\"><video height=\"848\" style=\"aspect-ratio: 480 \/ 848;\" width=\"480\" controls src=\"https:\/\/vocesdelaregion.com\/wp-content\/uploads\/2025\/04\/AQNmW-CeXKPfg8HhIUkYBovDZigp47A9TOl_1QmbzJ0-EdkoE0D8MPvD2BTHD48o8XC_Kfnu4v09JhksceBPuVJn.mp4\"><\/video><\/figure>\n\n\n\n<figure class=\"wp-block-gallery has-nested-images columns-default is-cropped wp-block-gallery-2 is-layout-flex wp-block-gallery-is-layout-flex\">\n<figure class=\"wp-block-image size-large\"><img loading=\"lazy\" decoding=\"async\" width=\"1024\" height=\"472\" data-id=\"4888\" src=\"https:\/\/vocesdelaregion.com\/wp-content\/uploads\/2025\/04\/inundaciones-Supia-7-1024x472.jpg\" alt=\"\" class=\"wp-image-4888\" srcset=\"https:\/\/vocesdelaregion.com\/wp-content\/uploads\/2025\/04\/inundaciones-Supia-7-1024x472.jpg 1024w, https:\/\/vocesdelaregion.com\/wp-content\/uploads\/2025\/04\/inundaciones-Supia-7-300x138.jpg 300w, https:\/\/vocesdelaregion.com\/wp-content\/uploads\/2025\/04\/inundaciones-Supia-7-768x354.jpg 768w, https:\/\/vocesdelaregion.com\/wp-content\/uploads\/2025\/04\/inundaciones-Supia-7-1536x708.jpg 1536w, https:\/\/vocesdelaregion.com\/wp-content\/uploads\/2025\/04\/inundaciones-Supia-7-2048x944.jpg 2048w, https:\/\/vocesdelaregion.com\/wp-content\/uploads\/2025\/04\/inundaciones-Supia-7-600x277.jpg 600w\" sizes=\"(max-width: 1024px) 100vw, 1024px\" \/><\/figure>\n\n\n\n<figure class=\"wp-block-image size-large\"><img loading=\"lazy\" decoding=\"async\" width=\"1024\" height=\"768\" data-id=\"4886\" src=\"https:\/\/vocesdelaregion.com\/wp-content\/uploads\/2025\/04\/inundaciones-Supia-5-1024x768.jpg\" alt=\"\" class=\"wp-image-4886\" srcset=\"https:\/\/vocesdelaregion.com\/wp-content\/uploads\/2025\/04\/inundaciones-Supia-5-1024x768.jpg 1024w, https:\/\/vocesdelaregion.com\/wp-content\/uploads\/2025\/04\/inundaciones-Supia-5-300x225.jpg 300w, https:\/\/vocesdelaregion.com\/wp-content\/uploads\/2025\/04\/inundaciones-Supia-5-768x576.jpg 768w, https:\/\/vocesdelaregion.com\/wp-content\/uploads\/2025\/04\/inundaciones-Supia-5-1536x1152.jpg 1536w, https:\/\/vocesdelaregion.com\/wp-content\/uploads\/2025\/04\/inundaciones-Supia-5-136x102.jpg 136w, https:\/\/vocesdelaregion.com\/wp-content\/uploads\/2025\/04\/inundaciones-Supia-5-600x450.jpg 600w, https:\/\/vocesdelaregion.com\/wp-content\/uploads\/2025\/04\/inundaciones-Supia-5.jpg 1600w\" sizes=\"(max-width: 1024px) 100vw, 1024px\" \/><\/figure>\n\n\n\n<figure class=\"wp-block-image size-large\"><img loading=\"lazy\" decoding=\"async\" width=\"1024\" height=\"768\" data-id=\"4887\" src=\"https:\/\/vocesdelaregion.com\/wp-content\/uploads\/2025\/04\/inundaciones-Supia-4-1024x768.jpg\" alt=\"\" class=\"wp-image-4887\" srcset=\"https:\/\/vocesdelaregion.com\/wp-content\/uploads\/2025\/04\/inundaciones-Supia-4-1024x768.jpg 1024w, https:\/\/vocesdelaregion.com\/wp-content\/uploads\/2025\/04\/inundaciones-Supia-4-300x225.jpg 300w, https:\/\/vocesdelaregion.com\/wp-content\/uploads\/2025\/04\/inundaciones-Supia-4-768x576.jpg 768w, https:\/\/vocesdelaregion.com\/wp-content\/uploads\/2025\/04\/inundaciones-Supia-4-1536x1152.jpg 1536w, https:\/\/vocesdelaregion.com\/wp-content\/uploads\/2025\/04\/inundaciones-Supia-4-136x102.jpg 136w, https:\/\/vocesdelaregion.com\/wp-content\/uploads\/2025\/04\/inundaciones-Supia-4-600x450.jpg 600w, https:\/\/vocesdelaregion.com\/wp-content\/uploads\/2025\/04\/inundaciones-Supia-4.jpg 1600w\" sizes=\"(max-width: 1024px) 100vw, 1024px\" \/><\/figure>\n<\/figure>\n\n\n\n<p><\/p>\n","protected":false},"excerpt":{"rendered":"<p>La noche de este lunes 7 de abril se registraron fuertes lluvias en diferentes partes del departamento, especialmente en el Alto Occidente de Caldas y particularmente en el municipio de Sup\u00eda. Hubo creciente y desbordamiento de la quebrada Rapado, inundaciones en calles y viviendas. Los Bomberos de Sup\u00eda est\u00e1n atendiendo varias emergencias y nos han [&hellip;]<\/p>\n","protected":false},"author":1,"featured_media":4891,"comment_status":"open","ping_status":"open","sticky":false,"template":"","format":"standard","meta":{"om_disable_all_campaigns":false,"_monsterinsights_skip_tracking":false,"_monsterinsights_sitenote_active":false,"_monsterinsights_sitenote_note":"","_monsterinsights_sitenote_category":0,"_uf_show_specific_survey":0,"_uf_disable_surveys":false,"footnotes":""},"categories":[61,42,24],"tags":[],"class_list":["post-4881","post","type-post","status-publish","format-standard","has-post-thumbnail","hentry","category-accidentes","category-alto-occidente","category-caldas"],"aioseo_notices":[],"blog_post_layout_featured_media_urls":{"thumbnail":["https:\/\/vocesdelaregion.com\/wp-content\/uploads\/2025\/04\/inundaciones-Supia-6-150x150.jpg",150,150,true],"full":["https:\/\/vocesdelaregion.com\/wp-content\/uploads\/2025\/04\/inundaciones-Supia-6.jpg",1280,963,false]},"categories_names":{"61":{"name":"Accidentes","link":"https:\/\/vocesdelaregion.com\/index.php\/category\/accidentes\/"},"42":{"name":"Alto Occidente","link":"https:\/\/vocesdelaregion.com\/index.php\/category\/caldas\/alto-occidente\/"},"24":{"name":"Caldas","link":"https:\/\/vocesdelaregion.com\/index.php\/category\/caldas\/"}},"tags_names":[],"comments_number":"0","wpmagazine_modules_lite_featured_media_urls":{"thumbnail":["https:\/\/vocesdelaregion.com\/wp-content\/uploads\/2025\/04\/inundaciones-Supia-6-150x150.jpg",150,150,true],"cvmm-medium":["https:\/\/vocesdelaregion.com\/wp-content\/uploads\/2025\/04\/inundaciones-Supia-6-300x300.jpg",300,300,true],"cvmm-medium-plus":["https:\/\/vocesdelaregion.com\/wp-content\/uploads\/2025\/04\/inundaciones-Supia-6-305x207.jpg",305,207,true],"cvmm-portrait":["https:\/\/vocesdelaregion.com\/wp-content\/uploads\/2025\/04\/inundaciones-Supia-6-400x600.jpg",400,600,true],"cvmm-medium-square":["https:\/\/vocesdelaregion.com\/wp-content\/uploads\/2025\/04\/inundaciones-Supia-6-600x600.jpg",600,600,true],"cvmm-large":["https:\/\/vocesdelaregion.com\/wp-content\/uploads\/2025\/04\/inundaciones-Supia-6-1024x963.jpg",1024,963,true],"cvmm-small":["https:\/\/vocesdelaregion.com\/wp-content\/uploads\/2025\/04\/inundaciones-Supia-6-130x95.jpg",130,95,true],"full":["https:\/\/vocesdelaregion.com\/wp-content\/uploads\/2025\/04\/inundaciones-Supia-6.jpg",1280,963,false]},"_links":{"self":[{"href":"https:\/\/vocesdelaregion.com\/index.php\/wp-json\/wp\/v2\/posts\/4881","targetHints":{"allow":["GET"]}}],"collection":[{"href":"https:\/\/vocesdelaregion.com\/index.php\/wp-json\/wp\/v2\/posts"}],"about":[{"href":"https:\/\/vocesdelaregion.com\/index.php\/wp-json\/wp\/v2\/types\/post"}],"author":[{"embeddable":true,"href":"https:\/\/vocesdelaregion.com\/index.php\/wp-json\/wp\/v2\/users\/1"}],"replies":[{"embeddable":true,"href":"https:\/\/vocesdelaregion.com\/index.php\/wp-json\/wp\/v2\/comments?post=4881"}],"version-history":[{"count":2,"href":"https:\/\/vocesdelaregion.com\/index.php\/wp-json\/wp\/v2\/posts\/4881\/revisions"}],"predecessor-version":[{"id":4892,"href":"https:\/\/vocesdelaregion.com\/index.php\/wp-json\/wp\/v2\/posts\/4881\/revisions\/4892"}],"wp:featuredmedia":[{"embeddable":true,"href":"https:\/\/vocesdelaregion.com\/index.php\/wp-json\/wp\/v2\/media\/4891"}],"wp:attachment":[{"href":"https:\/\/vocesdelaregion.com\/index.php\/wp-json\/wp\/v2\/media?parent=4881"}],"wp:term":[{"taxonomy":"category","embeddable":true,"href":"https:\/\/vocesdelaregion.com\/index.php\/wp-json\/wp\/v2\/categories?post=4881"},{"taxonomy":"post_tag","embeddable":true,"href":"https:\/\/vocesdelaregion.com\/index.php\/wp-json\/wp\/v2\/tags?post=4881"}],"curies":[{"name":"wp","href":"https:\/\/api.w.org\/{rel}","templated":true}]}}