{"id":4856,"date":"2025-04-06T10:03:47","date_gmt":"2025-04-06T15:03:47","guid":{"rendered":"https:\/\/vocesdelaregion.com\/?p=4856"},"modified":"2025-04-06T12:07:51","modified_gmt":"2025-04-06T17:07:51","slug":"rodaron-por-una-ladera-2","status":"publish","type":"post","link":"https:\/\/vocesdelaregion.com\/index.php\/2025\/04\/06\/rodaron-por-una-ladera-2\/","title":{"rendered":"Rodaron por una ladera"},"content":{"rendered":"\n<p>Se registr\u00f3 un accidente de tr\u00e1nsito en jurisdicci\u00f3n del municipio de Palestina, regi\u00f3n centro sur de Caldas, en la vereda Cartagena, en la v\u00eda hacia Sant\u00e1gueda.<\/p>\n\n\n\n<p>El conductor perdi\u00f3 el control de su veh\u00edculo, al parecer por una falla en el acelerador, se sali\u00f3 de la v\u00eda y rod\u00f3 por una ladera.<\/p>\n\n\n\n<p>Unidades de Bomberos Palestina llegaron r\u00e1pidamente al lugar y con apoyo de la comunidad lograron rescatar a los ocupantes.<\/p>\n\n\n\n<p>Dos hombres resultaron lesionados y fueron trasladados al hospital Santa Sof\u00eda de Palestina, d\u00f3nde reciben asistencia m\u00e9dica.<\/p>\n\n\n\n<figure class=\"wp-block-gallery has-nested-images columns-default is-cropped wp-block-gallery-1 is-layout-flex wp-block-gallery-is-layout-flex\">\n<figure class=\"wp-block-image size-large\"><img fetchpriority=\"high\" decoding=\"async\" width=\"278\" height=\"465\" data-id=\"4858\" src=\"https:\/\/vocesdelaregion.com\/wp-content\/uploads\/2025\/04\/image_editor_output_image908768403-17439592368737055306475536414421.png\" alt=\"\" class=\"wp-image-4858\" srcset=\"https:\/\/vocesdelaregion.com\/wp-content\/uploads\/2025\/04\/image_editor_output_image908768403-17439592368737055306475536414421.png 278w, https:\/\/vocesdelaregion.com\/wp-content\/uploads\/2025\/04\/image_editor_output_image908768403-17439592368737055306475536414421-179x300.png 179w\" sizes=\"(max-width: 278px) 100vw, 278px\" \/><\/figure>\n\n\n\n<figure class=\"wp-block-image size-large\"><img decoding=\"async\" width=\"279\" height=\"300\" data-id=\"4859\" src=\"https:\/\/vocesdelaregion.com\/wp-content\/uploads\/2025\/04\/image_editor_output_image-314170805-17439592556065418004000214963254-279x300.png\" alt=\"\" class=\"wp-image-4859\" srcset=\"https:\/\/vocesdelaregion.com\/wp-content\/uploads\/2025\/04\/image_editor_output_image-314170805-17439592556065418004000214963254-279x300.png 279w, https:\/\/vocesdelaregion.com\/wp-content\/uploads\/2025\/04\/image_editor_output_image-314170805-17439592556065418004000214963254.png 415w\" sizes=\"(max-width: 279px) 100vw, 279px\" \/><\/figure>\n\n\n\n<figure class=\"wp-block-image size-large\"><img decoding=\"async\" width=\"1024\" height=\"1021\" data-id=\"4854\" src=\"https:\/\/vocesdelaregion.com\/wp-content\/uploads\/2025\/04\/screenshot_20250406-1157263085886329689361516-1024x1021.png\" alt=\"\" class=\"wp-image-4854\" srcset=\"https:\/\/vocesdelaregion.com\/wp-content\/uploads\/2025\/04\/screenshot_20250406-1157263085886329689361516-1024x1021.png 1024w, https:\/\/vocesdelaregion.com\/wp-content\/uploads\/2025\/04\/screenshot_20250406-1157263085886329689361516-300x300.png 300w, https:\/\/vocesdelaregion.com\/wp-content\/uploads\/2025\/04\/screenshot_20250406-1157263085886329689361516-150x150.png 150w, https:\/\/vocesdelaregion.com\/wp-content\/uploads\/2025\/04\/screenshot_20250406-1157263085886329689361516-768x766.png 768w, https:\/\/vocesdelaregion.com\/wp-content\/uploads\/2025\/04\/screenshot_20250406-1157263085886329689361516-600x598.png 600w, https:\/\/vocesdelaregion.com\/wp-content\/uploads\/2025\/04\/screenshot_20250406-1157263085886329689361516-100x100.png 100w, https:\/\/vocesdelaregion.com\/wp-content\/uploads\/2025\/04\/screenshot_20250406-1157263085886329689361516.png 1061w\" sizes=\"(max-width: 1024px) 100vw, 1024px\" \/><\/figure>\n<figcaption class=\"blocks-gallery-caption wp-element-caption\">Im\u00e1genes del veh\u00edculo accidentado <\/figcaption><\/figure>\n\n\n\n<p><\/p>\n","protected":false},"excerpt":{"rendered":"<p>Se registr\u00f3 un accidente de tr\u00e1nsito en jurisdicci\u00f3n del municipio de Palestina, regi\u00f3n centro sur de Caldas, en la vereda Cartagena, en la v\u00eda hacia Sant\u00e1gueda. El conductor perdi\u00f3 el control de su veh\u00edculo, al parecer por una falla en el acelerador, se sali\u00f3 de la v\u00eda y rod\u00f3 por una ladera. Unidades de Bomberos [&hellip;]<\/p>\n","protected":false},"author":1,"featured_media":4855,"comment_status":"open","ping_status":"open","sticky":false,"template":"","format":"standard","meta":{"om_disable_all_campaigns":false,"_monsterinsights_skip_tracking":false,"_monsterinsights_sitenote_active":false,"_monsterinsights_sitenote_note":"","_monsterinsights_sitenote_category":0,"_uf_show_specific_survey":0,"_uf_disable_surveys":false,"footnotes":""},"categories":[48,24,46,41],"tags":[97,129,177,94],"class_list":["post-4856","post","type-post","status-publish","format-standard","has-post-thumbnail","hentry","category-accidentes-de-transito","category-caldas","category-centro-sur","category-movilidad","tag-accidente","tag-bomberos","tag-lesionados","tag-palestina"],"aioseo_notices":[],"blog_post_layout_featured_media_urls":{"thumbnail":["https:\/\/vocesdelaregion.com\/wp-content\/uploads\/2025\/04\/Screenshot_20250406-115704-150x150.png",150,150,true],"full":["https:\/\/vocesdelaregion.com\/wp-content\/uploads\/2025\/04\/Screenshot_20250406-115704.png",1080,1218,false]},"categories_names":{"48":{"name":"Accidentes de tr\u00e1nsito","link":"https:\/\/vocesdelaregion.com\/index.php\/category\/movilidad\/accidentes-de-transito\/"},"24":{"name":"Caldas","link":"https:\/\/vocesdelaregion.com\/index.php\/category\/caldas\/"},"46":{"name":"Centro sur","link":"https:\/\/vocesdelaregion.com\/index.php\/category\/caldas\/centro-sur\/"},"41":{"name":"Movilidad","link":"https:\/\/vocesdelaregion.com\/index.php\/category\/movilidad\/"}},"tags_names":{"97":{"name":"accidente","link":"https:\/\/vocesdelaregion.com\/index.php\/tag\/accidente\/"},"129":{"name":"bomberos","link":"https:\/\/vocesdelaregion.com\/index.php\/tag\/bomberos\/"},"177":{"name":"lesionados","link":"https:\/\/vocesdelaregion.com\/index.php\/tag\/lesionados\/"},"94":{"name":"Palestina","link":"https:\/\/vocesdelaregion.com\/index.php\/tag\/palestina\/"}},"comments_number":"0","wpmagazine_modules_lite_featured_media_urls":{"thumbnail":["https:\/\/vocesdelaregion.com\/wp-content\/uploads\/2025\/04\/Screenshot_20250406-115704-150x150.png",150,150,true],"cvmm-medium":["https:\/\/vocesdelaregion.com\/wp-content\/uploads\/2025\/04\/Screenshot_20250406-115704-300x300.png",300,300,true],"cvmm-medium-plus":["https:\/\/vocesdelaregion.com\/wp-content\/uploads\/2025\/04\/Screenshot_20250406-115704-305x207.png",305,207,true],"cvmm-portrait":["https:\/\/vocesdelaregion.com\/wp-content\/uploads\/2025\/04\/Screenshot_20250406-115704-400x600.png",400,600,true],"cvmm-medium-square":["https:\/\/vocesdelaregion.com\/wp-content\/uploads\/2025\/04\/Screenshot_20250406-115704-600x600.png",600,600,true],"cvmm-large":["https:\/\/vocesdelaregion.com\/wp-content\/uploads\/2025\/04\/Screenshot_20250406-115704-1024x1024.png",1024,1024,true],"cvmm-small":["https:\/\/vocesdelaregion.com\/wp-content\/uploads\/2025\/04\/Screenshot_20250406-115704-130x95.png",130,95,true],"full":["https:\/\/vocesdelaregion.com\/wp-content\/uploads\/2025\/04\/Screenshot_20250406-115704.png",1080,1218,false]},"_links":{"self":[{"href":"https:\/\/vocesdelaregion.com\/index.php\/wp-json\/wp\/v2\/posts\/4856","targetHints":{"allow":["GET"]}}],"collection":[{"href":"https:\/\/vocesdelaregion.com\/index.php\/wp-json\/wp\/v2\/posts"}],"about":[{"href":"https:\/\/vocesdelaregion.com\/index.php\/wp-json\/wp\/v2\/types\/post"}],"author":[{"embeddable":true,"href":"https:\/\/vocesdelaregion.com\/index.php\/wp-json\/wp\/v2\/users\/1"}],"replies":[{"embeddable":true,"href":"https:\/\/vocesdelaregion.com\/index.php\/wp-json\/wp\/v2\/comments?post=4856"}],"version-history":[{"count":2,"href":"https:\/\/vocesdelaregion.com\/index.php\/wp-json\/wp\/v2\/posts\/4856\/revisions"}],"predecessor-version":[{"id":4860,"href":"https:\/\/vocesdelaregion.com\/index.php\/wp-json\/wp\/v2\/posts\/4856\/revisions\/4860"}],"wp:featuredmedia":[{"embeddable":true,"href":"https:\/\/vocesdelaregion.com\/index.php\/wp-json\/wp\/v2\/media\/4855"}],"wp:attachment":[{"href":"https:\/\/vocesdelaregion.com\/index.php\/wp-json\/wp\/v2\/media?parent=4856"}],"wp:term":[{"taxonomy":"category","embeddable":true,"href":"https:\/\/vocesdelaregion.com\/index.php\/wp-json\/wp\/v2\/categories?post=4856"},{"taxonomy":"post_tag","embeddable":true,"href":"https:\/\/vocesdelaregion.com\/index.php\/wp-json\/wp\/v2\/tags?post=4856"}],"curies":[{"name":"wp","href":"https:\/\/api.w.org\/{rel}","templated":true}]}}