{"id":4850,"date":"2025-04-05T20:48:39","date_gmt":"2025-04-06T01:48:39","guid":{"rendered":"https:\/\/vocesdelaregion.com\/?p=4850"},"modified":"2025-04-05T22:50:27","modified_gmt":"2025-04-06T03:50:27","slug":"salio-de-su-residencia-y-en-la-calle-lo-balearon","status":"publish","type":"post","link":"https:\/\/vocesdelaregion.com\/index.php\/2025\/04\/05\/salio-de-su-residencia-y-en-la-calle-lo-balearon\/","title":{"rendered":"Sali\u00f3 de su residencia y en la calle lo balearon"},"content":{"rendered":"\n<p>Manizales lleg\u00f3 a 8 homicidios en el a\u00f1o 2025.<\/p>\n\n\n\n<p>La noche de este s\u00e1bado 5 de abril un hombre recibi\u00f3 varios disparos que le pegaron la vida en el lugar.<\/p>\n\n\n\n<p>El hecho se registr\u00f3 en el barrio La Francia, cerca de un reconocido supermercado.<\/p>\n\n\n\n<p>Seg\u00fan informaron en el lugar, el hombre fue abordado por sujetos en moto, le propinarin varios balazos y huyeron.<\/p>\n\n\n\n<p>El hombre muri\u00f3 en el lugar.<\/p>\n\n\n\n<p>La polic\u00eda fue informada del hecho y de inmediato se implement\u00f3 un plan candado para tratar de dar con los responsables del crimen.<\/p>\n\n\n\n<p>La v\u00edctima mortal es Carlos Alberto Mart\u00ednez Mu\u00f1oz, de 52 a\u00f1os de edad, le dec\u00edan &#8220;Caliche&#8221;, tambi\u00e9n lo conoc\u00edan como &#8220;Lunarejo&#8221; y al parecer se dedicaba a pr\u00e9stamos.<\/p>\n\n\n\n<p>Fuentes oficiales confirmaron que registraba antecedentes judiciales, una condena por homicidio de la cual gozaba de libertad condicional.<\/p>\n\n\n\n<figure class=\"wp-block-image size-large\"><img fetchpriority=\"high\" decoding=\"async\" width=\"945\" height=\"781\" src=\"https:\/\/vocesdelaregion.com\/wp-content\/uploads\/2025\/04\/img-20250405-wa00761692635990820218589.jpg\" alt=\"\" class=\"wp-image-4848\" srcset=\"https:\/\/vocesdelaregion.com\/wp-content\/uploads\/2025\/04\/img-20250405-wa00761692635990820218589.jpg 945w, https:\/\/vocesdelaregion.com\/wp-content\/uploads\/2025\/04\/img-20250405-wa00761692635990820218589-300x248.jpg 300w, https:\/\/vocesdelaregion.com\/wp-content\/uploads\/2025\/04\/img-20250405-wa00761692635990820218589-768x635.jpg 768w, https:\/\/vocesdelaregion.com\/wp-content\/uploads\/2025\/04\/img-20250405-wa00761692635990820218589-600x496.jpg 600w\" sizes=\"(max-width: 945px) 100vw, 945px\" \/><\/figure>\n","protected":false},"excerpt":{"rendered":"<p>Manizales lleg\u00f3 a 8 homicidios en el a\u00f1o 2025. La noche de este s\u00e1bado 5 de abril un hombre recibi\u00f3 varios disparos que le pegaron la vida en el lugar. El hecho se registr\u00f3 en el barrio La Francia, cerca de un reconocido supermercado. Seg\u00fan informaron en el lugar, el hombre fue abordado por sujetos [&hellip;]<\/p>\n","protected":false},"author":1,"featured_media":4849,"comment_status":"open","ping_status":"open","sticky":false,"template":"","format":"standard","meta":{"om_disable_all_campaigns":false,"_monsterinsights_skip_tracking":false,"_monsterinsights_sitenote_active":false,"_monsterinsights_sitenote_note":"","_monsterinsights_sitenote_category":0,"_uf_show_specific_survey":0,"_uf_disable_surveys":false,"footnotes":""},"categories":[25,359],"tags":[],"class_list":["post-4850","post","type-post","status-publish","format-standard","has-post-thumbnail","hentry","category-judicial","category-judiciales-caldas"],"aioseo_notices":[],"blog_post_layout_featured_media_urls":{"thumbnail":["https:\/\/vocesdelaregion.com\/wp-content\/uploads\/2025\/04\/1000487060-150x150.jpg",150,150,true],"full":["https:\/\/vocesdelaregion.com\/wp-content\/uploads\/2025\/04\/1000487060.jpg",273,185,false]},"categories_names":{"25":{"name":"Judicial","link":"https:\/\/vocesdelaregion.com\/index.php\/category\/judicial\/"},"359":{"name":"Judiciales Caldas","link":"https:\/\/vocesdelaregion.com\/index.php\/category\/judicial\/judiciales-caldas\/"}},"tags_names":[],"comments_number":"0","wpmagazine_modules_lite_featured_media_urls":{"thumbnail":["https:\/\/vocesdelaregion.com\/wp-content\/uploads\/2025\/04\/1000487060-150x150.jpg",150,150,true],"cvmm-medium":["https:\/\/vocesdelaregion.com\/wp-content\/uploads\/2025\/04\/1000487060.jpg",273,185,false],"cvmm-medium-plus":["https:\/\/vocesdelaregion.com\/wp-content\/uploads\/2025\/04\/1000487060.jpg",273,185,false],"cvmm-portrait":["https:\/\/vocesdelaregion.com\/wp-content\/uploads\/2025\/04\/1000487060.jpg",273,185,false],"cvmm-medium-square":["https:\/\/vocesdelaregion.com\/wp-content\/uploads\/2025\/04\/1000487060.jpg",273,185,false],"cvmm-large":["https:\/\/vocesdelaregion.com\/wp-content\/uploads\/2025\/04\/1000487060.jpg",273,185,false],"cvmm-small":["https:\/\/vocesdelaregion.com\/wp-content\/uploads\/2025\/04\/1000487060-130x95.jpg",130,95,true],"full":["https:\/\/vocesdelaregion.com\/wp-content\/uploads\/2025\/04\/1000487060.jpg",273,185,false]},"_links":{"self":[{"href":"https:\/\/vocesdelaregion.com\/index.php\/wp-json\/wp\/v2\/posts\/4850","targetHints":{"allow":["GET"]}}],"collection":[{"href":"https:\/\/vocesdelaregion.com\/index.php\/wp-json\/wp\/v2\/posts"}],"about":[{"href":"https:\/\/vocesdelaregion.com\/index.php\/wp-json\/wp\/v2\/types\/post"}],"author":[{"embeddable":true,"href":"https:\/\/vocesdelaregion.com\/index.php\/wp-json\/wp\/v2\/users\/1"}],"replies":[{"embeddable":true,"href":"https:\/\/vocesdelaregion.com\/index.php\/wp-json\/wp\/v2\/comments?post=4850"}],"version-history":[{"count":1,"href":"https:\/\/vocesdelaregion.com\/index.php\/wp-json\/wp\/v2\/posts\/4850\/revisions"}],"predecessor-version":[{"id":4851,"href":"https:\/\/vocesdelaregion.com\/index.php\/wp-json\/wp\/v2\/posts\/4850\/revisions\/4851"}],"wp:featuredmedia":[{"embeddable":true,"href":"https:\/\/vocesdelaregion.com\/index.php\/wp-json\/wp\/v2\/media\/4849"}],"wp:attachment":[{"href":"https:\/\/vocesdelaregion.com\/index.php\/wp-json\/wp\/v2\/media?parent=4850"}],"wp:term":[{"taxonomy":"category","embeddable":true,"href":"https:\/\/vocesdelaregion.com\/index.php\/wp-json\/wp\/v2\/categories?post=4850"},{"taxonomy":"post_tag","embeddable":true,"href":"https:\/\/vocesdelaregion.com\/index.php\/wp-json\/wp\/v2\/tags?post=4850"}],"curies":[{"name":"wp","href":"https:\/\/api.w.org\/{rel}","templated":true}]}}