{"id":4798,"date":"2025-04-01T18:27:00","date_gmt":"2025-04-01T23:27:00","guid":{"rendered":"https:\/\/vocesdelaregion.com\/?p=4798"},"modified":"2025-04-01T20:31:56","modified_gmt":"2025-04-02T01:31:56","slug":"hay-disminucion-en-todos-los-indicadores-de-delitos-en-caldas","status":"publish","type":"post","link":"https:\/\/vocesdelaregion.com\/index.php\/2025\/04\/01\/hay-disminucion-en-todos-los-indicadores-de-delitos-en-caldas\/","title":{"rendered":"Hay disminuci\u00f3n en todos los indicadores de delitos en Caldas"},"content":{"rendered":"\n<p>En sesi\u00f3n reservada de la Asamblea de Caldas, el secretario de Gobierno del departamento, Jorge Andr\u00e9s G\u00f3mez Escudero, entreg\u00f3 a los diputados un&nbsp;<strong>informe actualizado de la situaci\u00f3n que se vive en materia de seguridad en las 27 localidades&nbsp;<\/strong>que conforman esta regi\u00f3n del pa\u00eds.<\/p>\n\n\n\n<p>El diputado ponente fue el abogado Jorge Hern\u00e1n Aguirre, quien resalt\u00f3 que&nbsp;<strong>la reuni\u00f3n permiti\u00f3 dar claridad sobre algunos temas que hist\u00f3ricamente han llamado la atenci\u00f3n.<\/strong>&nbsp;\u201cLos comparativos en cifras de algunos delitos nos permiten tener claridad en muchos aspectos\u201d, indic\u00f3.<\/p>\n\n\n\n<figure class=\"wp-block-video\"><video controls src=\"https:\/\/escaldas.com\/wp-content\/uploads\/2025\/04\/Jorge-Aguirre-diputado.mp4\"><\/video><\/figure>\n\n\n\n<p>Desde el Gobierno Departamental se han liderado&nbsp;<strong>cuatro consejos de seguridad para analizar la situaci\u00f3n de orden p\u00fablico en el territorio,&nbsp;<\/strong>los cuales han arrojado resultados favorables como la disminuci\u00f3n en los delitos de lesiones personales, hurto y extorsi\u00f3n.<\/p>\n\n\n\n<figure class=\"wp-block-gallery has-nested-images columns-default is-cropped wp-block-gallery-1 is-layout-flex wp-block-gallery-is-layout-flex\">\n<figure class=\"wp-block-image size-large\"><img fetchpriority=\"high\" decoding=\"async\" width=\"1024\" height=\"682\" data-id=\"4799\" src=\"https:\/\/vocesdelaregion.com\/wp-content\/uploads\/2025\/04\/WhatsApp-Image-2025-04-01-at-11.39.43-AM-1536x1023-1-1024x682.jpeg\" alt=\"\" class=\"wp-image-4799\" srcset=\"https:\/\/vocesdelaregion.com\/wp-content\/uploads\/2025\/04\/WhatsApp-Image-2025-04-01-at-11.39.43-AM-1536x1023-1-1024x682.jpeg 1024w, https:\/\/vocesdelaregion.com\/wp-content\/uploads\/2025\/04\/WhatsApp-Image-2025-04-01-at-11.39.43-AM-1536x1023-1-300x200.jpeg 300w, https:\/\/vocesdelaregion.com\/wp-content\/uploads\/2025\/04\/WhatsApp-Image-2025-04-01-at-11.39.43-AM-1536x1023-1-768x512.jpeg 768w, https:\/\/vocesdelaregion.com\/wp-content\/uploads\/2025\/04\/WhatsApp-Image-2025-04-01-at-11.39.43-AM-1536x1023-1-600x400.jpeg 600w, https:\/\/vocesdelaregion.com\/wp-content\/uploads\/2025\/04\/WhatsApp-Image-2025-04-01-at-11.39.43-AM-1536x1023-1.jpeg 1536w\" sizes=\"(max-width: 1024px) 100vw, 1024px\" \/><\/figure>\n\n\n\n<figure class=\"wp-block-image size-large\"><img decoding=\"async\" width=\"1024\" height=\"760\" data-id=\"4800\" src=\"https:\/\/vocesdelaregion.com\/wp-content\/uploads\/2025\/04\/WhatsApp-Image-2025-04-01-at-9.00.58-AM-2048x1520-1-1024x760.jpeg\" alt=\"\" class=\"wp-image-4800\" srcset=\"https:\/\/vocesdelaregion.com\/wp-content\/uploads\/2025\/04\/WhatsApp-Image-2025-04-01-at-9.00.58-AM-2048x1520-1-1024x760.jpeg 1024w, https:\/\/vocesdelaregion.com\/wp-content\/uploads\/2025\/04\/WhatsApp-Image-2025-04-01-at-9.00.58-AM-2048x1520-1-300x223.jpeg 300w, https:\/\/vocesdelaregion.com\/wp-content\/uploads\/2025\/04\/WhatsApp-Image-2025-04-01-at-9.00.58-AM-2048x1520-1-768x570.jpeg 768w, https:\/\/vocesdelaregion.com\/wp-content\/uploads\/2025\/04\/WhatsApp-Image-2025-04-01-at-9.00.58-AM-2048x1520-1-1536x1140.jpeg 1536w, https:\/\/vocesdelaregion.com\/wp-content\/uploads\/2025\/04\/WhatsApp-Image-2025-04-01-at-9.00.58-AM-2048x1520-1-130x95.jpeg 130w, https:\/\/vocesdelaregion.com\/wp-content\/uploads\/2025\/04\/WhatsApp-Image-2025-04-01-at-9.00.58-AM-2048x1520-1-136x102.jpeg 136w, https:\/\/vocesdelaregion.com\/wp-content\/uploads\/2025\/04\/WhatsApp-Image-2025-04-01-at-9.00.58-AM-2048x1520-1-600x445.jpeg 600w, https:\/\/vocesdelaregion.com\/wp-content\/uploads\/2025\/04\/WhatsApp-Image-2025-04-01-at-9.00.58-AM-2048x1520-1.jpeg 2048w\" sizes=\"(max-width: 1024px) 100vw, 1024px\" \/><\/figure>\n<\/figure>\n\n\n\n<p>Desde la Secretar\u00eda de Gobierno de Caldas, la Polic\u00eda y el Ej\u00e9rcito Nacional reiteraron que&nbsp;<strong>siguen trabajando para garantizar la tranquilidad en el territorio con una vigilancia de las fronteras donde los peligros son latentes<\/strong>. Esto en relaci\u00f3n con las amenazas identificadas en las zonas lim\u00edtrofes con los departamentos como Antioquia, Risaralda, Tolima y otras \u00e1reas geogr\u00e1ficas, en donde se ha evidenciado la intenci\u00f3n de algunos grupos armados ilegales de ingresar a jurisdicci\u00f3n de Caldas.<\/p>\n\n\n\n<p>\u201cQuedamos con el reto de fortalecer las c\u00e1maras de seguridad en todos los municipios del departamento.Es claro que la articulaci\u00f3n institucional tiene que seguir siendo la bandera para atacar la inseguridad, por ello,&nbsp;<strong>celebramos el apoyo que est\u00e1 dando la Asamblea a la estrategia \u201cCaldas Avanza m\u00e1s Seguro\u201d,<\/strong>&nbsp;expres\u00f3 el secretario de Gobierno del departamento, Jorge Andr\u00e9s G\u00f3mez Escudero.<\/p>\n\n\n\n<figure class=\"wp-block-video\"><video controls src=\"https:\/\/escaldas.com\/wp-content\/uploads\/2025\/04\/secretario-de-gobierno.mp4\"><\/video><\/figure>\n\n\n\n<h3 class=\"wp-block-heading\">Datos a destacar:<\/h3>\n\n\n\n<p>Las tasas de Caldas en delitos de alto impacto por cada 100 mil habitantes son de las m\u00e1s bajas del pa\u00eds y las m\u00e1s bajas del Eje Cafetero.<\/p>\n\n\n\n<ul class=\"wp-block-list\">\n<li><strong>Homicidios:<\/strong>\u00a0Tasa nacional 4.7; Risaralda 6.8; Quind\u00edo 6.2 y\u00a0<strong>Caldas 2.6.<\/strong><\/li>\n\n\n\n<li><strong>Lesiones personales:<\/strong>\u00a0\u00cdndice nacional 29.9; Risaralda 28.2; Quind\u00edo 25.5 \u2013\u00a0<strong>Caldas 25.1.<\/strong><\/li>\n\n\n\n<li><strong>Hurto:<\/strong>\u00a0Nivel nacional 121.8; Quind\u00edo 97.8; Risaralda 77.0 y\u00a0<strong>Caldas 36.1.<\/strong><\/li>\n\n\n\n<li><strong>Caldas en los primeros tres meses del a\u00f1o 2025 presenta una reducci\u00f3n de casos\u00a0<\/strong>en los delitos de lesiones personales (-7), hurtos (-189) y extorsi\u00f3n (-12).<\/li>\n\n\n\n<li><strong>Caldas tiene a la fecha 16 municipios con cero (0) casos de homicidios:<\/strong>\u00a0Anserma, Risaralda, La Merced, Marmato, Riosucio, Aguadas, Aranzazu, Filadelfia, Marulanda, P\u00e1cora, Salamina, Manzanares, Marquetalia, Pensilvania, Norcasia y Villamar\u00eda.<\/li>\n<\/ul>\n\n\n\n<p><\/p>\n","protected":false},"excerpt":{"rendered":"<p>En sesi\u00f3n reservada de la Asamblea de Caldas, el secretario de Gobierno del departamento, Jorge Andr\u00e9s G\u00f3mez Escudero, entreg\u00f3 a los diputados un&nbsp;informe actualizado de la situaci\u00f3n que se vive en materia de seguridad en las 27 localidades&nbsp;que conforman esta regi\u00f3n del pa\u00eds. El diputado ponente fue el abogado Jorge Hern\u00e1n Aguirre, quien resalt\u00f3 que&nbsp;la [&hellip;]<\/p>\n","protected":false},"author":1,"featured_media":4800,"comment_status":"open","ping_status":"open","sticky":false,"template":"","format":"standard","meta":{"om_disable_all_campaigns":false,"_monsterinsights_skip_tracking":false,"_monsterinsights_sitenote_active":false,"_monsterinsights_sitenote_note":"","_monsterinsights_sitenote_category":0,"_uf_show_specific_survey":0,"_uf_disable_surveys":false,"footnotes":""},"categories":[357,356],"tags":[],"class_list":["post-4798","post","type-post","status-publish","format-standard","has-post-thumbnail","hentry","category-gobernacion-de-caldas","category-gobernaciones"],"aioseo_notices":[],"blog_post_layout_featured_media_urls":{"thumbnail":["https:\/\/vocesdelaregion.com\/wp-content\/uploads\/2025\/04\/WhatsApp-Image-2025-04-01-at-9.00.58-AM-2048x1520-1-150x150.jpeg",150,150,true],"full":["https:\/\/vocesdelaregion.com\/wp-content\/uploads\/2025\/04\/WhatsApp-Image-2025-04-01-at-9.00.58-AM-2048x1520-1.jpeg",2048,1520,false]},"categories_names":{"357":{"name":"Gobernaci\u00f3n de Caldas","link":"https:\/\/vocesdelaregion.com\/index.php\/category\/gobernaciones\/gobernacion-de-caldas\/"},"356":{"name":"Gobernaciones","link":"https:\/\/vocesdelaregion.com\/index.php\/category\/gobernaciones\/"}},"tags_names":[],"comments_number":"0","wpmagazine_modules_lite_featured_media_urls":{"thumbnail":["https:\/\/vocesdelaregion.com\/wp-content\/uploads\/2025\/04\/WhatsApp-Image-2025-04-01-at-9.00.58-AM-2048x1520-1-150x150.jpeg",150,150,true],"cvmm-medium":["https:\/\/vocesdelaregion.com\/wp-content\/uploads\/2025\/04\/WhatsApp-Image-2025-04-01-at-9.00.58-AM-2048x1520-1-300x300.jpeg",300,300,true],"cvmm-medium-plus":["https:\/\/vocesdelaregion.com\/wp-content\/uploads\/2025\/04\/WhatsApp-Image-2025-04-01-at-9.00.58-AM-2048x1520-1-305x207.jpeg",305,207,true],"cvmm-portrait":["https:\/\/vocesdelaregion.com\/wp-content\/uploads\/2025\/04\/WhatsApp-Image-2025-04-01-at-9.00.58-AM-2048x1520-1-400x600.jpeg",400,600,true],"cvmm-medium-square":["https:\/\/vocesdelaregion.com\/wp-content\/uploads\/2025\/04\/WhatsApp-Image-2025-04-01-at-9.00.58-AM-2048x1520-1-600x600.jpeg",600,600,true],"cvmm-large":["https:\/\/vocesdelaregion.com\/wp-content\/uploads\/2025\/04\/WhatsApp-Image-2025-04-01-at-9.00.58-AM-2048x1520-1-1024x1024.jpeg",1024,1024,true],"cvmm-small":["https:\/\/vocesdelaregion.com\/wp-content\/uploads\/2025\/04\/WhatsApp-Image-2025-04-01-at-9.00.58-AM-2048x1520-1-130x95.jpeg",130,95,true],"full":["https:\/\/vocesdelaregion.com\/wp-content\/uploads\/2025\/04\/WhatsApp-Image-2025-04-01-at-9.00.58-AM-2048x1520-1.jpeg",2048,1520,false]},"_links":{"self":[{"href":"https:\/\/vocesdelaregion.com\/index.php\/wp-json\/wp\/v2\/posts\/4798","targetHints":{"allow":["GET"]}}],"collection":[{"href":"https:\/\/vocesdelaregion.com\/index.php\/wp-json\/wp\/v2\/posts"}],"about":[{"href":"https:\/\/vocesdelaregion.com\/index.php\/wp-json\/wp\/v2\/types\/post"}],"author":[{"embeddable":true,"href":"https:\/\/vocesdelaregion.com\/index.php\/wp-json\/wp\/v2\/users\/1"}],"replies":[{"embeddable":true,"href":"https:\/\/vocesdelaregion.com\/index.php\/wp-json\/wp\/v2\/comments?post=4798"}],"version-history":[{"count":2,"href":"https:\/\/vocesdelaregion.com\/index.php\/wp-json\/wp\/v2\/posts\/4798\/revisions"}],"predecessor-version":[{"id":4802,"href":"https:\/\/vocesdelaregion.com\/index.php\/wp-json\/wp\/v2\/posts\/4798\/revisions\/4802"}],"wp:featuredmedia":[{"embeddable":true,"href":"https:\/\/vocesdelaregion.com\/index.php\/wp-json\/wp\/v2\/media\/4800"}],"wp:attachment":[{"href":"https:\/\/vocesdelaregion.com\/index.php\/wp-json\/wp\/v2\/media?parent=4798"}],"wp:term":[{"taxonomy":"category","embeddable":true,"href":"https:\/\/vocesdelaregion.com\/index.php\/wp-json\/wp\/v2\/categories?post=4798"},{"taxonomy":"post_tag","embeddable":true,"href":"https:\/\/vocesdelaregion.com\/index.php\/wp-json\/wp\/v2\/tags?post=4798"}],"curies":[{"name":"wp","href":"https:\/\/api.w.org\/{rel}","templated":true}]}}