{"id":4770,"date":"2025-03-31T02:33:49","date_gmt":"2025-03-31T07:33:49","guid":{"rendered":"https:\/\/vocesdelaregion.com\/?p=4770"},"modified":"2025-03-31T05:35:03","modified_gmt":"2025-03-31T10:35:03","slug":"las-arrastro-una-corriente-subita","status":"publish","type":"post","link":"https:\/\/vocesdelaregion.com\/index.php\/2025\/03\/31\/las-arrastro-una-corriente-subita\/","title":{"rendered":"Las arrastr\u00f3 una corriente s\u00fabita."},"content":{"rendered":"\n<p>Sucedi\u00f3 la noche de este domingo 30 de marzo en la vereda La Libertad, zona rural entre los municipios de San Jos\u00e9 y Risaralda.<\/p>\n\n\n\n<p>Las mujeres iban en motos por el sector El Planch\u00f3n cuando fueron arrastradas.<\/p>\n\n\n\n<p>Una fue rescatada en el sitio por brigadistas de la Concesi\u00f3n Pac\u00edfico Tres.<\/p>\n\n\n\n<p>La otra fue hallada, rescatada m\u00e1s o menos a 1 kil\u00f3metro del sitio inicial por bomberos del corregimiento de Arauca.<\/p>\n\n\n\n<figure class=\"wp-block-video\"><video height=\"576\" style=\"aspect-ratio: 1024 \/ 576;\" width=\"1024\" controls src=\"https:\/\/vocesdelaregion.com\/wp-content\/uploads\/2025\/03\/Business-Suite_creation_970423914843944.mp4\"><\/video><figcaption class=\"wp-element-caption\">Momento del rescate de la segunda mujer<\/figcaption><\/figure>\n\n\n\n<p>Fueron trasladadas al hospital Santa Sof\u00eda de Arauca<\/p>\n\n\n\n<p>Unidades de Bomberos Viterbo y Bomberos Risaralda (Caldas) apoyaron en los rescates.<\/p>\n\n\n\n<p>Las dos mujeres son empleadas de la Concesi\u00f3n Pac\u00edfico Tres y laboran en el peaje Guaico que queda a un kil\u00f3metro del sitio del accidente.<\/p>\n\n\n\n<figure class=\"wp-block-gallery has-nested-images columns-default is-cropped wp-block-gallery-1 is-layout-flex wp-block-gallery-is-layout-flex\">\n<figure class=\"wp-block-image size-large\"><img fetchpriority=\"high\" decoding=\"async\" width=\"1024\" height=\"768\" data-id=\"4766\" src=\"https:\/\/vocesdelaregion.com\/wp-content\/uploads\/2025\/03\/img-20250330-wa01994957532987733489835-1024x768.jpg\" alt=\"\" class=\"wp-image-4766\" srcset=\"https:\/\/vocesdelaregion.com\/wp-content\/uploads\/2025\/03\/img-20250330-wa01994957532987733489835-1024x768.jpg 1024w, https:\/\/vocesdelaregion.com\/wp-content\/uploads\/2025\/03\/img-20250330-wa01994957532987733489835-300x225.jpg 300w, https:\/\/vocesdelaregion.com\/wp-content\/uploads\/2025\/03\/img-20250330-wa01994957532987733489835-768x576.jpg 768w, https:\/\/vocesdelaregion.com\/wp-content\/uploads\/2025\/03\/img-20250330-wa01994957532987733489835-1536x1152.jpg 1536w, https:\/\/vocesdelaregion.com\/wp-content\/uploads\/2025\/03\/img-20250330-wa01994957532987733489835-136x102.jpg 136w, https:\/\/vocesdelaregion.com\/wp-content\/uploads\/2025\/03\/img-20250330-wa01994957532987733489835-600x450.jpg 600w, https:\/\/vocesdelaregion.com\/wp-content\/uploads\/2025\/03\/img-20250330-wa01994957532987733489835.jpg 1600w\" sizes=\"(max-width: 1024px) 100vw, 1024px\" \/><\/figure>\n\n\n\n<figure class=\"wp-block-image size-large\"><img decoding=\"async\" width=\"1024\" height=\"768\" data-id=\"4767\" src=\"https:\/\/vocesdelaregion.com\/wp-content\/uploads\/2025\/03\/img-20250330-wa01972190778793992306168-1024x768.jpg\" alt=\"\" class=\"wp-image-4767\" srcset=\"https:\/\/vocesdelaregion.com\/wp-content\/uploads\/2025\/03\/img-20250330-wa01972190778793992306168-1024x768.jpg 1024w, https:\/\/vocesdelaregion.com\/wp-content\/uploads\/2025\/03\/img-20250330-wa01972190778793992306168-300x225.jpg 300w, https:\/\/vocesdelaregion.com\/wp-content\/uploads\/2025\/03\/img-20250330-wa01972190778793992306168-768x576.jpg 768w, https:\/\/vocesdelaregion.com\/wp-content\/uploads\/2025\/03\/img-20250330-wa01972190778793992306168-1536x1152.jpg 1536w, https:\/\/vocesdelaregion.com\/wp-content\/uploads\/2025\/03\/img-20250330-wa01972190778793992306168-136x102.jpg 136w, https:\/\/vocesdelaregion.com\/wp-content\/uploads\/2025\/03\/img-20250330-wa01972190778793992306168-600x450.jpg 600w, https:\/\/vocesdelaregion.com\/wp-content\/uploads\/2025\/03\/img-20250330-wa01972190778793992306168.jpg 1600w\" sizes=\"(max-width: 1024px) 100vw, 1024px\" \/><\/figure>\n\n\n\n<figure class=\"wp-block-image size-large\"><img decoding=\"async\" width=\"1024\" height=\"768\" data-id=\"4765\" src=\"https:\/\/vocesdelaregion.com\/wp-content\/uploads\/2025\/03\/img-20250330-wa01965181803663004065355-1024x768.jpg\" alt=\"\" class=\"wp-image-4765\" srcset=\"https:\/\/vocesdelaregion.com\/wp-content\/uploads\/2025\/03\/img-20250330-wa01965181803663004065355-1024x768.jpg 1024w, https:\/\/vocesdelaregion.com\/wp-content\/uploads\/2025\/03\/img-20250330-wa01965181803663004065355-300x225.jpg 300w, https:\/\/vocesdelaregion.com\/wp-content\/uploads\/2025\/03\/img-20250330-wa01965181803663004065355-768x576.jpg 768w, https:\/\/vocesdelaregion.com\/wp-content\/uploads\/2025\/03\/img-20250330-wa01965181803663004065355-1536x1152.jpg 1536w, https:\/\/vocesdelaregion.com\/wp-content\/uploads\/2025\/03\/img-20250330-wa01965181803663004065355-136x102.jpg 136w, https:\/\/vocesdelaregion.com\/wp-content\/uploads\/2025\/03\/img-20250330-wa01965181803663004065355-600x450.jpg 600w, https:\/\/vocesdelaregion.com\/wp-content\/uploads\/2025\/03\/img-20250330-wa01965181803663004065355.jpg 1600w\" sizes=\"(max-width: 1024px) 100vw, 1024px\" \/><\/figure>\n<\/figure>\n","protected":false},"excerpt":{"rendered":"<p>Sucedi\u00f3 la noche de este domingo 30 de marzo en la vereda La Libertad, zona rural entre los municipios de San Jos\u00e9 y Risaralda. Las mujeres iban en motos por el sector El Planch\u00f3n cuando fueron arrastradas. Una fue rescatada en el sitio por brigadistas de la Concesi\u00f3n Pac\u00edfico Tres. La otra fue hallada, rescatada [&hellip;]<\/p>\n","protected":false},"author":1,"featured_media":4769,"comment_status":"open","ping_status":"open","sticky":false,"template":"","format":"standard","meta":{"om_disable_all_campaigns":false,"_monsterinsights_skip_tracking":false,"_monsterinsights_sitenote_active":false,"_monsterinsights_sitenote_note":"","_monsterinsights_sitenote_category":0,"_uf_show_specific_survey":0,"_uf_disable_surveys":false,"footnotes":""},"categories":[48,41,27,22,29],"tags":[369,129,72,370,371,85,84],"class_list":["post-4770","post","type-post","status-publish","format-standard","has-post-thumbnail","hentry","category-accidentes-de-transito","category-movilidad","category-occidente-prospero","category-risaralda","category-san-jose","tag-arrastradas","tag-bomberos","tag-caldas","tag-creciente-subita","tag-el-planchon","tag-risaralda","tag-san-jose"],"aioseo_notices":[],"blog_post_layout_featured_media_urls":{"thumbnail":["https:\/\/vocesdelaregion.com\/wp-content\/uploads\/2025\/03\/IMG-20250330-WA0198-150x150.jpg",150,150,true],"full":["https:\/\/vocesdelaregion.com\/wp-content\/uploads\/2025\/03\/IMG-20250330-WA0198.jpg",1600,1200,false]},"categories_names":{"48":{"name":"Accidentes de tr\u00e1nsito","link":"https:\/\/vocesdelaregion.com\/index.php\/category\/movilidad\/accidentes-de-transito\/"},"41":{"name":"Movilidad","link":"https:\/\/vocesdelaregion.com\/index.php\/category\/movilidad\/"},"27":{"name":"Occidente Pr\u00f3spero","link":"https:\/\/vocesdelaregion.com\/index.php\/category\/occidente-prospero\/"},"22":{"name":"Risaralda","link":"https:\/\/vocesdelaregion.com\/index.php\/category\/occidente-prospero\/risaralda\/"},"29":{"name":"San Jos\u00e9","link":"https:\/\/vocesdelaregion.com\/index.php\/category\/occidente-prospero\/san-jose\/"}},"tags_names":{"369":{"name":"arrastradas","link":"https:\/\/vocesdelaregion.com\/index.php\/tag\/arrastradas\/"},"129":{"name":"bomberos","link":"https:\/\/vocesdelaregion.com\/index.php\/tag\/bomberos\/"},"72":{"name":"caldas","link":"https:\/\/vocesdelaregion.com\/index.php\/tag\/caldas\/"},"370":{"name":"creciente s\u00fabita","link":"https:\/\/vocesdelaregion.com\/index.php\/tag\/creciente-subita\/"},"371":{"name":"El Planch\u00f3n","link":"https:\/\/vocesdelaregion.com\/index.php\/tag\/el-planchon\/"},"85":{"name":"risaralda","link":"https:\/\/vocesdelaregion.com\/index.php\/tag\/risaralda\/"},"84":{"name":"San Jos\u00e9","link":"https:\/\/vocesdelaregion.com\/index.php\/tag\/san-jose\/"}},"comments_number":"0","wpmagazine_modules_lite_featured_media_urls":{"thumbnail":["https:\/\/vocesdelaregion.com\/wp-content\/uploads\/2025\/03\/IMG-20250330-WA0198-150x150.jpg",150,150,true],"cvmm-medium":["https:\/\/vocesdelaregion.com\/wp-content\/uploads\/2025\/03\/IMG-20250330-WA0198-300x300.jpg",300,300,true],"cvmm-medium-plus":["https:\/\/vocesdelaregion.com\/wp-content\/uploads\/2025\/03\/IMG-20250330-WA0198-305x207.jpg",305,207,true],"cvmm-portrait":["https:\/\/vocesdelaregion.com\/wp-content\/uploads\/2025\/03\/IMG-20250330-WA0198-400x600.jpg",400,600,true],"cvmm-medium-square":["https:\/\/vocesdelaregion.com\/wp-content\/uploads\/2025\/03\/IMG-20250330-WA0198-600x600.jpg",600,600,true],"cvmm-large":["https:\/\/vocesdelaregion.com\/wp-content\/uploads\/2025\/03\/IMG-20250330-WA0198-1024x1024.jpg",1024,1024,true],"cvmm-small":["https:\/\/vocesdelaregion.com\/wp-content\/uploads\/2025\/03\/IMG-20250330-WA0198-130x95.jpg",130,95,true],"full":["https:\/\/vocesdelaregion.com\/wp-content\/uploads\/2025\/03\/IMG-20250330-WA0198.jpg",1600,1200,false]},"_links":{"self":[{"href":"https:\/\/vocesdelaregion.com\/index.php\/wp-json\/wp\/v2\/posts\/4770","targetHints":{"allow":["GET"]}}],"collection":[{"href":"https:\/\/vocesdelaregion.com\/index.php\/wp-json\/wp\/v2\/posts"}],"about":[{"href":"https:\/\/vocesdelaregion.com\/index.php\/wp-json\/wp\/v2\/types\/post"}],"author":[{"embeddable":true,"href":"https:\/\/vocesdelaregion.com\/index.php\/wp-json\/wp\/v2\/users\/1"}],"replies":[{"embeddable":true,"href":"https:\/\/vocesdelaregion.com\/index.php\/wp-json\/wp\/v2\/comments?post=4770"}],"version-history":[{"count":1,"href":"https:\/\/vocesdelaregion.com\/index.php\/wp-json\/wp\/v2\/posts\/4770\/revisions"}],"predecessor-version":[{"id":4771,"href":"https:\/\/vocesdelaregion.com\/index.php\/wp-json\/wp\/v2\/posts\/4770\/revisions\/4771"}],"wp:featuredmedia":[{"embeddable":true,"href":"https:\/\/vocesdelaregion.com\/index.php\/wp-json\/wp\/v2\/media\/4769"}],"wp:attachment":[{"href":"https:\/\/vocesdelaregion.com\/index.php\/wp-json\/wp\/v2\/media?parent=4770"}],"wp:term":[{"taxonomy":"category","embeddable":true,"href":"https:\/\/vocesdelaregion.com\/index.php\/wp-json\/wp\/v2\/categories?post=4770"},{"taxonomy":"post_tag","embeddable":true,"href":"https:\/\/vocesdelaregion.com\/index.php\/wp-json\/wp\/v2\/tags?post=4770"}],"curies":[{"name":"wp","href":"https:\/\/api.w.org\/{rel}","templated":true}]}}