{"id":4714,"date":"2025-03-29T20:54:23","date_gmt":"2025-03-30T01:54:23","guid":{"rendered":"https:\/\/vocesdelaregion.com\/?p=4714"},"modified":"2025-03-29T22:08:34","modified_gmt":"2025-03-30T03:08:34","slug":"atencion-una-persona-fallecio-por-fiebre-amarilla-en-el-area-metropolitana","status":"publish","type":"post","link":"https:\/\/vocesdelaregion.com\/index.php\/2025\/03\/29\/atencion-una-persona-fallecio-por-fiebre-amarilla-en-el-area-metropolitana\/","title":{"rendered":"Atenci\u00f3n: una persona falleci\u00f3 por fiebre amarilla en el \u00c1rea Metropolitana."},"content":{"rendered":"\n<p>El Gobierno de Caldas, la Direcci\u00f3n Territorial de Salud y la Alcald\u00eda de Neira informan sobre un caso de fiebre amarilla reportado en horas recientes y el cual, lastimosamente, ocasion\u00f3 el deceso de la persona portadora de la enfermedad.<\/p>\n\n\n\n<p><br \/>Los hechos ocurrieron en el municipio de Neira, desde donde se hizo el reporte epidemiol\u00f3gico de esta situaci\u00f3n, cuyos antecedentes y circunstancias ya est\u00e1n en investigaci\u00f3n por parte de las autoridades sanitarias territoriales y nacionales.<\/p>\n\n\n\n<p><br \/>\u201c<em>Este caso fue confirmado por el Instituto Nacional de Salud y, desde el mismo momento de la ratificaci\u00f3n, hemos trabajado de manera articulada con la Direcci\u00f3n Territorial de Salud y la Gobernaci\u00f3n de Caldas para hacer los procedimientos adecuados. En la ma\u00f1ana tuvimos un Consejo de Gesti\u00f3n del Riesgo donde estructuramos un cerco epidemiol\u00f3gico,<\/em><br \/><em>llegamos hasta el sitio, hicimos verificaci\u00f3n de la situaci\u00f3n y los an\u00e1lisis respectivos<\/em>\u201d, indic\u00f3 el alcalde de Neira, Jhon Jairo Casta\u00f1o.<\/p>\n\n\n\n<p><br \/>Posteriormente, en horas de la tarde, las tres entidades llevaron a cabo un Puesto de Mando Unificado en el cual se tomaron las decisiones que se ejecutar\u00e1n desde primera hora de este domingo.<\/p>\n\n\n\n<figure class=\"wp-block-gallery has-nested-images columns-default is-cropped wp-block-gallery-1 is-layout-flex wp-block-gallery-is-layout-flex\">\n<figure class=\"wp-block-image size-large\"><img fetchpriority=\"high\" decoding=\"async\" width=\"1024\" height=\"576\" data-id=\"4712\" src=\"https:\/\/vocesdelaregion.com\/wp-content\/uploads\/2025\/03\/img-20250329-wa03211589239003932531788-1024x576.jpg\" alt=\"\" class=\"wp-image-4712\" srcset=\"https:\/\/vocesdelaregion.com\/wp-content\/uploads\/2025\/03\/img-20250329-wa03211589239003932531788-1024x576.jpg 1024w, https:\/\/vocesdelaregion.com\/wp-content\/uploads\/2025\/03\/img-20250329-wa03211589239003932531788-300x169.jpg 300w, https:\/\/vocesdelaregion.com\/wp-content\/uploads\/2025\/03\/img-20250329-wa03211589239003932531788-768x432.jpg 768w, https:\/\/vocesdelaregion.com\/wp-content\/uploads\/2025\/03\/img-20250329-wa03211589239003932531788-1536x864.jpg 1536w, https:\/\/vocesdelaregion.com\/wp-content\/uploads\/2025\/03\/img-20250329-wa03211589239003932531788-600x338.jpg 600w, https:\/\/vocesdelaregion.com\/wp-content\/uploads\/2025\/03\/img-20250329-wa03211589239003932531788.jpg 1600w\" sizes=\"(max-width: 1024px) 100vw, 1024px\" \/><\/figure>\n\n\n\n<figure class=\"wp-block-image size-large\"><img decoding=\"async\" width=\"1024\" height=\"576\" data-id=\"4711\" src=\"https:\/\/vocesdelaregion.com\/wp-content\/uploads\/2025\/03\/img-20250329-wa03208890540259123190600-1024x576.jpg\" alt=\"\" class=\"wp-image-4711\" srcset=\"https:\/\/vocesdelaregion.com\/wp-content\/uploads\/2025\/03\/img-20250329-wa03208890540259123190600-1024x576.jpg 1024w, https:\/\/vocesdelaregion.com\/wp-content\/uploads\/2025\/03\/img-20250329-wa03208890540259123190600-300x169.jpg 300w, https:\/\/vocesdelaregion.com\/wp-content\/uploads\/2025\/03\/img-20250329-wa03208890540259123190600-768x432.jpg 768w, https:\/\/vocesdelaregion.com\/wp-content\/uploads\/2025\/03\/img-20250329-wa03208890540259123190600-1536x864.jpg 1536w, https:\/\/vocesdelaregion.com\/wp-content\/uploads\/2025\/03\/img-20250329-wa03208890540259123190600-600x338.jpg 600w, https:\/\/vocesdelaregion.com\/wp-content\/uploads\/2025\/03\/img-20250329-wa03208890540259123190600.jpg 1600w\" sizes=\"(max-width: 1024px) 100vw, 1024px\" \/><\/figure>\n<figcaption class=\"blocks-gallery-caption wp-element-caption\">Puesto de Mando Unificado <\/figcaption><\/figure>\n\n\n\n<p><br \/>\u201c<em>Desde el primer minuto, el Gobierno de Caldas est\u00e1 acompa\u00f1ando esta situaci\u00f3n que se<\/em> <em>presenta en Neira. Hemos trabajado para tomar las decisiones m\u00e1s acertadas y que la<\/em> <em>ciudadan\u00eda conozca qu\u00e9 est\u00e1 sucediendo, pero \u2013 sobre todo- para que se haga consciente<\/em> <em>de los riesgos y acuda desde ma\u00f1ana a vacunarse<\/em>\u201d, mencion\u00f3 el gobernador (e) de Caldas,<br \/>Ronald Bonilla.<\/p>\n\n\n\n<p><br \/>Desde la Direcci\u00f3n Territorial de Salud de Caldas tambi\u00e9n se despleg\u00f3 un trabajo conjunto de los equipos de Salud P\u00fablica y de Enfermedades Transmitidas por Vectores (ETV) para atender la situaci\u00f3n de manera integral. Esto, de la mano del Instituto Nacional de Salud y el Ministerio de Salud.<\/p>\n\n\n\n<p><br \/>\u201c<em>Nuestro llamado es a la vacunaci\u00f3n, no queremos ning\u00fan otro fallecimiento por fiebre amarilla. Ya sabemos que esto ha estado pasando en otro departamento, pero no puede ser el caso de Caldas. As\u00ed que el deber de todos es salir a vacunarnos<\/em>\u201d, precis\u00f3 Natalia Casta\u00f1o D\u00edaz, directora de la DTSC.<\/p>\n\n\n\n<figure class=\"wp-block-embed is-type-video is-provider-youtube wp-block-embed-youtube wp-embed-aspect-16-9 wp-has-aspect-ratio\"><div class=\"wp-block-embed__wrapper\">\n<iframe title=\"Emergencia por caso de fiebre amarilla en Caldas. Se reporta una persona muerta.\" width=\"640\" height=\"360\" src=\"https:\/\/www.youtube.com\/embed\/s7ScuSSJRIs?feature=oembed\" frameborder=\"0\" allow=\"accelerometer; autoplay; clipboard-write; encrypted-media; gyroscope; picture-in-picture; web-share\" referrerpolicy=\"strict-origin-when-cross-origin\" allowfullscreen><\/iframe>\n<\/div><\/figure>\n\n\n\n<p><strong>Jornadas de vacunaci\u00f3n masivas en Neira<\/strong><br \/>Este domingo iniciar\u00e1 la jornada de vacunaci\u00f3n masiva en Neira. Para ello, desde la Direcci\u00f3n Territorial de Salud se dispusieron 14 equipos que llegar\u00e1n desde otros&nbsp; municipios y que fueron puestos a disposici\u00f3n por entidades p\u00fablicas y privadas. <\/p>\n\n\n\n<p>Ser\u00e1n cuatro puntos de vacunaci\u00f3n distribuidos as\u00ed: <br \/>\u2022 Hospital San Jos\u00e9 de Neira. <br \/>\u2022 Parque principal.<br \/>\u2022 Plaza de mercado (Galer\u00eda).<br \/>\u2022 Barrio La Cuchilla.<br \/><\/p>\n\n\n\n<p>\u201cInvitamos a todos los habitantes de Neira a acudir de manera masiva a estos puestos; as\u00ed podr\u00e1 protegerse no solo a la poblaci\u00f3n neirana, sino a la de todo el departamento. La vacunaci\u00f3n es totalmente gratis\u201d, agreg\u00f3 la directora territorial de Salud. <\/p>\n\n\n\n<p><br \/>Desde el Gobierno de Caldas se insta a la comunidad a asistir a esta jornada en Neira, pero tambi\u00e9n a acudir a los hospitales de los dem\u00e1s 26 municipios, donde la inmunizaci\u00f3n es totalmente gratis.<\/p>\n\n\n\n<p><br \/>As\u00ed mismo, se invita a la ciudadan\u00eda a estar atentos a los s\u00edntomas de alerta m\u00e1s frecuentes de esta enfermedad, como lo son fiebre, dolor de cabeza, dolores musculares, n\u00e1useas y sangrado.<\/p>\n\n\n\n<p><\/p>\n","protected":false},"excerpt":{"rendered":"<p>El Gobierno de Caldas, la Direcci\u00f3n Territorial de Salud y la Alcald\u00eda de Neira informan sobre un caso de fiebre amarilla reportado en horas recientes y el cual, lastimosamente, ocasion\u00f3 el deceso de la persona portadora de la enfermedad. Los hechos ocurrieron en el municipio de Neira, desde donde se hizo el reporte epidemiol\u00f3gico de [&hellip;]<\/p>\n","protected":false},"author":1,"featured_media":4713,"comment_status":"open","ping_status":"open","sticky":false,"template":"","format":"standard","meta":{"om_disable_all_campaigns":false,"_monsterinsights_skip_tracking":false,"_monsterinsights_sitenote_active":false,"_monsterinsights_sitenote_note":"","_monsterinsights_sitenote_category":0,"_uf_show_specific_survey":0,"_uf_disable_surveys":false,"footnotes":""},"categories":[58,46,357,356,328],"tags":[],"class_list":["post-4714","post","type-post","status-publish","format-standard","has-post-thumbnail","hentry","category-alcaldias","category-centro-sur","category-gobernacion-de-caldas","category-gobernaciones","category-salud"],"aioseo_notices":[],"blog_post_layout_featured_media_urls":{"thumbnail":["https:\/\/vocesdelaregion.com\/wp-content\/uploads\/2025\/03\/IMG-20250329-WA0322-150x150.jpg",150,150,true],"full":["https:\/\/vocesdelaregion.com\/wp-content\/uploads\/2025\/03\/IMG-20250329-WA0322.jpg",1600,900,false]},"categories_names":{"58":{"name":"Alcald\u00edas","link":"https:\/\/vocesdelaregion.com\/index.php\/category\/alcaldias\/"},"46":{"name":"Centro sur","link":"https:\/\/vocesdelaregion.com\/index.php\/category\/caldas\/centro-sur\/"},"357":{"name":"Gobernaci\u00f3n de Caldas","link":"https:\/\/vocesdelaregion.com\/index.php\/category\/gobernaciones\/gobernacion-de-caldas\/"},"356":{"name":"Gobernaciones","link":"https:\/\/vocesdelaregion.com\/index.php\/category\/gobernaciones\/"},"328":{"name":"Salud","link":"https:\/\/vocesdelaregion.com\/index.php\/category\/salud\/"}},"tags_names":[],"comments_number":"0","wpmagazine_modules_lite_featured_media_urls":{"thumbnail":["https:\/\/vocesdelaregion.com\/wp-content\/uploads\/2025\/03\/IMG-20250329-WA0322-150x150.jpg",150,150,true],"cvmm-medium":["https:\/\/vocesdelaregion.com\/wp-content\/uploads\/2025\/03\/IMG-20250329-WA0322-300x300.jpg",300,300,true],"cvmm-medium-plus":["https:\/\/vocesdelaregion.com\/wp-content\/uploads\/2025\/03\/IMG-20250329-WA0322-305x207.jpg",305,207,true],"cvmm-portrait":["https:\/\/vocesdelaregion.com\/wp-content\/uploads\/2025\/03\/IMG-20250329-WA0322-400x600.jpg",400,600,true],"cvmm-medium-square":["https:\/\/vocesdelaregion.com\/wp-content\/uploads\/2025\/03\/IMG-20250329-WA0322-600x600.jpg",600,600,true],"cvmm-large":["https:\/\/vocesdelaregion.com\/wp-content\/uploads\/2025\/03\/IMG-20250329-WA0322-1024x900.jpg",1024,900,true],"cvmm-small":["https:\/\/vocesdelaregion.com\/wp-content\/uploads\/2025\/03\/IMG-20250329-WA0322-130x95.jpg",130,95,true],"full":["https:\/\/vocesdelaregion.com\/wp-content\/uploads\/2025\/03\/IMG-20250329-WA0322.jpg",1600,900,false]},"_links":{"self":[{"href":"https:\/\/vocesdelaregion.com\/index.php\/wp-json\/wp\/v2\/posts\/4714","targetHints":{"allow":["GET"]}}],"collection":[{"href":"https:\/\/vocesdelaregion.com\/index.php\/wp-json\/wp\/v2\/posts"}],"about":[{"href":"https:\/\/vocesdelaregion.com\/index.php\/wp-json\/wp\/v2\/types\/post"}],"author":[{"embeddable":true,"href":"https:\/\/vocesdelaregion.com\/index.php\/wp-json\/wp\/v2\/users\/1"}],"replies":[{"embeddable":true,"href":"https:\/\/vocesdelaregion.com\/index.php\/wp-json\/wp\/v2\/comments?post=4714"}],"version-history":[{"count":2,"href":"https:\/\/vocesdelaregion.com\/index.php\/wp-json\/wp\/v2\/posts\/4714\/revisions"}],"predecessor-version":[{"id":4716,"href":"https:\/\/vocesdelaregion.com\/index.php\/wp-json\/wp\/v2\/posts\/4714\/revisions\/4716"}],"wp:featuredmedia":[{"embeddable":true,"href":"https:\/\/vocesdelaregion.com\/index.php\/wp-json\/wp\/v2\/media\/4713"}],"wp:attachment":[{"href":"https:\/\/vocesdelaregion.com\/index.php\/wp-json\/wp\/v2\/media?parent=4714"}],"wp:term":[{"taxonomy":"category","embeddable":true,"href":"https:\/\/vocesdelaregion.com\/index.php\/wp-json\/wp\/v2\/categories?post=4714"},{"taxonomy":"post_tag","embeddable":true,"href":"https:\/\/vocesdelaregion.com\/index.php\/wp-json\/wp\/v2\/tags?post=4714"}],"curies":[{"name":"wp","href":"https:\/\/api.w.org\/{rel}","templated":true}]}}