{"id":4697,"date":"2025-03-28T10:08:00","date_gmt":"2025-03-28T15:08:00","guid":{"rendered":"https:\/\/vocesdelaregion.com\/?p=4697"},"modified":"2025-03-30T12:39:27","modified_gmt":"2025-03-30T17:39:27","slug":"ojitos-responsable-de-matar-a-un-ganadero-en-el-magdalena-caldense","status":"publish","type":"post","link":"https:\/\/vocesdelaregion.com\/index.php\/2025\/03\/28\/ojitos-responsable-de-matar-a-un-ganadero-en-el-magdalena-caldense\/","title":{"rendered":"&#8220;Ojitos&#8221;, responsable de matar a un ganadero en el Magdalena caldense"},"content":{"rendered":"\n<p>El ahora procesado har\u00eda parte del brazo sicarial de la organizaci\u00f3n delincuencial La L\u00ednea<br>que delinque en La Dorada e Ibagu\u00e9 (Tolima).<\/p>\n\n\n\n<p>Jeferson David S\u00e1nchez Arango, alias Ojitos, fue judicializado por un fiscal de La Dorada (Caldas) como presunto responsable de los delitos de homicidio agravado y fabricaci\u00f3n, tr\u00e1fico, y porte de armas de fuego, accesorios, o municiones. El procesado habr\u00eda participado en el asesinato de un ganadero, ocurrido el 1 de septiembre de 2023, en la vereda La Atarraya del Puerto Caldense.<\/p>\n\n\n\n<figure class=\"wp-block-embed is-type-video is-provider-youtube wp-block-embed-youtube wp-embed-aspect-16-9 wp-has-aspect-ratio\"><div class=\"wp-block-embed__wrapper\">\n<iframe title=\"Capturaron a Ojitos\" width=\"640\" height=\"360\" src=\"https:\/\/www.youtube.com\/embed\/Pi6gUtknMDk?feature=oembed\" frameborder=\"0\" allow=\"accelerometer; autoplay; clipboard-write; encrypted-media; gyroscope; picture-in-picture; web-share\" referrerpolicy=\"strict-origin-when-cross-origin\" allowfullscreen><\/iframe>\n<\/div><\/figure>\n\n\n\n<p><br>Las versiones recaudadas se\u00f1alan que el d\u00eda de los hechos, al lugar del crimen lleg\u00f3 S\u00e1nchez Arango en compa\u00f1\u00eda de tres personas m\u00e1s. Tras recorrer la zona en dos motocicletas, \u2018Ojitos\u2019 habr\u00eda sido dejado en un espacio desde el cual podr\u00eda avisar por radiotel\u00e9fono a los responsables de ejecutar el asesinato, los movimientos de las autoridades.<\/p>\n\n\n\n<figure class=\"wp-block-embed is-type-video is-provider-youtube wp-block-embed-youtube wp-embed-aspect-16-9 wp-has-aspect-ratio\"><div class=\"wp-block-embed__wrapper\">\n<iframe title=\"Audiencia, captura Ojitos\" width=\"640\" height=\"360\" src=\"https:\/\/www.youtube.com\/embed\/_xer4zhlUWA?feature=oembed\" frameborder=\"0\" allow=\"accelerometer; autoplay; clipboard-write; encrypted-media; gyroscope; picture-in-picture; web-share\" referrerpolicy=\"strict-origin-when-cross-origin\" allowfullscreen><\/iframe>\n<\/div><\/figure>\n\n\n\n<p><br>Dos de las personas habr\u00edan aguardado escondidos la llegada de la v\u00edctima. Al arribar, el hijo de esta \u00faltima se baj\u00f3 del carro para abrir la reja de ingreso a la finca, mientras tanto uno de los hombres sali\u00f3 y dispar\u00f3 contra el finquero. Lo propio hizo Diomedes de Jes\u00fas Rodr\u00edguez Belbasto, judicializado por estos mismos hechos. El hombre muri\u00f3 de inmediato.<\/p>\n\n\n\n<figure class=\"wp-block-embed is-type-video is-provider-youtube wp-block-embed-youtube wp-embed-aspect-16-9 wp-has-aspect-ratio\"><div class=\"wp-block-embed__wrapper\">\n<iframe title=\"Audiencia captura ojitos\" width=\"640\" height=\"360\" src=\"https:\/\/www.youtube.com\/embed\/3qqCPKOZiC0?feature=oembed\" frameborder=\"0\" allow=\"accelerometer; autoplay; clipboard-write; encrypted-media; gyroscope; picture-in-picture; web-share\" referrerpolicy=\"strict-origin-when-cross-origin\" allowfullscreen><\/iframe>\n<\/div><\/figure>\n\n\n\n<p><br>Los cuatro sujetos huyeron del lugar en dos motos, que luego fueron encontradas abandonadas.<\/p>\n\n\n\n<p><br>Alias Ojitos, quien no acept\u00f3 los cargos en su contra, fue capturado por funcionarios del CTI de la Fiscal\u00eda en Ibagu\u00e9. Una juez de control de garant\u00edas le impuso medida de aseguramiento en centro carcelario.<\/p>\n\n\n\n<figure class=\"wp-block-image size-full\"><img fetchpriority=\"high\" decoding=\"async\" width=\"900\" height=\"740\" src=\"https:\/\/vocesdelaregion.com\/wp-content\/uploads\/2025\/03\/WhatsApp-Image-2025-03-28-at-10.37.51-AM-1.jpeg\" alt=\"\" class=\"wp-image-4698\" srcset=\"https:\/\/vocesdelaregion.com\/wp-content\/uploads\/2025\/03\/WhatsApp-Image-2025-03-28-at-10.37.51-AM-1.jpeg 900w, https:\/\/vocesdelaregion.com\/wp-content\/uploads\/2025\/03\/WhatsApp-Image-2025-03-28-at-10.37.51-AM-1-300x247.jpeg 300w, https:\/\/vocesdelaregion.com\/wp-content\/uploads\/2025\/03\/WhatsApp-Image-2025-03-28-at-10.37.51-AM-1-768x631.jpeg 768w, https:\/\/vocesdelaregion.com\/wp-content\/uploads\/2025\/03\/WhatsApp-Image-2025-03-28-at-10.37.51-AM-1-600x493.jpeg 600w\" sizes=\"(max-width: 900px) 100vw, 900px\" \/><\/figure>\n","protected":false},"excerpt":{"rendered":"<p>El ahora procesado har\u00eda parte del brazo sicarial de la organizaci\u00f3n delincuencial La L\u00edneaque delinque en La Dorada e Ibagu\u00e9 (Tolima). Jeferson David S\u00e1nchez Arango, alias Ojitos, fue judicializado por un fiscal de La Dorada (Caldas) como presunto responsable de los delitos de homicidio agravado y fabricaci\u00f3n, tr\u00e1fico, y porte de armas de fuego, accesorios, [&hellip;]<\/p>\n","protected":false},"author":1,"featured_media":4699,"comment_status":"open","ping_status":"open","sticky":false,"template":"","format":"standard","meta":{"om_disable_all_campaigns":false,"_monsterinsights_skip_tracking":false,"_monsterinsights_sitenote_active":false,"_monsterinsights_sitenote_note":"","_monsterinsights_sitenote_category":0,"_uf_show_specific_survey":0,"_uf_disable_surveys":false,"footnotes":""},"categories":[25,359],"tags":[],"class_list":["post-4697","post","type-post","status-publish","format-standard","has-post-thumbnail","hentry","category-judicial","category-judiciales-caldas"],"aioseo_notices":[],"blog_post_layout_featured_media_urls":{"thumbnail":["https:\/\/vocesdelaregion.com\/wp-content\/uploads\/2025\/03\/WhatsApp-Image-2025-03-28-at-10.37.51-AM-150x150.jpeg",150,150,true],"full":["https:\/\/vocesdelaregion.com\/wp-content\/uploads\/2025\/03\/WhatsApp-Image-2025-03-28-at-10.37.51-AM.jpeg",981,900,false]},"categories_names":{"25":{"name":"Judicial","link":"https:\/\/vocesdelaregion.com\/index.php\/category\/judicial\/"},"359":{"name":"Judiciales Caldas","link":"https:\/\/vocesdelaregion.com\/index.php\/category\/judicial\/judiciales-caldas\/"}},"tags_names":[],"comments_number":"0","wpmagazine_modules_lite_featured_media_urls":{"thumbnail":["https:\/\/vocesdelaregion.com\/wp-content\/uploads\/2025\/03\/WhatsApp-Image-2025-03-28-at-10.37.51-AM-150x150.jpeg",150,150,true],"cvmm-medium":["https:\/\/vocesdelaregion.com\/wp-content\/uploads\/2025\/03\/WhatsApp-Image-2025-03-28-at-10.37.51-AM-300x300.jpeg",300,300,true],"cvmm-medium-plus":["https:\/\/vocesdelaregion.com\/wp-content\/uploads\/2025\/03\/WhatsApp-Image-2025-03-28-at-10.37.51-AM-305x207.jpeg",305,207,true],"cvmm-portrait":["https:\/\/vocesdelaregion.com\/wp-content\/uploads\/2025\/03\/WhatsApp-Image-2025-03-28-at-10.37.51-AM-400x600.jpeg",400,600,true],"cvmm-medium-square":["https:\/\/vocesdelaregion.com\/wp-content\/uploads\/2025\/03\/WhatsApp-Image-2025-03-28-at-10.37.51-AM-600x600.jpeg",600,600,true],"cvmm-large":["https:\/\/vocesdelaregion.com\/wp-content\/uploads\/2025\/03\/WhatsApp-Image-2025-03-28-at-10.37.51-AM.jpeg",981,900,false],"cvmm-small":["https:\/\/vocesdelaregion.com\/wp-content\/uploads\/2025\/03\/WhatsApp-Image-2025-03-28-at-10.37.51-AM-130x95.jpeg",130,95,true],"full":["https:\/\/vocesdelaregion.com\/wp-content\/uploads\/2025\/03\/WhatsApp-Image-2025-03-28-at-10.37.51-AM.jpeg",981,900,false]},"_links":{"self":[{"href":"https:\/\/vocesdelaregion.com\/index.php\/wp-json\/wp\/v2\/posts\/4697","targetHints":{"allow":["GET"]}}],"collection":[{"href":"https:\/\/vocesdelaregion.com\/index.php\/wp-json\/wp\/v2\/posts"}],"about":[{"href":"https:\/\/vocesdelaregion.com\/index.php\/wp-json\/wp\/v2\/types\/post"}],"author":[{"embeddable":true,"href":"https:\/\/vocesdelaregion.com\/index.php\/wp-json\/wp\/v2\/users\/1"}],"replies":[{"embeddable":true,"href":"https:\/\/vocesdelaregion.com\/index.php\/wp-json\/wp\/v2\/comments?post=4697"}],"version-history":[{"count":3,"href":"https:\/\/vocesdelaregion.com\/index.php\/wp-json\/wp\/v2\/posts\/4697\/revisions"}],"predecessor-version":[{"id":4720,"href":"https:\/\/vocesdelaregion.com\/index.php\/wp-json\/wp\/v2\/posts\/4697\/revisions\/4720"}],"wp:featuredmedia":[{"embeddable":true,"href":"https:\/\/vocesdelaregion.com\/index.php\/wp-json\/wp\/v2\/media\/4699"}],"wp:attachment":[{"href":"https:\/\/vocesdelaregion.com\/index.php\/wp-json\/wp\/v2\/media?parent=4697"}],"wp:term":[{"taxonomy":"category","embeddable":true,"href":"https:\/\/vocesdelaregion.com\/index.php\/wp-json\/wp\/v2\/categories?post=4697"},{"taxonomy":"post_tag","embeddable":true,"href":"https:\/\/vocesdelaregion.com\/index.php\/wp-json\/wp\/v2\/tags?post=4697"}],"curies":[{"name":"wp","href":"https:\/\/api.w.org\/{rel}","templated":true}]}}