{"id":4683,"date":"2025-03-27T11:50:00","date_gmt":"2025-03-27T16:50:00","guid":{"rendered":"https:\/\/vocesdelaregion.com\/?p=4683"},"modified":"2025-03-27T21:13:59","modified_gmt":"2025-03-28T02:13:59","slug":"fatal-choque-deja-un-motociclista-muerto","status":"publish","type":"post","link":"https:\/\/vocesdelaregion.com\/index.php\/2025\/03\/27\/fatal-choque-deja-un-motociclista-muerto\/","title":{"rendered":"Fatal choque deja un motociclista muerto"},"content":{"rendered":"\n<p>A esta hora se registra un lamentable accidente de tr\u00e1nsito en la v\u00eda Panamericana, glorieta Guamal. Una motocicleta se choc\u00f3 contra una volqueta.<\/p>\n\n\n\n<p>En el lugar falleci\u00f3 una ocupante de la moto, su conductor fue trasladado de urgencia a un centro asistencial por unidades del Grupo de B\u00fasqueda y Rescate ByR, seg\u00fan reporte con tramua en su cabeza.<\/p>\n\n\n\n<figure class=\"wp-block-gallery has-nested-images columns-default is-cropped wp-block-gallery-1 is-layout-flex wp-block-gallery-is-layout-flex\">\n<figure class=\"wp-block-image size-large\"><img fetchpriority=\"high\" decoding=\"async\" width=\"1024\" height=\"768\" data-id=\"4685\" src=\"https:\/\/vocesdelaregion.com\/wp-content\/uploads\/2025\/03\/WhatsApp-Image-2025-03-27-at-12.11.37-PM-1024x768.jpeg\" alt=\"\" class=\"wp-image-4685\" srcset=\"https:\/\/vocesdelaregion.com\/wp-content\/uploads\/2025\/03\/WhatsApp-Image-2025-03-27-at-12.11.37-PM-1024x768.jpeg 1024w, https:\/\/vocesdelaregion.com\/wp-content\/uploads\/2025\/03\/WhatsApp-Image-2025-03-27-at-12.11.37-PM-300x225.jpeg 300w, https:\/\/vocesdelaregion.com\/wp-content\/uploads\/2025\/03\/WhatsApp-Image-2025-03-27-at-12.11.37-PM-768x576.jpeg 768w, https:\/\/vocesdelaregion.com\/wp-content\/uploads\/2025\/03\/WhatsApp-Image-2025-03-27-at-12.11.37-PM-1536x1152.jpeg 1536w, https:\/\/vocesdelaregion.com\/wp-content\/uploads\/2025\/03\/WhatsApp-Image-2025-03-27-at-12.11.37-PM-136x102.jpeg 136w, https:\/\/vocesdelaregion.com\/wp-content\/uploads\/2025\/03\/WhatsApp-Image-2025-03-27-at-12.11.37-PM-600x450.jpeg 600w, https:\/\/vocesdelaregion.com\/wp-content\/uploads\/2025\/03\/WhatsApp-Image-2025-03-27-at-12.11.37-PM.jpeg 1600w\" sizes=\"(max-width: 1024px) 100vw, 1024px\" \/><\/figure>\n\n\n\n<figure class=\"wp-block-image size-large\"><img decoding=\"async\" width=\"783\" height=\"1024\" data-id=\"4684\" src=\"https:\/\/vocesdelaregion.com\/wp-content\/uploads\/2025\/03\/WhatsApp-Image-2025-03-27-at-12.13.12-PM-783x1024.jpeg\" alt=\"\" class=\"wp-image-4684\" srcset=\"https:\/\/vocesdelaregion.com\/wp-content\/uploads\/2025\/03\/WhatsApp-Image-2025-03-27-at-12.13.12-PM-783x1024.jpeg 783w, https:\/\/vocesdelaregion.com\/wp-content\/uploads\/2025\/03\/WhatsApp-Image-2025-03-27-at-12.13.12-PM-229x300.jpeg 229w, https:\/\/vocesdelaregion.com\/wp-content\/uploads\/2025\/03\/WhatsApp-Image-2025-03-27-at-12.13.12-PM-768x1005.jpeg 768w, https:\/\/vocesdelaregion.com\/wp-content\/uploads\/2025\/03\/WhatsApp-Image-2025-03-27-at-12.13.12-PM-600x785.jpeg 600w, https:\/\/vocesdelaregion.com\/wp-content\/uploads\/2025\/03\/WhatsApp-Image-2025-03-27-at-12.13.12-PM.jpeg 917w\" sizes=\"(max-width: 783px) 100vw, 783px\" \/><\/figure>\n<\/figure>\n\n\n\n<p>A\u00fan no se conoce la identidad de la v\u00edctima, los t\u00e9cnicos judiciales se dirigen al sitio para hacer las labores de levantamiento a cad\u00e1ver<\/p>\n\n\n\n<p>Hay problemas de movilidad en el sector.<\/p>\n\n\n\n<p>Noticia en desarrollo&#8230;<\/p>\n\n\n\n<figure class=\"wp-block-video\"><video height=\"848\" style=\"aspect-ratio: 480 \/ 848;\" width=\"480\" controls src=\"https:\/\/vocesdelaregion.com\/wp-content\/uploads\/2025\/03\/WhatsApp-Video-2025-03-27-at-12.26.51-PM.mp4\"><\/video><\/figure>\n","protected":false},"excerpt":{"rendered":"<p>A esta hora se registra un lamentable accidente de tr\u00e1nsito en la v\u00eda Panamericana, glorieta Guamal. Una motocicleta se choc\u00f3 contra una volqueta. En el lugar falleci\u00f3 una ocupante de la moto, su conductor fue trasladado de urgencia a un centro asistencial por unidades del Grupo de B\u00fasqueda y Rescate ByR, seg\u00fan reporte con tramua [&hellip;]<\/p>\n","protected":false},"author":1,"featured_media":4688,"comment_status":"open","ping_status":"open","sticky":false,"template":"","format":"standard","meta":{"om_disable_all_campaigns":false,"_monsterinsights_skip_tracking":false,"_monsterinsights_sitenote_active":false,"_monsterinsights_sitenote_note":"","_monsterinsights_sitenote_category":0,"_uf_show_specific_survey":0,"_uf_disable_surveys":false,"footnotes":""},"categories":[48,41,49],"tags":[],"class_list":["post-4683","post","type-post","status-publish","format-standard","has-post-thumbnail","hentry","category-accidentes-de-transito","category-movilidad","category-vias"],"aioseo_notices":[],"blog_post_layout_featured_media_urls":{"thumbnail":["https:\/\/vocesdelaregion.com\/wp-content\/uploads\/2025\/03\/WhatsApp-Image-2025-03-27-at-12.22.09-PM-150x150.jpeg",150,150,true],"full":["https:\/\/vocesdelaregion.com\/wp-content\/uploads\/2025\/03\/WhatsApp-Image-2025-03-27-at-12.22.09-PM.jpeg",720,1280,false]},"categories_names":{"48":{"name":"Accidentes de tr\u00e1nsito","link":"https:\/\/vocesdelaregion.com\/index.php\/category\/movilidad\/accidentes-de-transito\/"},"41":{"name":"Movilidad","link":"https:\/\/vocesdelaregion.com\/index.php\/category\/movilidad\/"},"49":{"name":"V\u00edas","link":"https:\/\/vocesdelaregion.com\/index.php\/category\/movilidad\/vias\/"}},"tags_names":[],"comments_number":"0","wpmagazine_modules_lite_featured_media_urls":{"thumbnail":["https:\/\/vocesdelaregion.com\/wp-content\/uploads\/2025\/03\/WhatsApp-Image-2025-03-27-at-12.22.09-PM-150x150.jpeg",150,150,true],"cvmm-medium":["https:\/\/vocesdelaregion.com\/wp-content\/uploads\/2025\/03\/WhatsApp-Image-2025-03-27-at-12.22.09-PM-300x300.jpeg",300,300,true],"cvmm-medium-plus":["https:\/\/vocesdelaregion.com\/wp-content\/uploads\/2025\/03\/WhatsApp-Image-2025-03-27-at-12.22.09-PM-305x207.jpeg",305,207,true],"cvmm-portrait":["https:\/\/vocesdelaregion.com\/wp-content\/uploads\/2025\/03\/WhatsApp-Image-2025-03-27-at-12.22.09-PM-400x600.jpeg",400,600,true],"cvmm-medium-square":["https:\/\/vocesdelaregion.com\/wp-content\/uploads\/2025\/03\/WhatsApp-Image-2025-03-27-at-12.22.09-PM-600x600.jpeg",600,600,true],"cvmm-large":["https:\/\/vocesdelaregion.com\/wp-content\/uploads\/2025\/03\/WhatsApp-Image-2025-03-27-at-12.22.09-PM-720x1024.jpeg",720,1024,true],"cvmm-small":["https:\/\/vocesdelaregion.com\/wp-content\/uploads\/2025\/03\/WhatsApp-Image-2025-03-27-at-12.22.09-PM-130x95.jpeg",130,95,true],"full":["https:\/\/vocesdelaregion.com\/wp-content\/uploads\/2025\/03\/WhatsApp-Image-2025-03-27-at-12.22.09-PM.jpeg",720,1280,false]},"_links":{"self":[{"href":"https:\/\/vocesdelaregion.com\/index.php\/wp-json\/wp\/v2\/posts\/4683","targetHints":{"allow":["GET"]}}],"collection":[{"href":"https:\/\/vocesdelaregion.com\/index.php\/wp-json\/wp\/v2\/posts"}],"about":[{"href":"https:\/\/vocesdelaregion.com\/index.php\/wp-json\/wp\/v2\/types\/post"}],"author":[{"embeddable":true,"href":"https:\/\/vocesdelaregion.com\/index.php\/wp-json\/wp\/v2\/users\/1"}],"replies":[{"embeddable":true,"href":"https:\/\/vocesdelaregion.com\/index.php\/wp-json\/wp\/v2\/comments?post=4683"}],"version-history":[{"count":3,"href":"https:\/\/vocesdelaregion.com\/index.php\/wp-json\/wp\/v2\/posts\/4683\/revisions"}],"predecessor-version":[{"id":4692,"href":"https:\/\/vocesdelaregion.com\/index.php\/wp-json\/wp\/v2\/posts\/4683\/revisions\/4692"}],"wp:featuredmedia":[{"embeddable":true,"href":"https:\/\/vocesdelaregion.com\/index.php\/wp-json\/wp\/v2\/media\/4688"}],"wp:attachment":[{"href":"https:\/\/vocesdelaregion.com\/index.php\/wp-json\/wp\/v2\/media?parent=4683"}],"wp:term":[{"taxonomy":"category","embeddable":true,"href":"https:\/\/vocesdelaregion.com\/index.php\/wp-json\/wp\/v2\/categories?post=4683"},{"taxonomy":"post_tag","embeddable":true,"href":"https:\/\/vocesdelaregion.com\/index.php\/wp-json\/wp\/v2\/tags?post=4683"}],"curies":[{"name":"wp","href":"https:\/\/api.w.org\/{rel}","templated":true}]}}