{"id":4637,"date":"2025-03-25T06:32:00","date_gmt":"2025-03-25T11:32:00","guid":{"rendered":"https:\/\/vocesdelaregion.com\/?p=4637"},"modified":"2025-03-25T10:41:02","modified_gmt":"2025-03-25T15:41:02","slug":"prendio-la-casa-queria-quemar-a-la-companera-y-a-dos-ninos","status":"publish","type":"post","link":"https:\/\/vocesdelaregion.com\/index.php\/2025\/03\/25\/prendio-la-casa-queria-quemar-a-la-companera-y-a-dos-ninos\/","title":{"rendered":"Prendi\u00f3 la casa, quer\u00eda quemar a la compa\u00f1era y a dos ni\u00f1os"},"content":{"rendered":"\n<p>El hecho se registr\u00f3 en el barrio Villa Asis del municipio de #Palestina, regi\u00f3n Centro Sur de #Caldas.<\/p>\n\n\n\n<p>Seg\u00fan vecinos, un hombre en alto grado de exaltaci\u00f3n y en un aparente hecho de violencia intrafamiliar le habr\u00eda prendido fuego a la casa, seg\u00fan ellos, gritando que iba a quemar la residencia junto a quien estaba dentro.<\/p>\n\n\n\n<p>Dicen en el sitio que momentos antes, la mujer que all\u00ed viv\u00eda hab\u00eda abandonado la vivienda, junto con sus dos hijos, precisamente por las amenazas del sujeto.<\/p>\n\n\n\n<figure class=\"wp-block-video\"><video height=\"1080\" style=\"aspect-ratio: 1080 \/ 1080;\" width=\"1080\" controls src=\"https:\/\/vocesdelaregion.com\/wp-content\/uploads\/2025\/03\/Sin-titulo-1080-x-1080-px-1080-x-1080-px-6.mp4\"><\/video><figcaption class=\"wp-element-caption\">Incendio Palestina<\/figcaption><\/figure>\n\n\n\n<p>Sobre el incendio, unidades de Bomberos Palestina atendieron la emergencia y reportaron:<\/p>\n\n\n\n<p><em>&#8220;En la madrugada de hoy, a las 2:45 AM, respondimos a una llamada de emergencia por un incendio estructural en el barrio Villa As\u00eds. Al llegar al lugar, encontramos un incendio de libre combusti\u00f3n en una vivienda. Gracias a la r\u00e1pida intervenci\u00f3n de nuestro equipo, logramos controlar el fuego y evitar que se propagara a las viviendas vecinas.<\/em><\/p>\n\n\n\n<p><em>Lamentablemente, una persona masculina que se encontraba dentro de la vivienda result\u00f3 con quemaduras de primer y segundo grado y fue trasladada al Hospital Santa Sof\u00eda, sede Palestina.<\/em><\/p>\n\n\n\n<p><em>Las causas del incendio son materia de investigaci\u00f3n.<\/em><\/p>\n\n\n\n<p><em>Agradecemos la colaboraci\u00f3n de la Polic\u00eda Nacional y el apoyo de la comunidad. El incidente fue atendido con nuestra m\u00e1quina de intervenci\u00f3n r\u00e1pida, una ambulancia y 7 unidades de bomberos.&#8221;<\/em><\/p>\n","protected":false},"excerpt":{"rendered":"<p>El hecho se registr\u00f3 en el barrio Villa Asis del municipio de #Palestina, regi\u00f3n Centro Sur de #Caldas. Seg\u00fan vecinos, un hombre en alto grado de exaltaci\u00f3n y en un aparente hecho de violencia intrafamiliar le habr\u00eda prendido fuego a la casa, seg\u00fan ellos, gritando que iba a quemar la residencia junto a quien estaba [&hellip;]<\/p>\n","protected":false},"author":1,"featured_media":4639,"comment_status":"open","ping_status":"open","sticky":false,"template":"","format":"standard","meta":{"om_disable_all_campaigns":false,"_monsterinsights_skip_tracking":false,"_monsterinsights_sitenote_active":false,"_monsterinsights_sitenote_note":"","_monsterinsights_sitenote_category":0,"_uf_show_specific_survey":0,"_uf_disable_surveys":false,"footnotes":""},"categories":[46,25,359],"tags":[],"class_list":["post-4637","post","type-post","status-publish","format-standard","has-post-thumbnail","hentry","category-centro-sur","category-judicial","category-judiciales-caldas"],"aioseo_notices":[],"blog_post_layout_featured_media_urls":{"thumbnail":["https:\/\/vocesdelaregion.com\/wp-content\/uploads\/2025\/03\/Captura-de-pantalla-2025-03-25-103716-150x150.png",150,150,true],"full":["https:\/\/vocesdelaregion.com\/wp-content\/uploads\/2025\/03\/Captura-de-pantalla-2025-03-25-103716.png",407,662,false]},"categories_names":{"46":{"name":"Centro sur","link":"https:\/\/vocesdelaregion.com\/index.php\/category\/caldas\/centro-sur\/"},"25":{"name":"Judicial","link":"https:\/\/vocesdelaregion.com\/index.php\/category\/judicial\/"},"359":{"name":"Judiciales Caldas","link":"https:\/\/vocesdelaregion.com\/index.php\/category\/judicial\/judiciales-caldas\/"}},"tags_names":[],"comments_number":"0","wpmagazine_modules_lite_featured_media_urls":{"thumbnail":["https:\/\/vocesdelaregion.com\/wp-content\/uploads\/2025\/03\/Captura-de-pantalla-2025-03-25-103716-150x150.png",150,150,true],"cvmm-medium":["https:\/\/vocesdelaregion.com\/wp-content\/uploads\/2025\/03\/Captura-de-pantalla-2025-03-25-103716-300x300.png",300,300,true],"cvmm-medium-plus":["https:\/\/vocesdelaregion.com\/wp-content\/uploads\/2025\/03\/Captura-de-pantalla-2025-03-25-103716-305x207.png",305,207,true],"cvmm-portrait":["https:\/\/vocesdelaregion.com\/wp-content\/uploads\/2025\/03\/Captura-de-pantalla-2025-03-25-103716-400x600.png",400,600,true],"cvmm-medium-square":["https:\/\/vocesdelaregion.com\/wp-content\/uploads\/2025\/03\/Captura-de-pantalla-2025-03-25-103716-407x600.png",407,600,true],"cvmm-large":["https:\/\/vocesdelaregion.com\/wp-content\/uploads\/2025\/03\/Captura-de-pantalla-2025-03-25-103716.png",407,662,false],"cvmm-small":["https:\/\/vocesdelaregion.com\/wp-content\/uploads\/2025\/03\/Captura-de-pantalla-2025-03-25-103716-130x95.png",130,95,true],"full":["https:\/\/vocesdelaregion.com\/wp-content\/uploads\/2025\/03\/Captura-de-pantalla-2025-03-25-103716.png",407,662,false]},"_links":{"self":[{"href":"https:\/\/vocesdelaregion.com\/index.php\/wp-json\/wp\/v2\/posts\/4637","targetHints":{"allow":["GET"]}}],"collection":[{"href":"https:\/\/vocesdelaregion.com\/index.php\/wp-json\/wp\/v2\/posts"}],"about":[{"href":"https:\/\/vocesdelaregion.com\/index.php\/wp-json\/wp\/v2\/types\/post"}],"author":[{"embeddable":true,"href":"https:\/\/vocesdelaregion.com\/index.php\/wp-json\/wp\/v2\/users\/1"}],"replies":[{"embeddable":true,"href":"https:\/\/vocesdelaregion.com\/index.php\/wp-json\/wp\/v2\/comments?post=4637"}],"version-history":[{"count":2,"href":"https:\/\/vocesdelaregion.com\/index.php\/wp-json\/wp\/v2\/posts\/4637\/revisions"}],"predecessor-version":[{"id":4641,"href":"https:\/\/vocesdelaregion.com\/index.php\/wp-json\/wp\/v2\/posts\/4637\/revisions\/4641"}],"wp:featuredmedia":[{"embeddable":true,"href":"https:\/\/vocesdelaregion.com\/index.php\/wp-json\/wp\/v2\/media\/4639"}],"wp:attachment":[{"href":"https:\/\/vocesdelaregion.com\/index.php\/wp-json\/wp\/v2\/media?parent=4637"}],"wp:term":[{"taxonomy":"category","embeddable":true,"href":"https:\/\/vocesdelaregion.com\/index.php\/wp-json\/wp\/v2\/categories?post=4637"},{"taxonomy":"post_tag","embeddable":true,"href":"https:\/\/vocesdelaregion.com\/index.php\/wp-json\/wp\/v2\/tags?post=4637"}],"curies":[{"name":"wp","href":"https:\/\/api.w.org\/{rel}","templated":true}]}}