{"id":4599,"date":"2025-03-22T14:06:18","date_gmt":"2025-03-22T19:06:18","guid":{"rendered":"https:\/\/vocesdelaregion.com\/?p=4599"},"modified":"2025-03-24T14:19:28","modified_gmt":"2025-03-24T19:19:28","slug":"acciones-para-mejorar-las-condiciones-de-vida-de-las-mujeres-privadas-de-la-libertad","status":"publish","type":"post","link":"https:\/\/vocesdelaregion.com\/index.php\/2025\/03\/22\/acciones-para-mejorar-las-condiciones-de-vida-de-las-mujeres-privadas-de-la-libertad\/","title":{"rendered":"Acciones para mejorar las condiciones de vida de las mujeres privadas de la libertad"},"content":{"rendered":"\n<p><em>La administraci\u00f3n departamental fortalece la dignidad femenina con jornada l\u00fadica y entrega de colchonetas en La Badea, en el marco de la conmemoraci\u00f3n del Mes de la Mujer.<\/em><\/p>\n\n\n\n<p>La&nbsp;Gobernaci\u00f3n&nbsp;de&nbsp;Risaralda&nbsp;llev\u00f3 a cabo una emotiva jornada l\u00fadica y de entrega de colchonetas en la C\u00e1rcel de Mujeres La Badea, demostrando el compromiso del gobernador Juan Diego Pati\u00f1o Ochoa con el bienestar y la dignidad de la poblaci\u00f3n privada de la libertad.<\/p>\n\n\n\n<p>Siguiendo las instrucciones del gobernador Pati\u00f1o Ochoa, y como parte de las estrategias orientadas al fortalecimiento del r\u00e9gimen penitenciario departamental, se identific\u00f3 la necesidad de mejorar las condiciones de descanso en los centros carcelarios.<\/p>\n\n\n\n<figure class=\"wp-block-gallery has-nested-images columns-default is-cropped wp-block-gallery-1 is-layout-flex wp-block-gallery-is-layout-flex\">\n<figure class=\"wp-block-image size-large\"><img fetchpriority=\"high\" decoding=\"async\" width=\"1024\" height=\"788\" data-id=\"4602\" src=\"https:\/\/vocesdelaregion.com\/wp-content\/uploads\/2025\/03\/24.03.2025-BOLETIN-GOBIERNO-AYUDAS-EN-LA-CARCEL-DE-MUJERES-9-1024x788.jpeg\" alt=\"\" class=\"wp-image-4602\" srcset=\"https:\/\/vocesdelaregion.com\/wp-content\/uploads\/2025\/03\/24.03.2025-BOLETIN-GOBIERNO-AYUDAS-EN-LA-CARCEL-DE-MUJERES-9-1024x788.jpeg 1024w, https:\/\/vocesdelaregion.com\/wp-content\/uploads\/2025\/03\/24.03.2025-BOLETIN-GOBIERNO-AYUDAS-EN-LA-CARCEL-DE-MUJERES-9-300x231.jpeg 300w, https:\/\/vocesdelaregion.com\/wp-content\/uploads\/2025\/03\/24.03.2025-BOLETIN-GOBIERNO-AYUDAS-EN-LA-CARCEL-DE-MUJERES-9-768x591.jpeg 768w, https:\/\/vocesdelaregion.com\/wp-content\/uploads\/2025\/03\/24.03.2025-BOLETIN-GOBIERNO-AYUDAS-EN-LA-CARCEL-DE-MUJERES-9-1536x1181.jpeg 1536w, https:\/\/vocesdelaregion.com\/wp-content\/uploads\/2025\/03\/24.03.2025-BOLETIN-GOBIERNO-AYUDAS-EN-LA-CARCEL-DE-MUJERES-9-2048x1575.jpeg 2048w, https:\/\/vocesdelaregion.com\/wp-content\/uploads\/2025\/03\/24.03.2025-BOLETIN-GOBIERNO-AYUDAS-EN-LA-CARCEL-DE-MUJERES-9-600x461.jpeg 600w\" sizes=\"(max-width: 1024px) 100vw, 1024px\" \/><\/figure>\n\n\n\n<figure class=\"wp-block-image size-large\"><img decoding=\"async\" width=\"1024\" height=\"694\" data-id=\"4601\" src=\"https:\/\/vocesdelaregion.com\/wp-content\/uploads\/2025\/03\/24.03.2025-BOLETIN-GOBIERNO-AYUDAS-EN-LA-CARCEL-DE-MUJERES-8-1024x694.jpeg\" alt=\"\" class=\"wp-image-4601\" srcset=\"https:\/\/vocesdelaregion.com\/wp-content\/uploads\/2025\/03\/24.03.2025-BOLETIN-GOBIERNO-AYUDAS-EN-LA-CARCEL-DE-MUJERES-8-1024x694.jpeg 1024w, https:\/\/vocesdelaregion.com\/wp-content\/uploads\/2025\/03\/24.03.2025-BOLETIN-GOBIERNO-AYUDAS-EN-LA-CARCEL-DE-MUJERES-8-300x203.jpeg 300w, https:\/\/vocesdelaregion.com\/wp-content\/uploads\/2025\/03\/24.03.2025-BOLETIN-GOBIERNO-AYUDAS-EN-LA-CARCEL-DE-MUJERES-8-768x520.jpeg 768w, https:\/\/vocesdelaregion.com\/wp-content\/uploads\/2025\/03\/24.03.2025-BOLETIN-GOBIERNO-AYUDAS-EN-LA-CARCEL-DE-MUJERES-8-1536x1040.jpeg 1536w, https:\/\/vocesdelaregion.com\/wp-content\/uploads\/2025\/03\/24.03.2025-BOLETIN-GOBIERNO-AYUDAS-EN-LA-CARCEL-DE-MUJERES-8-2048x1387.jpeg 2048w, https:\/\/vocesdelaregion.com\/wp-content\/uploads\/2025\/03\/24.03.2025-BOLETIN-GOBIERNO-AYUDAS-EN-LA-CARCEL-DE-MUJERES-8-305x207.jpeg 305w, https:\/\/vocesdelaregion.com\/wp-content\/uploads\/2025\/03\/24.03.2025-BOLETIN-GOBIERNO-AYUDAS-EN-LA-CARCEL-DE-MUJERES-8-600x406.jpeg 600w\" sizes=\"(max-width: 1024px) 100vw, 1024px\" \/><\/figure>\n\n\n\n<figure class=\"wp-block-image size-large\"><img decoding=\"async\" width=\"1024\" height=\"866\" data-id=\"4603\" src=\"https:\/\/vocesdelaregion.com\/wp-content\/uploads\/2025\/03\/24.03.2025-BOLETIN-GOBIERNO-AYUDAS-EN-LA-CARCEL-DE-MUJERES-6-1024x866.jpeg\" alt=\"\" class=\"wp-image-4603\" srcset=\"https:\/\/vocesdelaregion.com\/wp-content\/uploads\/2025\/03\/24.03.2025-BOLETIN-GOBIERNO-AYUDAS-EN-LA-CARCEL-DE-MUJERES-6-1024x866.jpeg 1024w, https:\/\/vocesdelaregion.com\/wp-content\/uploads\/2025\/03\/24.03.2025-BOLETIN-GOBIERNO-AYUDAS-EN-LA-CARCEL-DE-MUJERES-6-300x254.jpeg 300w, https:\/\/vocesdelaregion.com\/wp-content\/uploads\/2025\/03\/24.03.2025-BOLETIN-GOBIERNO-AYUDAS-EN-LA-CARCEL-DE-MUJERES-6-768x650.jpeg 768w, https:\/\/vocesdelaregion.com\/wp-content\/uploads\/2025\/03\/24.03.2025-BOLETIN-GOBIERNO-AYUDAS-EN-LA-CARCEL-DE-MUJERES-6-1536x1300.jpeg 1536w, https:\/\/vocesdelaregion.com\/wp-content\/uploads\/2025\/03\/24.03.2025-BOLETIN-GOBIERNO-AYUDAS-EN-LA-CARCEL-DE-MUJERES-6-2048x1733.jpeg 2048w, https:\/\/vocesdelaregion.com\/wp-content\/uploads\/2025\/03\/24.03.2025-BOLETIN-GOBIERNO-AYUDAS-EN-LA-CARCEL-DE-MUJERES-6-600x508.jpeg 600w\" sizes=\"(max-width: 1024px) 100vw, 1024px\" \/><\/figure>\n\n\n\n<figure class=\"wp-block-image size-large\"><img loading=\"lazy\" decoding=\"async\" width=\"1024\" height=\"576\" data-id=\"4600\" src=\"https:\/\/vocesdelaregion.com\/wp-content\/uploads\/2025\/03\/24.03.2025-BOLETIN-GOBIERNO-AYUDAS-EN-LA-CARCEL-DE-MUJERES-1-1024x576.jpeg\" alt=\"\" class=\"wp-image-4600\" srcset=\"https:\/\/vocesdelaregion.com\/wp-content\/uploads\/2025\/03\/24.03.2025-BOLETIN-GOBIERNO-AYUDAS-EN-LA-CARCEL-DE-MUJERES-1-1024x576.jpeg 1024w, https:\/\/vocesdelaregion.com\/wp-content\/uploads\/2025\/03\/24.03.2025-BOLETIN-GOBIERNO-AYUDAS-EN-LA-CARCEL-DE-MUJERES-1-300x169.jpeg 300w, https:\/\/vocesdelaregion.com\/wp-content\/uploads\/2025\/03\/24.03.2025-BOLETIN-GOBIERNO-AYUDAS-EN-LA-CARCEL-DE-MUJERES-1-768x432.jpeg 768w, https:\/\/vocesdelaregion.com\/wp-content\/uploads\/2025\/03\/24.03.2025-BOLETIN-GOBIERNO-AYUDAS-EN-LA-CARCEL-DE-MUJERES-1-1536x865.jpeg 1536w, https:\/\/vocesdelaregion.com\/wp-content\/uploads\/2025\/03\/24.03.2025-BOLETIN-GOBIERNO-AYUDAS-EN-LA-CARCEL-DE-MUJERES-1-2048x1153.jpeg 2048w, https:\/\/vocesdelaregion.com\/wp-content\/uploads\/2025\/03\/24.03.2025-BOLETIN-GOBIERNO-AYUDAS-EN-LA-CARCEL-DE-MUJERES-1-600x338.jpeg 600w\" sizes=\"(max-width: 1024px) 100vw, 1024px\" \/><\/figure>\n<\/figure>\n\n\n\n<p>Esta iniciativa responde a la gesti\u00f3n del coronel Juan Carlos Navia Herrera, director regional Viejo Caldas del Instituto Nacional Penitenciario y Carcelario (INPEC), quien resalt\u00f3 la urgencia de optimizar la dotaci\u00f3n de elementos esenciales.<\/p>\n\n\n\n<p>Durante la actividad se entregaron 114 colchonetas a la reclusi\u00f3n de Mujeres La Badea, como parte de un total de 332 colchonetas destinadas a los tres centros penitenciarios del departamento.<\/p>\n\n\n\n<p>La donaci\u00f3n no solo contribuye a mejorar la infraestructura b\u00e1sica de estos espacios, sino que tambi\u00e9n representa un acto de reconocimiento hacia las mujeres que, pese a las circunstancias, siguen adelante con esperanza y resiliencia.<\/p>\n\n\n\n<p><strong>ACTIVA PARTICIPACI\u00d3N DE LAS INTERNAS<\/strong><\/p>\n\n\n\n<p>El evento estuvo acompa\u00f1ado de actividades recreativas y culturales, generando espacios de integraci\u00f3n y apoyo emocional.<\/p>\n\n\n\n<p>Las internas participaron activamente en din\u00e1micas de recreaci\u00f3n, risas y m\u00fasica, creando un ambiente de alegr\u00eda y reflexi\u00f3n, propicio para el fortalecimiento del esp\u00edritu y la construcci\u00f3n de segundas oportunidades.<\/p>\n\n\n\n<p>La&nbsp;Gobernaci\u00f3n&nbsp;de&nbsp;Risaralda&nbsp;sigue comprometida con la mejora continua de las condiciones penitenciarias, promoviendo acciones que dignifican la vida de las personas privadas de la libertad y fomentan su proceso de resocializaci\u00f3n.<\/p>\n\n\n\n<figure class=\"wp-block-gallery has-nested-images columns-default is-cropped wp-block-gallery-2 is-layout-flex wp-block-gallery-is-layout-flex\">\n<figure class=\"wp-block-image size-large\"><img loading=\"lazy\" decoding=\"async\" width=\"1024\" height=\"508\" data-id=\"4604\" src=\"https:\/\/vocesdelaregion.com\/wp-content\/uploads\/2025\/03\/24.03.2025-BOLETIN-GOBIERNO-AYUDAS-EN-LA-CARCEL-DE-MUJERES-2-1024x508.jpeg\" alt=\"\" class=\"wp-image-4604\" srcset=\"https:\/\/vocesdelaregion.com\/wp-content\/uploads\/2025\/03\/24.03.2025-BOLETIN-GOBIERNO-AYUDAS-EN-LA-CARCEL-DE-MUJERES-2-1024x508.jpeg 1024w, https:\/\/vocesdelaregion.com\/wp-content\/uploads\/2025\/03\/24.03.2025-BOLETIN-GOBIERNO-AYUDAS-EN-LA-CARCEL-DE-MUJERES-2-300x149.jpeg 300w, https:\/\/vocesdelaregion.com\/wp-content\/uploads\/2025\/03\/24.03.2025-BOLETIN-GOBIERNO-AYUDAS-EN-LA-CARCEL-DE-MUJERES-2-768x381.jpeg 768w, https:\/\/vocesdelaregion.com\/wp-content\/uploads\/2025\/03\/24.03.2025-BOLETIN-GOBIERNO-AYUDAS-EN-LA-CARCEL-DE-MUJERES-2-1536x763.jpeg 1536w, https:\/\/vocesdelaregion.com\/wp-content\/uploads\/2025\/03\/24.03.2025-BOLETIN-GOBIERNO-AYUDAS-EN-LA-CARCEL-DE-MUJERES-2-2048x1017.jpeg 2048w, https:\/\/vocesdelaregion.com\/wp-content\/uploads\/2025\/03\/24.03.2025-BOLETIN-GOBIERNO-AYUDAS-EN-LA-CARCEL-DE-MUJERES-2-600x298.jpeg 600w\" sizes=\"(max-width: 1024px) 100vw, 1024px\" \/><\/figure>\n\n\n\n<figure class=\"wp-block-image size-large\"><img loading=\"lazy\" decoding=\"async\" width=\"1024\" height=\"574\" data-id=\"4605\" src=\"https:\/\/vocesdelaregion.com\/wp-content\/uploads\/2025\/03\/24.03.2025-BOLETIN-GOBIERNO-AYUDAS-EN-LA-CARCEL-DE-MUJERES-3-1024x574.jpeg\" alt=\"\" class=\"wp-image-4605\" srcset=\"https:\/\/vocesdelaregion.com\/wp-content\/uploads\/2025\/03\/24.03.2025-BOLETIN-GOBIERNO-AYUDAS-EN-LA-CARCEL-DE-MUJERES-3-1024x574.jpeg 1024w, https:\/\/vocesdelaregion.com\/wp-content\/uploads\/2025\/03\/24.03.2025-BOLETIN-GOBIERNO-AYUDAS-EN-LA-CARCEL-DE-MUJERES-3-300x168.jpeg 300w, https:\/\/vocesdelaregion.com\/wp-content\/uploads\/2025\/03\/24.03.2025-BOLETIN-GOBIERNO-AYUDAS-EN-LA-CARCEL-DE-MUJERES-3-768x430.jpeg 768w, https:\/\/vocesdelaregion.com\/wp-content\/uploads\/2025\/03\/24.03.2025-BOLETIN-GOBIERNO-AYUDAS-EN-LA-CARCEL-DE-MUJERES-3-1536x860.jpeg 1536w, https:\/\/vocesdelaregion.com\/wp-content\/uploads\/2025\/03\/24.03.2025-BOLETIN-GOBIERNO-AYUDAS-EN-LA-CARCEL-DE-MUJERES-3-2048x1147.jpeg 2048w, https:\/\/vocesdelaregion.com\/wp-content\/uploads\/2025\/03\/24.03.2025-BOLETIN-GOBIERNO-AYUDAS-EN-LA-CARCEL-DE-MUJERES-3-600x336.jpeg 600w\" sizes=\"(max-width: 1024px) 100vw, 1024px\" \/><\/figure>\n\n\n\n<figure class=\"wp-block-image size-large\"><img loading=\"lazy\" decoding=\"async\" width=\"1024\" height=\"861\" data-id=\"4607\" src=\"https:\/\/vocesdelaregion.com\/wp-content\/uploads\/2025\/03\/24.03.2025-BOLETIN-GOBIERNO-AYUDAS-EN-LA-CARCEL-DE-MUJERES-5-1024x861.jpeg\" alt=\"\" class=\"wp-image-4607\" srcset=\"https:\/\/vocesdelaregion.com\/wp-content\/uploads\/2025\/03\/24.03.2025-BOLETIN-GOBIERNO-AYUDAS-EN-LA-CARCEL-DE-MUJERES-5-1024x861.jpeg 1024w, https:\/\/vocesdelaregion.com\/wp-content\/uploads\/2025\/03\/24.03.2025-BOLETIN-GOBIERNO-AYUDAS-EN-LA-CARCEL-DE-MUJERES-5-300x252.jpeg 300w, https:\/\/vocesdelaregion.com\/wp-content\/uploads\/2025\/03\/24.03.2025-BOLETIN-GOBIERNO-AYUDAS-EN-LA-CARCEL-DE-MUJERES-5-768x646.jpeg 768w, https:\/\/vocesdelaregion.com\/wp-content\/uploads\/2025\/03\/24.03.2025-BOLETIN-GOBIERNO-AYUDAS-EN-LA-CARCEL-DE-MUJERES-5-1536x1292.jpeg 1536w, https:\/\/vocesdelaregion.com\/wp-content\/uploads\/2025\/03\/24.03.2025-BOLETIN-GOBIERNO-AYUDAS-EN-LA-CARCEL-DE-MUJERES-5-2048x1722.jpeg 2048w, https:\/\/vocesdelaregion.com\/wp-content\/uploads\/2025\/03\/24.03.2025-BOLETIN-GOBIERNO-AYUDAS-EN-LA-CARCEL-DE-MUJERES-5-600x505.jpeg 600w\" sizes=\"(max-width: 1024px) 100vw, 1024px\" \/><\/figure>\n\n\n\n<figure class=\"wp-block-image size-large\"><img loading=\"lazy\" decoding=\"async\" width=\"1024\" height=\"632\" data-id=\"4606\" src=\"https:\/\/vocesdelaregion.com\/wp-content\/uploads\/2025\/03\/24.03.2025-BOLETIN-GOBIERNO-AYUDAS-EN-LA-CARCEL-DE-MUJERES-7-1024x632.jpeg\" alt=\"\" class=\"wp-image-4606\" srcset=\"https:\/\/vocesdelaregion.com\/wp-content\/uploads\/2025\/03\/24.03.2025-BOLETIN-GOBIERNO-AYUDAS-EN-LA-CARCEL-DE-MUJERES-7-1024x632.jpeg 1024w, https:\/\/vocesdelaregion.com\/wp-content\/uploads\/2025\/03\/24.03.2025-BOLETIN-GOBIERNO-AYUDAS-EN-LA-CARCEL-DE-MUJERES-7-300x185.jpeg 300w, https:\/\/vocesdelaregion.com\/wp-content\/uploads\/2025\/03\/24.03.2025-BOLETIN-GOBIERNO-AYUDAS-EN-LA-CARCEL-DE-MUJERES-7-768x474.jpeg 768w, https:\/\/vocesdelaregion.com\/wp-content\/uploads\/2025\/03\/24.03.2025-BOLETIN-GOBIERNO-AYUDAS-EN-LA-CARCEL-DE-MUJERES-7-1536x948.jpeg 1536w, https:\/\/vocesdelaregion.com\/wp-content\/uploads\/2025\/03\/24.03.2025-BOLETIN-GOBIERNO-AYUDAS-EN-LA-CARCEL-DE-MUJERES-7-2048x1264.jpeg 2048w, https:\/\/vocesdelaregion.com\/wp-content\/uploads\/2025\/03\/24.03.2025-BOLETIN-GOBIERNO-AYUDAS-EN-LA-CARCEL-DE-MUJERES-7-600x370.jpeg 600w\" sizes=\"(max-width: 1024px) 100vw, 1024px\" \/><\/figure>\n<\/figure>\n\n\n\n<p>El secretario de Gobierno, Israel Londo\u00f1o, expres\u00f3 en nombre del Gobernador que el bienestar de cada persona es una prioridad y que estas acciones reflejan la convicci\u00f3n de que todos merecen una segunda oportunidad y condiciones dignas para reconstruir su vida.<\/p>\n\n\n\n<figure class=\"wp-block-audio\"><audio controls src=\"https:\/\/vocesdelaregion.com\/wp-content\/uploads\/2025\/03\/ISRAEL-LONDONO-SECRETARIO-DE-GOBIERNO-DE-RISARALDA.mp3\"><\/audio><figcaption class=\"wp-element-caption\">Voz: secretario de Gobierno, Israel Londo\u00f1o<\/figcaption><\/figure>\n\n\n\n<p>Por su parte, la capitana Bertha Paola Recalde Monta\u00f1a, directora encargada del centro de reclusi\u00f3n de mujeres de La Badea, agradeci\u00f3 al gobernador Juan Diego Pati\u00f1o Ochoa por la entrega de estos elementos, que contribuir\u00e1n a mejorar la calidad de vida de estas mujeres privadas de la libertad.<\/p>\n\n\n\n<figure class=\"wp-block-audio\"><audio controls src=\"https:\/\/vocesdelaregion.com\/wp-content\/uploads\/2025\/03\/CAPITAN-BERTHA-PAOLA-RECALDE-MOMNTANA-DIR-ENCARGADA-CARCEL-MUJERES-LA-BADEA.mp3\"><\/audio><\/figure>\n\n\n\n<p>Con esta entrega, la administraci\u00f3n departamental sigue avanzando en la construcci\u00f3n de una&nbsp;Risaralda&nbsp;m\u00e1s equitativa e incluyente, donde la solidaridad y el respeto por la dignidad humana son pilares fundamentales.<\/p>\n","protected":false},"excerpt":{"rendered":"<p>La administraci\u00f3n departamental fortalece la dignidad femenina con jornada l\u00fadica y entrega de colchonetas en La Badea, en el marco de la conmemoraci\u00f3n del Mes de la Mujer. La&nbsp;Gobernaci\u00f3n&nbsp;de&nbsp;Risaralda&nbsp;llev\u00f3 a cabo una emotiva jornada l\u00fadica y de entrega de colchonetas en la C\u00e1rcel de Mujeres La Badea, demostrando el compromiso del gobernador Juan Diego Pati\u00f1o [&hellip;]<\/p>\n","protected":false},"author":1,"featured_media":4608,"comment_status":"open","ping_status":"open","sticky":false,"template":"","format":"standard","meta":{"om_disable_all_campaigns":false,"_monsterinsights_skip_tracking":false,"_monsterinsights_sitenote_active":false,"_monsterinsights_sitenote_note":"","_monsterinsights_sitenote_category":0,"_uf_show_specific_survey":0,"_uf_disable_surveys":false,"footnotes":""},"categories":[358,356],"tags":[],"class_list":["post-4599","post","type-post","status-publish","format-standard","has-post-thumbnail","hentry","category-gobernacion-de-risaralda","category-gobernaciones"],"aioseo_notices":[],"blog_post_layout_featured_media_urls":{"thumbnail":["https:\/\/vocesdelaregion.com\/wp-content\/uploads\/2025\/03\/24.03.2025-BOLETIN-GOBIERNO-AYUDAS-EN-LA-CARCEL-DE-MUJERES-4-150x150.jpeg",150,150,true],"full":["https:\/\/vocesdelaregion.com\/wp-content\/uploads\/2025\/03\/24.03.2025-BOLETIN-GOBIERNO-AYUDAS-EN-LA-CARCEL-DE-MUJERES-4.jpeg",2560,1489,false]},"categories_names":{"358":{"name":"Gobernaci\u00f3n de Risaralda","link":"https:\/\/vocesdelaregion.com\/index.php\/category\/gobernaciones\/gobernacion-de-risaralda\/"},"356":{"name":"Gobernaciones","link":"https:\/\/vocesdelaregion.com\/index.php\/category\/gobernaciones\/"}},"tags_names":[],"comments_number":"0","wpmagazine_modules_lite_featured_media_urls":{"thumbnail":["https:\/\/vocesdelaregion.com\/wp-content\/uploads\/2025\/03\/24.03.2025-BOLETIN-GOBIERNO-AYUDAS-EN-LA-CARCEL-DE-MUJERES-4-150x150.jpeg",150,150,true],"cvmm-medium":["https:\/\/vocesdelaregion.com\/wp-content\/uploads\/2025\/03\/24.03.2025-BOLETIN-GOBIERNO-AYUDAS-EN-LA-CARCEL-DE-MUJERES-4-300x300.jpeg",300,300,true],"cvmm-medium-plus":["https:\/\/vocesdelaregion.com\/wp-content\/uploads\/2025\/03\/24.03.2025-BOLETIN-GOBIERNO-AYUDAS-EN-LA-CARCEL-DE-MUJERES-4-305x207.jpeg",305,207,true],"cvmm-portrait":["https:\/\/vocesdelaregion.com\/wp-content\/uploads\/2025\/03\/24.03.2025-BOLETIN-GOBIERNO-AYUDAS-EN-LA-CARCEL-DE-MUJERES-4-400x600.jpeg",400,600,true],"cvmm-medium-square":["https:\/\/vocesdelaregion.com\/wp-content\/uploads\/2025\/03\/24.03.2025-BOLETIN-GOBIERNO-AYUDAS-EN-LA-CARCEL-DE-MUJERES-4-600x600.jpeg",600,600,true],"cvmm-large":["https:\/\/vocesdelaregion.com\/wp-content\/uploads\/2025\/03\/24.03.2025-BOLETIN-GOBIERNO-AYUDAS-EN-LA-CARCEL-DE-MUJERES-4-1024x1024.jpeg",1024,1024,true],"cvmm-small":["https:\/\/vocesdelaregion.com\/wp-content\/uploads\/2025\/03\/24.03.2025-BOLETIN-GOBIERNO-AYUDAS-EN-LA-CARCEL-DE-MUJERES-4-130x95.jpeg",130,95,true],"full":["https:\/\/vocesdelaregion.com\/wp-content\/uploads\/2025\/03\/24.03.2025-BOLETIN-GOBIERNO-AYUDAS-EN-LA-CARCEL-DE-MUJERES-4.jpeg",2560,1489,false]},"_links":{"self":[{"href":"https:\/\/vocesdelaregion.com\/index.php\/wp-json\/wp\/v2\/posts\/4599","targetHints":{"allow":["GET"]}}],"collection":[{"href":"https:\/\/vocesdelaregion.com\/index.php\/wp-json\/wp\/v2\/posts"}],"about":[{"href":"https:\/\/vocesdelaregion.com\/index.php\/wp-json\/wp\/v2\/types\/post"}],"author":[{"embeddable":true,"href":"https:\/\/vocesdelaregion.com\/index.php\/wp-json\/wp\/v2\/users\/1"}],"replies":[{"embeddable":true,"href":"https:\/\/vocesdelaregion.com\/index.php\/wp-json\/wp\/v2\/comments?post=4599"}],"version-history":[{"count":3,"href":"https:\/\/vocesdelaregion.com\/index.php\/wp-json\/wp\/v2\/posts\/4599\/revisions"}],"predecessor-version":[{"id":4615,"href":"https:\/\/vocesdelaregion.com\/index.php\/wp-json\/wp\/v2\/posts\/4599\/revisions\/4615"}],"wp:featuredmedia":[{"embeddable":true,"href":"https:\/\/vocesdelaregion.com\/index.php\/wp-json\/wp\/v2\/media\/4608"}],"wp:attachment":[{"href":"https:\/\/vocesdelaregion.com\/index.php\/wp-json\/wp\/v2\/media?parent=4599"}],"wp:term":[{"taxonomy":"category","embeddable":true,"href":"https:\/\/vocesdelaregion.com\/index.php\/wp-json\/wp\/v2\/categories?post=4599"},{"taxonomy":"post_tag","embeddable":true,"href":"https:\/\/vocesdelaregion.com\/index.php\/wp-json\/wp\/v2\/tags?post=4599"}],"curies":[{"name":"wp","href":"https:\/\/api.w.org\/{rel}","templated":true}]}}