{"id":4529,"date":"2025-03-20T11:23:00","date_gmt":"2025-03-20T16:23:00","guid":{"rendered":"https:\/\/vocesdelaregion.com\/?p=4529"},"modified":"2025-03-24T13:17:21","modified_gmt":"2025-03-24T18:17:21","slug":"abierto-el-bulevar-de-la-19-en-manizales","status":"publish","type":"post","link":"https:\/\/vocesdelaregion.com\/index.php\/2025\/03\/20\/abierto-el-bulevar-de-la-19-en-manizales\/","title":{"rendered":"Abierto el Bulevar de la 19 en Manizales"},"content":{"rendered":"\n<ul class=\"wp-block-list\">\n<li><strong><em>La segunda etapa del proyecto enfrent\u00f3 una demora de un a\u00f1o debido a dificultades t\u00e9cnicas en la pasarela, espec\u00edficamente la aparici\u00f3n de fisuras que requirieron un reforzamiento estructural y redise\u00f1o.<\/em><\/strong><\/li>\n\n\n\n<li><strong><em>Sin embargo, una vez realizados los ajustes y mejoras, se culmin\u00f3 el proyecto, y se puso al servicio de los ciudadanos.<\/em><\/strong><\/li>\n<\/ul>\n\n\n\n<p>La Secretar\u00eda de Infraestructura de Manizales anuncia la apertura del Bulevar de la 19, un espacio p\u00fablico renovado que ofrece una opci\u00f3n de movilidad, el cual cuenta con iluminaci\u00f3n y varias alternativas para los manizale\u00f1os. Tras un a\u00f1o de retraso en la entrega de la segunda etapa, finalmente tras atender las observaciones, se puso al servicio de la comunidad.<\/p>\n\n\n\n<p>Seg\u00fan la secretaria de Infraestructura de Manizales, Claudia Marcela Cardona Mej\u00eda: \u201cayer, junto con la interventor\u00eda, se realiz\u00f3 el recibo a satisfacci\u00f3n de esta pasarela, que presentaba algunas fisuras. Se realizaron los tratamientos recomendados y se llevaron a cabo pruebas de calidad necesarias para garantizar que el espacio estuviera en \u00f3ptimas condiciones para su uso por parte de la comunidad\u201d.<\/p>\n\n\n\n<figure class=\"wp-block-audio\"><audio controls src=\"https:\/\/centrodeinformacion.manizales.gov.co\/wp-content\/uploads\/2025\/03\/WhatsApp-Audio-2025-03-20-at-7.13.09-AM.mp3\"><\/audio><figcaption class=\"wp-element-caption\"><em><sub>La secretaria de Infraestructura de Manizales, Claudia Marcela Cardona Mej\u00eda<\/sub><\/em><\/figcaption><\/figure>\n\n\n\n<p>Este nuevo bulevar, que se extiende desde la Universidad de Manizales hasta la Plaza Alfonso L\u00f3pez, cuenta con una renovada infraestructura que incluye mejora de andenes, renovaci\u00f3n del alumbrado p\u00fablico, construcci\u00f3n de ciclorrutas y la instalaci\u00f3n de dos pasarelas. Estas pasarelas facilitar\u00e1n el tr\u00e1nsito tanto de bicicletas como de peatones, promoviendo la movilidad sostenible en la ciudad.<\/p>\n\n\n\n<figure class=\"wp-block-gallery has-nested-images columns-default is-cropped wp-block-gallery-1 is-layout-flex wp-block-gallery-is-layout-flex\">\n<figure class=\"wp-block-image size-large\"><img fetchpriority=\"high\" decoding=\"async\" width=\"1024\" height=\"681\" data-id=\"4531\" src=\"https:\/\/vocesdelaregion.com\/wp-content\/uploads\/2025\/03\/Bulevar-de-la-19-4-1024x681.jpeg\" alt=\"Im\u00e1genes: Bulevar de la 19\" class=\"wp-image-4531\" srcset=\"https:\/\/vocesdelaregion.com\/wp-content\/uploads\/2025\/03\/Bulevar-de-la-19-4-1024x681.jpeg 1024w, https:\/\/vocesdelaregion.com\/wp-content\/uploads\/2025\/03\/Bulevar-de-la-19-4-300x200.jpeg 300w, https:\/\/vocesdelaregion.com\/wp-content\/uploads\/2025\/03\/Bulevar-de-la-19-4-768x511.jpeg 768w, https:\/\/vocesdelaregion.com\/wp-content\/uploads\/2025\/03\/Bulevar-de-la-19-4-600x399.jpeg 600w, https:\/\/vocesdelaregion.com\/wp-content\/uploads\/2025\/03\/Bulevar-de-la-19-4.jpeg 1536w\" sizes=\"(max-width: 1024px) 100vw, 1024px\" \/><\/figure>\n\n\n\n<figure class=\"wp-block-image size-large\"><img decoding=\"async\" width=\"1024\" height=\"681\" data-id=\"4532\" src=\"https:\/\/vocesdelaregion.com\/wp-content\/uploads\/2025\/03\/Bulevar-de-la-19-2-1024x681.jpeg\" alt=\"Im\u00e1genes: Bulevar de la 19\" class=\"wp-image-4532\" srcset=\"https:\/\/vocesdelaregion.com\/wp-content\/uploads\/2025\/03\/Bulevar-de-la-19-2-1024x681.jpeg 1024w, https:\/\/vocesdelaregion.com\/wp-content\/uploads\/2025\/03\/Bulevar-de-la-19-2-300x200.jpeg 300w, https:\/\/vocesdelaregion.com\/wp-content\/uploads\/2025\/03\/Bulevar-de-la-19-2-768x511.jpeg 768w, https:\/\/vocesdelaregion.com\/wp-content\/uploads\/2025\/03\/Bulevar-de-la-19-2-600x399.jpeg 600w, https:\/\/vocesdelaregion.com\/wp-content\/uploads\/2025\/03\/Bulevar-de-la-19-2.jpeg 1536w\" sizes=\"(max-width: 1024px) 100vw, 1024px\" \/><\/figure>\n\n\n\n<figure class=\"wp-block-image size-large\"><img decoding=\"async\" width=\"1024\" height=\"681\" data-id=\"4530\" src=\"https:\/\/vocesdelaregion.com\/wp-content\/uploads\/2025\/03\/Bulevar-de-la-19-1024x681.jpeg\" alt=\"Im\u00e1genes: Bulevar de la 19\" class=\"wp-image-4530\" srcset=\"https:\/\/vocesdelaregion.com\/wp-content\/uploads\/2025\/03\/Bulevar-de-la-19-1024x681.jpeg 1024w, https:\/\/vocesdelaregion.com\/wp-content\/uploads\/2025\/03\/Bulevar-de-la-19-300x200.jpeg 300w, https:\/\/vocesdelaregion.com\/wp-content\/uploads\/2025\/03\/Bulevar-de-la-19-768x511.jpeg 768w, https:\/\/vocesdelaregion.com\/wp-content\/uploads\/2025\/03\/Bulevar-de-la-19-600x399.jpeg 600w, https:\/\/vocesdelaregion.com\/wp-content\/uploads\/2025\/03\/Bulevar-de-la-19.jpeg 1536w\" sizes=\"(max-width: 1024px) 100vw, 1024px\" \/><\/figure>\n<\/figure>\n\n\n\n<p><strong>Sobre el proyecto<\/strong><\/p>\n\n\n\n<p>El proyecto, que comenz\u00f3 en el a\u00f1o 2022, se desarroll\u00f3 en dos etapas: la primera, que abarca desde la Universidad de Manizales hasta la Plaza Alfonso L\u00f3pez, se complet\u00f3 en enero de 2024, mientras que la segunda etapa se entreg\u00f3 ayer. La inversi\u00f3n total para la ejecuci\u00f3n de este proyecto alcanz\u00f3 los $10 mil millones de pesos.<\/p>\n\n\n\n<figure class=\"wp-block-gallery has-nested-images columns-default is-cropped wp-block-gallery-2 is-layout-flex wp-block-gallery-is-layout-flex\">\n<figure class=\"wp-block-image size-large\"><img loading=\"lazy\" decoding=\"async\" width=\"1024\" height=\"681\" data-id=\"4534\" src=\"https:\/\/vocesdelaregion.com\/wp-content\/uploads\/2025\/03\/Bulevar-de-la-19-7-1024x681.jpeg\" alt=\"\" class=\"wp-image-4534\" srcset=\"https:\/\/vocesdelaregion.com\/wp-content\/uploads\/2025\/03\/Bulevar-de-la-19-7-1024x681.jpeg 1024w, https:\/\/vocesdelaregion.com\/wp-content\/uploads\/2025\/03\/Bulevar-de-la-19-7-300x200.jpeg 300w, https:\/\/vocesdelaregion.com\/wp-content\/uploads\/2025\/03\/Bulevar-de-la-19-7-768x511.jpeg 768w, https:\/\/vocesdelaregion.com\/wp-content\/uploads\/2025\/03\/Bulevar-de-la-19-7-600x399.jpeg 600w, https:\/\/vocesdelaregion.com\/wp-content\/uploads\/2025\/03\/Bulevar-de-la-19-7.jpeg 1536w\" sizes=\"(max-width: 1024px) 100vw, 1024px\" \/><\/figure>\n\n\n\n<figure class=\"wp-block-image size-large\"><img loading=\"lazy\" decoding=\"async\" width=\"1024\" height=\"681\" data-id=\"4535\" src=\"https:\/\/vocesdelaregion.com\/wp-content\/uploads\/2025\/03\/Bulevar-de-la-19-6-1024x681.jpeg\" alt=\"Im\u00e1genes: Bulevar de la 19\" class=\"wp-image-4535\" srcset=\"https:\/\/vocesdelaregion.com\/wp-content\/uploads\/2025\/03\/Bulevar-de-la-19-6-1024x681.jpeg 1024w, https:\/\/vocesdelaregion.com\/wp-content\/uploads\/2025\/03\/Bulevar-de-la-19-6-300x200.jpeg 300w, https:\/\/vocesdelaregion.com\/wp-content\/uploads\/2025\/03\/Bulevar-de-la-19-6-768x511.jpeg 768w, https:\/\/vocesdelaregion.com\/wp-content\/uploads\/2025\/03\/Bulevar-de-la-19-6-600x399.jpeg 600w, https:\/\/vocesdelaregion.com\/wp-content\/uploads\/2025\/03\/Bulevar-de-la-19-6.jpeg 1536w\" sizes=\"(max-width: 1024px) 100vw, 1024px\" \/><\/figure>\n\n\n\n<figure class=\"wp-block-image size-large\"><img loading=\"lazy\" decoding=\"async\" width=\"1024\" height=\"681\" data-id=\"4536\" src=\"https:\/\/vocesdelaregion.com\/wp-content\/uploads\/2025\/03\/Bulevar-de-la-19-5-1024x681.jpeg\" alt=\"Im\u00e1genes: Bulevar de la 19\" class=\"wp-image-4536\" srcset=\"https:\/\/vocesdelaregion.com\/wp-content\/uploads\/2025\/03\/Bulevar-de-la-19-5-1024x681.jpeg 1024w, https:\/\/vocesdelaregion.com\/wp-content\/uploads\/2025\/03\/Bulevar-de-la-19-5-300x200.jpeg 300w, https:\/\/vocesdelaregion.com\/wp-content\/uploads\/2025\/03\/Bulevar-de-la-19-5-768x511.jpeg 768w, https:\/\/vocesdelaregion.com\/wp-content\/uploads\/2025\/03\/Bulevar-de-la-19-5-600x399.jpeg 600w, https:\/\/vocesdelaregion.com\/wp-content\/uploads\/2025\/03\/Bulevar-de-la-19-5.jpeg 1536w\" sizes=\"(max-width: 1024px) 100vw, 1024px\" \/><\/figure>\n<\/figure>\n","protected":false},"excerpt":{"rendered":"<p>La Secretar\u00eda de Infraestructura de Manizales anuncia la apertura del Bulevar de la 19, un espacio p\u00fablico renovado que ofrece una opci\u00f3n de movilidad, el cual cuenta con iluminaci\u00f3n y varias alternativas para los manizale\u00f1os. Tras un a\u00f1o de retraso en la entrega de la segunda etapa, finalmente tras atender las observaciones, se puso al [&hellip;]<\/p>\n","protected":false},"author":1,"featured_media":4534,"comment_status":"open","ping_status":"open","sticky":false,"template":"","format":"standard","meta":{"om_disable_all_campaigns":false,"_monsterinsights_skip_tracking":false,"_monsterinsights_sitenote_active":false,"_monsterinsights_sitenote_note":"","_monsterinsights_sitenote_category":0,"_uf_show_specific_survey":0,"_uf_disable_surveys":false,"footnotes":""},"categories":[355,58,41,49],"tags":[],"class_list":["post-4529","post","type-post","status-publish","format-standard","has-post-thumbnail","hentry","category-alcaldia-de-manizales","category-alcaldias","category-movilidad","category-vias"],"aioseo_notices":[],"blog_post_layout_featured_media_urls":{"thumbnail":["https:\/\/vocesdelaregion.com\/wp-content\/uploads\/2025\/03\/Bulevar-de-la-19-7-150x150.jpeg",150,150,true],"full":["https:\/\/vocesdelaregion.com\/wp-content\/uploads\/2025\/03\/Bulevar-de-la-19-7.jpeg",1536,1022,false]},"categories_names":{"355":{"name":"Alcald\u00eda de Manizales","link":"https:\/\/vocesdelaregion.com\/index.php\/category\/alcaldias\/alcaldia-de-manizales\/"},"58":{"name":"Alcald\u00edas","link":"https:\/\/vocesdelaregion.com\/index.php\/category\/alcaldias\/"},"41":{"name":"Movilidad","link":"https:\/\/vocesdelaregion.com\/index.php\/category\/movilidad\/"},"49":{"name":"V\u00edas","link":"https:\/\/vocesdelaregion.com\/index.php\/category\/movilidad\/vias\/"}},"tags_names":[],"comments_number":"0","wpmagazine_modules_lite_featured_media_urls":{"thumbnail":["https:\/\/vocesdelaregion.com\/wp-content\/uploads\/2025\/03\/Bulevar-de-la-19-7-150x150.jpeg",150,150,true],"cvmm-medium":["https:\/\/vocesdelaregion.com\/wp-content\/uploads\/2025\/03\/Bulevar-de-la-19-7-300x300.jpeg",300,300,true],"cvmm-medium-plus":["https:\/\/vocesdelaregion.com\/wp-content\/uploads\/2025\/03\/Bulevar-de-la-19-7-305x207.jpeg",305,207,true],"cvmm-portrait":["https:\/\/vocesdelaregion.com\/wp-content\/uploads\/2025\/03\/Bulevar-de-la-19-7-400x600.jpeg",400,600,true],"cvmm-medium-square":["https:\/\/vocesdelaregion.com\/wp-content\/uploads\/2025\/03\/Bulevar-de-la-19-7-600x600.jpeg",600,600,true],"cvmm-large":["https:\/\/vocesdelaregion.com\/wp-content\/uploads\/2025\/03\/Bulevar-de-la-19-7-1024x1022.jpeg",1024,1022,true],"cvmm-small":["https:\/\/vocesdelaregion.com\/wp-content\/uploads\/2025\/03\/Bulevar-de-la-19-7-130x95.jpeg",130,95,true],"full":["https:\/\/vocesdelaregion.com\/wp-content\/uploads\/2025\/03\/Bulevar-de-la-19-7.jpeg",1536,1022,false]},"_links":{"self":[{"href":"https:\/\/vocesdelaregion.com\/index.php\/wp-json\/wp\/v2\/posts\/4529","targetHints":{"allow":["GET"]}}],"collection":[{"href":"https:\/\/vocesdelaregion.com\/index.php\/wp-json\/wp\/v2\/posts"}],"about":[{"href":"https:\/\/vocesdelaregion.com\/index.php\/wp-json\/wp\/v2\/types\/post"}],"author":[{"embeddable":true,"href":"https:\/\/vocesdelaregion.com\/index.php\/wp-json\/wp\/v2\/users\/1"}],"replies":[{"embeddable":true,"href":"https:\/\/vocesdelaregion.com\/index.php\/wp-json\/wp\/v2\/comments?post=4529"}],"version-history":[{"count":2,"href":"https:\/\/vocesdelaregion.com\/index.php\/wp-json\/wp\/v2\/posts\/4529\/revisions"}],"predecessor-version":[{"id":4538,"href":"https:\/\/vocesdelaregion.com\/index.php\/wp-json\/wp\/v2\/posts\/4529\/revisions\/4538"}],"wp:featuredmedia":[{"embeddable":true,"href":"https:\/\/vocesdelaregion.com\/index.php\/wp-json\/wp\/v2\/media\/4534"}],"wp:attachment":[{"href":"https:\/\/vocesdelaregion.com\/index.php\/wp-json\/wp\/v2\/media?parent=4529"}],"wp:term":[{"taxonomy":"category","embeddable":true,"href":"https:\/\/vocesdelaregion.com\/index.php\/wp-json\/wp\/v2\/categories?post=4529"},{"taxonomy":"post_tag","embeddable":true,"href":"https:\/\/vocesdelaregion.com\/index.php\/wp-json\/wp\/v2\/tags?post=4529"}],"curies":[{"name":"wp","href":"https:\/\/api.w.org\/{rel}","templated":true}]}}