{"id":4448,"date":"2025-03-14T09:42:43","date_gmt":"2025-03-14T14:42:43","guid":{"rendered":"https:\/\/vocesdelaregion.com\/?p=4448"},"modified":"2025-03-24T13:20:49","modified_gmt":"2025-03-24T18:20:49","slug":"regresa-el-programa-mercado-campesino","status":"publish","type":"post","link":"https:\/\/vocesdelaregion.com\/index.php\/2025\/03\/14\/regresa-el-programa-mercado-campesino\/","title":{"rendered":"Regresa el programa Mercado Campesino"},"content":{"rendered":"\n<ul class=\"wp-block-list\">\n<li><strong><em>El martes 18 de marzo a partir de las 8:00 a.m. agricultores locales ofrecer\u00e1n sus productos en la plazoleta de la Alcald\u00eda.<\/em><\/strong><\/li>\n\n\n\n<li><strong><em>En la jornada, los ciudadanos encontrar\u00e1n m\u00e1s de 100 productos frescos, transformados y a precios favorables.<\/em><\/strong><\/li>\n<\/ul>\n\n\n\n<p>Regresa el programa Mercado Campesino este martes 18 de marzo a partir de las 8:00 a.m. en la Plazoleta de la Alcald\u00eda de Manizales. Los agricultores inscritos en el programa recibieron durante enero y febrero diferentes capacitaciones para potencializar sus conocimientos, adem\u00e1s de las diferentes pruebas para garantizar la salud de los productores e inocuidad para el manejo de los productos.<\/p>\n\n\n\n<p>La Ingeniera de Alimentos de la Secretar\u00eda de Agricultura, Mar\u00eda del Pilar Cardona, manifest\u00f3:&nbsp;<strong><em>\u201clos invitamos a que nos acompa\u00f1en en nuestro primer Mercado Campesino que se llevar\u00e1 a cabo el pr\u00f3ximo martes 18 de marzo en la plazoleta de la Alcald\u00eda. En este mercado 29 productores de la zona rural del municipio ofrecer\u00e1n m\u00e1s de 100 productos entre frescos y transformados, muestra de la riqueza y diversidad de nuestra producci\u00f3n local\u201d.<\/em><\/strong><\/p>\n\n\n\n<figure class=\"wp-block-audio\"><audio controls src=\"https:\/\/centrodeinformacion.manizales.gov.co\/wp-content\/uploads\/2025\/03\/export_ofoct.com-17.mp3\"><\/audio><figcaption class=\"wp-element-caption\"><strong>Audio:\u00a0<em>Ingeniera de Alimentos de la Secretar\u00eda de Agricultura, Mar\u00eda del Pilar Cardona.<\/em><\/strong><\/figcaption><\/figure>\n\n\n\n<p>El espacio es una excelente oportunidad para comprar productos frescos y de calidad; conocer de cerca el trabajo de nuestros agricultores y fortalecer los lazos con la comunidad.<\/p>\n","protected":false},"excerpt":{"rendered":"<p>Regresa el programa Mercado Campesino este martes 18 de marzo a partir de las 8:00 a.m. en la Plazoleta de la Alcald\u00eda de Manizales. Los agricultores inscritos en el programa recibieron durante enero y febrero diferentes capacitaciones para potencializar sus conocimientos, adem\u00e1s de las diferentes pruebas para garantizar la salud de los productores e inocuidad [&hellip;]<\/p>\n","protected":false},"author":1,"featured_media":4449,"comment_status":"open","ping_status":"open","sticky":false,"template":"","format":"standard","meta":{"om_disable_all_campaigns":false,"_monsterinsights_skip_tracking":false,"_monsterinsights_sitenote_active":false,"_monsterinsights_sitenote_note":"","_monsterinsights_sitenote_category":0,"_uf_show_specific_survey":0,"_uf_disable_surveys":false,"footnotes":""},"categories":[355,58],"tags":[],"class_list":["post-4448","post","type-post","status-publish","format-standard","has-post-thumbnail","hentry","category-alcaldia-de-manizales","category-alcaldias"],"aioseo_notices":[],"blog_post_layout_featured_media_urls":{"thumbnail":["https:\/\/vocesdelaregion.com\/wp-content\/uploads\/2025\/03\/mercado-campesino-150x150.jpeg",150,150,true],"full":["https:\/\/vocesdelaregion.com\/wp-content\/uploads\/2025\/03\/mercado-campesino.jpeg",1140,1425,false]},"categories_names":{"355":{"name":"Alcald\u00eda de Manizales","link":"https:\/\/vocesdelaregion.com\/index.php\/category\/alcaldias\/alcaldia-de-manizales\/"},"58":{"name":"Alcald\u00edas","link":"https:\/\/vocesdelaregion.com\/index.php\/category\/alcaldias\/"}},"tags_names":[],"comments_number":"0","wpmagazine_modules_lite_featured_media_urls":{"thumbnail":["https:\/\/vocesdelaregion.com\/wp-content\/uploads\/2025\/03\/mercado-campesino-150x150.jpeg",150,150,true],"cvmm-medium":["https:\/\/vocesdelaregion.com\/wp-content\/uploads\/2025\/03\/mercado-campesino-300x300.jpeg",300,300,true],"cvmm-medium-plus":["https:\/\/vocesdelaregion.com\/wp-content\/uploads\/2025\/03\/mercado-campesino-305x207.jpeg",305,207,true],"cvmm-portrait":["https:\/\/vocesdelaregion.com\/wp-content\/uploads\/2025\/03\/mercado-campesino-400x600.jpeg",400,600,true],"cvmm-medium-square":["https:\/\/vocesdelaregion.com\/wp-content\/uploads\/2025\/03\/mercado-campesino-600x600.jpeg",600,600,true],"cvmm-large":["https:\/\/vocesdelaregion.com\/wp-content\/uploads\/2025\/03\/mercado-campesino-1024x1024.jpeg",1024,1024,true],"cvmm-small":["https:\/\/vocesdelaregion.com\/wp-content\/uploads\/2025\/03\/mercado-campesino-130x95.jpeg",130,95,true],"full":["https:\/\/vocesdelaregion.com\/wp-content\/uploads\/2025\/03\/mercado-campesino.jpeg",1140,1425,false]},"_links":{"self":[{"href":"https:\/\/vocesdelaregion.com\/index.php\/wp-json\/wp\/v2\/posts\/4448","targetHints":{"allow":["GET"]}}],"collection":[{"href":"https:\/\/vocesdelaregion.com\/index.php\/wp-json\/wp\/v2\/posts"}],"about":[{"href":"https:\/\/vocesdelaregion.com\/index.php\/wp-json\/wp\/v2\/types\/post"}],"author":[{"embeddable":true,"href":"https:\/\/vocesdelaregion.com\/index.php\/wp-json\/wp\/v2\/users\/1"}],"replies":[{"embeddable":true,"href":"https:\/\/vocesdelaregion.com\/index.php\/wp-json\/wp\/v2\/comments?post=4448"}],"version-history":[{"count":2,"href":"https:\/\/vocesdelaregion.com\/index.php\/wp-json\/wp\/v2\/posts\/4448\/revisions"}],"predecessor-version":[{"id":4451,"href":"https:\/\/vocesdelaregion.com\/index.php\/wp-json\/wp\/v2\/posts\/4448\/revisions\/4451"}],"wp:featuredmedia":[{"embeddable":true,"href":"https:\/\/vocesdelaregion.com\/index.php\/wp-json\/wp\/v2\/media\/4449"}],"wp:attachment":[{"href":"https:\/\/vocesdelaregion.com\/index.php\/wp-json\/wp\/v2\/media?parent=4448"}],"wp:term":[{"taxonomy":"category","embeddable":true,"href":"https:\/\/vocesdelaregion.com\/index.php\/wp-json\/wp\/v2\/categories?post=4448"},{"taxonomy":"post_tag","embeddable":true,"href":"https:\/\/vocesdelaregion.com\/index.php\/wp-json\/wp\/v2\/tags?post=4448"}],"curies":[{"name":"wp","href":"https:\/\/api.w.org\/{rel}","templated":true}]}}