{"id":4364,"date":"2025-03-07T20:44:37","date_gmt":"2025-03-08T01:44:37","guid":{"rendered":"https:\/\/vocesdelaregion.com\/?p=4364"},"modified":"2025-03-24T13:24:53","modified_gmt":"2025-03-24T18:24:53","slug":"en-guatica-el-campo-risaraldense-no-se-detiene","status":"publish","type":"post","link":"https:\/\/vocesdelaregion.com\/index.php\/2025\/03\/07\/en-guatica-el-campo-risaraldense-no-se-detiene\/","title":{"rendered":"En Gu\u00e1tica, el campo risaraldense no se detiene"},"content":{"rendered":"\n<p>300 familias campesinas de Gu\u00e1tica recibieron de la Gobernaci\u00f3n insumos para su productividad<br><br><\/p>\n\n\n\n<ul class=\"wp-block-list\">\n<li><em>Se trat\u00f3 de una inversi\u00f3n superior a los $516 millones, con la que la Gobernaci\u00f3n de Risaralda benefici\u00f3 a m\u00e1s de 300 familias campesinas de Gu\u00e1tica, con la entrega de insumos, herramientas y tecnolog\u00eda para fortalecer 12 asociaciones productivas.<\/em><\/li>\n<\/ul>\n\n\n\n<p>Gu\u00e1tica fue escenario de la quinta entrega de insumos agropecuarios que lidera la Gobernaci\u00f3n de Risaralda, a trav\u00e9s de la Secretar\u00eda de Desarrollo Agropecuario, una estrategia del gobernador Juan Diego Pati\u00f1o Ochoa que llegar\u00e1 a los 14 municipios del departamento.<\/p>\n\n\n\n<figure class=\"wp-block-gallery has-nested-images columns-default is-cropped wp-block-gallery-1 is-layout-flex wp-block-gallery-is-layout-flex\">\n<figure class=\"wp-block-image size-large\"><img fetchpriority=\"high\" decoding=\"async\" width=\"784\" height=\"1024\" data-id=\"4358\" src=\"https:\/\/vocesdelaregion.com\/wp-content\/uploads\/2025\/03\/wp-image2640792560850627345-784x1024.jpg\" alt=\"\" class=\"wp-image-4358\" srcset=\"https:\/\/vocesdelaregion.com\/wp-content\/uploads\/2025\/03\/wp-image2640792560850627345-784x1024.jpg 784w, https:\/\/vocesdelaregion.com\/wp-content\/uploads\/2025\/03\/wp-image2640792560850627345-230x300.jpg 230w, https:\/\/vocesdelaregion.com\/wp-content\/uploads\/2025\/03\/wp-image2640792560850627345-768x1003.jpg 768w, https:\/\/vocesdelaregion.com\/wp-content\/uploads\/2025\/03\/wp-image2640792560850627345-1176x1536.jpg 1176w, https:\/\/vocesdelaregion.com\/wp-content\/uploads\/2025\/03\/wp-image2640792560850627345-600x784.jpg 600w, https:\/\/vocesdelaregion.com\/wp-content\/uploads\/2025\/03\/wp-image2640792560850627345.jpg 1531w\" sizes=\"(max-width: 784px) 100vw, 784px\" \/><\/figure>\n\n\n\n<figure class=\"wp-block-image size-large\"><img decoding=\"async\" width=\"1024\" height=\"683\" data-id=\"4359\" src=\"https:\/\/vocesdelaregion.com\/wp-content\/uploads\/2025\/03\/wp-image6736742776610635244-1024x683.jpg\" alt=\"\" class=\"wp-image-4359\" srcset=\"https:\/\/vocesdelaregion.com\/wp-content\/uploads\/2025\/03\/wp-image6736742776610635244-1024x683.jpg 1024w, https:\/\/vocesdelaregion.com\/wp-content\/uploads\/2025\/03\/wp-image6736742776610635244-300x200.jpg 300w, https:\/\/vocesdelaregion.com\/wp-content\/uploads\/2025\/03\/wp-image6736742776610635244-768x512.jpg 768w, https:\/\/vocesdelaregion.com\/wp-content\/uploads\/2025\/03\/wp-image6736742776610635244-1536x1025.jpg 1536w, https:\/\/vocesdelaregion.com\/wp-content\/uploads\/2025\/03\/wp-image6736742776610635244-600x400.jpg 600w, https:\/\/vocesdelaregion.com\/wp-content\/uploads\/2025\/03\/wp-image6736742776610635244.jpg 2000w\" sizes=\"(max-width: 1024px) 100vw, 1024px\" \/><\/figure>\n\n\n\n<figure class=\"wp-block-image size-large\"><img decoding=\"async\" width=\"1024\" height=\"682\" data-id=\"4357\" src=\"https:\/\/vocesdelaregion.com\/wp-content\/uploads\/2025\/03\/wp-image6049626549791811596-1024x682.jpg\" alt=\"\" class=\"wp-image-4357\" srcset=\"https:\/\/vocesdelaregion.com\/wp-content\/uploads\/2025\/03\/wp-image6049626549791811596-1024x682.jpg 1024w, https:\/\/vocesdelaregion.com\/wp-content\/uploads\/2025\/03\/wp-image6049626549791811596-300x200.jpg 300w, https:\/\/vocesdelaregion.com\/wp-content\/uploads\/2025\/03\/wp-image6049626549791811596-768x512.jpg 768w, https:\/\/vocesdelaregion.com\/wp-content\/uploads\/2025\/03\/wp-image6049626549791811596-1536x1024.jpg 1536w, https:\/\/vocesdelaregion.com\/wp-content\/uploads\/2025\/03\/wp-image6049626549791811596-600x400.jpg 600w, https:\/\/vocesdelaregion.com\/wp-content\/uploads\/2025\/03\/wp-image6049626549791811596.jpg 2000w\" sizes=\"(max-width: 1024px) 100vw, 1024px\" \/><\/figure>\n<figcaption class=\"blocks-gallery-caption wp-element-caption\">Coliseo municipal Gu\u00e1tica<\/figcaption><\/figure>\n\n\n\n<p>Desde el coliseo municipal y acompa\u00f1ado de los productores beneficiarios, el gobernador Juan Diego Pati\u00f1o Ochoa expres\u00f3 su orgullo y compromiso con las familias rurales, resaltando que el verdadero cambio se siembra con acciones.<\/p>\n\n\n\n<p>Este programa tiene como prop\u00f3sito fortalecer las l\u00edneas productivas del campo, dignificar el trabajo de los campesinos y seguir construyendo un futuro sostenible para el agro.<\/p>\n\n\n\n<p><strong>\u201cESTE GOBERNADOR LE EST\u00c1 CUMPLIENDO AL CAMPO\u201d<\/strong><\/p>\n\n\n\n<p><em>\u201cHoy nuevamente los miro a los ojos y me siento feliz porque es el campo quien recibe la ayuda del gobierno, porque son los campesinos quienes todos los d\u00edas luchan para que en las ciudades tengamos los alimentos. Por eso digo: sin campo no hay ciudad y estamos haciendo historia en el departamento de Risaralda con la inversi\u00f3n generada por este tipo de proyectos. Hoy reconozco en ustedes esa fuerza de trabajo, esas personas echadas para adelante, y me voy feliz de ver la cara de los campesinos y de poderles decir: este gobernador le est\u00e1 cumpliendo al campo de Risaralda\u201d<\/em>, afirm\u00f3 el mandatario.<\/p>\n\n\n\n<figure class=\"wp-block-video\"><video controls src=\"https:\/\/drive.google.com\/file\/d\/1RnM8gLwD68SXFl1CJZh9-S4zOu0WONMC\/view?usp=drivesdk\"><\/video><figcaption class=\"wp-element-caption\">Gobernador de Risaralda Juan Diego Pati\u00f1o Ochoa<\/figcaption><\/figure>\n\n\n\n<p>En esta jornada se entregaron apoyos para fortalecer actividades como la agricultura, piscicultura, porcicultura, caf\u00e9, aguacate, pl\u00e1tano, panela y kits para la recuperaci\u00f3n de trapiches paneleros afectados.<\/p>\n\n\n\n<figure class=\"wp-block-gallery has-nested-images columns-default is-cropped wp-block-gallery-2 is-layout-flex wp-block-gallery-is-layout-flex\">\n<figure class=\"wp-block-image size-large\"><img loading=\"lazy\" decoding=\"async\" width=\"631\" height=\"1024\" data-id=\"4362\" src=\"https:\/\/vocesdelaregion.com\/wp-content\/uploads\/2025\/03\/screenshot_20250307-2027288749706155454329341-631x1024.png\" alt=\"\" class=\"wp-image-4362\" srcset=\"https:\/\/vocesdelaregion.com\/wp-content\/uploads\/2025\/03\/screenshot_20250307-2027288749706155454329341-631x1024.png 631w, https:\/\/vocesdelaregion.com\/wp-content\/uploads\/2025\/03\/screenshot_20250307-2027288749706155454329341-185x300.png 185w, https:\/\/vocesdelaregion.com\/wp-content\/uploads\/2025\/03\/screenshot_20250307-2027288749706155454329341-768x1246.png 768w, https:\/\/vocesdelaregion.com\/wp-content\/uploads\/2025\/03\/screenshot_20250307-2027288749706155454329341-947x1536.png 947w, https:\/\/vocesdelaregion.com\/wp-content\/uploads\/2025\/03\/screenshot_20250307-2027288749706155454329341-600x973.png 600w, https:\/\/vocesdelaregion.com\/wp-content\/uploads\/2025\/03\/screenshot_20250307-2027288749706155454329341.png 1080w\" sizes=\"(max-width: 631px) 100vw, 631px\" \/><\/figure>\n\n\n\n<figure class=\"wp-block-image size-large\"><img loading=\"lazy\" decoding=\"async\" width=\"1024\" height=\"692\" data-id=\"4360\" src=\"https:\/\/vocesdelaregion.com\/wp-content\/uploads\/2025\/03\/wp-image5531025106903565738-1024x692.jpg\" alt=\"\" class=\"wp-image-4360\" srcset=\"https:\/\/vocesdelaregion.com\/wp-content\/uploads\/2025\/03\/wp-image5531025106903565738-1024x692.jpg 1024w, https:\/\/vocesdelaregion.com\/wp-content\/uploads\/2025\/03\/wp-image5531025106903565738-300x203.jpg 300w, https:\/\/vocesdelaregion.com\/wp-content\/uploads\/2025\/03\/wp-image5531025106903565738-768x519.jpg 768w, https:\/\/vocesdelaregion.com\/wp-content\/uploads\/2025\/03\/wp-image5531025106903565738-1536x1038.jpg 1536w, https:\/\/vocesdelaregion.com\/wp-content\/uploads\/2025\/03\/wp-image5531025106903565738-305x207.jpg 305w, https:\/\/vocesdelaregion.com\/wp-content\/uploads\/2025\/03\/wp-image5531025106903565738-622x420.jpg 622w, https:\/\/vocesdelaregion.com\/wp-content\/uploads\/2025\/03\/wp-image5531025106903565738-600x406.jpg 600w, https:\/\/vocesdelaregion.com\/wp-content\/uploads\/2025\/03\/wp-image5531025106903565738.jpg 2000w\" sizes=\"(max-width: 1024px) 100vw, 1024px\" \/><\/figure>\n\n\n\n<figure class=\"wp-block-image size-large\"><img loading=\"lazy\" decoding=\"async\" width=\"668\" height=\"1024\" data-id=\"4361\" src=\"https:\/\/vocesdelaregion.com\/wp-content\/uploads\/2025\/03\/wp-image1304119726422333716-668x1024.jpg\" alt=\"\" class=\"wp-image-4361\" srcset=\"https:\/\/vocesdelaregion.com\/wp-content\/uploads\/2025\/03\/wp-image1304119726422333716-668x1024.jpg 668w, https:\/\/vocesdelaregion.com\/wp-content\/uploads\/2025\/03\/wp-image1304119726422333716-196x300.jpg 196w, https:\/\/vocesdelaregion.com\/wp-content\/uploads\/2025\/03\/wp-image1304119726422333716-768x1177.jpg 768w, https:\/\/vocesdelaregion.com\/wp-content\/uploads\/2025\/03\/wp-image1304119726422333716-1002x1536.jpg 1002w, https:\/\/vocesdelaregion.com\/wp-content\/uploads\/2025\/03\/wp-image1304119726422333716-600x920.jpg 600w, https:\/\/vocesdelaregion.com\/wp-content\/uploads\/2025\/03\/wp-image1304119726422333716.jpg 1305w\" sizes=\"(max-width: 668px) 100vw, 668px\" \/><\/figure>\n<figcaption class=\"blocks-gallery-caption wp-element-caption\">Entrega de apoyos<\/figcaption><\/figure>\n\n\n\n<p>Para Luis Duque, director t\u00e9cnico de la Secretar\u00eda de Desarrollo Agropecuario, este proyecto es el resultado de escuchar y atender las verdaderas necesidades de los productores.<\/p>\n\n\n\n<p><em>\u201cHemos invertido m\u00e1s de $500 millones para beneficiar a m\u00e1s de 300 familias campesinas, integradas en 12 asociaciones. Este trabajo inici\u00f3 escuchando las problem\u00e1ticas de cada organizaci\u00f3n y desde all\u00ed construimos soluciones reales. Hoy destacamos casos como el de un trapiche panelero al que le entregamos una hornilla ecoeficiente que reduce costos y evita la contaminaci\u00f3n\u201d.<\/em><\/p>\n\n\n\n<figure class=\"wp-block-video\"><video controls src=\"https:\/\/drive.google.com\/file\/d\/1T4hjp_EIfXNhmVh78cI3LoGGf3UVEJ4q\/view?usp=drivesdk\"><\/video><figcaption class=\"wp-element-caption\">Luis Duque, director t\u00e9cnico de la Secretar\u00eda de Desarrollo Agropecuario<\/figcaption><\/figure>\n\n\n\n<p><strong>ASOCIACI\u00d3N DE AGUACATEROS<\/strong><\/p>\n\n\n\n<p>A su vez, Natalia Ru\u00edz, integrante de la Asociaci\u00f3n de Aguacateros de Gu\u00e1tica, resalt\u00f3 el impacto positivo que estas entregas generan para el municipio:<\/p>\n\n\n\n<p><em>\u201cAgradecemos a la Gobernaci\u00f3n por este apoyo que hoy nos beneficia. Gracias a esta gesti\u00f3n, ahora tenemos herramientas que antes eran casi imposibles de adquirir y que son fundamentales para el agro colombiano\u201d<\/em><\/p>\n\n\n\n<figure class=\"wp-block-video\"><video controls src=\"https:\/\/drive.google.com\/file\/d\/1U_my827kAFeCbpRGeUllAp5KdkslBbVX\/view?usp=drivesdk\"><\/video><\/figure>\n\n\n\n<p>Con este proyecto, la Gobernaci\u00f3n de Risaralda contin\u00faa sembrando oportunidades y reafirma su compromiso de fortalecer el campo, apoyando a quienes, con esfuerzo y dedicaci\u00f3n, garantizan el alimento y el desarrollo del departamento.<\/p>\n","protected":false},"excerpt":{"rendered":"<p>300 familias campesinas de Gu\u00e1tica recibieron de la Gobernaci\u00f3n insumos para su productividad Gu\u00e1tica fue escenario de la quinta entrega de insumos agropecuarios que lidera la Gobernaci\u00f3n de Risaralda, a trav\u00e9s de la Secretar\u00eda de Desarrollo Agropecuario, una estrategia del gobernador Juan Diego Pati\u00f1o Ochoa que llegar\u00e1 a los 14 municipios del departamento. Desde el [&hellip;]<\/p>\n","protected":false},"author":1,"featured_media":4363,"comment_status":"open","ping_status":"open","sticky":false,"template":"","format":"standard","meta":{"om_disable_all_campaigns":false,"_monsterinsights_skip_tracking":false,"_monsterinsights_sitenote_active":false,"_monsterinsights_sitenote_note":"","_monsterinsights_sitenote_category":0,"_uf_show_specific_survey":0,"_uf_disable_surveys":false,"footnotes":""},"categories":[358,356],"tags":[341,343,342,292,289,340,85],"class_list":["post-4364","post","type-post","status-publish","format-standard","has-post-thumbnail","hentry","category-gobernacion-de-risaralda","category-gobernaciones","tag-agropecuarios","tag-ayudas","tag-campo","tag-gobernacion","tag-guatica","tag-kits","tag-risaralda"],"aioseo_notices":[],"blog_post_layout_featured_media_urls":{"thumbnail":["https:\/\/vocesdelaregion.com\/wp-content\/uploads\/2025\/03\/07.03.2025_BOLETIN_DESARROLLO_AGROPECUARIO_-_ENTREGA_DE_INSUMOS_GUATICA_5-150x150.jpeg",150,150,true],"full":["https:\/\/vocesdelaregion.com\/wp-content\/uploads\/2025\/03\/07.03.2025_BOLETIN_DESARROLLO_AGROPECUARIO_-_ENTREGA_DE_INSUMOS_GUATICA_5-scaled.jpeg",1706,2560,false]},"categories_names":{"358":{"name":"Gobernaci\u00f3n de Risaralda","link":"https:\/\/vocesdelaregion.com\/index.php\/category\/gobernaciones\/gobernacion-de-risaralda\/"},"356":{"name":"Gobernaciones","link":"https:\/\/vocesdelaregion.com\/index.php\/category\/gobernaciones\/"}},"tags_names":{"341":{"name":"agropecuarios","link":"https:\/\/vocesdelaregion.com\/index.php\/tag\/agropecuarios\/"},"343":{"name":"ayudas","link":"https:\/\/vocesdelaregion.com\/index.php\/tag\/ayudas\/"},"342":{"name":"campo","link":"https:\/\/vocesdelaregion.com\/index.php\/tag\/campo\/"},"292":{"name":"gobernaci\u00f3n","link":"https:\/\/vocesdelaregion.com\/index.php\/tag\/gobernacion\/"},"289":{"name":"gu\u00e1tica","link":"https:\/\/vocesdelaregion.com\/index.php\/tag\/guatica\/"},"340":{"name":"kits","link":"https:\/\/vocesdelaregion.com\/index.php\/tag\/kits\/"},"85":{"name":"risaralda","link":"https:\/\/vocesdelaregion.com\/index.php\/tag\/risaralda\/"}},"comments_number":"0","wpmagazine_modules_lite_featured_media_urls":{"thumbnail":["https:\/\/vocesdelaregion.com\/wp-content\/uploads\/2025\/03\/07.03.2025_BOLETIN_DESARROLLO_AGROPECUARIO_-_ENTREGA_DE_INSUMOS_GUATICA_5-150x150.jpeg",150,150,true],"cvmm-medium":["https:\/\/vocesdelaregion.com\/wp-content\/uploads\/2025\/03\/07.03.2025_BOLETIN_DESARROLLO_AGROPECUARIO_-_ENTREGA_DE_INSUMOS_GUATICA_5-300x300.jpeg",300,300,true],"cvmm-medium-plus":["https:\/\/vocesdelaregion.com\/wp-content\/uploads\/2025\/03\/07.03.2025_BOLETIN_DESARROLLO_AGROPECUARIO_-_ENTREGA_DE_INSUMOS_GUATICA_5-305x207.jpeg",305,207,true],"cvmm-portrait":["https:\/\/vocesdelaregion.com\/wp-content\/uploads\/2025\/03\/07.03.2025_BOLETIN_DESARROLLO_AGROPECUARIO_-_ENTREGA_DE_INSUMOS_GUATICA_5-400x600.jpeg",400,600,true],"cvmm-medium-square":["https:\/\/vocesdelaregion.com\/wp-content\/uploads\/2025\/03\/07.03.2025_BOLETIN_DESARROLLO_AGROPECUARIO_-_ENTREGA_DE_INSUMOS_GUATICA_5-600x600.jpeg",600,600,true],"cvmm-large":["https:\/\/vocesdelaregion.com\/wp-content\/uploads\/2025\/03\/07.03.2025_BOLETIN_DESARROLLO_AGROPECUARIO_-_ENTREGA_DE_INSUMOS_GUATICA_5-1024x1024.jpeg",1024,1024,true],"cvmm-small":["https:\/\/vocesdelaregion.com\/wp-content\/uploads\/2025\/03\/07.03.2025_BOLETIN_DESARROLLO_AGROPECUARIO_-_ENTREGA_DE_INSUMOS_GUATICA_5-130x95.jpeg",130,95,true],"full":["https:\/\/vocesdelaregion.com\/wp-content\/uploads\/2025\/03\/07.03.2025_BOLETIN_DESARROLLO_AGROPECUARIO_-_ENTREGA_DE_INSUMOS_GUATICA_5-scaled.jpeg",1706,2560,false]},"_links":{"self":[{"href":"https:\/\/vocesdelaregion.com\/index.php\/wp-json\/wp\/v2\/posts\/4364","targetHints":{"allow":["GET"]}}],"collection":[{"href":"https:\/\/vocesdelaregion.com\/index.php\/wp-json\/wp\/v2\/posts"}],"about":[{"href":"https:\/\/vocesdelaregion.com\/index.php\/wp-json\/wp\/v2\/types\/post"}],"author":[{"embeddable":true,"href":"https:\/\/vocesdelaregion.com\/index.php\/wp-json\/wp\/v2\/users\/1"}],"replies":[{"embeddable":true,"href":"https:\/\/vocesdelaregion.com\/index.php\/wp-json\/wp\/v2\/comments?post=4364"}],"version-history":[{"count":1,"href":"https:\/\/vocesdelaregion.com\/index.php\/wp-json\/wp\/v2\/posts\/4364\/revisions"}],"predecessor-version":[{"id":4365,"href":"https:\/\/vocesdelaregion.com\/index.php\/wp-json\/wp\/v2\/posts\/4364\/revisions\/4365"}],"wp:featuredmedia":[{"embeddable":true,"href":"https:\/\/vocesdelaregion.com\/index.php\/wp-json\/wp\/v2\/media\/4363"}],"wp:attachment":[{"href":"https:\/\/vocesdelaregion.com\/index.php\/wp-json\/wp\/v2\/media?parent=4364"}],"wp:term":[{"taxonomy":"category","embeddable":true,"href":"https:\/\/vocesdelaregion.com\/index.php\/wp-json\/wp\/v2\/categories?post=4364"},{"taxonomy":"post_tag","embeddable":true,"href":"https:\/\/vocesdelaregion.com\/index.php\/wp-json\/wp\/v2\/tags?post=4364"}],"curies":[{"name":"wp","href":"https:\/\/api.w.org\/{rel}","templated":true}]}}