{"id":4314,"date":"2025-03-07T07:41:00","date_gmt":"2025-03-07T12:41:00","guid":{"rendered":"https:\/\/vocesdelaregion.com\/?p=4314"},"modified":"2025-03-24T18:59:00","modified_gmt":"2025-03-24T23:59:00","slug":"menor-de-edad-baleada-sujeto-con-prision-domiciliaria-le-disparo","status":"publish","type":"post","link":"https:\/\/vocesdelaregion.com\/index.php\/2025\/03\/07\/menor-de-edad-baleada-sujeto-con-prision-domiciliaria-le-disparo\/","title":{"rendered":"Menor de edad baleada. Sujeto con prisi\u00f3n domiciliaria le dispar\u00f3"},"content":{"rendered":"\n<p>La Polic\u00eda Nacional adelanta investigaciones para esclarecer los hechos en los que una adolescente de 13 a\u00f1os result\u00f3 lesionada con arma de fuego en el municipio de Chinchin\u00e1. El presunto agresor fue capturado.<\/p>\n\n\n\n<p>El caso se registr\u00f3 en el barrio nuevo horizonte, sector la invasi\u00f3n. La menor fue trasladada de urgencia al hospital local y posteriormente remitida a un centro asistencial en Manizales.<\/p>\n\n\n\n<p>Las primeras indagaciones indican que el hecho ocurri\u00f3 dentro de la vivienda donde residen la v\u00edctima y el presunto agresor, quien fue identificado como alias \u201cLa Bruja\u201d. Este hombre, conocido en el sector por su historial delictivo relacionado con el tr\u00e1fico local de estupefacientes, se encontraba con el beneficio de prisi\u00f3n domiciliaria desde el pasado 3 de marzo, luego de haber estado privado de la libertad por el delito de porte ilegal de armas de fuego.<\/p>\n\n\n\n<p>El indiciado fue puesto a disposici\u00f3n de la autoridad judicial competente donde deber\u00e1 responder por los presuntos delitos de homicidio en grado de tentativa y porte ilegal de armas de fuego.<\/p>\n\n\n\n<p>La Polic\u00eda Nacional contin\u00faa recopilando elementos materiales probatorios para esclarecer este lamentable caso. Adem\u00e1s, hacemos un llamado a la comunidad para que suministre informaci\u00f3n de manera oportuna cuando se presente cualquier manifestaci\u00f3n de violencia que ponga en peligro a nuestros ni\u00f1os, ni\u00f1as y adolescentes, con el fin de prevenir hechos como estos.<\/p>\n\n\n\n<p>Algunos ciudadanos del sector intentaron agredir a los uniformados que atendieron la situaci\u00f3n, lo que dificult\u00f3 su trabajo y puso en riesgo la seguridad de todos. Ante esto, invitamos a la ciudadan\u00eda a no obstaculizar los procedimientos policiales y a evitar tomar justicia por mano propia, recordando que el respeto a la autoridad es fundamental para garantizar el orden y la convivencia.<\/p>\n\n\n\n<figure class=\"wp-block-embed is-type-video is-provider-youtube wp-block-embed-youtube wp-embed-aspect-4-3 wp-has-aspect-ratio\"><div class=\"wp-block-embed__wrapper\">\n<iframe title=\"POLIC\u00cdA INVESTIGA HECHOS DONDE RESULT\u00d3 LESIONADA UNA ADOLESCENTE EN CHINCHIN\u00c1\" width=\"640\" height=\"480\" src=\"https:\/\/www.youtube.com\/embed\/Y-e5MudupKE?feature=oembed\" frameborder=\"0\" allow=\"accelerometer; autoplay; clipboard-write; encrypted-media; gyroscope; picture-in-picture; web-share\" referrerpolicy=\"strict-origin-when-cross-origin\" allowfullscreen><\/iframe>\n<\/div><\/figure>\n\n\n\n<p>\u00a1Denunciar es un compromiso de todos! La seguridad y el bienestar de nuestros ni\u00f1os y adolescentes son prioridad.&nbsp;<\/p>\n","protected":false},"excerpt":{"rendered":"<p>La Polic\u00eda Nacional adelanta investigaciones para esclarecer los hechos en los que una adolescente de 13 a\u00f1os result\u00f3 lesionada con arma de fuego en el municipio de Chinchin\u00e1. El presunto agresor fue capturado. El caso se registr\u00f3 en el barrio nuevo horizonte, sector la invasi\u00f3n. La menor fue trasladada de urgencia al hospital local y [&hellip;]<\/p>\n","protected":false},"author":1,"featured_media":4315,"comment_status":"open","ping_status":"open","sticky":false,"template":"","format":"standard","meta":{"om_disable_all_campaigns":false,"_monsterinsights_skip_tracking":false,"_monsterinsights_sitenote_active":false,"_monsterinsights_sitenote_note":"","_monsterinsights_sitenote_category":0,"_uf_show_specific_survey":0,"_uf_disable_surveys":false,"footnotes":""},"categories":[25,359],"tags":[],"class_list":["post-4314","post","type-post","status-publish","format-standard","has-post-thumbnail","hentry","category-judicial","category-judiciales-caldas"],"aioseo_notices":[],"blog_post_layout_featured_media_urls":{"thumbnail":["https:\/\/vocesdelaregion.com\/wp-content\/uploads\/2025\/03\/Capturado-por-homicidio-tentadfo-Chinchina-150x150.jpeg",150,150,true],"full":["https:\/\/vocesdelaregion.com\/wp-content\/uploads\/2025\/03\/Capturado-por-homicidio-tentadfo-Chinchina.jpeg",975,513,false]},"categories_names":{"25":{"name":"Judicial","link":"https:\/\/vocesdelaregion.com\/index.php\/category\/judicial\/"},"359":{"name":"Judiciales Caldas","link":"https:\/\/vocesdelaregion.com\/index.php\/category\/judicial\/judiciales-caldas\/"}},"tags_names":[],"comments_number":"0","wpmagazine_modules_lite_featured_media_urls":{"thumbnail":["https:\/\/vocesdelaregion.com\/wp-content\/uploads\/2025\/03\/Capturado-por-homicidio-tentadfo-Chinchina-150x150.jpeg",150,150,true],"cvmm-medium":["https:\/\/vocesdelaregion.com\/wp-content\/uploads\/2025\/03\/Capturado-por-homicidio-tentadfo-Chinchina-300x300.jpeg",300,300,true],"cvmm-medium-plus":["https:\/\/vocesdelaregion.com\/wp-content\/uploads\/2025\/03\/Capturado-por-homicidio-tentadfo-Chinchina-305x207.jpeg",305,207,true],"cvmm-portrait":["https:\/\/vocesdelaregion.com\/wp-content\/uploads\/2025\/03\/Capturado-por-homicidio-tentadfo-Chinchina-400x513.jpeg",400,513,true],"cvmm-medium-square":["https:\/\/vocesdelaregion.com\/wp-content\/uploads\/2025\/03\/Capturado-por-homicidio-tentadfo-Chinchina-600x513.jpeg",600,513,true],"cvmm-large":["https:\/\/vocesdelaregion.com\/wp-content\/uploads\/2025\/03\/Capturado-por-homicidio-tentadfo-Chinchina.jpeg",975,513,false],"cvmm-small":["https:\/\/vocesdelaregion.com\/wp-content\/uploads\/2025\/03\/Capturado-por-homicidio-tentadfo-Chinchina-130x95.jpeg",130,95,true],"full":["https:\/\/vocesdelaregion.com\/wp-content\/uploads\/2025\/03\/Capturado-por-homicidio-tentadfo-Chinchina.jpeg",975,513,false]},"_links":{"self":[{"href":"https:\/\/vocesdelaregion.com\/index.php\/wp-json\/wp\/v2\/posts\/4314","targetHints":{"allow":["GET"]}}],"collection":[{"href":"https:\/\/vocesdelaregion.com\/index.php\/wp-json\/wp\/v2\/posts"}],"about":[{"href":"https:\/\/vocesdelaregion.com\/index.php\/wp-json\/wp\/v2\/types\/post"}],"author":[{"embeddable":true,"href":"https:\/\/vocesdelaregion.com\/index.php\/wp-json\/wp\/v2\/users\/1"}],"replies":[{"embeddable":true,"href":"https:\/\/vocesdelaregion.com\/index.php\/wp-json\/wp\/v2\/comments?post=4314"}],"version-history":[{"count":3,"href":"https:\/\/vocesdelaregion.com\/index.php\/wp-json\/wp\/v2\/posts\/4314\/revisions"}],"predecessor-version":[{"id":4319,"href":"https:\/\/vocesdelaregion.com\/index.php\/wp-json\/wp\/v2\/posts\/4314\/revisions\/4319"}],"wp:featuredmedia":[{"embeddable":true,"href":"https:\/\/vocesdelaregion.com\/index.php\/wp-json\/wp\/v2\/media\/4315"}],"wp:attachment":[{"href":"https:\/\/vocesdelaregion.com\/index.php\/wp-json\/wp\/v2\/media?parent=4314"}],"wp:term":[{"taxonomy":"category","embeddable":true,"href":"https:\/\/vocesdelaregion.com\/index.php\/wp-json\/wp\/v2\/categories?post=4314"},{"taxonomy":"post_tag","embeddable":true,"href":"https:\/\/vocesdelaregion.com\/index.php\/wp-json\/wp\/v2\/tags?post=4314"}],"curies":[{"name":"wp","href":"https:\/\/api.w.org\/{rel}","templated":true}]}}