{"id":4259,"date":"2025-03-02T17:32:00","date_gmt":"2025-03-02T22:32:00","guid":{"rendered":"https:\/\/vocesdelaregion.com\/?p=4259"},"modified":"2025-03-24T19:00:27","modified_gmt":"2025-03-25T00:00:27","slug":"asesinaron-a-un-joven-en-el-alto-occidente-caldas-llego-a-28-homicidios","status":"publish","type":"post","link":"https:\/\/vocesdelaregion.com\/index.php\/2025\/03\/02\/asesinaron-a-un-joven-en-el-alto-occidente-caldas-llego-a-28-homicidios\/","title":{"rendered":"Asesinaron a un joven en el Alto Occidente. Caldas lleg\u00f3 a 28 homicidios"},"content":{"rendered":"\n<p>La ma\u00f1ana de este domingo, fue ingresado de urgencia al hospital San Lorenzo de Sup\u00eda, un hombre herido con arma de fuego.<\/p>\n\n\n\n<p>De acuerdo con las primeras informaciones, el joven habr\u00eda discutido con otro hombre quien sac\u00f3 un arma de fuego y le dispar\u00f3 en repetidas ocasiones. El hecho sucedi\u00f3 en la vereda Bajo Sevilla, zona rural de Sup\u00eda.<\/p>\n\n\n\n<p>Debido a la gravedad de sus lesiones fue remitido a un centro asistencial en Manizales, donde falleci\u00f3.<\/p>\n\n\n\n<p>La v\u00edctima fue identificada como Jhohan Stiven Fern\u00e1ndez Anduquia, de 21 a\u00f1os de edad<\/p>\n\n\n\n<p>Las autoridades iniciaron la investigaci\u00f3n de este hecho, para establecer la circunstancia de este crimen y dar con el responsable.<\/p>\n\n\n\n<p>Caldas llega a 28 homicidios en 2025, as\u00ed<\/p>\n\n\n\n<ul class=\"wp-block-list\">\n<li>La Dorada 7<\/li>\n\n\n\n<li>Manizales 6<\/li>\n\n\n\n<li>Sup\u00eda 3<\/li>\n\n\n\n<li>Saman\u00e1 2<\/li>\n\n\n\n<li>San Jos\u00e9 2<\/li>\n\n\n\n<li>Neira 2<\/li>\n\n\n\n<li>Chinchin\u00e1 2<\/li>\n\n\n\n<li>Viterbo 2<\/li>\n\n\n\n<li>Manzanares 1<\/li>\n\n\n\n<li>Victoria 1<\/li>\n<\/ul>\n\n\n\n<p>Noticia En Desarrollo&#8230;<\/p>\n","protected":false},"excerpt":{"rendered":"<p>La ma\u00f1ana de este domingo, fue ingresado de urgencia al hospital San Lorenzo de Sup\u00eda, un hombre herido con arma de fuego. De acuerdo con las primeras informaciones, el joven habr\u00eda discutido con otro hombre quien sac\u00f3 un arma de fuego y le dispar\u00f3 en repetidas ocasiones. El hecho sucedi\u00f3 en la vereda Bajo Sevilla, [&hellip;]<\/p>\n","protected":false},"author":1,"featured_media":3439,"comment_status":"open","ping_status":"open","sticky":false,"template":"","format":"standard","meta":{"om_disable_all_campaigns":false,"_monsterinsights_skip_tracking":false,"_monsterinsights_sitenote_active":false,"_monsterinsights_sitenote_note":"","_monsterinsights_sitenote_category":0,"_uf_show_specific_survey":0,"_uf_disable_surveys":false,"footnotes":""},"categories":[42,24,25,359],"tags":[],"class_list":["post-4259","post","type-post","status-publish","format-standard","has-post-thumbnail","hentry","category-alto-occidente","category-caldas","category-judicial","category-judiciales-caldas"],"aioseo_notices":[],"blog_post_layout_featured_media_urls":{"thumbnail":["https:\/\/vocesdelaregion.com\/wp-content\/uploads\/2024\/12\/homicidio-arma-de-fuego-150x150.jpg",150,150,true],"full":["https:\/\/vocesdelaregion.com\/wp-content\/uploads\/2024\/12\/homicidio-arma-de-fuego.jpg",770,501,false]},"categories_names":{"42":{"name":"Alto Occidente","link":"https:\/\/vocesdelaregion.com\/index.php\/category\/caldas\/alto-occidente\/"},"24":{"name":"Caldas","link":"https:\/\/vocesdelaregion.com\/index.php\/category\/caldas\/"},"25":{"name":"Judicial","link":"https:\/\/vocesdelaregion.com\/index.php\/category\/judicial\/"},"359":{"name":"Judiciales Caldas","link":"https:\/\/vocesdelaregion.com\/index.php\/category\/judicial\/judiciales-caldas\/"}},"tags_names":[],"comments_number":"0","wpmagazine_modules_lite_featured_media_urls":{"thumbnail":["https:\/\/vocesdelaregion.com\/wp-content\/uploads\/2024\/12\/homicidio-arma-de-fuego-150x150.jpg",150,150,true],"cvmm-medium":["https:\/\/vocesdelaregion.com\/wp-content\/uploads\/2024\/12\/homicidio-arma-de-fuego-300x300.jpg",300,300,true],"cvmm-medium-plus":["https:\/\/vocesdelaregion.com\/wp-content\/uploads\/2024\/12\/homicidio-arma-de-fuego-305x207.jpg",305,207,true],"cvmm-portrait":["https:\/\/vocesdelaregion.com\/wp-content\/uploads\/2024\/12\/homicidio-arma-de-fuego-400x501.jpg",400,501,true],"cvmm-medium-square":["https:\/\/vocesdelaregion.com\/wp-content\/uploads\/2024\/12\/homicidio-arma-de-fuego-600x501.jpg",600,501,true],"cvmm-large":["https:\/\/vocesdelaregion.com\/wp-content\/uploads\/2024\/12\/homicidio-arma-de-fuego.jpg",770,501,false],"cvmm-small":["https:\/\/vocesdelaregion.com\/wp-content\/uploads\/2024\/12\/homicidio-arma-de-fuego-130x95.jpg",130,95,true],"full":["https:\/\/vocesdelaregion.com\/wp-content\/uploads\/2024\/12\/homicidio-arma-de-fuego.jpg",770,501,false]},"_links":{"self":[{"href":"https:\/\/vocesdelaregion.com\/index.php\/wp-json\/wp\/v2\/posts\/4259","targetHints":{"allow":["GET"]}}],"collection":[{"href":"https:\/\/vocesdelaregion.com\/index.php\/wp-json\/wp\/v2\/posts"}],"about":[{"href":"https:\/\/vocesdelaregion.com\/index.php\/wp-json\/wp\/v2\/types\/post"}],"author":[{"embeddable":true,"href":"https:\/\/vocesdelaregion.com\/index.php\/wp-json\/wp\/v2\/users\/1"}],"replies":[{"embeddable":true,"href":"https:\/\/vocesdelaregion.com\/index.php\/wp-json\/wp\/v2\/comments?post=4259"}],"version-history":[{"count":2,"href":"https:\/\/vocesdelaregion.com\/index.php\/wp-json\/wp\/v2\/posts\/4259\/revisions"}],"predecessor-version":[{"id":4261,"href":"https:\/\/vocesdelaregion.com\/index.php\/wp-json\/wp\/v2\/posts\/4259\/revisions\/4261"}],"wp:featuredmedia":[{"embeddable":true,"href":"https:\/\/vocesdelaregion.com\/index.php\/wp-json\/wp\/v2\/media\/3439"}],"wp:attachment":[{"href":"https:\/\/vocesdelaregion.com\/index.php\/wp-json\/wp\/v2\/media?parent=4259"}],"wp:term":[{"taxonomy":"category","embeddable":true,"href":"https:\/\/vocesdelaregion.com\/index.php\/wp-json\/wp\/v2\/categories?post=4259"},{"taxonomy":"post_tag","embeddable":true,"href":"https:\/\/vocesdelaregion.com\/index.php\/wp-json\/wp\/v2\/tags?post=4259"}],"curies":[{"name":"wp","href":"https:\/\/api.w.org\/{rel}","templated":true}]}}