{"id":4249,"date":"2025-03-02T11:21:53","date_gmt":"2025-03-02T16:21:53","guid":{"rendered":"https:\/\/vocesdelaregion.com\/?p=4249"},"modified":"2025-03-24T13:26:51","modified_gmt":"2025-03-24T18:26:51","slug":"procesos-erosivos-en-manizales-debido-a-precipitaciones-recientes","status":"publish","type":"post","link":"https:\/\/vocesdelaregion.com\/index.php\/2025\/03\/02\/procesos-erosivos-en-manizales-debido-a-precipitaciones-recientes\/","title":{"rendered":"Procesos erosivos en Manizales debido a precipitaciones recientes"},"content":{"rendered":"\n<p>La Unidad de Gesti\u00f3n del Riesgo (UGR) informa que debido a las intensas precipitaciones ocurridas en las \u00faltimas horas y al acumulado de lluvias, se han presentado procesos erosivos superficiales en el municipio. Los puntos m\u00e1s afectados son dos sitios espec\u00edficos: uno en la zona de Morrogacho y otro en la v\u00eda vereda La Argelia.<\/p>\n\n\n\n<p>Actualmente, se trabaja en la recuperaci\u00f3n de estos puntos afectados.<\/p>\n\n\n\n<figure class=\"wp-block-audio\"><audio controls src=\"https:\/\/on.soundcloud.com\/ePAUija4sip5LkKFA\"><\/audio><figcaption class=\"wp-element-caption\">Diego Armando Rivera, Director UGR Manizales.<\/figcaption><\/figure>\n\n\n\n<p>Se reitera a la comunidad que la UGR est\u00e1 atenta a cualquier eventualidad y les recordamos que pueden comunicarse a la l\u00ednea 119 del Cuerpo Oficial de Bomberos para cualquier emergencia o solicitud de apoyo.<\/p>\n\n\n\n<p>Mantendremos informada a la poblaci\u00f3n sobre cualquier novedad.<\/p>\n","protected":false},"excerpt":{"rendered":"<p>La Unidad de Gesti\u00f3n del Riesgo (UGR) informa que debido a las intensas precipitaciones ocurridas en las \u00faltimas horas y al acumulado de lluvias, se han presentado procesos erosivos superficiales en el municipio. Los puntos m\u00e1s afectados son dos sitios espec\u00edficos: uno en la zona de Morrogacho y otro en la v\u00eda vereda La Argelia. [&hellip;]<\/p>\n","protected":false},"author":1,"featured_media":4248,"comment_status":"open","ping_status":"open","sticky":false,"template":"","format":"standard","meta":{"om_disable_all_campaigns":false,"_monsterinsights_skip_tracking":false,"_monsterinsights_sitenote_active":false,"_monsterinsights_sitenote_note":"","_monsterinsights_sitenote_category":0,"_uf_show_specific_survey":0,"_uf_disable_surveys":false,"footnotes":""},"categories":[355,58,41,49],"tags":[332,129,319,64,318],"class_list":["post-4249","post","type-post","status-publish","format-standard","has-post-thumbnail","hentry","category-alcaldia-de-manizales","category-alcaldias","category-movilidad","category-vias","tag-atencion","tag-bomberos","tag-derrumbe","tag-manizales","tag-ugr"],"aioseo_notices":[],"blog_post_layout_featured_media_urls":{"thumbnail":["https:\/\/vocesdelaregion.com\/wp-content\/uploads\/2025\/03\/IMG-20250302-WA0072-150x150.jpg",150,150,true],"full":["https:\/\/vocesdelaregion.com\/wp-content\/uploads\/2025\/03\/IMG-20250302-WA0072.jpg",1600,1204,false]},"categories_names":{"355":{"name":"Alcald\u00eda de Manizales","link":"https:\/\/vocesdelaregion.com\/index.php\/category\/alcaldias\/alcaldia-de-manizales\/"},"58":{"name":"Alcald\u00edas","link":"https:\/\/vocesdelaregion.com\/index.php\/category\/alcaldias\/"},"41":{"name":"Movilidad","link":"https:\/\/vocesdelaregion.com\/index.php\/category\/movilidad\/"},"49":{"name":"V\u00edas","link":"https:\/\/vocesdelaregion.com\/index.php\/category\/movilidad\/vias\/"}},"tags_names":{"332":{"name":"atenci\u00f3n","link":"https:\/\/vocesdelaregion.com\/index.php\/tag\/atencion\/"},"129":{"name":"bomberos","link":"https:\/\/vocesdelaregion.com\/index.php\/tag\/bomberos\/"},"319":{"name":"derrumbe","link":"https:\/\/vocesdelaregion.com\/index.php\/tag\/derrumbe\/"},"64":{"name":"Manizales","link":"https:\/\/vocesdelaregion.com\/index.php\/tag\/manizales\/"},"318":{"name":"UGR","link":"https:\/\/vocesdelaregion.com\/index.php\/tag\/ugr\/"}},"comments_number":"0","wpmagazine_modules_lite_featured_media_urls":{"thumbnail":["https:\/\/vocesdelaregion.com\/wp-content\/uploads\/2025\/03\/IMG-20250302-WA0072-150x150.jpg",150,150,true],"cvmm-medium":["https:\/\/vocesdelaregion.com\/wp-content\/uploads\/2025\/03\/IMG-20250302-WA0072-300x300.jpg",300,300,true],"cvmm-medium-plus":["https:\/\/vocesdelaregion.com\/wp-content\/uploads\/2025\/03\/IMG-20250302-WA0072-305x207.jpg",305,207,true],"cvmm-portrait":["https:\/\/vocesdelaregion.com\/wp-content\/uploads\/2025\/03\/IMG-20250302-WA0072-400x600.jpg",400,600,true],"cvmm-medium-square":["https:\/\/vocesdelaregion.com\/wp-content\/uploads\/2025\/03\/IMG-20250302-WA0072-600x600.jpg",600,600,true],"cvmm-large":["https:\/\/vocesdelaregion.com\/wp-content\/uploads\/2025\/03\/IMG-20250302-WA0072-1024x1024.jpg",1024,1024,true],"cvmm-small":["https:\/\/vocesdelaregion.com\/wp-content\/uploads\/2025\/03\/IMG-20250302-WA0072-130x95.jpg",130,95,true],"full":["https:\/\/vocesdelaregion.com\/wp-content\/uploads\/2025\/03\/IMG-20250302-WA0072.jpg",1600,1204,false]},"_links":{"self":[{"href":"https:\/\/vocesdelaregion.com\/index.php\/wp-json\/wp\/v2\/posts\/4249","targetHints":{"allow":["GET"]}}],"collection":[{"href":"https:\/\/vocesdelaregion.com\/index.php\/wp-json\/wp\/v2\/posts"}],"about":[{"href":"https:\/\/vocesdelaregion.com\/index.php\/wp-json\/wp\/v2\/types\/post"}],"author":[{"embeddable":true,"href":"https:\/\/vocesdelaregion.com\/index.php\/wp-json\/wp\/v2\/users\/1"}],"replies":[{"embeddable":true,"href":"https:\/\/vocesdelaregion.com\/index.php\/wp-json\/wp\/v2\/comments?post=4249"}],"version-history":[{"count":2,"href":"https:\/\/vocesdelaregion.com\/index.php\/wp-json\/wp\/v2\/posts\/4249\/revisions"}],"predecessor-version":[{"id":4251,"href":"https:\/\/vocesdelaregion.com\/index.php\/wp-json\/wp\/v2\/posts\/4249\/revisions\/4251"}],"wp:featuredmedia":[{"embeddable":true,"href":"https:\/\/vocesdelaregion.com\/index.php\/wp-json\/wp\/v2\/media\/4248"}],"wp:attachment":[{"href":"https:\/\/vocesdelaregion.com\/index.php\/wp-json\/wp\/v2\/media?parent=4249"}],"wp:term":[{"taxonomy":"category","embeddable":true,"href":"https:\/\/vocesdelaregion.com\/index.php\/wp-json\/wp\/v2\/categories?post=4249"},{"taxonomy":"post_tag","embeddable":true,"href":"https:\/\/vocesdelaregion.com\/index.php\/wp-json\/wp\/v2\/tags?post=4249"}],"curies":[{"name":"wp","href":"https:\/\/api.w.org\/{rel}","templated":true}]}}