{"id":4185,"date":"2025-02-28T11:21:10","date_gmt":"2025-02-28T16:21:10","guid":{"rendered":"https:\/\/vocesdelaregion.com\/?p=4185"},"modified":"2025-03-24T13:28:09","modified_gmt":"2025-03-24T18:28:09","slug":"medidas-de-seguridad-para-el-partido-once-caldas-vs-alianza-fc","status":"publish","type":"post","link":"https:\/\/vocesdelaregion.com\/index.php\/2025\/02\/28\/medidas-de-seguridad-para-el-partido-once-caldas-vs-alianza-fc\/","title":{"rendered":"Medidas de seguridad para el partido Once Caldas vs Alianza FC"},"content":{"rendered":"\n<ul class=\"wp-block-list\">\n<li><strong><em>La apertura de puertas se har\u00e1 sobre la 1:00 p.m. y no se permitir\u00e1 el ingreso de correas con hebillas; solamente las podr\u00e1n portar los mayores de 60 a\u00f1os; tampoco se podr\u00e1 ingresar comida, bolsos grandes, p\u00f3lvora, paraguas, ni elementos que puedan generar da\u00f1o a los asistentes.<\/em><\/strong><\/li>\n\n\n\n<li><strong><em>La Unidad Deportiva funcionar\u00e1 con normalidad. El partido inicia a las 3:00<\/em><\/strong><\/li>\n<\/ul>\n\n\n\n<p>La Alcald\u00eda de Manizales y la Comisi\u00f3n Local de F\u00fatbol tienen listas las medidas de seguridad para el partido de este domingo a la 3:00 p.m. en el Estadio Palogrande, Once Caldas vs Alianza FC. Las autoridades recomiendan a los aficionados que asistir\u00e1n al estadio, portar el documento de identidad y no llevar correas o bolsos al encuentro de f\u00fatbol.<\/p>\n\n\n\n<figure class=\"wp-block-image size-large\"><img fetchpriority=\"high\" decoding=\"async\" width=\"1024\" height=\"576\" src=\"https:\/\/vocesdelaregion.com\/wp-content\/uploads\/2025\/03\/whatsapp-image-2025-02-28-at-58216327307779988838-1024x576.jpeg\" alt=\"\" class=\"wp-image-4183\" srcset=\"https:\/\/vocesdelaregion.com\/wp-content\/uploads\/2025\/03\/whatsapp-image-2025-02-28-at-58216327307779988838-1024x576.jpeg 1024w, https:\/\/vocesdelaregion.com\/wp-content\/uploads\/2025\/03\/whatsapp-image-2025-02-28-at-58216327307779988838-300x169.jpeg 300w, https:\/\/vocesdelaregion.com\/wp-content\/uploads\/2025\/03\/whatsapp-image-2025-02-28-at-58216327307779988838-768x432.jpeg 768w, https:\/\/vocesdelaregion.com\/wp-content\/uploads\/2025\/03\/whatsapp-image-2025-02-28-at-58216327307779988838-600x337.jpeg 600w, https:\/\/vocesdelaregion.com\/wp-content\/uploads\/2025\/03\/whatsapp-image-2025-02-28-at-58216327307779988838.jpeg 1140w\" sizes=\"(max-width: 1024px) 100vw, 1024px\" \/><figcaption class=\"wp-element-caption\">Reuni\u00f3n Comisi\u00f3n Local de F\u00fatbol <\/figcaption><\/figure>\n\n\n\n<p>El secretario t\u00e9cnico de la Comisi\u00f3n Local de F\u00fatbol, Sebasti\u00e1n Javierre, se\u00f1al\u00f3:\u00a0<strong><em>\u201cpara el compromiso deportivo de este domingo, determinamos no cerrar la Unidad Deportiva Palogrande, la cual funcionar\u00e1 con normalidad. No recibimos solicitud de ingreso de hinchada visitante por lo que no se contar\u00e1 con seguidores del Club Alianza. Le recomendamos a los hinchas del Once llegar con tiempo al estadio, pues se espera una taquilla cercana a los 18 mil espectadores\u201d.<\/em><\/strong><\/p>\n\n\n\n<figure class=\"wp-block-embed is-provider-youtube wp-block-embed-youtube\"><div class=\"wp-block-embed__wrapper\">\n<iframe title=\"El secretario t\u00e9cnico de la Comisi\u00f3n Local de F\u00fatbol de Manizales, Sebasti\u00e1n Javierre.\" width=\"640\" height=\"360\" src=\"https:\/\/www.youtube.com\/embed\/BetgPqcC0pE?feature=oembed\" frameborder=\"0\" allow=\"accelerometer; autoplay; clipboard-write; encrypted-media; gyroscope; picture-in-picture; web-share\" referrerpolicy=\"strict-origin-when-cross-origin\" allowfullscreen><\/iframe>\n<\/div><figcaption class=\"wp-element-caption\">El secretario t\u00e9cnico de la Comisi\u00f3n Local de F\u00fatbol, Sebasti\u00e1n Javierre<\/figcaption><\/figure>\n\n\n\n<p>Como parte de los protocolos de seguridad, la Comisi\u00f3n Local de F\u00fatbol determin\u00f3 que al escenario no podr\u00e1n ingresar menores de 5 a\u00f1os y a la tribuna norte popular el acceso est\u00e1 permitido para mayores de 14. Adem\u00e1s, no se permitir\u00e1 el ingreso de correas con hebillas; solamente las podr\u00e1n portar los mayores de 60 a\u00f1os, tampoco se podr\u00e1 ingresar comida, bolsos grandes, p\u00f3lvora, paraguas, ni elementos que puedan generar da\u00f1o a los asistentes.<\/p>\n\n\n\n<p>El Puesto de Mando Unificado (PMU), liderado por la Secretar\u00eda del Interior, se instalar\u00e1 a partir de la 12:30 p.m. en las instalaciones del Estadio Palogrande y la apertura de puertas al p\u00fablico se har\u00e1 sobre la 1:00 p.m.<\/p>\n","protected":false},"excerpt":{"rendered":"<p>La Alcald\u00eda de Manizales y la Comisi\u00f3n Local de F\u00fatbol tienen listas las medidas de seguridad para el partido de este domingo a la 3:00 p.m. en el Estadio Palogrande, Once Caldas vs Alianza FC. Las autoridades recomiendan a los aficionados que asistir\u00e1n al estadio, portar el documento de identidad y no llevar correas o [&hellip;]<\/p>\n","protected":false},"author":1,"featured_media":4184,"comment_status":"open","ping_status":"open","sticky":false,"template":"","format":"standard","meta":{"om_disable_all_campaigns":false,"_monsterinsights_skip_tracking":false,"_monsterinsights_sitenote_active":false,"_monsterinsights_sitenote_note":"","_monsterinsights_sitenote_category":0,"_uf_show_specific_survey":0,"_uf_disable_surveys":false,"footnotes":""},"categories":[355,58,57],"tags":[326,72,325,66,63,64,327,62],"class_list":["post-4185","post","type-post","status-publish","format-standard","has-post-thumbnail","hentry","category-alcaldia-de-manizales","category-alcaldias","category-deportes","tag-alianza-fc","tag-caldas","tag-comision","tag-dimayor","tag-futbol","tag-manizales","tag-medidas","tag-once-caldas"],"aioseo_notices":[],"blog_post_layout_featured_media_urls":{"thumbnail":["https:\/\/vocesdelaregion.com\/wp-content\/uploads\/2025\/03\/WhatsApp-Image-2025-02-28-at-5.33.38-PM-1140x641-1-150x150.jpeg",150,150,true],"full":["https:\/\/vocesdelaregion.com\/wp-content\/uploads\/2025\/03\/WhatsApp-Image-2025-02-28-at-5.33.38-PM-1140x641-1.jpeg",1140,641,false]},"categories_names":{"355":{"name":"Alcald\u00eda de Manizales","link":"https:\/\/vocesdelaregion.com\/index.php\/category\/alcaldias\/alcaldia-de-manizales\/"},"58":{"name":"Alcald\u00edas","link":"https:\/\/vocesdelaregion.com\/index.php\/category\/alcaldias\/"},"57":{"name":"Deportes","link":"https:\/\/vocesdelaregion.com\/index.php\/category\/deportes\/"}},"tags_names":{"326":{"name":"alianza fc","link":"https:\/\/vocesdelaregion.com\/index.php\/tag\/alianza-fc\/"},"72":{"name":"caldas","link":"https:\/\/vocesdelaregion.com\/index.php\/tag\/caldas\/"},"325":{"name":"comisi\u00f3n","link":"https:\/\/vocesdelaregion.com\/index.php\/tag\/comision\/"},"66":{"name":"Dimayor","link":"https:\/\/vocesdelaregion.com\/index.php\/tag\/dimayor\/"},"63":{"name":"f\u00fatbol","link":"https:\/\/vocesdelaregion.com\/index.php\/tag\/futbol\/"},"64":{"name":"Manizales","link":"https:\/\/vocesdelaregion.com\/index.php\/tag\/manizales\/"},"327":{"name":"medidas","link":"https:\/\/vocesdelaregion.com\/index.php\/tag\/medidas\/"},"62":{"name":"once caldas","link":"https:\/\/vocesdelaregion.com\/index.php\/tag\/once-caldas\/"}},"comments_number":"0","wpmagazine_modules_lite_featured_media_urls":{"thumbnail":["https:\/\/vocesdelaregion.com\/wp-content\/uploads\/2025\/03\/WhatsApp-Image-2025-02-28-at-5.33.38-PM-1140x641-1-150x150.jpeg",150,150,true],"cvmm-medium":["https:\/\/vocesdelaregion.com\/wp-content\/uploads\/2025\/03\/WhatsApp-Image-2025-02-28-at-5.33.38-PM-1140x641-1-300x300.jpeg",300,300,true],"cvmm-medium-plus":["https:\/\/vocesdelaregion.com\/wp-content\/uploads\/2025\/03\/WhatsApp-Image-2025-02-28-at-5.33.38-PM-1140x641-1-305x207.jpeg",305,207,true],"cvmm-portrait":["https:\/\/vocesdelaregion.com\/wp-content\/uploads\/2025\/03\/WhatsApp-Image-2025-02-28-at-5.33.38-PM-1140x641-1-400x600.jpeg",400,600,true],"cvmm-medium-square":["https:\/\/vocesdelaregion.com\/wp-content\/uploads\/2025\/03\/WhatsApp-Image-2025-02-28-at-5.33.38-PM-1140x641-1-600x600.jpeg",600,600,true],"cvmm-large":["https:\/\/vocesdelaregion.com\/wp-content\/uploads\/2025\/03\/WhatsApp-Image-2025-02-28-at-5.33.38-PM-1140x641-1-1024x641.jpeg",1024,641,true],"cvmm-small":["https:\/\/vocesdelaregion.com\/wp-content\/uploads\/2025\/03\/WhatsApp-Image-2025-02-28-at-5.33.38-PM-1140x641-1-130x95.jpeg",130,95,true],"full":["https:\/\/vocesdelaregion.com\/wp-content\/uploads\/2025\/03\/WhatsApp-Image-2025-02-28-at-5.33.38-PM-1140x641-1.jpeg",1140,641,false]},"_links":{"self":[{"href":"https:\/\/vocesdelaregion.com\/index.php\/wp-json\/wp\/v2\/posts\/4185","targetHints":{"allow":["GET"]}}],"collection":[{"href":"https:\/\/vocesdelaregion.com\/index.php\/wp-json\/wp\/v2\/posts"}],"about":[{"href":"https:\/\/vocesdelaregion.com\/index.php\/wp-json\/wp\/v2\/types\/post"}],"author":[{"embeddable":true,"href":"https:\/\/vocesdelaregion.com\/index.php\/wp-json\/wp\/v2\/users\/1"}],"replies":[{"embeddable":true,"href":"https:\/\/vocesdelaregion.com\/index.php\/wp-json\/wp\/v2\/comments?post=4185"}],"version-history":[{"count":1,"href":"https:\/\/vocesdelaregion.com\/index.php\/wp-json\/wp\/v2\/posts\/4185\/revisions"}],"predecessor-version":[{"id":4186,"href":"https:\/\/vocesdelaregion.com\/index.php\/wp-json\/wp\/v2\/posts\/4185\/revisions\/4186"}],"wp:featuredmedia":[{"embeddable":true,"href":"https:\/\/vocesdelaregion.com\/index.php\/wp-json\/wp\/v2\/media\/4184"}],"wp:attachment":[{"href":"https:\/\/vocesdelaregion.com\/index.php\/wp-json\/wp\/v2\/media?parent=4185"}],"wp:term":[{"taxonomy":"category","embeddable":true,"href":"https:\/\/vocesdelaregion.com\/index.php\/wp-json\/wp\/v2\/categories?post=4185"},{"taxonomy":"post_tag","embeddable":true,"href":"https:\/\/vocesdelaregion.com\/index.php\/wp-json\/wp\/v2\/tags?post=4185"}],"curies":[{"name":"wp","href":"https:\/\/api.w.org\/{rel}","templated":true}]}}