{"id":4172,"date":"2025-02-22T18:47:30","date_gmt":"2025-02-22T23:47:30","guid":{"rendered":"https:\/\/vocesdelaregion.com\/?p=4172"},"modified":"2025-03-24T19:02:15","modified_gmt":"2025-03-25T00:02:15","slug":"identificado-el-hombre-hallado-calcinado-junto-a-su-moto","status":"publish","type":"post","link":"https:\/\/vocesdelaregion.com\/index.php\/2025\/02\/22\/identificado-el-hombre-hallado-calcinado-junto-a-su-moto\/","title":{"rendered":"Identificado el hombre hallado calcinado junto a su moto"},"content":{"rendered":"\n<p>La Polic\u00eda del municipio de Ap\u00eda, Risaralda fue informada sobre el hallazgo de una moto y un cuerpo junto a ella, calcinados, en la v\u00eda Ap\u00eda &#8211; Bel\u00e9n de Umbr\u00eda, vereda La Floresta.<\/p>\n\n\n\n<figure class=\"wp-block-image size-large\"><img fetchpriority=\"high\" decoding=\"async\" width=\"1024\" height=\"1024\" src=\"https:\/\/vocesdelaregion.com\/wp-content\/uploads\/2025\/02\/1_20250222_183313_00004521042145381573856-1024x1024.png\" alt=\"\" class=\"wp-image-4170\" srcset=\"https:\/\/vocesdelaregion.com\/wp-content\/uploads\/2025\/02\/1_20250222_183313_00004521042145381573856-1024x1024.png 1024w, https:\/\/vocesdelaregion.com\/wp-content\/uploads\/2025\/02\/1_20250222_183313_00004521042145381573856-300x300.png 300w, https:\/\/vocesdelaregion.com\/wp-content\/uploads\/2025\/02\/1_20250222_183313_00004521042145381573856-150x150.png 150w, https:\/\/vocesdelaregion.com\/wp-content\/uploads\/2025\/02\/1_20250222_183313_00004521042145381573856-768x768.png 768w, https:\/\/vocesdelaregion.com\/wp-content\/uploads\/2025\/02\/1_20250222_183313_00004521042145381573856-600x600.png 600w, https:\/\/vocesdelaregion.com\/wp-content\/uploads\/2025\/02\/1_20250222_183313_00004521042145381573856-100x100.png 100w, https:\/\/vocesdelaregion.com\/wp-content\/uploads\/2025\/02\/1_20250222_183313_00004521042145381573856.png 1080w\" sizes=\"(max-width: 1024px) 100vw, 1024px\" \/><\/figure>\n\n\n\n<p>Autoridades judiciales realizaron las labores t\u00e9cnicas de levantamiento a cad\u00e1ver y comenzaron las investigaciones de este hecho. El cuerpo fue trasladado a la morgue de Ap\u00eda para poderlo identificar.<\/p>\n\n\n\n<p>Luego de los an\u00e1lisis, se determin\u00f3 que el hombre fue baleado. Medicina legal determin\u00f3 que la v\u00edctima era \u00d3scar Mauricio Camacho Pamplona, de 32 a\u00f1os de edad <\/p>\n\n\n\n<p>Este hombre era comerciante del municipio de Viterbo, Caldas registra antecedentes por tr\u00e1fico, fabricaci\u00f3n y porte de estupefacientes. La polic\u00eda lo hab\u00eda capturado cuando al parecer, comercializaba droga en un sector de Viterbo en mayo de 2024.<\/p>\n\n\n\n<p>El crimen ha causado consternaci\u00f3n por la manera en que fue hallado este hombre.<\/p>\n","protected":false},"excerpt":{"rendered":"<p>La Polic\u00eda del municipio de Ap\u00eda, Risaralda fue informada sobre el hallazgo de una moto y un cuerpo junto a ella, calcinados, en la v\u00eda Ap\u00eda &#8211; Bel\u00e9n de Umbr\u00eda, vereda La Floresta. Autoridades judiciales realizaron las labores t\u00e9cnicas de levantamiento a cad\u00e1ver y comenzaron las investigaciones de este hecho. El cuerpo fue trasladado a [&hellip;]<\/p>\n","protected":false},"author":1,"featured_media":4171,"comment_status":"open","ping_status":"open","sticky":false,"template":"","format":"standard","meta":{"om_disable_all_campaigns":false,"_monsterinsights_skip_tracking":false,"_monsterinsights_sitenote_active":false,"_monsterinsights_sitenote_note":"","_monsterinsights_sitenote_category":0,"_uf_show_specific_survey":0,"_uf_disable_surveys":false,"footnotes":""},"categories":[25,359,360,1,27,21],"tags":[321,320,72,105,73,79,148,85,125],"class_list":["post-4172","post","type-post","status-publish","format-standard","has-post-thumbnail","hentry","category-judicial","category-judiciales-caldas","category-judiciales-risaralda","category-noticias","category-occidente-prospero","category-viterbo","tag-apia","tag-calcinado","tag-caldas","tag-hombre","tag-homicidio","tag-policia","tag-quemado","tag-risaralda","tag-viterbo"],"aioseo_notices":[],"blog_post_layout_featured_media_urls":{"thumbnail":["https:\/\/vocesdelaregion.com\/wp-content\/uploads\/2025\/02\/IMG-20250222-WA0286-150x150.jpg",150,150,true],"full":["https:\/\/vocesdelaregion.com\/wp-content\/uploads\/2025\/02\/IMG-20250222-WA0286.jpg",591,1280,false]},"categories_names":{"25":{"name":"Judicial","link":"https:\/\/vocesdelaregion.com\/index.php\/category\/judicial\/"},"359":{"name":"Judiciales Caldas","link":"https:\/\/vocesdelaregion.com\/index.php\/category\/judicial\/judiciales-caldas\/"},"360":{"name":"Judiciales Risaralda","link":"https:\/\/vocesdelaregion.com\/index.php\/category\/judicial\/judiciales-risaralda\/"},"1":{"name":"Noticias","link":"https:\/\/vocesdelaregion.com\/index.php\/category\/noticias\/"},"27":{"name":"Occidente Pr\u00f3spero","link":"https:\/\/vocesdelaregion.com\/index.php\/category\/occidente-prospero\/"},"21":{"name":"Viterbo","link":"https:\/\/vocesdelaregion.com\/index.php\/category\/occidente-prospero\/viterbo\/"}},"tags_names":{"321":{"name":"ap\u00eda","link":"https:\/\/vocesdelaregion.com\/index.php\/tag\/apia\/"},"320":{"name":"calcinado","link":"https:\/\/vocesdelaregion.com\/index.php\/tag\/calcinado\/"},"72":{"name":"caldas","link":"https:\/\/vocesdelaregion.com\/index.php\/tag\/caldas\/"},"105":{"name":"hombre","link":"https:\/\/vocesdelaregion.com\/index.php\/tag\/hombre\/"},"73":{"name":"Homicidio","link":"https:\/\/vocesdelaregion.com\/index.php\/tag\/homicidio\/"},"79":{"name":"polic\u00eda","link":"https:\/\/vocesdelaregion.com\/index.php\/tag\/policia\/"},"148":{"name":"quemado","link":"https:\/\/vocesdelaregion.com\/index.php\/tag\/quemado\/"},"85":{"name":"risaralda","link":"https:\/\/vocesdelaregion.com\/index.php\/tag\/risaralda\/"},"125":{"name":"viterbo","link":"https:\/\/vocesdelaregion.com\/index.php\/tag\/viterbo\/"}},"comments_number":"0","wpmagazine_modules_lite_featured_media_urls":{"thumbnail":["https:\/\/vocesdelaregion.com\/wp-content\/uploads\/2025\/02\/IMG-20250222-WA0286-150x150.jpg",150,150,true],"cvmm-medium":["https:\/\/vocesdelaregion.com\/wp-content\/uploads\/2025\/02\/IMG-20250222-WA0286-300x300.jpg",300,300,true],"cvmm-medium-plus":["https:\/\/vocesdelaregion.com\/wp-content\/uploads\/2025\/02\/IMG-20250222-WA0286-305x207.jpg",305,207,true],"cvmm-portrait":["https:\/\/vocesdelaregion.com\/wp-content\/uploads\/2025\/02\/IMG-20250222-WA0286-400x600.jpg",400,600,true],"cvmm-medium-square":["https:\/\/vocesdelaregion.com\/wp-content\/uploads\/2025\/02\/IMG-20250222-WA0286-591x600.jpg",591,600,true],"cvmm-large":["https:\/\/vocesdelaregion.com\/wp-content\/uploads\/2025\/02\/IMG-20250222-WA0286-591x1024.jpg",591,1024,true],"cvmm-small":["https:\/\/vocesdelaregion.com\/wp-content\/uploads\/2025\/02\/IMG-20250222-WA0286-130x95.jpg",130,95,true],"full":["https:\/\/vocesdelaregion.com\/wp-content\/uploads\/2025\/02\/IMG-20250222-WA0286.jpg",591,1280,false]},"_links":{"self":[{"href":"https:\/\/vocesdelaregion.com\/index.php\/wp-json\/wp\/v2\/posts\/4172","targetHints":{"allow":["GET"]}}],"collection":[{"href":"https:\/\/vocesdelaregion.com\/index.php\/wp-json\/wp\/v2\/posts"}],"about":[{"href":"https:\/\/vocesdelaregion.com\/index.php\/wp-json\/wp\/v2\/types\/post"}],"author":[{"embeddable":true,"href":"https:\/\/vocesdelaregion.com\/index.php\/wp-json\/wp\/v2\/users\/1"}],"replies":[{"embeddable":true,"href":"https:\/\/vocesdelaregion.com\/index.php\/wp-json\/wp\/v2\/comments?post=4172"}],"version-history":[{"count":1,"href":"https:\/\/vocesdelaregion.com\/index.php\/wp-json\/wp\/v2\/posts\/4172\/revisions"}],"predecessor-version":[{"id":4173,"href":"https:\/\/vocesdelaregion.com\/index.php\/wp-json\/wp\/v2\/posts\/4172\/revisions\/4173"}],"wp:featuredmedia":[{"embeddable":true,"href":"https:\/\/vocesdelaregion.com\/index.php\/wp-json\/wp\/v2\/media\/4171"}],"wp:attachment":[{"href":"https:\/\/vocesdelaregion.com\/index.php\/wp-json\/wp\/v2\/media?parent=4172"}],"wp:term":[{"taxonomy":"category","embeddable":true,"href":"https:\/\/vocesdelaregion.com\/index.php\/wp-json\/wp\/v2\/categories?post=4172"},{"taxonomy":"post_tag","embeddable":true,"href":"https:\/\/vocesdelaregion.com\/index.php\/wp-json\/wp\/v2\/tags?post=4172"}],"curies":[{"name":"wp","href":"https:\/\/api.w.org\/{rel}","templated":true}]}}