{"id":41081,"date":"2026-09-03T18:11:00","date_gmt":"2026-09-03T23:11:00","guid":{"rendered":"https:\/\/vocesdelaregion.com\/?p=41081"},"modified":"2026-09-03T19:16:05","modified_gmt":"2026-09-04T00:16:05","slug":"capturados-cabecillas-del-tren-de-aragua-que-se-ocultaban-en-manizales","status":"publish","type":"post","link":"https:\/\/vocesdelaregion.com\/index.php\/2026\/09\/03\/capturados-cabecillas-del-tren-de-aragua-que-se-ocultaban-en-manizales\/","title":{"rendered":"Capturados cabecillas del Tren de Aragua que se ocultaban en Manizales"},"content":{"rendered":"\n<p class=\"wp-block-paragraph\">En una operaci\u00f3n sin precedentes, la Polic\u00eda Nacional logr\u00f3 la captura de \u201cEl Coti\u201d y \u201cEl Pat\u00f3n\u201d en una exclusiva zona residencial de Manizales. Presentan circular roja de INTERPOL<\/p><div class=\"voces-contenido-2-2 voces-entity-placement\" id=\"voces-687361925\"><div class=\"voces-adlabel\">Publicidad<\/div><div id=\"voces-1131267178\"><img src=\"https:\/\/vocesdelaregion.com\/wp-content\/uploads\/2026\/08\/776324588_2442506582938370_1129011890113417960_n.jpg\" alt=\"\"  srcset=\"https:\/\/vocesdelaregion.com\/wp-content\/uploads\/2026\/08\/776324588_2442506582938370_1129011890113417960_n.jpg 1152w, https:\/\/vocesdelaregion.com\/wp-content\/uploads\/2026\/08\/776324588_2442506582938370_1129011890113417960_n-240x300.jpg 240w, https:\/\/vocesdelaregion.com\/wp-content\/uploads\/2026\/08\/776324588_2442506582938370_1129011890113417960_n-819x1024.jpg 819w, https:\/\/vocesdelaregion.com\/wp-content\/uploads\/2026\/08\/776324588_2442506582938370_1129011890113417960_n-768x960.jpg 768w\" sizes=\"(max-width: 1152px) 100vw, 1152px\" width=\"1152\" height=\"1440\"   \/><\/div><\/div>\n\n\n\n<p class=\"wp-block-paragraph\">En el marco de la ofensiva permanente contra el multicrimen y el delito, la Polic\u00eda Nacional de Colombia, en articulaci\u00f3n con la Fiscal\u00eda General de la Naci\u00f3n y con el apoyo de la DEA, adelant\u00f3 una diligencia de allanamiento y registro que permiti\u00f3 el desarrollo de la Operaci\u00f3n TIT\u00c1N.<\/p>\n\n\n\n<p class=\"wp-block-paragraph\">La acci\u00f3n operativa fue liderada por el GAULA \u00c9lite de la Direcci\u00f3n de Antisecuestro y Antiextorsi\u00f3n, en coordinaci\u00f3n con la Direcci\u00f3n de Inteligencia Policial (DIPOL) y el Comando de Operaciones Especiales (COPES), logrando la ubicaci\u00f3n y captura de dos presuntos integrantes de alto nivel de la organizaci\u00f3n criminal transnacional conocida como \u201cTren de Aragua\u201d. Los capturados, de nacionalidad extranjera, habr\u00edan llegado a la ciudad de Manizales tras el evento s\u00edsmico del 10\/08\/26, presuntamente con el prop\u00f3sito de aprovechar la situaci\u00f3n de contingencia para ocultarse de las autoridades.&nbsp;<\/p>\n\n\n\n<p class=\"wp-block-paragraph\">El operativo se materializ\u00f3 en una exclusiva zona residencial de la capital caldense, donde fueron capturados:<\/p>\n\n\n\n<p class=\"wp-block-paragraph\">\u2022 Alias \u201cEl Coti\u201d, se\u00f1alado como presunto cuarto cabecilla de la estructura criminal, identificado como enlace en redes de narcotr\u00e1fico en la Costa Caribe y el Eje Cafetero. De acuerdo con las investigaciones, ser\u00eda articulador de rutas para el tr\u00e1fico de clorhidrato de coca\u00edna y material b\u00e9lico, adem\u00e1s de figurar en la lista OFAC del Departamento del Tesoro de los Estados Unidos. Presentaba notificaci\u00f3n roja de INTERPOL desde 2023.&nbsp;<\/p>\n\n\n\n<p class=\"wp-block-paragraph\">\u2022 Alias \u201cEl Pat\u00f3n\u201d, presunto cabecilla encargado de la log\u00edstica de tr\u00e1fico de armas dentro de la organizaci\u00f3n, as\u00ed como de la coordinaci\u00f3n de env\u00edos de estupefacientes con destino a Centroam\u00e9rica, Estados Unidos y Europa.&nbsp;<\/p>\n\n\n\n<p class=\"wp-block-paragraph\">Estas capturas se producen en el marco de una acci\u00f3n investigativa y operativa de alta complejidad, sustentada en labores de inteligencia, seguimiento especializado y cooperaci\u00f3n judicial internacional, que permitieron ubicar a los dos requeridos internacionales, quienes son se\u00f1alados de m\u00faltiples delitos de alto impacto, entre ellos terrorismo, financiaci\u00f3n al terrorismo, tr\u00e1fico de armas y municiones, extorsi\u00f3n agravada, lavado de activos y concierto para delinquir.<\/p>\n\n\n\n<p class=\"wp-block-paragraph\">De acuerdo con los elementos materiales probatorios y la informaci\u00f3n recolectada, los capturados estar\u00edan vinculados a la intimidaci\u00f3n a comerciantes en Colombia, mediante exigencias econ\u00f3micas en divisas extranjeras, a cambio de no atentar contra su integridad personal, la de sus familias o sus establecimientos comerciales.&nbsp;<\/p>\n\n\n\n<p class=\"wp-block-paragraph\">Asimismo, se presume que sosten\u00edan alianzas criminales con estructuras terroristas transnacionales como el ELN, el Clan del Golfo y las Autodefensas Conquistadoras de la Sierra Nevada (ACSN), para la compra y venta de material b\u00e9lico, as\u00ed como la coordinaci\u00f3n de env\u00edos de clorhidrato de coca\u00edna hacia Centroam\u00e9rica, Estados Unidos y Europa.&nbsp;<\/p>\n\n\n\n<p class=\"wp-block-paragraph\">El comandante de la Polic\u00eda Metropolitana de Manizales, se\u00f1alo: \u201cEste resultado evidencia la capacidad de la Polic\u00eda Nacional para enfrentar estructuras criminales de alcance transnacional que pretenden usar el territorio colombiano como plataforma de expansi\u00f3n, incluso buscando ocultarse en ciudades como Manizales para evadir la acci\u00f3n de la justicia. Seguiremos actuando con contundencia, articulaci\u00f3n internacional y presencia operativa en cada territorio\u201d.<\/p>\n\n\n\n<p class=\"wp-block-paragraph\">Los capturados fueron dejados a disposici\u00f3n de la Fiscal\u00eda General de la Naci\u00f3n, mientras avanzan los tr\u00e1mites judiciales, administrativos y diplom\u00e1ticos correspondientes para su proceso de extradici\u00f3n.<\/p>\n\n\n\n<p class=\"wp-block-paragraph\">La Polic\u00eda Nacional reitera su compromiso con la seguridad ciudadana y la lucha frontal contra las organizaciones criminales que amenazan la tranquilidad y la soberan\u00eda del pa\u00eds, e invit\u00f3 a la ciudadan\u00eda a continuar denunciando cualquier hecho que afecte la convivencia a trav\u00e9s de la l\u00ednea 123 y los canales institucionales.<\/p>\n","protected":false},"excerpt":{"rendered":"<p>En una operaci\u00f3n sin precedentes, la Polic\u00eda Nacional logr\u00f3 la captura de \u201cEl Coti\u201d y \u201cEl Pat\u00f3n\u201d en una exclusiva zona residencial de Manizales. Presentan circular roja de INTERPOL En el marco de la ofensiva permanente contra el multicrimen y el delito, la Polic\u00eda Nacional de Colombia, en articulaci\u00f3n con la Fiscal\u00eda General de la [&hellip;]<\/p>\n","protected":false},"author":3,"featured_media":41082,"comment_status":"closed","ping_status":"closed","sticky":false,"template":"","format":"standard","meta":{"om_disable_all_campaigns":false,"_monsterinsights_skip_tracking":false,"_uf_show_specific_survey":0,"_uf_disable_surveys":false,"footnotes":""},"categories":[25,359],"tags":[],"class_list":["post-41081","post","type-post","status-publish","format-standard","has-post-thumbnail","hentry","category-judicial","category-judiciales-caldas"],"aioseo_notices":[],"aioseo_head":"\n\t\t<!-- All in One SEO 5.0.1.1 - aioseo.com -->\n\t<meta name=\"description\" content=\"En una operaci\u00f3n sin precedentes, la Polic\u00eda Nacional logr\u00f3 la captura de \u201cEl Coti\u201d y \u201cEl Pat\u00f3n\u201d en una exclusiva zona residencial de Manizales. Presentan circular roja de INTERPOL En el marco de la ofensiva permanente contra el multicrimen y el delito, la Polic\u00eda Nacional de Colombia, en articulaci\u00f3n con la Fiscal\u00eda General de la\" \/>\n\t<meta name=\"robots\" content=\"max-image-preview:large\" \/>\n\t<meta name=\"author\" content=\"Voces de la Regi\u00f3n\"\/>\n\t<link rel=\"canonical\" href=\"https:\/\/vocesdelaregion.com\/index.php\/2026\/09\/03\/capturados-cabecillas-del-tren-de-aragua-que-se-ocultaban-en-manizales\/\" \/>\n\t<meta name=\"generator\" content=\"All in One SEO (AIOSEO) 5.0.1.1\" \/>\n\t\t<meta property=\"og:locale\" content=\"es_ES\" \/>\n\t\t<meta property=\"og:site_name\" content=\"Voces de la Regi\u00f3n - Lo que pasa en la regi\u00f3n\" \/>\n\t\t<meta property=\"og:type\" content=\"article\" \/>\n\t\t<meta property=\"og:title\" content=\"Capturados cabecillas del Tren de Aragua que se ocultaban en Manizales - Voces de la Regi\u00f3n\" \/>\n\t\t<meta property=\"og:description\" content=\"En una operaci\u00f3n sin precedentes, la Polic\u00eda Nacional logr\u00f3 la captura de \u201cEl Coti\u201d y \u201cEl Pat\u00f3n\u201d en una exclusiva zona residencial de Manizales. Presentan circular roja de INTERPOL En el marco de la ofensiva permanente contra el multicrimen y el delito, la Polic\u00eda Nacional de Colombia, en articulaci\u00f3n con la Fiscal\u00eda General de la\" \/>\n\t\t<meta property=\"og:url\" content=\"https:\/\/vocesdelaregion.com\/index.php\/2026\/09\/03\/capturados-cabecillas-del-tren-de-aragua-que-se-ocultaban-en-manizales\/\" \/>\n\t\t<meta property=\"og:image\" content=\"https:\/\/vocesdelaregion.com\/wp-content\/uploads\/2026\/09\/WhatsApp-Image-2026-09-03-at-2.24.06-PM.jpeg\" \/>\n\t\t<meta property=\"og:image:secure_url\" content=\"https:\/\/vocesdelaregion.com\/wp-content\/uploads\/2026\/09\/WhatsApp-Image-2026-09-03-at-2.24.06-PM.jpeg\" \/>\n\t\t<meta property=\"og:image:width\" content=\"1432\" \/>\n\t\t<meta property=\"og:image:height\" content=\"793\" \/>\n\t\t<meta property=\"article:tag\" content=\"judicial\" \/>\n\t\t<meta property=\"article:tag\" content=\"judiciales caldas\" \/>\n\t\t<meta property=\"article:published_time\" content=\"2026-09-03T23:11:00+00:00\" \/>\n\t\t<meta property=\"article:modified_time\" content=\"2026-09-04T00:16:05+00:00\" \/>\n\t\t<meta property=\"article:publisher\" content=\"https:\/\/facebook.com\/VocesDeLaRegion\" \/>\n\t\t<meta name=\"twitter:card\" content=\"summary_large_image\" \/>\n\t\t<meta name=\"twitter:site\" content=\"@VocesDeLaRegion\" \/>\n\t\t<meta name=\"twitter:title\" content=\"Capturados cabecillas del Tren de Aragua que se ocultaban en Manizales - Voces de la Regi\u00f3n\" \/>\n\t\t<meta name=\"twitter:description\" content=\"En una operaci\u00f3n sin precedentes, la Polic\u00eda Nacional logr\u00f3 la captura de \u201cEl Coti\u201d y \u201cEl Pat\u00f3n\u201d en una exclusiva zona residencial de Manizales. Presentan circular roja de INTERPOL En el marco de la ofensiva permanente contra el multicrimen y el delito, la Polic\u00eda Nacional de Colombia, en articulaci\u00f3n con la Fiscal\u00eda General de la\" \/>\n\t\t<meta name=\"twitter:creator\" content=\"@VocesDeLaRegion\" \/>\n\t\t<meta name=\"twitter:image\" content=\"https:\/\/vocesdelaregion.com\/wp-content\/uploads\/2026\/09\/WhatsApp-Image-2026-09-03-at-2.24.06-PM.jpeg\" \/>\n\t\t<script type=\"application\/ld+json\" class=\"aioseo-schema\">\n\t\t\t{\"@context\":\"https:\\\/\\\/schema.org\",\"@graph\":[{\"@type\":\"BlogPosting\",\"@id\":\"https:\\\/\\\/vocesdelaregion.com\\\/index.php\\\/2026\\\/09\\\/03\\\/capturados-cabecillas-del-tren-de-aragua-que-se-ocultaban-en-manizales\\\/#blogposting\",\"name\":\"Capturados cabecillas del Tren de Aragua que se ocultaban en Manizales - Voces de la Regi\\u00f3n\",\"headline\":\"Capturados cabecillas del Tren de Aragua que se ocultaban en Manizales\",\"author\":{\"@id\":\"https:\\\/\\\/vocesdelaregion.com\\\/index.php\\\/author\\\/voces-de-la-region\\\/#author\"},\"publisher\":{\"@id\":\"https:\\\/\\\/vocesdelaregion.com\\\/#organization\"},\"image\":{\"@type\":\"ImageObject\",\"url\":\"https:\\\/\\\/vocesdelaregion.com\\\/wp-content\\\/uploads\\\/2026\\\/09\\\/WhatsApp-Image-2026-09-03-at-2.24.06-PM.jpeg\",\"width\":1432,\"height\":793},\"datePublished\":\"2026-09-03T18:11:00-05:00\",\"dateModified\":\"2026-09-03T19:16:05-05:00\",\"inLanguage\":\"es-CO\",\"mainEntityOfPage\":{\"@id\":\"https:\\\/\\\/vocesdelaregion.com\\\/index.php\\\/2026\\\/09\\\/03\\\/capturados-cabecillas-del-tren-de-aragua-que-se-ocultaban-en-manizales\\\/#webpage\"},\"isPartOf\":{\"@id\":\"https:\\\/\\\/vocesdelaregion.com\\\/index.php\\\/2026\\\/09\\\/03\\\/capturados-cabecillas-del-tren-de-aragua-que-se-ocultaban-en-manizales\\\/#webpage\"},\"articleSection\":\"Judicial, Judiciales Caldas\"},{\"@type\":\"BreadcrumbList\",\"@id\":\"https:\\\/\\\/vocesdelaregion.com\\\/index.php\\\/2026\\\/09\\\/03\\\/capturados-cabecillas-del-tren-de-aragua-que-se-ocultaban-en-manizales\\\/#breadcrumblist\",\"itemListElement\":[{\"@type\":\"ListItem\",\"@id\":\"https:\\\/\\\/vocesdelaregion.com#listItem\",\"position\":1,\"name\":\"Home\",\"item\":\"https:\\\/\\\/vocesdelaregion.com\",\"nextItem\":{\"@type\":\"ListItem\",\"@id\":\"https:\\\/\\\/vocesdelaregion.com\\\/index.php\\\/category\\\/judicial\\\/#listItem\",\"name\":\"Judicial\"}},{\"@type\":\"ListItem\",\"@id\":\"https:\\\/\\\/vocesdelaregion.com\\\/index.php\\\/category\\\/judicial\\\/#listItem\",\"position\":2,\"name\":\"Judicial\",\"item\":\"https:\\\/\\\/vocesdelaregion.com\\\/index.php\\\/category\\\/judicial\\\/\",\"nextItem\":{\"@type\":\"ListItem\",\"@id\":\"https:\\\/\\\/vocesdelaregion.com\\\/index.php\\\/category\\\/judicial\\\/judiciales-caldas\\\/#listItem\",\"name\":\"Judiciales Caldas\"},\"previousItem\":{\"@type\":\"ListItem\",\"@id\":\"https:\\\/\\\/vocesdelaregion.com#listItem\",\"name\":\"Home\"}},{\"@type\":\"ListItem\",\"@id\":\"https:\\\/\\\/vocesdelaregion.com\\\/index.php\\\/category\\\/judicial\\\/judiciales-caldas\\\/#listItem\",\"position\":3,\"name\":\"Judiciales Caldas\",\"item\":\"https:\\\/\\\/vocesdelaregion.com\\\/index.php\\\/category\\\/judicial\\\/judiciales-caldas\\\/\",\"nextItem\":{\"@type\":\"ListItem\",\"@id\":\"https:\\\/\\\/vocesdelaregion.com\\\/index.php\\\/2026\\\/09\\\/03\\\/capturados-cabecillas-del-tren-de-aragua-que-se-ocultaban-en-manizales\\\/#listItem\",\"name\":\"Capturados cabecillas del Tren de Aragua que se ocultaban en Manizales\"},\"previousItem\":{\"@type\":\"ListItem\",\"@id\":\"https:\\\/\\\/vocesdelaregion.com\\\/index.php\\\/category\\\/judicial\\\/#listItem\",\"name\":\"Judicial\"}},{\"@type\":\"ListItem\",\"@id\":\"https:\\\/\\\/vocesdelaregion.com\\\/index.php\\\/2026\\\/09\\\/03\\\/capturados-cabecillas-del-tren-de-aragua-que-se-ocultaban-en-manizales\\\/#listItem\",\"position\":4,\"name\":\"Capturados cabecillas del Tren de Aragua que se ocultaban en Manizales\",\"previousItem\":{\"@type\":\"ListItem\",\"@id\":\"https:\\\/\\\/vocesdelaregion.com\\\/index.php\\\/category\\\/judicial\\\/judiciales-caldas\\\/#listItem\",\"name\":\"Judiciales Caldas\"}}]},{\"@type\":\"Organization\",\"@id\":\"https:\\\/\\\/vocesdelaregion.com\\\/#organization\",\"name\":\"vocesdelaregion.com\",\"description\":\"Lo que pasa en la regi\\u00f3n\",\"url\":\"https:\\\/\\\/vocesdelaregion.com\\\/\",\"telephone\":\"+573116111583\",\"logo\":{\"@type\":\"ImageObject\",\"url\":\"https:\\\/\\\/vocesdelaregion.com\\\/wp-content\\\/uploads\\\/2023\\\/09\\\/LOGO-VOCES-DE-LA-REGION.png\",\"@id\":\"https:\\\/\\\/vocesdelaregion.com\\\/index.php\\\/2026\\\/09\\\/03\\\/capturados-cabecillas-del-tren-de-aragua-que-se-ocultaban-en-manizales\\\/#organizationLogo\",\"width\":1300,\"height\":600},\"image\":{\"@id\":\"https:\\\/\\\/vocesdelaregion.com\\\/index.php\\\/2026\\\/09\\\/03\\\/capturados-cabecillas-del-tren-de-aragua-que-se-ocultaban-en-manizales\\\/#organizationLogo\"},\"sameAs\":[\"https:\\\/\\\/facebook.com\\\/VocesDeLaRegion\",\"https:\\\/\\\/twitter.com\\\/VocesDeLaRegion\",\"https:\\\/\\\/instagram.com\\\/VocesDeLaRegion\"]},{\"@type\":\"Person\",\"@id\":\"https:\\\/\\\/vocesdelaregion.com\\\/index.php\\\/author\\\/voces-de-la-region\\\/#author\",\"url\":\"https:\\\/\\\/vocesdelaregion.com\\\/index.php\\\/author\\\/voces-de-la-region\\\/\",\"name\":\"Voces de la Regi\\u00f3n\",\"image\":{\"@type\":\"ImageObject\",\"@id\":\"https:\\\/\\\/vocesdelaregion.com\\\/index.php\\\/2026\\\/09\\\/03\\\/capturados-cabecillas-del-tren-de-aragua-que-se-ocultaban-en-manizales\\\/#authorImage\",\"url\":\"https:\\\/\\\/secure.gravatar.com\\\/avatar\\\/c827267e427bf3aa88989aab4d31884776220d82096001788e3fe788dc1c5ab9?s=96&d=mm&r=g\",\"width\":96,\"height\":96,\"caption\":\"Voces de la Regi\\u00f3n\"}},{\"@type\":\"WebPage\",\"@id\":\"https:\\\/\\\/vocesdelaregion.com\\\/index.php\\\/2026\\\/09\\\/03\\\/capturados-cabecillas-del-tren-de-aragua-que-se-ocultaban-en-manizales\\\/#webpage\",\"url\":\"https:\\\/\\\/vocesdelaregion.com\\\/index.php\\\/2026\\\/09\\\/03\\\/capturados-cabecillas-del-tren-de-aragua-que-se-ocultaban-en-manizales\\\/\",\"name\":\"Capturados cabecillas del Tren de Aragua que se ocultaban en Manizales - Voces de la Regi\\u00f3n\",\"description\":\"En una operaci\\u00f3n sin precedentes, la Polic\\u00eda Nacional logr\\u00f3 la captura de \\u201cEl Coti\\u201d y \\u201cEl Pat\\u00f3n\\u201d en una exclusiva zona residencial de Manizales. Presentan circular roja de INTERPOL En el marco de la ofensiva permanente contra el multicrimen y el delito, la Polic\\u00eda Nacional de Colombia, en articulaci\\u00f3n con la Fiscal\\u00eda General de la\",\"inLanguage\":\"es-CO\",\"isPartOf\":{\"@id\":\"https:\\\/\\\/vocesdelaregion.com\\\/#website\"},\"breadcrumb\":{\"@id\":\"https:\\\/\\\/vocesdelaregion.com\\\/index.php\\\/2026\\\/09\\\/03\\\/capturados-cabecillas-del-tren-de-aragua-que-se-ocultaban-en-manizales\\\/#breadcrumblist\"},\"author\":{\"@id\":\"https:\\\/\\\/vocesdelaregion.com\\\/index.php\\\/author\\\/voces-de-la-region\\\/#author\"},\"creator\":{\"@id\":\"https:\\\/\\\/vocesdelaregion.com\\\/index.php\\\/author\\\/voces-de-la-region\\\/#author\"},\"image\":{\"@type\":\"ImageObject\",\"url\":\"https:\\\/\\\/vocesdelaregion.com\\\/wp-content\\\/uploads\\\/2026\\\/09\\\/WhatsApp-Image-2026-09-03-at-2.24.06-PM.jpeg\",\"@id\":\"https:\\\/\\\/vocesdelaregion.com\\\/index.php\\\/2026\\\/09\\\/03\\\/capturados-cabecillas-del-tren-de-aragua-que-se-ocultaban-en-manizales\\\/#mainImage\",\"width\":1432,\"height\":793},\"primaryImageOfPage\":{\"@id\":\"https:\\\/\\\/vocesdelaregion.com\\\/index.php\\\/2026\\\/09\\\/03\\\/capturados-cabecillas-del-tren-de-aragua-que-se-ocultaban-en-manizales\\\/#mainImage\"},\"datePublished\":\"2026-09-03T18:11:00-05:00\",\"dateModified\":\"2026-09-03T19:16:05-05:00\"},{\"@type\":\"WebSite\",\"@id\":\"https:\\\/\\\/vocesdelaregion.com\\\/#website\",\"url\":\"https:\\\/\\\/vocesdelaregion.com\\\/\",\"name\":\"vocesdelaregion.com\",\"description\":\"Lo que pasa en la regi\\u00f3n\",\"inLanguage\":\"es-CO\",\"publisher\":{\"@id\":\"https:\\\/\\\/vocesdelaregion.com\\\/#organization\"}}]}\n\t\t<\/script>\n\t\t<!-- All in One SEO -->\n\n","aioseo_head_json":{"title":"Capturados cabecillas del Tren de Aragua que se ocultaban en Manizales - Voces de la Regi\u00f3n","description":"En una operaci\u00f3n sin precedentes, la Polic\u00eda Nacional logr\u00f3 la captura de \u201cEl Coti\u201d y \u201cEl Pat\u00f3n\u201d en una exclusiva zona residencial de Manizales. Presentan circular roja de INTERPOL En el marco de la ofensiva permanente contra el multicrimen y el delito, la Polic\u00eda Nacional de Colombia, en articulaci\u00f3n con la Fiscal\u00eda General de la","canonical_url":"https:\/\/vocesdelaregion.com\/index.php\/2026\/09\/03\/capturados-cabecillas-del-tren-de-aragua-que-se-ocultaban-en-manizales\/","robots":"max-image-preview:large","keywords":"","webmasterTools":{"miscellaneous":""},"schema":{"@context":"https:\/\/schema.org","@graph":[{"@type":"BlogPosting","@id":"https:\/\/vocesdelaregion.com\/index.php\/2026\/09\/03\/capturados-cabecillas-del-tren-de-aragua-que-se-ocultaban-en-manizales\/#blogposting","name":"Capturados cabecillas del Tren de Aragua que se ocultaban en Manizales - Voces de la Regi\u00f3n","headline":"Capturados cabecillas del Tren de Aragua que se ocultaban en Manizales","author":{"@id":"https:\/\/vocesdelaregion.com\/index.php\/author\/voces-de-la-region\/#author"},"publisher":{"@id":"https:\/\/vocesdelaregion.com\/#organization"},"image":{"@type":"ImageObject","url":"https:\/\/vocesdelaregion.com\/wp-content\/uploads\/2026\/09\/WhatsApp-Image-2026-09-03-at-2.24.06-PM.jpeg","width":1432,"height":793},"datePublished":"2026-09-03T18:11:00-05:00","dateModified":"2026-09-03T19:16:05-05:00","inLanguage":"es-CO","mainEntityOfPage":{"@id":"https:\/\/vocesdelaregion.com\/index.php\/2026\/09\/03\/capturados-cabecillas-del-tren-de-aragua-que-se-ocultaban-en-manizales\/#webpage"},"isPartOf":{"@id":"https:\/\/vocesdelaregion.com\/index.php\/2026\/09\/03\/capturados-cabecillas-del-tren-de-aragua-que-se-ocultaban-en-manizales\/#webpage"},"articleSection":"Judicial, Judiciales Caldas"},{"@type":"BreadcrumbList","@id":"https:\/\/vocesdelaregion.com\/index.php\/2026\/09\/03\/capturados-cabecillas-del-tren-de-aragua-que-se-ocultaban-en-manizales\/#breadcrumblist","itemListElement":[{"@type":"ListItem","@id":"https:\/\/vocesdelaregion.com#listItem","position":1,"name":"Home","item":"https:\/\/vocesdelaregion.com","nextItem":{"@type":"ListItem","@id":"https:\/\/vocesdelaregion.com\/index.php\/category\/judicial\/#listItem","name":"Judicial"}},{"@type":"ListItem","@id":"https:\/\/vocesdelaregion.com\/index.php\/category\/judicial\/#listItem","position":2,"name":"Judicial","item":"https:\/\/vocesdelaregion.com\/index.php\/category\/judicial\/","nextItem":{"@type":"ListItem","@id":"https:\/\/vocesdelaregion.com\/index.php\/category\/judicial\/judiciales-caldas\/#listItem","name":"Judiciales Caldas"},"previousItem":{"@type":"ListItem","@id":"https:\/\/vocesdelaregion.com#listItem","name":"Home"}},{"@type":"ListItem","@id":"https:\/\/vocesdelaregion.com\/index.php\/category\/judicial\/judiciales-caldas\/#listItem","position":3,"name":"Judiciales Caldas","item":"https:\/\/vocesdelaregion.com\/index.php\/category\/judicial\/judiciales-caldas\/","nextItem":{"@type":"ListItem","@id":"https:\/\/vocesdelaregion.com\/index.php\/2026\/09\/03\/capturados-cabecillas-del-tren-de-aragua-que-se-ocultaban-en-manizales\/#listItem","name":"Capturados cabecillas del Tren de Aragua que se ocultaban en Manizales"},"previousItem":{"@type":"ListItem","@id":"https:\/\/vocesdelaregion.com\/index.php\/category\/judicial\/#listItem","name":"Judicial"}},{"@type":"ListItem","@id":"https:\/\/vocesdelaregion.com\/index.php\/2026\/09\/03\/capturados-cabecillas-del-tren-de-aragua-que-se-ocultaban-en-manizales\/#listItem","position":4,"name":"Capturados cabecillas del Tren de Aragua que se ocultaban en Manizales","previousItem":{"@type":"ListItem","@id":"https:\/\/vocesdelaregion.com\/index.php\/category\/judicial\/judiciales-caldas\/#listItem","name":"Judiciales Caldas"}}]},{"@type":"Organization","@id":"https:\/\/vocesdelaregion.com\/#organization","name":"vocesdelaregion.com","description":"Lo que pasa en la regi\u00f3n","url":"https:\/\/vocesdelaregion.com\/","telephone":"+573116111583","logo":{"@type":"ImageObject","url":"https:\/\/vocesdelaregion.com\/wp-content\/uploads\/2023\/09\/LOGO-VOCES-DE-LA-REGION.png","@id":"https:\/\/vocesdelaregion.com\/index.php\/2026\/09\/03\/capturados-cabecillas-del-tren-de-aragua-que-se-ocultaban-en-manizales\/#organizationLogo","width":1300,"height":600},"image":{"@id":"https:\/\/vocesdelaregion.com\/index.php\/2026\/09\/03\/capturados-cabecillas-del-tren-de-aragua-que-se-ocultaban-en-manizales\/#organizationLogo"},"sameAs":["https:\/\/facebook.com\/VocesDeLaRegion","https:\/\/twitter.com\/VocesDeLaRegion","https:\/\/instagram.com\/VocesDeLaRegion"]},{"@type":"Person","@id":"https:\/\/vocesdelaregion.com\/index.php\/author\/voces-de-la-region\/#author","url":"https:\/\/vocesdelaregion.com\/index.php\/author\/voces-de-la-region\/","name":"Voces de la Regi\u00f3n","image":{"@type":"ImageObject","@id":"https:\/\/vocesdelaregion.com\/index.php\/2026\/09\/03\/capturados-cabecillas-del-tren-de-aragua-que-se-ocultaban-en-manizales\/#authorImage","url":"https:\/\/secure.gravatar.com\/avatar\/c827267e427bf3aa88989aab4d31884776220d82096001788e3fe788dc1c5ab9?s=96&d=mm&r=g","width":96,"height":96,"caption":"Voces de la Regi\u00f3n"}},{"@type":"WebPage","@id":"https:\/\/vocesdelaregion.com\/index.php\/2026\/09\/03\/capturados-cabecillas-del-tren-de-aragua-que-se-ocultaban-en-manizales\/#webpage","url":"https:\/\/vocesdelaregion.com\/index.php\/2026\/09\/03\/capturados-cabecillas-del-tren-de-aragua-que-se-ocultaban-en-manizales\/","name":"Capturados cabecillas del Tren de Aragua que se ocultaban en Manizales - Voces de la Regi\u00f3n","description":"En una operaci\u00f3n sin precedentes, la Polic\u00eda Nacional logr\u00f3 la captura de \u201cEl Coti\u201d y \u201cEl Pat\u00f3n\u201d en una exclusiva zona residencial de Manizales. Presentan circular roja de INTERPOL En el marco de la ofensiva permanente contra el multicrimen y el delito, la Polic\u00eda Nacional de Colombia, en articulaci\u00f3n con la Fiscal\u00eda General de la","inLanguage":"es-CO","isPartOf":{"@id":"https:\/\/vocesdelaregion.com\/#website"},"breadcrumb":{"@id":"https:\/\/vocesdelaregion.com\/index.php\/2026\/09\/03\/capturados-cabecillas-del-tren-de-aragua-que-se-ocultaban-en-manizales\/#breadcrumblist"},"author":{"@id":"https:\/\/vocesdelaregion.com\/index.php\/author\/voces-de-la-region\/#author"},"creator":{"@id":"https:\/\/vocesdelaregion.com\/index.php\/author\/voces-de-la-region\/#author"},"image":{"@type":"ImageObject","url":"https:\/\/vocesdelaregion.com\/wp-content\/uploads\/2026\/09\/WhatsApp-Image-2026-09-03-at-2.24.06-PM.jpeg","@id":"https:\/\/vocesdelaregion.com\/index.php\/2026\/09\/03\/capturados-cabecillas-del-tren-de-aragua-que-se-ocultaban-en-manizales\/#mainImage","width":1432,"height":793},"primaryImageOfPage":{"@id":"https:\/\/vocesdelaregion.com\/index.php\/2026\/09\/03\/capturados-cabecillas-del-tren-de-aragua-que-se-ocultaban-en-manizales\/#mainImage"},"datePublished":"2026-09-03T18:11:00-05:00","dateModified":"2026-09-03T19:16:05-05:00"},{"@type":"WebSite","@id":"https:\/\/vocesdelaregion.com\/#website","url":"https:\/\/vocesdelaregion.com\/","name":"vocesdelaregion.com","description":"Lo que pasa en la regi\u00f3n","inLanguage":"es-CO","publisher":{"@id":"https:\/\/vocesdelaregion.com\/#organization"}}]},"og:locale":"es_ES","og:site_name":"Voces de la Regi\u00f3n - Lo que pasa en la regi\u00f3n","og:type":"article","og:title":"Capturados cabecillas del Tren de Aragua que se ocultaban en Manizales - Voces de la Regi\u00f3n","og:description":"En una operaci\u00f3n sin precedentes, la Polic\u00eda Nacional logr\u00f3 la captura de \u201cEl Coti\u201d y \u201cEl Pat\u00f3n\u201d en una exclusiva zona residencial de Manizales. Presentan circular roja de INTERPOL En el marco de la ofensiva permanente contra el multicrimen y el delito, la Polic\u00eda Nacional de Colombia, en articulaci\u00f3n con la Fiscal\u00eda General de la","og:url":"https:\/\/vocesdelaregion.com\/index.php\/2026\/09\/03\/capturados-cabecillas-del-tren-de-aragua-que-se-ocultaban-en-manizales\/","og:image":"https:\/\/vocesdelaregion.com\/wp-content\/uploads\/2026\/09\/WhatsApp-Image-2026-09-03-at-2.24.06-PM.jpeg","og:image:secure_url":"https:\/\/vocesdelaregion.com\/wp-content\/uploads\/2026\/09\/WhatsApp-Image-2026-09-03-at-2.24.06-PM.jpeg","og:image:width":1432,"og:image:height":793,"article:tag":["judicial","judiciales caldas"],"article:published_time":"2026-09-03T23:11:00+00:00","article:modified_time":"2026-09-04T00:16:05+00:00","article:publisher":"https:\/\/facebook.com\/VocesDeLaRegion","twitter:card":"summary_large_image","twitter:site":"@VocesDeLaRegion","twitter:title":"Capturados cabecillas del Tren de Aragua que se ocultaban en Manizales - Voces de la Regi\u00f3n","twitter:description":"En una operaci\u00f3n sin precedentes, la Polic\u00eda Nacional logr\u00f3 la captura de \u201cEl Coti\u201d y \u201cEl Pat\u00f3n\u201d en una exclusiva zona residencial de Manizales. Presentan circular roja de INTERPOL En el marco de la ofensiva permanente contra el multicrimen y el delito, la Polic\u00eda Nacional de Colombia, en articulaci\u00f3n con la Fiscal\u00eda General de la","twitter:creator":"@VocesDeLaRegion","twitter:image":"https:\/\/vocesdelaregion.com\/wp-content\/uploads\/2026\/09\/WhatsApp-Image-2026-09-03-at-2.24.06-PM.jpeg"},"aioseo_meta_data":{"post_id":"41081","title":null,"description":null,"keywords":null,"keyphrases":{"focus":{"keyphrase":"","score":0,"analysis":{"keyphraseInTitle":{"score":0,"maxScore":9,"error":1}}},"additional":[]},"primary_term":null,"canonical_url":null,"og_title":null,"og_description":null,"og_object_type":"default","og_image_type":"default","og_image_url":null,"og_image_width":null,"og_image_height":null,"og_image_custom_url":null,"og_image_custom_fields":null,"og_video":"","og_custom_url":null,"og_article_section":null,"og_article_tags":null,"twitter_use_og":false,"twitter_card":"default","twitter_image_type":"default","twitter_image_url":null,"twitter_image_custom_url":null,"twitter_image_custom_fields":null,"twitter_title":null,"twitter_description":null,"schema":{"blockGraphs":[],"customGraphs":[],"default":{"data":{"Article":[],"Course":[],"Dataset":[],"FAQPage":[],"Movie":[],"Person":[],"Product":[],"ProductReview":[],"Car":[],"Recipe":[],"Service":[],"SoftwareApplication":[],"WebPage":[]},"graphName":"BlogPosting","isEnabled":true},"graphs":[]},"schema_type":"default","schema_type_options":null,"pillar_content":false,"robots_default":true,"robots_noindex":false,"robots_noarchive":false,"robots_nosnippet":false,"robots_nofollow":false,"robots_noimageindex":false,"robots_noodp":false,"robots_notranslate":false,"robots_max_snippet":"-1","robots_max_videopreview":"-1","robots_max_imagepreview":"large","priority":null,"frequency":"default","local_seo":null,"breadcrumb_settings":null,"limit_modified_date":false,"ai":{"faqs":[],"keyPoints":[],"schemas":[],"titles":[],"descriptions":[],"socialPosts":{"email":{"subject":"","preview":"","content":""},"linkedin":[],"twitter":[],"facebook":[],"instagram":[]}},"created":"2026-09-04 00:16:05","updated":"2026-09-04 03:20:16","seo_analyzer_scan_date":null,"focus_keyword":null,"additional_keywords":null,"truseo_locale":null},"aioseo_breadcrumb":"<div class=\"aioseo-breadcrumbs\"><span class=\"aioseo-breadcrumb\">\n\t\t\t<a href=\"https:\/\/vocesdelaregion.com\" title=\"Home\">Home<\/a>\n\t\t<\/span><span class=\"aioseo-breadcrumb-separator\">\u00bb<\/span><span class=\"aioseo-breadcrumb\">\n\t\t\t<a href=\"https:\/\/vocesdelaregion.com\/index.php\/category\/judicial\/\" title=\"Judicial\">Judicial<\/a>\n\t\t<\/span><span class=\"aioseo-breadcrumb-separator\">\u00bb<\/span><span class=\"aioseo-breadcrumb\">\n\t\t\t<a href=\"https:\/\/vocesdelaregion.com\/index.php\/category\/judicial\/judiciales-caldas\/\" title=\"Judiciales Caldas\">Judiciales Caldas<\/a>\n\t\t<\/span><span class=\"aioseo-breadcrumb-separator\">\u00bb<\/span><span class=\"aioseo-breadcrumb\">\n\t\t\tCapturados cabecillas del Tren de Aragua que se ocultaban en Manizales\n\t\t<\/span><\/div>","aioseo_breadcrumb_json":[{"label":"Home","link":"https:\/\/vocesdelaregion.com"},{"label":"Judicial","link":"https:\/\/vocesdelaregion.com\/index.php\/category\/judicial\/"},{"label":"Judiciales Caldas","link":"https:\/\/vocesdelaregion.com\/index.php\/category\/judicial\/judiciales-caldas\/"},{"label":"Capturados cabecillas del Tren de Aragua que se ocultaban en Manizales","link":"https:\/\/vocesdelaregion.com\/index.php\/2026\/09\/03\/capturados-cabecillas-del-tren-de-aragua-que-se-ocultaban-en-manizales\/"}],"blog_post_layout_featured_media_urls":{"thumbnail":["https:\/\/vocesdelaregion.com\/wp-content\/uploads\/2026\/09\/WhatsApp-Image-2026-09-03-at-2.24.06-PM-150x150.jpeg",150,150,true],"full":["https:\/\/vocesdelaregion.com\/wp-content\/uploads\/2026\/09\/WhatsApp-Image-2026-09-03-at-2.24.06-PM.jpeg",1432,793,false]},"categories_names":{"25":{"name":"Judicial","link":"https:\/\/vocesdelaregion.com\/index.php\/category\/judicial\/"},"359":{"name":"Judiciales Caldas","link":"https:\/\/vocesdelaregion.com\/index.php\/category\/judicial\/judiciales-caldas\/"}},"tags_names":[],"comments_number":"0","wpmagazine_modules_lite_featured_media_urls":{"thumbnail":["https:\/\/vocesdelaregion.com\/wp-content\/uploads\/2026\/09\/WhatsApp-Image-2026-09-03-at-2.24.06-PM-150x150.jpeg",150,150,true],"cvmm-medium":["https:\/\/vocesdelaregion.com\/wp-content\/uploads\/2026\/09\/WhatsApp-Image-2026-09-03-at-2.24.06-PM-300x300.jpeg",300,300,true],"cvmm-medium-plus":["https:\/\/vocesdelaregion.com\/wp-content\/uploads\/2026\/09\/WhatsApp-Image-2026-09-03-at-2.24.06-PM-305x207.jpeg",305,207,true],"cvmm-portrait":["https:\/\/vocesdelaregion.com\/wp-content\/uploads\/2026\/09\/WhatsApp-Image-2026-09-03-at-2.24.06-PM-400x600.jpeg",400,600,true],"cvmm-medium-square":["https:\/\/vocesdelaregion.com\/wp-content\/uploads\/2026\/09\/WhatsApp-Image-2026-09-03-at-2.24.06-PM-600x600.jpeg",600,600,true],"cvmm-large":["https:\/\/vocesdelaregion.com\/wp-content\/uploads\/2026\/09\/WhatsApp-Image-2026-09-03-at-2.24.06-PM-1024x793.jpeg",1024,793,true],"cvmm-small":["https:\/\/vocesdelaregion.com\/wp-content\/uploads\/2026\/09\/WhatsApp-Image-2026-09-03-at-2.24.06-PM-130x95.jpeg",130,95,true],"full":["https:\/\/vocesdelaregion.com\/wp-content\/uploads\/2026\/09\/WhatsApp-Image-2026-09-03-at-2.24.06-PM.jpeg",1432,793,false]},"_links":{"self":[{"href":"https:\/\/vocesdelaregion.com\/index.php\/wp-json\/wp\/v2\/posts\/41081","targetHints":{"allow":["GET"]}}],"collection":[{"href":"https:\/\/vocesdelaregion.com\/index.php\/wp-json\/wp\/v2\/posts"}],"about":[{"href":"https:\/\/vocesdelaregion.com\/index.php\/wp-json\/wp\/v2\/types\/post"}],"author":[{"embeddable":true,"href":"https:\/\/vocesdelaregion.com\/index.php\/wp-json\/wp\/v2\/users\/3"}],"replies":[{"embeddable":true,"href":"https:\/\/vocesdelaregion.com\/index.php\/wp-json\/wp\/v2\/comments?post=41081"}],"version-history":[{"count":1,"href":"https:\/\/vocesdelaregion.com\/index.php\/wp-json\/wp\/v2\/posts\/41081\/revisions"}],"predecessor-version":[{"id":41083,"href":"https:\/\/vocesdelaregion.com\/index.php\/wp-json\/wp\/v2\/posts\/41081\/revisions\/41083"}],"wp:featuredmedia":[{"embeddable":true,"href":"https:\/\/vocesdelaregion.com\/index.php\/wp-json\/wp\/v2\/media\/41082"}],"wp:attachment":[{"href":"https:\/\/vocesdelaregion.com\/index.php\/wp-json\/wp\/v2\/media?parent=41081"}],"wp:term":[{"taxonomy":"category","embeddable":true,"href":"https:\/\/vocesdelaregion.com\/index.php\/wp-json\/wp\/v2\/categories?post=41081"},{"taxonomy":"post_tag","embeddable":true,"href":"https:\/\/vocesdelaregion.com\/index.php\/wp-json\/wp\/v2\/tags?post=41081"}],"curies":[{"name":"wp","href":"https:\/\/api.w.org\/{rel}","templated":true}]}}