{"id":41077,"date":"2026-09-03T16:02:09","date_gmt":"2026-09-03T21:02:09","guid":{"rendered":"https:\/\/vocesdelaregion.com\/?p=41077"},"modified":"2026-09-03T16:02:11","modified_gmt":"2026-09-03T21:02:11","slug":"manizales-nos-mueve-feria-de-empleo-con-el-sena-mas-empleo-de-la-andi-y-confa","status":"publish","type":"post","link":"https:\/\/vocesdelaregion.com\/index.php\/2026\/09\/03\/manizales-nos-mueve-feria-de-empleo-con-el-sena-mas-empleo-de-la-andi-y-confa\/","title":{"rendered":"Manizales nos mueve: Feria de empleo con el Sena, M\u00e1s Empleo de la Andi y Confa"},"content":{"rendered":"\n<p class=\"wp-block-paragraph\">En Manizales nos mueve articularnos e impulsar oportunidades para conectar talentos con las demandas del sector productivo, por ello como una estrategia que moviliza la reactivaci\u00f3n econ\u00f3mica se realizar\u00e1 ma\u00f1ana viernes 4 de septiembre en el <strong>Parque Ernesto Gutierrez la Feria de Empleo Manizales nos mueve<\/strong> donde se ofertar\u00e1n alrededor de <strong>600 puestos de trabajo<\/strong> entre las Agencias de Gesti\u00f3n y Colocaci\u00f3n de <strong>Confa, el Sena y M\u00e1s Empleo de la Andi.<\/strong> El horario de atenci\u00f3n al p\u00fablico ser\u00e1 de 8:00 a.m a 4:00 p.m<\/p><div class=\"voces-contenido-2-2 voces-entity-placement\" id=\"voces-488404916\"><div class=\"voces-adlabel\">Publicidad<\/div><div id=\"voces-2933986752\"><a href=\"https:\/\/manizales.gov.co\/manizales-ciudad-gastronomica\/\" aria-label=\"banner gastronom\u00eda manizales\"><img src=\"https:\/\/vocesdelaregion.com\/wp-content\/uploads\/2026\/06\/banner-gastronomia-manizales.png\" alt=\"\"  srcset=\"https:\/\/vocesdelaregion.com\/wp-content\/uploads\/2026\/06\/banner-gastronomia-manizales.png 1434w, https:\/\/vocesdelaregion.com\/wp-content\/uploads\/2026\/06\/banner-gastronomia-manizales-300x92.png 300w, https:\/\/vocesdelaregion.com\/wp-content\/uploads\/2026\/06\/banner-gastronomia-manizales-1024x314.png 1024w, https:\/\/vocesdelaregion.com\/wp-content\/uploads\/2026\/06\/banner-gastronomia-manizales-768x236.png 768w\" sizes=\"(max-width: 1434px) 100vw, 1434px\" width=\"1434\" height=\"440\"   \/><\/a><\/div><\/div>\n\n\n\n<p class=\"wp-block-paragraph\"><strong>A esta apuesta se suman empresas que estar\u00e1n realizando el proceso de preselecci\u00f3n tales como:&nbsp; Ara, Adylog, ABAI GROUP, Colplas, Confa , Coordinadora, Descafecol, Diana Sierra, Esfera Temporales, Expertos Seguridad Ltda, GR &amp; Asociados,<\/strong> <a href=\"https:\/\/connectamericas.com\/es\/company\/g-y-j-integracion-sas\" target=\"_blank\" rel=\"noopener\"><strong>G Y J INTEGRACION SAS<\/strong><\/a><strong>, Mabe, Medicinas y Terapias, On Vacation, S.E.S Hospital de Caldas, Soluciones Empresariales Berm\u00fadez y Asociados , Super de Alimentos, Tubos y Perfiles, Konecta&nbsp;<\/strong><\/p>\n\n\n\n<p class=\"wp-block-paragraph\">Los perfiles que se ofertar\u00e1n se encuentran en los sectores: Agr\u00edcola, Automotriz, Construcci\u00f3n, Comercial, Educativo, Gesti\u00f3n Administrativa, Gastron\u00f3mico, Log\u00edstica, Tecnolog\u00eda, Producci\u00f3n y Salud.<\/p>\n\n\n\n<h3 class=\"wp-block-heading\">Sector salud<\/h3>\n\n\n\n<ul class=\"wp-block-list\">\n<li>Auxiliar de Enfermer\u00eda\u00a0<\/li>\n\n\n\n<li>Enfermero(a) Profesional\u00a0<\/li>\n\n\n\n<li>Auxiliar de Farmacia\u00a0<\/li>\n\n\n\n<li>Profesional de la Salud\u00a0<\/li>\n\n\n\n<li>Auxiliar de Laboratorio\u00a0<\/li>\n\n\n\n<li>Auxiliar Administrativo en Salud\u00a0<\/li>\n\n\n\n<li>Auxiliar Seguridad y Salud en el Trabajo\u00a0<\/li>\n\n\n\n<li>Veterinario(a)<\/li>\n\n\n\n<li>T\u00e9cnico(a) Dental<\/li>\n<\/ul>\n\n\n\n<p class=\"wp-block-paragraph\"><strong>Sector construcci\u00f3n<\/strong><\/p>\n\n\n\n<ul class=\"wp-block-list\">\n<li>Oficial de Construcci\u00f3n\u00a0<\/li>\n\n\n\n<li>Ayudante de Construcci\u00f3n\u00a0<\/li>\n\n\n\n<li>Ingeniero(a) Civil de Obras\u00a0<\/li>\n\n\n\n<li>Maestro de Obra\u00a0<\/li>\n\n\n\n<li>T\u00e9cnico(a) de Instalaciones\u00a0<\/li>\n\n\n\n<li>Montador(a)\u00a0<\/li>\n\n\n\n<li>Cadenero(a) de Topograf\u00eda\u00a0<\/li>\n\n\n\n<li>T\u00e9cnico(a) en Obras Civiles\u00a0<\/li>\n\n\n\n<li>Pintor(a)<\/li>\n<\/ul>\n\n\n\n<h3 class=\"wp-block-heading\">Sector producci\u00f3n&nbsp;<\/h3>\n\n\n\n<ul class=\"wp-block-list\">\n<li>Operario(a) de Producci\u00f3n\u00a0<\/li>\n\n\n\n<li>Operario(a) Metalmec\u00e1nico\u00a0<\/li>\n\n\n\n<li>Obrero(a) de la Industria Petrolera\u00a0<\/li>\n\n\n\n<li>Soldador(a)\u00a0<\/li>\n\n\n\n<li>Supervisor(a) de Producci\u00f3n\u00a0<\/li>\n\n\n\n<li>Supervisor(a) de Mantenimiento<\/li>\n\n\n\n<li>Dibujante por Proyecto<\/li>\n\n\n\n<li>T\u00e9cnico(a) en Electricidad\u00a0<\/li>\n\n\n\n<li>Ensamblador(a)<\/li>\n\n\n\n<li>Coordinador(a) de Servicio Equipos Industriales\u00a0<\/li>\n<\/ul>\n\n\n\n<h3 class=\"wp-block-heading\">Sector log\u00edstica<\/h3>\n\n\n\n<ul class=\"wp-block-list\">\n<li>Conductor(a)\u00a0<\/li>\n\n\n\n<li>Auxiliar Log\u00edstico(a)\u00a0<\/li>\n\n\n\n<li>Auxiliar de Bodega\u00a0<\/li>\n\n\n\n<li>Operador(a) Log\u00edstico(a)\u00a0<\/li>\n\n\n\n<li>Coordinador(a) de Log\u00edstica\u00a0<\/li>\n\n\n\n<li>Operador(a) de Montacargas\u00a0<\/li>\n<\/ul>\n\n\n\n<h3 class=\"wp-block-heading\">Sector comercial<\/h3>\n\n\n\n<ul class=\"wp-block-list\">\n<li>Asesor(a) Comercial\u00a0<\/li>\n\n\n\n<li>Vendedor(a)\u00a0<\/li>\n\n\n\n<li>Mercaderista\u00a0<\/li>\n\n\n\n<li>Impulsador(a)\u00a0<\/li>\n\n\n\n<li>Cajero(a)\u00a0<\/li>\n\n\n\n<li>Asesor(a) de Servicio al Cliente\u00a0<\/li>\n\n\n\n<li>Agente de Call Center\u00a0<\/li>\n\n\n\n<li>Coordinador(a) Comercial<\/li>\n<\/ul>\n\n\n\n<h3 class=\"wp-block-heading\">Sector apoyo administrativo<\/h3>\n\n\n\n<ul class=\"wp-block-list\">\n<li>Auxiliar Administrativo(a)\u00a0<\/li>\n\n\n\n<li>Auxiliar Contable\u00a0<\/li>\n\n\n\n<li>Contador(a)\u00a0<\/li>\n\n\n\n<li>Analista de Gesti\u00f3n Humana\u00a0<\/li>\n\n\n\n<li>Coordinador(a) de Gesti\u00f3n Humana\u00a0<\/li>\n\n\n\n<li>Coordinador(a) de Presupuestos y Costos<\/li>\n\n\n\n<li>Auxiliar Financiero(a)\u00a0<\/li>\n\n\n\n<li>Jefe de procesos de negocio\u00a0<\/li>\n\n\n\n<li>Abogado(a)<\/li>\n\n\n\n<li>Auxiliar de Archivo<\/li>\n\n\n\n<li>Estad\u00edstico(a)<\/li>\n<\/ul>\n\n\n\n<h3 class=\"wp-block-heading\">Sector gastron\u00f3mico<\/h3>\n\n\n\n<ul class=\"wp-block-list\">\n<li>Auxiliar de Cocina\u00a0<\/li>\n\n\n\n<li>Cocinero(a)\u00a0<\/li>\n\n\n\n<li>Jefe de Cocina\u00a0<\/li>\n<\/ul>\n\n\n\n<h3 class=\"wp-block-heading\">Sector educativo<\/h3>\n\n\n\n<ul class=\"wp-block-list\">\n<li>Profesor(a)<\/li>\n\n\n\n<li>Agente Educativo(a)<\/li>\n\n\n\n<li>Formador(a) de Vida<\/li>\n<\/ul>\n\n\n\n<h3 class=\"wp-block-heading\">Sector servicios<\/h3>\n\n\n\n<ul class=\"wp-block-list\">\n<li>Auxiliar de servicios generales\u00a0<\/li>\n\n\n\n<li>Auxiliar de Servicios de Hoteler\u00eda<\/li>\n\n\n\n<li>Director(a) de Operaciones de Hotel<\/li>\n\n\n\n<li>Supervisor de Seguridad<\/li>\n\n\n\n<li>T\u00e9cnico en Telecomunicaciones<\/li>\n\n\n\n<li>Plomero(a)<\/li>\n\n\n\n<li>Mesero(a)<\/li>\n\n\n\n<li>Auxiliar parqueadero\u00a0<\/li>\n\n\n\n<li>Auxiliar de polic\u00eda\u00a0<\/li>\n\n\n\n<li>Repartidor(a) de domicilios\u00a0<\/li>\n\n\n\n<li>Entrenador(a)<\/li>\n<\/ul>\n\n\n\n<p class=\"wp-block-paragraph\"><strong>Sector automotriz&nbsp;<\/strong><\/p>\n\n\n\n<ul class=\"wp-block-list\">\n<li>Mec\u00e1nico(a) de autom\u00f3viles<strong>\u00a0<\/strong><\/li>\n\n\n\n<li>Latonero(a)<\/li>\n\n\n\n<li>Jefe de Taller de Mec\u00e1nica Automotriz<\/li>\n<\/ul>\n\n\n\n<p class=\"wp-block-paragraph\"><strong>Sector agr\u00edcola<\/strong><\/p>\n\n\n\n<ul class=\"wp-block-list\">\n<li>Operario(a) agr\u00edcola\u00a0<\/li>\n\n\n\n<li>Ayudante agr\u00edcola\u00a0<\/li>\n\n\n\n<li>Galponero(a)<\/li>\n<\/ul>\n\n\n\n<p class=\"wp-block-paragraph\"><strong>Sector tecnolog\u00eda&nbsp;<\/strong><\/p>\n\n\n\n<ul class=\"wp-block-list\">\n<li>Analista TICs<\/li>\n\n\n\n<li>Agente de Generaci\u00f3n de Demanda en Tecnolog\u00eda\u00a0<\/li>\n\n\n\n<li>Analista de Monitoreo TI<\/li>\n<\/ul>\n\n\n\n<p class=\"wp-block-paragraph\">De esta forma Confa hace un aporte significativo para lograr la reactivaci\u00f3n en la ciudad y fortalecer el tejido empresarial.<\/p>\n\n\n\n<figure class=\"wp-block-audio\"><audio controls src=\"https:\/\/vocesdelaregion.com\/wp-content\/uploads\/2026\/09\/Angela-Consuelo-Montes.-Feria-de-Empleo-Parque-Ernesto-G.ogg\"><\/audio><figcaption class=\"wp-element-caption\">Audio: \u00c1ngela Consuelo Montes Aristiz\u00e1bal.<\/figcaption><\/figure>\n\n\n\n<p class=\"wp-block-paragraph\"><\/p>\n","protected":false},"excerpt":{"rendered":"<p>En Manizales nos mueve articularnos e impulsar oportunidades para conectar talentos con las demandas del sector productivo, por ello como una estrategia que moviliza la reactivaci\u00f3n econ\u00f3mica se realizar\u00e1 ma\u00f1ana viernes 4 de septiembre en el Parque Ernesto Gutierrez la Feria de Empleo Manizales nos mueve donde se ofertar\u00e1n alrededor de 600 puestos de trabajo [&hellip;]<\/p>\n","protected":false},"author":3,"featured_media":41079,"comment_status":"closed","ping_status":"closed","sticky":false,"template":"","format":"standard","meta":{"om_disable_all_campaigns":false,"_monsterinsights_skip_tracking":false,"_uf_show_specific_survey":0,"_uf_disable_surveys":false,"footnotes":""},"categories":[355,58,361],"tags":[],"class_list":["post-41077","post","type-post","status-publish","format-standard","has-post-thumbnail","hentry","category-alcaldia-de-manizales","category-alcaldias","category-economia"],"aioseo_notices":[],"aioseo_head":"\n\t\t<!-- All in One SEO 5.0.1.1 - aioseo.com -->\n\t<meta name=\"description\" content=\"En Manizales nos mueve articularnos e impulsar oportunidades para conectar talentos con las demandas del sector productivo, por ello como una estrategia que moviliza la reactivaci\u00f3n econ\u00f3mica se realizar\u00e1 ma\u00f1ana viernes 4 de septiembre en el Parque Ernesto Gutierrez la Feria de Empleo Manizales nos mueve donde se ofertar\u00e1n alrededor de 600 puestos de trabajo\" \/>\n\t<meta name=\"robots\" content=\"max-image-preview:large\" \/>\n\t<meta name=\"author\" content=\"Voces de la Regi\u00f3n\"\/>\n\t<link rel=\"canonical\" href=\"https:\/\/vocesdelaregion.com\/index.php\/2026\/09\/03\/manizales-nos-mueve-feria-de-empleo-con-el-sena-mas-empleo-de-la-andi-y-confa\/\" \/>\n\t<meta name=\"generator\" content=\"All in One SEO (AIOSEO) 5.0.1.1\" \/>\n\t\t<meta property=\"og:locale\" content=\"es_ES\" \/>\n\t\t<meta property=\"og:site_name\" content=\"Voces de la Regi\u00f3n - Lo que pasa en la regi\u00f3n\" \/>\n\t\t<meta property=\"og:type\" content=\"article\" \/>\n\t\t<meta property=\"og:title\" content=\"Manizales nos mueve: Feria de empleo con el Sena, M\u00e1s Empleo de la Andi y Confa - Voces de la Regi\u00f3n\" \/>\n\t\t<meta property=\"og:description\" content=\"En Manizales nos mueve articularnos e impulsar oportunidades para conectar talentos con las demandas del sector productivo, por ello como una estrategia que moviliza la reactivaci\u00f3n econ\u00f3mica se realizar\u00e1 ma\u00f1ana viernes 4 de septiembre en el Parque Ernesto Gutierrez la Feria de Empleo Manizales nos mueve donde se ofertar\u00e1n alrededor de 600 puestos de trabajo\" \/>\n\t\t<meta property=\"og:url\" content=\"https:\/\/vocesdelaregion.com\/index.php\/2026\/09\/03\/manizales-nos-mueve-feria-de-empleo-con-el-sena-mas-empleo-de-la-andi-y-confa\/\" \/>\n\t\t<meta property=\"og:image\" content=\"https:\/\/vocesdelaregion.com\/wp-content\/uploads\/2026\/09\/790591134_941309475028831_8010794829490565546_n.jpg\" \/>\n\t\t<meta property=\"og:image:secure_url\" content=\"https:\/\/vocesdelaregion.com\/wp-content\/uploads\/2026\/09\/790591134_941309475028831_8010794829490565546_n.jpg\" \/>\n\t\t<meta property=\"og:image:width\" content=\"1600\" \/>\n\t\t<meta property=\"og:image:height\" content=\"2000\" \/>\n\t\t<meta property=\"article:tag\" content=\"alcald\u00eda de manizales\" \/>\n\t\t<meta property=\"article:tag\" content=\"alcald\u00edas\" \/>\n\t\t<meta property=\"article:tag\" content=\"econom\u00eda\" \/>\n\t\t<meta property=\"article:published_time\" content=\"2026-09-03T21:02:09+00:00\" \/>\n\t\t<meta property=\"article:modified_time\" content=\"2026-09-03T21:02:11+00:00\" \/>\n\t\t<meta property=\"article:publisher\" content=\"https:\/\/facebook.com\/VocesDeLaRegion\" \/>\n\t\t<meta name=\"twitter:card\" content=\"summary_large_image\" \/>\n\t\t<meta name=\"twitter:site\" content=\"@VocesDeLaRegion\" \/>\n\t\t<meta name=\"twitter:title\" content=\"Manizales nos mueve: Feria de empleo con el Sena, M\u00e1s Empleo de la Andi y Confa - Voces de la Regi\u00f3n\" \/>\n\t\t<meta name=\"twitter:description\" content=\"En Manizales nos mueve articularnos e impulsar oportunidades para conectar talentos con las demandas del sector productivo, por ello como una estrategia que moviliza la reactivaci\u00f3n econ\u00f3mica se realizar\u00e1 ma\u00f1ana viernes 4 de septiembre en el Parque Ernesto Gutierrez la Feria de Empleo Manizales nos mueve donde se ofertar\u00e1n alrededor de 600 puestos de trabajo\" \/>\n\t\t<meta name=\"twitter:creator\" content=\"@VocesDeLaRegion\" \/>\n\t\t<meta name=\"twitter:image\" content=\"https:\/\/vocesdelaregion.com\/wp-content\/uploads\/2026\/09\/790591134_941309475028831_8010794829490565546_n.jpg\" \/>\n\t\t<script type=\"application\/ld+json\" class=\"aioseo-schema\">\n\t\t\t{\"@context\":\"https:\\\/\\\/schema.org\",\"@graph\":[{\"@type\":\"BlogPosting\",\"@id\":\"https:\\\/\\\/vocesdelaregion.com\\\/index.php\\\/2026\\\/09\\\/03\\\/manizales-nos-mueve-feria-de-empleo-con-el-sena-mas-empleo-de-la-andi-y-confa\\\/#blogposting\",\"name\":\"Manizales nos mueve: Feria de empleo con el Sena, M\\u00e1s Empleo de la Andi y Confa - Voces de la Regi\\u00f3n\",\"headline\":\"Manizales nos mueve: Feria de empleo con el Sena, M\\u00e1s Empleo de la Andi y Confa\",\"author\":{\"@id\":\"https:\\\/\\\/vocesdelaregion.com\\\/index.php\\\/author\\\/voces-de-la-region\\\/#author\"},\"publisher\":{\"@id\":\"https:\\\/\\\/vocesdelaregion.com\\\/#organization\"},\"image\":{\"@type\":\"ImageObject\",\"url\":\"https:\\\/\\\/vocesdelaregion.com\\\/wp-content\\\/uploads\\\/2026\\\/09\\\/790591134_941309475028831_8010794829490565546_n.jpg\",\"width\":1600,\"height\":2000},\"datePublished\":\"2026-09-03T16:02:09-05:00\",\"dateModified\":\"2026-09-03T16:02:11-05:00\",\"inLanguage\":\"es-CO\",\"mainEntityOfPage\":{\"@id\":\"https:\\\/\\\/vocesdelaregion.com\\\/index.php\\\/2026\\\/09\\\/03\\\/manizales-nos-mueve-feria-de-empleo-con-el-sena-mas-empleo-de-la-andi-y-confa\\\/#webpage\"},\"isPartOf\":{\"@id\":\"https:\\\/\\\/vocesdelaregion.com\\\/index.php\\\/2026\\\/09\\\/03\\\/manizales-nos-mueve-feria-de-empleo-con-el-sena-mas-empleo-de-la-andi-y-confa\\\/#webpage\"},\"articleSection\":\"Alcald\\u00eda de Manizales, Alcald\\u00edas, Econom\\u00eda\"},{\"@type\":\"BreadcrumbList\",\"@id\":\"https:\\\/\\\/vocesdelaregion.com\\\/index.php\\\/2026\\\/09\\\/03\\\/manizales-nos-mueve-feria-de-empleo-con-el-sena-mas-empleo-de-la-andi-y-confa\\\/#breadcrumblist\",\"itemListElement\":[{\"@type\":\"ListItem\",\"@id\":\"https:\\\/\\\/vocesdelaregion.com#listItem\",\"position\":1,\"name\":\"Home\",\"item\":\"https:\\\/\\\/vocesdelaregion.com\",\"nextItem\":{\"@type\":\"ListItem\",\"@id\":\"https:\\\/\\\/vocesdelaregion.com\\\/index.php\\\/category\\\/alcaldias\\\/#listItem\",\"name\":\"Alcald\\u00edas\"}},{\"@type\":\"ListItem\",\"@id\":\"https:\\\/\\\/vocesdelaregion.com\\\/index.php\\\/category\\\/alcaldias\\\/#listItem\",\"position\":2,\"name\":\"Alcald\\u00edas\",\"item\":\"https:\\\/\\\/vocesdelaregion.com\\\/index.php\\\/category\\\/alcaldias\\\/\",\"nextItem\":{\"@type\":\"ListItem\",\"@id\":\"https:\\\/\\\/vocesdelaregion.com\\\/index.php\\\/category\\\/alcaldias\\\/alcaldia-de-manizales\\\/#listItem\",\"name\":\"Alcald\\u00eda de Manizales\"},\"previousItem\":{\"@type\":\"ListItem\",\"@id\":\"https:\\\/\\\/vocesdelaregion.com#listItem\",\"name\":\"Home\"}},{\"@type\":\"ListItem\",\"@id\":\"https:\\\/\\\/vocesdelaregion.com\\\/index.php\\\/category\\\/alcaldias\\\/alcaldia-de-manizales\\\/#listItem\",\"position\":3,\"name\":\"Alcald\\u00eda de Manizales\",\"item\":\"https:\\\/\\\/vocesdelaregion.com\\\/index.php\\\/category\\\/alcaldias\\\/alcaldia-de-manizales\\\/\",\"nextItem\":{\"@type\":\"ListItem\",\"@id\":\"https:\\\/\\\/vocesdelaregion.com\\\/index.php\\\/2026\\\/09\\\/03\\\/manizales-nos-mueve-feria-de-empleo-con-el-sena-mas-empleo-de-la-andi-y-confa\\\/#listItem\",\"name\":\"Manizales nos mueve: Feria de empleo con el Sena, M\\u00e1s Empleo de la Andi y Confa\"},\"previousItem\":{\"@type\":\"ListItem\",\"@id\":\"https:\\\/\\\/vocesdelaregion.com\\\/index.php\\\/category\\\/alcaldias\\\/#listItem\",\"name\":\"Alcald\\u00edas\"}},{\"@type\":\"ListItem\",\"@id\":\"https:\\\/\\\/vocesdelaregion.com\\\/index.php\\\/2026\\\/09\\\/03\\\/manizales-nos-mueve-feria-de-empleo-con-el-sena-mas-empleo-de-la-andi-y-confa\\\/#listItem\",\"position\":4,\"name\":\"Manizales nos mueve: Feria de empleo con el Sena, M\\u00e1s Empleo de la Andi y Confa\",\"previousItem\":{\"@type\":\"ListItem\",\"@id\":\"https:\\\/\\\/vocesdelaregion.com\\\/index.php\\\/category\\\/alcaldias\\\/alcaldia-de-manizales\\\/#listItem\",\"name\":\"Alcald\\u00eda de Manizales\"}}]},{\"@type\":\"Organization\",\"@id\":\"https:\\\/\\\/vocesdelaregion.com\\\/#organization\",\"name\":\"vocesdelaregion.com\",\"description\":\"Lo que pasa en la regi\\u00f3n\",\"url\":\"https:\\\/\\\/vocesdelaregion.com\\\/\",\"telephone\":\"+573116111583\",\"logo\":{\"@type\":\"ImageObject\",\"url\":\"https:\\\/\\\/vocesdelaregion.com\\\/wp-content\\\/uploads\\\/2023\\\/09\\\/LOGO-VOCES-DE-LA-REGION.png\",\"@id\":\"https:\\\/\\\/vocesdelaregion.com\\\/index.php\\\/2026\\\/09\\\/03\\\/manizales-nos-mueve-feria-de-empleo-con-el-sena-mas-empleo-de-la-andi-y-confa\\\/#organizationLogo\",\"width\":1300,\"height\":600},\"image\":{\"@id\":\"https:\\\/\\\/vocesdelaregion.com\\\/index.php\\\/2026\\\/09\\\/03\\\/manizales-nos-mueve-feria-de-empleo-con-el-sena-mas-empleo-de-la-andi-y-confa\\\/#organizationLogo\"},\"sameAs\":[\"https:\\\/\\\/facebook.com\\\/VocesDeLaRegion\",\"https:\\\/\\\/twitter.com\\\/VocesDeLaRegion\",\"https:\\\/\\\/instagram.com\\\/VocesDeLaRegion\"]},{\"@type\":\"Person\",\"@id\":\"https:\\\/\\\/vocesdelaregion.com\\\/index.php\\\/author\\\/voces-de-la-region\\\/#author\",\"url\":\"https:\\\/\\\/vocesdelaregion.com\\\/index.php\\\/author\\\/voces-de-la-region\\\/\",\"name\":\"Voces de la Regi\\u00f3n\",\"image\":{\"@type\":\"ImageObject\",\"@id\":\"https:\\\/\\\/vocesdelaregion.com\\\/index.php\\\/2026\\\/09\\\/03\\\/manizales-nos-mueve-feria-de-empleo-con-el-sena-mas-empleo-de-la-andi-y-confa\\\/#authorImage\",\"url\":\"https:\\\/\\\/secure.gravatar.com\\\/avatar\\\/c827267e427bf3aa88989aab4d31884776220d82096001788e3fe788dc1c5ab9?s=96&d=mm&r=g\",\"width\":96,\"height\":96,\"caption\":\"Voces de la Regi\\u00f3n\"}},{\"@type\":\"WebPage\",\"@id\":\"https:\\\/\\\/vocesdelaregion.com\\\/index.php\\\/2026\\\/09\\\/03\\\/manizales-nos-mueve-feria-de-empleo-con-el-sena-mas-empleo-de-la-andi-y-confa\\\/#webpage\",\"url\":\"https:\\\/\\\/vocesdelaregion.com\\\/index.php\\\/2026\\\/09\\\/03\\\/manizales-nos-mueve-feria-de-empleo-con-el-sena-mas-empleo-de-la-andi-y-confa\\\/\",\"name\":\"Manizales nos mueve: Feria de empleo con el Sena, M\\u00e1s Empleo de la Andi y Confa - Voces de la Regi\\u00f3n\",\"description\":\"En Manizales nos mueve articularnos e impulsar oportunidades para conectar talentos con las demandas del sector productivo, por ello como una estrategia que moviliza la reactivaci\\u00f3n econ\\u00f3mica se realizar\\u00e1 ma\\u00f1ana viernes 4 de septiembre en el Parque Ernesto Gutierrez la Feria de Empleo Manizales nos mueve donde se ofertar\\u00e1n alrededor de 600 puestos de trabajo\",\"inLanguage\":\"es-CO\",\"isPartOf\":{\"@id\":\"https:\\\/\\\/vocesdelaregion.com\\\/#website\"},\"breadcrumb\":{\"@id\":\"https:\\\/\\\/vocesdelaregion.com\\\/index.php\\\/2026\\\/09\\\/03\\\/manizales-nos-mueve-feria-de-empleo-con-el-sena-mas-empleo-de-la-andi-y-confa\\\/#breadcrumblist\"},\"author\":{\"@id\":\"https:\\\/\\\/vocesdelaregion.com\\\/index.php\\\/author\\\/voces-de-la-region\\\/#author\"},\"creator\":{\"@id\":\"https:\\\/\\\/vocesdelaregion.com\\\/index.php\\\/author\\\/voces-de-la-region\\\/#author\"},\"image\":{\"@type\":\"ImageObject\",\"url\":\"https:\\\/\\\/vocesdelaregion.com\\\/wp-content\\\/uploads\\\/2026\\\/09\\\/790591134_941309475028831_8010794829490565546_n.jpg\",\"@id\":\"https:\\\/\\\/vocesdelaregion.com\\\/index.php\\\/2026\\\/09\\\/03\\\/manizales-nos-mueve-feria-de-empleo-con-el-sena-mas-empleo-de-la-andi-y-confa\\\/#mainImage\",\"width\":1600,\"height\":2000},\"primaryImageOfPage\":{\"@id\":\"https:\\\/\\\/vocesdelaregion.com\\\/index.php\\\/2026\\\/09\\\/03\\\/manizales-nos-mueve-feria-de-empleo-con-el-sena-mas-empleo-de-la-andi-y-confa\\\/#mainImage\"},\"datePublished\":\"2026-09-03T16:02:09-05:00\",\"dateModified\":\"2026-09-03T16:02:11-05:00\"},{\"@type\":\"WebSite\",\"@id\":\"https:\\\/\\\/vocesdelaregion.com\\\/#website\",\"url\":\"https:\\\/\\\/vocesdelaregion.com\\\/\",\"name\":\"vocesdelaregion.com\",\"description\":\"Lo que pasa en la regi\\u00f3n\",\"inLanguage\":\"es-CO\",\"publisher\":{\"@id\":\"https:\\\/\\\/vocesdelaregion.com\\\/#organization\"}}]}\n\t\t<\/script>\n\t\t<!-- All in One SEO -->\n\n","aioseo_head_json":{"title":"Manizales nos mueve: Feria de empleo con el Sena, M\u00e1s Empleo de la Andi y Confa - Voces de la Regi\u00f3n","description":"En Manizales nos mueve articularnos e impulsar oportunidades para conectar talentos con las demandas del sector productivo, por ello como una estrategia que moviliza la reactivaci\u00f3n econ\u00f3mica se realizar\u00e1 ma\u00f1ana viernes 4 de septiembre en el Parque Ernesto Gutierrez la Feria de Empleo Manizales nos mueve donde se ofertar\u00e1n alrededor de 600 puestos de trabajo","canonical_url":"https:\/\/vocesdelaregion.com\/index.php\/2026\/09\/03\/manizales-nos-mueve-feria-de-empleo-con-el-sena-mas-empleo-de-la-andi-y-confa\/","robots":"max-image-preview:large","keywords":"","webmasterTools":{"miscellaneous":""},"schema":{"@context":"https:\/\/schema.org","@graph":[{"@type":"BlogPosting","@id":"https:\/\/vocesdelaregion.com\/index.php\/2026\/09\/03\/manizales-nos-mueve-feria-de-empleo-con-el-sena-mas-empleo-de-la-andi-y-confa\/#blogposting","name":"Manizales nos mueve: Feria de empleo con el Sena, M\u00e1s Empleo de la Andi y Confa - Voces de la Regi\u00f3n","headline":"Manizales nos mueve: Feria de empleo con el Sena, M\u00e1s Empleo de la Andi y Confa","author":{"@id":"https:\/\/vocesdelaregion.com\/index.php\/author\/voces-de-la-region\/#author"},"publisher":{"@id":"https:\/\/vocesdelaregion.com\/#organization"},"image":{"@type":"ImageObject","url":"https:\/\/vocesdelaregion.com\/wp-content\/uploads\/2026\/09\/790591134_941309475028831_8010794829490565546_n.jpg","width":1600,"height":2000},"datePublished":"2026-09-03T16:02:09-05:00","dateModified":"2026-09-03T16:02:11-05:00","inLanguage":"es-CO","mainEntityOfPage":{"@id":"https:\/\/vocesdelaregion.com\/index.php\/2026\/09\/03\/manizales-nos-mueve-feria-de-empleo-con-el-sena-mas-empleo-de-la-andi-y-confa\/#webpage"},"isPartOf":{"@id":"https:\/\/vocesdelaregion.com\/index.php\/2026\/09\/03\/manizales-nos-mueve-feria-de-empleo-con-el-sena-mas-empleo-de-la-andi-y-confa\/#webpage"},"articleSection":"Alcald\u00eda de Manizales, Alcald\u00edas, Econom\u00eda"},{"@type":"BreadcrumbList","@id":"https:\/\/vocesdelaregion.com\/index.php\/2026\/09\/03\/manizales-nos-mueve-feria-de-empleo-con-el-sena-mas-empleo-de-la-andi-y-confa\/#breadcrumblist","itemListElement":[{"@type":"ListItem","@id":"https:\/\/vocesdelaregion.com#listItem","position":1,"name":"Home","item":"https:\/\/vocesdelaregion.com","nextItem":{"@type":"ListItem","@id":"https:\/\/vocesdelaregion.com\/index.php\/category\/alcaldias\/#listItem","name":"Alcald\u00edas"}},{"@type":"ListItem","@id":"https:\/\/vocesdelaregion.com\/index.php\/category\/alcaldias\/#listItem","position":2,"name":"Alcald\u00edas","item":"https:\/\/vocesdelaregion.com\/index.php\/category\/alcaldias\/","nextItem":{"@type":"ListItem","@id":"https:\/\/vocesdelaregion.com\/index.php\/category\/alcaldias\/alcaldia-de-manizales\/#listItem","name":"Alcald\u00eda de Manizales"},"previousItem":{"@type":"ListItem","@id":"https:\/\/vocesdelaregion.com#listItem","name":"Home"}},{"@type":"ListItem","@id":"https:\/\/vocesdelaregion.com\/index.php\/category\/alcaldias\/alcaldia-de-manizales\/#listItem","position":3,"name":"Alcald\u00eda de Manizales","item":"https:\/\/vocesdelaregion.com\/index.php\/category\/alcaldias\/alcaldia-de-manizales\/","nextItem":{"@type":"ListItem","@id":"https:\/\/vocesdelaregion.com\/index.php\/2026\/09\/03\/manizales-nos-mueve-feria-de-empleo-con-el-sena-mas-empleo-de-la-andi-y-confa\/#listItem","name":"Manizales nos mueve: Feria de empleo con el Sena, M\u00e1s Empleo de la Andi y Confa"},"previousItem":{"@type":"ListItem","@id":"https:\/\/vocesdelaregion.com\/index.php\/category\/alcaldias\/#listItem","name":"Alcald\u00edas"}},{"@type":"ListItem","@id":"https:\/\/vocesdelaregion.com\/index.php\/2026\/09\/03\/manizales-nos-mueve-feria-de-empleo-con-el-sena-mas-empleo-de-la-andi-y-confa\/#listItem","position":4,"name":"Manizales nos mueve: Feria de empleo con el Sena, M\u00e1s Empleo de la Andi y Confa","previousItem":{"@type":"ListItem","@id":"https:\/\/vocesdelaregion.com\/index.php\/category\/alcaldias\/alcaldia-de-manizales\/#listItem","name":"Alcald\u00eda de Manizales"}}]},{"@type":"Organization","@id":"https:\/\/vocesdelaregion.com\/#organization","name":"vocesdelaregion.com","description":"Lo que pasa en la regi\u00f3n","url":"https:\/\/vocesdelaregion.com\/","telephone":"+573116111583","logo":{"@type":"ImageObject","url":"https:\/\/vocesdelaregion.com\/wp-content\/uploads\/2023\/09\/LOGO-VOCES-DE-LA-REGION.png","@id":"https:\/\/vocesdelaregion.com\/index.php\/2026\/09\/03\/manizales-nos-mueve-feria-de-empleo-con-el-sena-mas-empleo-de-la-andi-y-confa\/#organizationLogo","width":1300,"height":600},"image":{"@id":"https:\/\/vocesdelaregion.com\/index.php\/2026\/09\/03\/manizales-nos-mueve-feria-de-empleo-con-el-sena-mas-empleo-de-la-andi-y-confa\/#organizationLogo"},"sameAs":["https:\/\/facebook.com\/VocesDeLaRegion","https:\/\/twitter.com\/VocesDeLaRegion","https:\/\/instagram.com\/VocesDeLaRegion"]},{"@type":"Person","@id":"https:\/\/vocesdelaregion.com\/index.php\/author\/voces-de-la-region\/#author","url":"https:\/\/vocesdelaregion.com\/index.php\/author\/voces-de-la-region\/","name":"Voces de la Regi\u00f3n","image":{"@type":"ImageObject","@id":"https:\/\/vocesdelaregion.com\/index.php\/2026\/09\/03\/manizales-nos-mueve-feria-de-empleo-con-el-sena-mas-empleo-de-la-andi-y-confa\/#authorImage","url":"https:\/\/secure.gravatar.com\/avatar\/c827267e427bf3aa88989aab4d31884776220d82096001788e3fe788dc1c5ab9?s=96&d=mm&r=g","width":96,"height":96,"caption":"Voces de la Regi\u00f3n"}},{"@type":"WebPage","@id":"https:\/\/vocesdelaregion.com\/index.php\/2026\/09\/03\/manizales-nos-mueve-feria-de-empleo-con-el-sena-mas-empleo-de-la-andi-y-confa\/#webpage","url":"https:\/\/vocesdelaregion.com\/index.php\/2026\/09\/03\/manizales-nos-mueve-feria-de-empleo-con-el-sena-mas-empleo-de-la-andi-y-confa\/","name":"Manizales nos mueve: Feria de empleo con el Sena, M\u00e1s Empleo de la Andi y Confa - Voces de la Regi\u00f3n","description":"En Manizales nos mueve articularnos e impulsar oportunidades para conectar talentos con las demandas del sector productivo, por ello como una estrategia que moviliza la reactivaci\u00f3n econ\u00f3mica se realizar\u00e1 ma\u00f1ana viernes 4 de septiembre en el Parque Ernesto Gutierrez la Feria de Empleo Manizales nos mueve donde se ofertar\u00e1n alrededor de 600 puestos de trabajo","inLanguage":"es-CO","isPartOf":{"@id":"https:\/\/vocesdelaregion.com\/#website"},"breadcrumb":{"@id":"https:\/\/vocesdelaregion.com\/index.php\/2026\/09\/03\/manizales-nos-mueve-feria-de-empleo-con-el-sena-mas-empleo-de-la-andi-y-confa\/#breadcrumblist"},"author":{"@id":"https:\/\/vocesdelaregion.com\/index.php\/author\/voces-de-la-region\/#author"},"creator":{"@id":"https:\/\/vocesdelaregion.com\/index.php\/author\/voces-de-la-region\/#author"},"image":{"@type":"ImageObject","url":"https:\/\/vocesdelaregion.com\/wp-content\/uploads\/2026\/09\/790591134_941309475028831_8010794829490565546_n.jpg","@id":"https:\/\/vocesdelaregion.com\/index.php\/2026\/09\/03\/manizales-nos-mueve-feria-de-empleo-con-el-sena-mas-empleo-de-la-andi-y-confa\/#mainImage","width":1600,"height":2000},"primaryImageOfPage":{"@id":"https:\/\/vocesdelaregion.com\/index.php\/2026\/09\/03\/manizales-nos-mueve-feria-de-empleo-con-el-sena-mas-empleo-de-la-andi-y-confa\/#mainImage"},"datePublished":"2026-09-03T16:02:09-05:00","dateModified":"2026-09-03T16:02:11-05:00"},{"@type":"WebSite","@id":"https:\/\/vocesdelaregion.com\/#website","url":"https:\/\/vocesdelaregion.com\/","name":"vocesdelaregion.com","description":"Lo que pasa en la regi\u00f3n","inLanguage":"es-CO","publisher":{"@id":"https:\/\/vocesdelaregion.com\/#organization"}}]},"og:locale":"es_ES","og:site_name":"Voces de la Regi\u00f3n - Lo que pasa en la regi\u00f3n","og:type":"article","og:title":"Manizales nos mueve: Feria de empleo con el Sena, M\u00e1s Empleo de la Andi y Confa - Voces de la Regi\u00f3n","og:description":"En Manizales nos mueve articularnos e impulsar oportunidades para conectar talentos con las demandas del sector productivo, por ello como una estrategia que moviliza la reactivaci\u00f3n econ\u00f3mica se realizar\u00e1 ma\u00f1ana viernes 4 de septiembre en el Parque Ernesto Gutierrez la Feria de Empleo Manizales nos mueve donde se ofertar\u00e1n alrededor de 600 puestos de trabajo","og:url":"https:\/\/vocesdelaregion.com\/index.php\/2026\/09\/03\/manizales-nos-mueve-feria-de-empleo-con-el-sena-mas-empleo-de-la-andi-y-confa\/","og:image":"https:\/\/vocesdelaregion.com\/wp-content\/uploads\/2026\/09\/790591134_941309475028831_8010794829490565546_n.jpg","og:image:secure_url":"https:\/\/vocesdelaregion.com\/wp-content\/uploads\/2026\/09\/790591134_941309475028831_8010794829490565546_n.jpg","og:image:width":1600,"og:image:height":2000,"article:tag":["alcald\u00eda de manizales","alcald\u00edas","econom\u00eda"],"article:published_time":"2026-09-03T21:02:09+00:00","article:modified_time":"2026-09-03T21:02:11+00:00","article:publisher":"https:\/\/facebook.com\/VocesDeLaRegion","twitter:card":"summary_large_image","twitter:site":"@VocesDeLaRegion","twitter:title":"Manizales nos mueve: Feria de empleo con el Sena, M\u00e1s Empleo de la Andi y Confa - Voces de la Regi\u00f3n","twitter:description":"En Manizales nos mueve articularnos e impulsar oportunidades para conectar talentos con las demandas del sector productivo, por ello como una estrategia que moviliza la reactivaci\u00f3n econ\u00f3mica se realizar\u00e1 ma\u00f1ana viernes 4 de septiembre en el Parque Ernesto Gutierrez la Feria de Empleo Manizales nos mueve donde se ofertar\u00e1n alrededor de 600 puestos de trabajo","twitter:creator":"@VocesDeLaRegion","twitter:image":"https:\/\/vocesdelaregion.com\/wp-content\/uploads\/2026\/09\/790591134_941309475028831_8010794829490565546_n.jpg"},"aioseo_meta_data":{"post_id":"41077","title":null,"description":null,"keywords":null,"keyphrases":{"focus":{"keyphrase":"","score":0,"analysis":{"keyphraseInTitle":{"score":0,"maxScore":9,"error":1}}},"additional":[]},"primary_term":null,"canonical_url":null,"og_title":null,"og_description":null,"og_object_type":"default","og_image_type":"default","og_image_url":null,"og_image_width":null,"og_image_height":null,"og_image_custom_url":null,"og_image_custom_fields":null,"og_video":"","og_custom_url":null,"og_article_section":null,"og_article_tags":null,"twitter_use_og":false,"twitter_card":"default","twitter_image_type":"default","twitter_image_url":null,"twitter_image_custom_url":null,"twitter_image_custom_fields":null,"twitter_title":null,"twitter_description":null,"schema":{"blockGraphs":[],"customGraphs":[],"default":{"data":{"Article":[],"Course":[],"Dataset":[],"FAQPage":[],"Movie":[],"Person":[],"Product":[],"ProductReview":[],"Car":[],"Recipe":[],"Service":[],"SoftwareApplication":[],"WebPage":[]},"graphName":"BlogPosting","isEnabled":true},"graphs":[]},"schema_type":"default","schema_type_options":null,"pillar_content":false,"robots_default":true,"robots_noindex":false,"robots_noarchive":false,"robots_nosnippet":false,"robots_nofollow":false,"robots_noimageindex":false,"robots_noodp":false,"robots_notranslate":false,"robots_max_snippet":"-1","robots_max_videopreview":"-1","robots_max_imagepreview":"large","priority":null,"frequency":"default","local_seo":null,"breadcrumb_settings":null,"limit_modified_date":false,"ai":{"faqs":[],"keyPoints":[],"schemas":[],"titles":[],"descriptions":[],"socialPosts":{"email":{"subject":"","preview":"","content":""},"linkedin":[],"twitter":[],"facebook":[],"instagram":[]}},"created":"2026-09-03 21:02:11","updated":"2026-09-03 21:02:11","seo_analyzer_scan_date":null,"focus_keyword":null,"additional_keywords":null,"truseo_locale":null},"aioseo_breadcrumb":"<div class=\"aioseo-breadcrumbs\"><span class=\"aioseo-breadcrumb\">\n\t\t\t<a href=\"https:\/\/vocesdelaregion.com\" title=\"Home\">Home<\/a>\n\t\t<\/span><span class=\"aioseo-breadcrumb-separator\">\u00bb<\/span><span class=\"aioseo-breadcrumb\">\n\t\t\t<a href=\"https:\/\/vocesdelaregion.com\/index.php\/category\/alcaldias\/\" title=\"Alcald\u00edas\">Alcald\u00edas<\/a>\n\t\t<\/span><span class=\"aioseo-breadcrumb-separator\">\u00bb<\/span><span class=\"aioseo-breadcrumb\">\n\t\t\t<a href=\"https:\/\/vocesdelaregion.com\/index.php\/category\/alcaldias\/alcaldia-de-manizales\/\" title=\"Alcald\u00eda de Manizales\">Alcald\u00eda de Manizales<\/a>\n\t\t<\/span><span class=\"aioseo-breadcrumb-separator\">\u00bb<\/span><span class=\"aioseo-breadcrumb\">\n\t\t\tManizales nos mueve: Feria de empleo con el Sena, M\u00e1s Empleo de la Andi y Confa\n\t\t<\/span><\/div>","aioseo_breadcrumb_json":[{"label":"Home","link":"https:\/\/vocesdelaregion.com"},{"label":"Alcald\u00edas","link":"https:\/\/vocesdelaregion.com\/index.php\/category\/alcaldias\/"},{"label":"Alcald\u00eda de Manizales","link":"https:\/\/vocesdelaregion.com\/index.php\/category\/alcaldias\/alcaldia-de-manizales\/"},{"label":"Manizales nos mueve: Feria de empleo con el Sena, M\u00e1s Empleo de la Andi y Confa","link":"https:\/\/vocesdelaregion.com\/index.php\/2026\/09\/03\/manizales-nos-mueve-feria-de-empleo-con-el-sena-mas-empleo-de-la-andi-y-confa\/"}],"blog_post_layout_featured_media_urls":{"thumbnail":["https:\/\/vocesdelaregion.com\/wp-content\/uploads\/2026\/09\/790591134_941309475028831_8010794829490565546_n-150x150.jpg",150,150,true],"full":["https:\/\/vocesdelaregion.com\/wp-content\/uploads\/2026\/09\/790591134_941309475028831_8010794829490565546_n.jpg",1600,2000,false]},"categories_names":{"355":{"name":"Alcald\u00eda de Manizales","link":"https:\/\/vocesdelaregion.com\/index.php\/category\/alcaldias\/alcaldia-de-manizales\/"},"58":{"name":"Alcald\u00edas","link":"https:\/\/vocesdelaregion.com\/index.php\/category\/alcaldias\/"},"361":{"name":"Econom\u00eda","link":"https:\/\/vocesdelaregion.com\/index.php\/category\/economia\/"}},"tags_names":[],"comments_number":"0","wpmagazine_modules_lite_featured_media_urls":{"thumbnail":["https:\/\/vocesdelaregion.com\/wp-content\/uploads\/2026\/09\/790591134_941309475028831_8010794829490565546_n-150x150.jpg",150,150,true],"cvmm-medium":["https:\/\/vocesdelaregion.com\/wp-content\/uploads\/2026\/09\/790591134_941309475028831_8010794829490565546_n-300x300.jpg",300,300,true],"cvmm-medium-plus":["https:\/\/vocesdelaregion.com\/wp-content\/uploads\/2026\/09\/790591134_941309475028831_8010794829490565546_n-305x207.jpg",305,207,true],"cvmm-portrait":["https:\/\/vocesdelaregion.com\/wp-content\/uploads\/2026\/09\/790591134_941309475028831_8010794829490565546_n-400x600.jpg",400,600,true],"cvmm-medium-square":["https:\/\/vocesdelaregion.com\/wp-content\/uploads\/2026\/09\/790591134_941309475028831_8010794829490565546_n-600x600.jpg",600,600,true],"cvmm-large":["https:\/\/vocesdelaregion.com\/wp-content\/uploads\/2026\/09\/790591134_941309475028831_8010794829490565546_n-1024x1024.jpg",1024,1024,true],"cvmm-small":["https:\/\/vocesdelaregion.com\/wp-content\/uploads\/2026\/09\/790591134_941309475028831_8010794829490565546_n-130x95.jpg",130,95,true],"full":["https:\/\/vocesdelaregion.com\/wp-content\/uploads\/2026\/09\/790591134_941309475028831_8010794829490565546_n.jpg",1600,2000,false]},"_links":{"self":[{"href":"https:\/\/vocesdelaregion.com\/index.php\/wp-json\/wp\/v2\/posts\/41077","targetHints":{"allow":["GET"]}}],"collection":[{"href":"https:\/\/vocesdelaregion.com\/index.php\/wp-json\/wp\/v2\/posts"}],"about":[{"href":"https:\/\/vocesdelaregion.com\/index.php\/wp-json\/wp\/v2\/types\/post"}],"author":[{"embeddable":true,"href":"https:\/\/vocesdelaregion.com\/index.php\/wp-json\/wp\/v2\/users\/3"}],"replies":[{"embeddable":true,"href":"https:\/\/vocesdelaregion.com\/index.php\/wp-json\/wp\/v2\/comments?post=41077"}],"version-history":[{"count":1,"href":"https:\/\/vocesdelaregion.com\/index.php\/wp-json\/wp\/v2\/posts\/41077\/revisions"}],"predecessor-version":[{"id":41080,"href":"https:\/\/vocesdelaregion.com\/index.php\/wp-json\/wp\/v2\/posts\/41077\/revisions\/41080"}],"wp:featuredmedia":[{"embeddable":true,"href":"https:\/\/vocesdelaregion.com\/index.php\/wp-json\/wp\/v2\/media\/41079"}],"wp:attachment":[{"href":"https:\/\/vocesdelaregion.com\/index.php\/wp-json\/wp\/v2\/media?parent=41077"}],"wp:term":[{"taxonomy":"category","embeddable":true,"href":"https:\/\/vocesdelaregion.com\/index.php\/wp-json\/wp\/v2\/categories?post=41077"},{"taxonomy":"post_tag","embeddable":true,"href":"https:\/\/vocesdelaregion.com\/index.php\/wp-json\/wp\/v2\/tags?post=41077"}],"curies":[{"name":"wp","href":"https:\/\/api.w.org\/{rel}","templated":true}]}}