{"id":41074,"date":"2026-08-10T20:50:00","date_gmt":"2026-08-11T01:50:00","guid":{"rendered":"https:\/\/vocesdelaregion.com\/?p=41074"},"modified":"2026-09-02T13:07:22","modified_gmt":"2026-09-02T18:07:22","slug":"informacion-importante-para-usuarios-y-suscriptores-de-caldas-empocaldas","status":"publish","type":"post","link":"https:\/\/vocesdelaregion.com\/index.php\/2026\/08\/10\/informacion-importante-para-usuarios-y-suscriptores-de-caldas-empocaldas\/","title":{"rendered":"Informaci\u00f3n importante para usuarios y suscriptores de Caldas &#8211; Empocaldas"},"content":{"rendered":"\n<p class=\"wp-block-paragraph\"><\/p>\n\n\n\n<p class=\"wp-block-paragraph\">Luego del sismo registrado hoy en Colombia, nuestro gerente, Cristian Mateo Loaiza, entrega un mensaje sobre las acciones adelantadas, las verificaciones realizadas y las medidas que se continuar\u00e1n implementando desde Empocaldas.<\/p><div class=\"voces-contenido-2-2 voces-entity-placement\" id=\"voces-2430686859\"><div class=\"voces-adlabel\">Publicidad<\/div><div id=\"voces-3949982554\"><a href=\"https:\/\/manizales.gov.co\/manizales-ciudad-gastronomica\/\" aria-label=\"banner gastronom\u00eda manizales\"><img src=\"https:\/\/vocesdelaregion.com\/wp-content\/uploads\/2026\/06\/banner-gastronomia-manizales.png\" alt=\"\"  srcset=\"https:\/\/vocesdelaregion.com\/wp-content\/uploads\/2026\/06\/banner-gastronomia-manizales.png 1434w, https:\/\/vocesdelaregion.com\/wp-content\/uploads\/2026\/06\/banner-gastronomia-manizales-300x92.png 300w, https:\/\/vocesdelaregion.com\/wp-content\/uploads\/2026\/06\/banner-gastronomia-manizales-1024x314.png 1024w, https:\/\/vocesdelaregion.com\/wp-content\/uploads\/2026\/06\/banner-gastronomia-manizales-768x236.png 768w\" sizes=\"(max-width: 1434px) 100vw, 1434px\" width=\"1434\" height=\"440\"   \/><\/a><\/div><\/div>\n\n\n\n<p class=\"wp-block-paragraph\">Te invitamos a conocer de primera mano toda la informaci\u00f3n.<\/p>\n\n\n\n<p class=\"wp-block-paragraph\">#EmpocaldasInforma<br>#FuerzaCaldas<\/p>\n","protected":false},"excerpt":{"rendered":"<p>Luego del sismo registrado hoy en Colombia, nuestro gerente, Cristian Mateo Loaiza, entrega un mensaje sobre las acciones adelantadas, las verificaciones realizadas y las medidas que se continuar\u00e1n implementando desde Empocaldas. Te invitamos a conocer de primera mano toda la informaci\u00f3n. #EmpocaldasInforma#FuerzaCaldas<\/p>\n","protected":false},"author":3,"featured_media":41075,"comment_status":"closed","ping_status":"closed","sticky":false,"template":"","format":"standard","meta":{"om_disable_all_campaigns":false,"_monsterinsights_skip_tracking":false,"_uf_show_specific_survey":0,"_uf_disable_surveys":false,"footnotes":""},"categories":[24,357,356],"tags":[],"class_list":["post-41074","post","type-post","status-publish","format-standard","has-post-thumbnail","hentry","category-caldas","category-gobernacion-de-caldas","category-gobernaciones"],"aioseo_notices":[],"aioseo_head":"\n\t\t<!-- All in One SEO 5.0.1.1 - aioseo.com -->\n\t<meta name=\"description\" content=\"Luego del sismo registrado hoy en Colombia, nuestro gerente, Cristian Mateo Loaiza, entrega un mensaje sobre las acciones adelantadas, las verificaciones realizadas y las medidas que se continuar\u00e1n implementando desde Empocaldas. Te invitamos a conocer de primera mano toda la informaci\u00f3n. #EmpocaldasInforma#FuerzaCaldas\" \/>\n\t<meta name=\"robots\" content=\"max-image-preview:large\" \/>\n\t<meta name=\"author\" content=\"Voces de la Regi\u00f3n\"\/>\n\t<link rel=\"canonical\" href=\"https:\/\/vocesdelaregion.com\/index.php\/2026\/08\/10\/informacion-importante-para-usuarios-y-suscriptores-de-caldas-empocaldas\/\" \/>\n\t<meta name=\"generator\" content=\"All in One SEO (AIOSEO) 5.0.1.1\" \/>\n\t\t<meta property=\"og:locale\" content=\"es_ES\" \/>\n\t\t<meta property=\"og:site_name\" content=\"Voces de la Regi\u00f3n - Lo que pasa en la regi\u00f3n\" \/>\n\t\t<meta property=\"og:type\" content=\"article\" \/>\n\t\t<meta property=\"og:title\" content=\"Informaci\u00f3n importante para usuarios y suscriptores de Caldas \u2013 Empocaldas - Voces de la Regi\u00f3n\" \/>\n\t\t<meta property=\"og:description\" content=\"Luego del sismo registrado hoy en Colombia, nuestro gerente, Cristian Mateo Loaiza, entrega un mensaje sobre las acciones adelantadas, las verificaciones realizadas y las medidas que se continuar\u00e1n implementando desde Empocaldas. Te invitamos a conocer de primera mano toda la informaci\u00f3n. #EmpocaldasInforma#FuerzaCaldas\" \/>\n\t\t<meta property=\"og:url\" content=\"https:\/\/vocesdelaregion.com\/index.php\/2026\/08\/10\/informacion-importante-para-usuarios-y-suscriptores-de-caldas-empocaldas\/\" \/>\n\t\t<meta property=\"og:image\" content=\"https:\/\/vocesdelaregion.com\/wp-content\/uploads\/2026\/09\/comunicado-empocaldas.png\" \/>\n\t\t<meta property=\"og:image:secure_url\" content=\"https:\/\/vocesdelaregion.com\/wp-content\/uploads\/2026\/09\/comunicado-empocaldas.png\" \/>\n\t\t<meta property=\"og:image:width\" content=\"617\" \/>\n\t\t<meta property=\"og:image:height\" content=\"886\" \/>\n\t\t<meta property=\"article:tag\" content=\"caldas\" \/>\n\t\t<meta property=\"article:tag\" content=\"gobernaci\u00f3n de caldas\" \/>\n\t\t<meta property=\"article:tag\" content=\"gobernaciones\" \/>\n\t\t<meta property=\"article:published_time\" content=\"2026-08-11T01:50:00+00:00\" \/>\n\t\t<meta property=\"article:modified_time\" content=\"2026-09-02T18:07:22+00:00\" \/>\n\t\t<meta property=\"article:publisher\" content=\"https:\/\/facebook.com\/VocesDeLaRegion\" \/>\n\t\t<meta name=\"twitter:card\" content=\"summary_large_image\" \/>\n\t\t<meta name=\"twitter:site\" content=\"@VocesDeLaRegion\" \/>\n\t\t<meta name=\"twitter:title\" content=\"Informaci\u00f3n importante para usuarios y suscriptores de Caldas \u2013 Empocaldas - Voces de la Regi\u00f3n\" \/>\n\t\t<meta name=\"twitter:description\" content=\"Luego del sismo registrado hoy en Colombia, nuestro gerente, Cristian Mateo Loaiza, entrega un mensaje sobre las acciones adelantadas, las verificaciones realizadas y las medidas que se continuar\u00e1n implementando desde Empocaldas. Te invitamos a conocer de primera mano toda la informaci\u00f3n. #EmpocaldasInforma#FuerzaCaldas\" \/>\n\t\t<meta name=\"twitter:creator\" content=\"@VocesDeLaRegion\" \/>\n\t\t<meta name=\"twitter:image\" content=\"https:\/\/vocesdelaregion.com\/wp-content\/uploads\/2026\/09\/comunicado-empocaldas.png\" \/>\n\t\t<script type=\"application\/ld+json\" class=\"aioseo-schema\">\n\t\t\t{\"@context\":\"https:\\\/\\\/schema.org\",\"@graph\":[{\"@type\":\"BlogPosting\",\"@id\":\"https:\\\/\\\/vocesdelaregion.com\\\/index.php\\\/2026\\\/08\\\/10\\\/informacion-importante-para-usuarios-y-suscriptores-de-caldas-empocaldas\\\/#blogposting\",\"name\":\"Informaci\\u00f3n importante para usuarios y suscriptores de Caldas \\u2013 Empocaldas - Voces de la Regi\\u00f3n\",\"headline\":\"Informaci\\u00f3n importante para usuarios y suscriptores de Caldas &#8211; Empocaldas\",\"author\":{\"@id\":\"https:\\\/\\\/vocesdelaregion.com\\\/index.php\\\/author\\\/voces-de-la-region\\\/#author\"},\"publisher\":{\"@id\":\"https:\\\/\\\/vocesdelaregion.com\\\/#organization\"},\"image\":{\"@type\":\"ImageObject\",\"url\":\"https:\\\/\\\/vocesdelaregion.com\\\/wp-content\\\/uploads\\\/2026\\\/09\\\/comunicado-empocaldas.png\",\"width\":617,\"height\":886},\"datePublished\":\"2026-08-10T20:50:00-05:00\",\"dateModified\":\"2026-09-02T13:07:22-05:00\",\"inLanguage\":\"es-CO\",\"mainEntityOfPage\":{\"@id\":\"https:\\\/\\\/vocesdelaregion.com\\\/index.php\\\/2026\\\/08\\\/10\\\/informacion-importante-para-usuarios-y-suscriptores-de-caldas-empocaldas\\\/#webpage\"},\"isPartOf\":{\"@id\":\"https:\\\/\\\/vocesdelaregion.com\\\/index.php\\\/2026\\\/08\\\/10\\\/informacion-importante-para-usuarios-y-suscriptores-de-caldas-empocaldas\\\/#webpage\"},\"articleSection\":\"Caldas, Gobernaci\\u00f3n de Caldas, Gobernaciones\"},{\"@type\":\"BreadcrumbList\",\"@id\":\"https:\\\/\\\/vocesdelaregion.com\\\/index.php\\\/2026\\\/08\\\/10\\\/informacion-importante-para-usuarios-y-suscriptores-de-caldas-empocaldas\\\/#breadcrumblist\",\"itemListElement\":[{\"@type\":\"ListItem\",\"@id\":\"https:\\\/\\\/vocesdelaregion.com#listItem\",\"position\":1,\"name\":\"Home\",\"item\":\"https:\\\/\\\/vocesdelaregion.com\",\"nextItem\":{\"@type\":\"ListItem\",\"@id\":\"https:\\\/\\\/vocesdelaregion.com\\\/index.php\\\/category\\\/gobernaciones\\\/#listItem\",\"name\":\"Gobernaciones\"}},{\"@type\":\"ListItem\",\"@id\":\"https:\\\/\\\/vocesdelaregion.com\\\/index.php\\\/category\\\/gobernaciones\\\/#listItem\",\"position\":2,\"name\":\"Gobernaciones\",\"item\":\"https:\\\/\\\/vocesdelaregion.com\\\/index.php\\\/category\\\/gobernaciones\\\/\",\"nextItem\":{\"@type\":\"ListItem\",\"@id\":\"https:\\\/\\\/vocesdelaregion.com\\\/index.php\\\/category\\\/gobernaciones\\\/gobernacion-de-caldas\\\/#listItem\",\"name\":\"Gobernaci\\u00f3n de Caldas\"},\"previousItem\":{\"@type\":\"ListItem\",\"@id\":\"https:\\\/\\\/vocesdelaregion.com#listItem\",\"name\":\"Home\"}},{\"@type\":\"ListItem\",\"@id\":\"https:\\\/\\\/vocesdelaregion.com\\\/index.php\\\/category\\\/gobernaciones\\\/gobernacion-de-caldas\\\/#listItem\",\"position\":3,\"name\":\"Gobernaci\\u00f3n de Caldas\",\"item\":\"https:\\\/\\\/vocesdelaregion.com\\\/index.php\\\/category\\\/gobernaciones\\\/gobernacion-de-caldas\\\/\",\"nextItem\":{\"@type\":\"ListItem\",\"@id\":\"https:\\\/\\\/vocesdelaregion.com\\\/index.php\\\/2026\\\/08\\\/10\\\/informacion-importante-para-usuarios-y-suscriptores-de-caldas-empocaldas\\\/#listItem\",\"name\":\"Informaci\\u00f3n importante para usuarios y suscriptores de Caldas &#8211; Empocaldas\"},\"previousItem\":{\"@type\":\"ListItem\",\"@id\":\"https:\\\/\\\/vocesdelaregion.com\\\/index.php\\\/category\\\/gobernaciones\\\/#listItem\",\"name\":\"Gobernaciones\"}},{\"@type\":\"ListItem\",\"@id\":\"https:\\\/\\\/vocesdelaregion.com\\\/index.php\\\/2026\\\/08\\\/10\\\/informacion-importante-para-usuarios-y-suscriptores-de-caldas-empocaldas\\\/#listItem\",\"position\":4,\"name\":\"Informaci\\u00f3n importante para usuarios y suscriptores de Caldas &#8211; Empocaldas\",\"previousItem\":{\"@type\":\"ListItem\",\"@id\":\"https:\\\/\\\/vocesdelaregion.com\\\/index.php\\\/category\\\/gobernaciones\\\/gobernacion-de-caldas\\\/#listItem\",\"name\":\"Gobernaci\\u00f3n de Caldas\"}}]},{\"@type\":\"Organization\",\"@id\":\"https:\\\/\\\/vocesdelaregion.com\\\/#organization\",\"name\":\"vocesdelaregion.com\",\"description\":\"Lo que pasa en la regi\\u00f3n\",\"url\":\"https:\\\/\\\/vocesdelaregion.com\\\/\",\"telephone\":\"+573116111583\",\"logo\":{\"@type\":\"ImageObject\",\"url\":\"https:\\\/\\\/vocesdelaregion.com\\\/wp-content\\\/uploads\\\/2023\\\/09\\\/LOGO-VOCES-DE-LA-REGION.png\",\"@id\":\"https:\\\/\\\/vocesdelaregion.com\\\/index.php\\\/2026\\\/08\\\/10\\\/informacion-importante-para-usuarios-y-suscriptores-de-caldas-empocaldas\\\/#organizationLogo\",\"width\":1300,\"height\":600},\"image\":{\"@id\":\"https:\\\/\\\/vocesdelaregion.com\\\/index.php\\\/2026\\\/08\\\/10\\\/informacion-importante-para-usuarios-y-suscriptores-de-caldas-empocaldas\\\/#organizationLogo\"},\"sameAs\":[\"https:\\\/\\\/facebook.com\\\/VocesDeLaRegion\",\"https:\\\/\\\/twitter.com\\\/VocesDeLaRegion\",\"https:\\\/\\\/instagram.com\\\/VocesDeLaRegion\"]},{\"@type\":\"Person\",\"@id\":\"https:\\\/\\\/vocesdelaregion.com\\\/index.php\\\/author\\\/voces-de-la-region\\\/#author\",\"url\":\"https:\\\/\\\/vocesdelaregion.com\\\/index.php\\\/author\\\/voces-de-la-region\\\/\",\"name\":\"Voces de la Regi\\u00f3n\",\"image\":{\"@type\":\"ImageObject\",\"@id\":\"https:\\\/\\\/vocesdelaregion.com\\\/index.php\\\/2026\\\/08\\\/10\\\/informacion-importante-para-usuarios-y-suscriptores-de-caldas-empocaldas\\\/#authorImage\",\"url\":\"https:\\\/\\\/secure.gravatar.com\\\/avatar\\\/c827267e427bf3aa88989aab4d31884776220d82096001788e3fe788dc1c5ab9?s=96&d=mm&r=g\",\"width\":96,\"height\":96,\"caption\":\"Voces de la Regi\\u00f3n\"}},{\"@type\":\"WebPage\",\"@id\":\"https:\\\/\\\/vocesdelaregion.com\\\/index.php\\\/2026\\\/08\\\/10\\\/informacion-importante-para-usuarios-y-suscriptores-de-caldas-empocaldas\\\/#webpage\",\"url\":\"https:\\\/\\\/vocesdelaregion.com\\\/index.php\\\/2026\\\/08\\\/10\\\/informacion-importante-para-usuarios-y-suscriptores-de-caldas-empocaldas\\\/\",\"name\":\"Informaci\\u00f3n importante para usuarios y suscriptores de Caldas \\u2013 Empocaldas - Voces de la Regi\\u00f3n\",\"description\":\"Luego del sismo registrado hoy en Colombia, nuestro gerente, Cristian Mateo Loaiza, entrega un mensaje sobre las acciones adelantadas, las verificaciones realizadas y las medidas que se continuar\\u00e1n implementando desde Empocaldas. Te invitamos a conocer de primera mano toda la informaci\\u00f3n. #EmpocaldasInforma#FuerzaCaldas\",\"inLanguage\":\"es-CO\",\"isPartOf\":{\"@id\":\"https:\\\/\\\/vocesdelaregion.com\\\/#website\"},\"breadcrumb\":{\"@id\":\"https:\\\/\\\/vocesdelaregion.com\\\/index.php\\\/2026\\\/08\\\/10\\\/informacion-importante-para-usuarios-y-suscriptores-de-caldas-empocaldas\\\/#breadcrumblist\"},\"author\":{\"@id\":\"https:\\\/\\\/vocesdelaregion.com\\\/index.php\\\/author\\\/voces-de-la-region\\\/#author\"},\"creator\":{\"@id\":\"https:\\\/\\\/vocesdelaregion.com\\\/index.php\\\/author\\\/voces-de-la-region\\\/#author\"},\"image\":{\"@type\":\"ImageObject\",\"url\":\"https:\\\/\\\/vocesdelaregion.com\\\/wp-content\\\/uploads\\\/2026\\\/09\\\/comunicado-empocaldas.png\",\"@id\":\"https:\\\/\\\/vocesdelaregion.com\\\/index.php\\\/2026\\\/08\\\/10\\\/informacion-importante-para-usuarios-y-suscriptores-de-caldas-empocaldas\\\/#mainImage\",\"width\":617,\"height\":886},\"primaryImageOfPage\":{\"@id\":\"https:\\\/\\\/vocesdelaregion.com\\\/index.php\\\/2026\\\/08\\\/10\\\/informacion-importante-para-usuarios-y-suscriptores-de-caldas-empocaldas\\\/#mainImage\"},\"datePublished\":\"2026-08-10T20:50:00-05:00\",\"dateModified\":\"2026-09-02T13:07:22-05:00\"},{\"@type\":\"WebSite\",\"@id\":\"https:\\\/\\\/vocesdelaregion.com\\\/#website\",\"url\":\"https:\\\/\\\/vocesdelaregion.com\\\/\",\"name\":\"vocesdelaregion.com\",\"description\":\"Lo que pasa en la regi\\u00f3n\",\"inLanguage\":\"es-CO\",\"publisher\":{\"@id\":\"https:\\\/\\\/vocesdelaregion.com\\\/#organization\"}}]}\n\t\t<\/script>\n\t\t<!-- All in One SEO -->\n\n","aioseo_head_json":{"title":"Informaci\u00f3n importante para usuarios y suscriptores de Caldas \u2013 Empocaldas - Voces de la Regi\u00f3n","description":"Luego del sismo registrado hoy en Colombia, nuestro gerente, Cristian Mateo Loaiza, entrega un mensaje sobre las acciones adelantadas, las verificaciones realizadas y las medidas que se continuar\u00e1n implementando desde Empocaldas. Te invitamos a conocer de primera mano toda la informaci\u00f3n. #EmpocaldasInforma#FuerzaCaldas","canonical_url":"https:\/\/vocesdelaregion.com\/index.php\/2026\/08\/10\/informacion-importante-para-usuarios-y-suscriptores-de-caldas-empocaldas\/","robots":"max-image-preview:large","keywords":"","webmasterTools":{"miscellaneous":""},"schema":{"@context":"https:\/\/schema.org","@graph":[{"@type":"BlogPosting","@id":"https:\/\/vocesdelaregion.com\/index.php\/2026\/08\/10\/informacion-importante-para-usuarios-y-suscriptores-de-caldas-empocaldas\/#blogposting","name":"Informaci\u00f3n importante para usuarios y suscriptores de Caldas \u2013 Empocaldas - Voces de la Regi\u00f3n","headline":"Informaci\u00f3n importante para usuarios y suscriptores de Caldas &#8211; Empocaldas","author":{"@id":"https:\/\/vocesdelaregion.com\/index.php\/author\/voces-de-la-region\/#author"},"publisher":{"@id":"https:\/\/vocesdelaregion.com\/#organization"},"image":{"@type":"ImageObject","url":"https:\/\/vocesdelaregion.com\/wp-content\/uploads\/2026\/09\/comunicado-empocaldas.png","width":617,"height":886},"datePublished":"2026-08-10T20:50:00-05:00","dateModified":"2026-09-02T13:07:22-05:00","inLanguage":"es-CO","mainEntityOfPage":{"@id":"https:\/\/vocesdelaregion.com\/index.php\/2026\/08\/10\/informacion-importante-para-usuarios-y-suscriptores-de-caldas-empocaldas\/#webpage"},"isPartOf":{"@id":"https:\/\/vocesdelaregion.com\/index.php\/2026\/08\/10\/informacion-importante-para-usuarios-y-suscriptores-de-caldas-empocaldas\/#webpage"},"articleSection":"Caldas, Gobernaci\u00f3n de Caldas, Gobernaciones"},{"@type":"BreadcrumbList","@id":"https:\/\/vocesdelaregion.com\/index.php\/2026\/08\/10\/informacion-importante-para-usuarios-y-suscriptores-de-caldas-empocaldas\/#breadcrumblist","itemListElement":[{"@type":"ListItem","@id":"https:\/\/vocesdelaregion.com#listItem","position":1,"name":"Home","item":"https:\/\/vocesdelaregion.com","nextItem":{"@type":"ListItem","@id":"https:\/\/vocesdelaregion.com\/index.php\/category\/gobernaciones\/#listItem","name":"Gobernaciones"}},{"@type":"ListItem","@id":"https:\/\/vocesdelaregion.com\/index.php\/category\/gobernaciones\/#listItem","position":2,"name":"Gobernaciones","item":"https:\/\/vocesdelaregion.com\/index.php\/category\/gobernaciones\/","nextItem":{"@type":"ListItem","@id":"https:\/\/vocesdelaregion.com\/index.php\/category\/gobernaciones\/gobernacion-de-caldas\/#listItem","name":"Gobernaci\u00f3n de Caldas"},"previousItem":{"@type":"ListItem","@id":"https:\/\/vocesdelaregion.com#listItem","name":"Home"}},{"@type":"ListItem","@id":"https:\/\/vocesdelaregion.com\/index.php\/category\/gobernaciones\/gobernacion-de-caldas\/#listItem","position":3,"name":"Gobernaci\u00f3n de Caldas","item":"https:\/\/vocesdelaregion.com\/index.php\/category\/gobernaciones\/gobernacion-de-caldas\/","nextItem":{"@type":"ListItem","@id":"https:\/\/vocesdelaregion.com\/index.php\/2026\/08\/10\/informacion-importante-para-usuarios-y-suscriptores-de-caldas-empocaldas\/#listItem","name":"Informaci\u00f3n importante para usuarios y suscriptores de Caldas &#8211; Empocaldas"},"previousItem":{"@type":"ListItem","@id":"https:\/\/vocesdelaregion.com\/index.php\/category\/gobernaciones\/#listItem","name":"Gobernaciones"}},{"@type":"ListItem","@id":"https:\/\/vocesdelaregion.com\/index.php\/2026\/08\/10\/informacion-importante-para-usuarios-y-suscriptores-de-caldas-empocaldas\/#listItem","position":4,"name":"Informaci\u00f3n importante para usuarios y suscriptores de Caldas &#8211; Empocaldas","previousItem":{"@type":"ListItem","@id":"https:\/\/vocesdelaregion.com\/index.php\/category\/gobernaciones\/gobernacion-de-caldas\/#listItem","name":"Gobernaci\u00f3n de Caldas"}}]},{"@type":"Organization","@id":"https:\/\/vocesdelaregion.com\/#organization","name":"vocesdelaregion.com","description":"Lo que pasa en la regi\u00f3n","url":"https:\/\/vocesdelaregion.com\/","telephone":"+573116111583","logo":{"@type":"ImageObject","url":"https:\/\/vocesdelaregion.com\/wp-content\/uploads\/2023\/09\/LOGO-VOCES-DE-LA-REGION.png","@id":"https:\/\/vocesdelaregion.com\/index.php\/2026\/08\/10\/informacion-importante-para-usuarios-y-suscriptores-de-caldas-empocaldas\/#organizationLogo","width":1300,"height":600},"image":{"@id":"https:\/\/vocesdelaregion.com\/index.php\/2026\/08\/10\/informacion-importante-para-usuarios-y-suscriptores-de-caldas-empocaldas\/#organizationLogo"},"sameAs":["https:\/\/facebook.com\/VocesDeLaRegion","https:\/\/twitter.com\/VocesDeLaRegion","https:\/\/instagram.com\/VocesDeLaRegion"]},{"@type":"Person","@id":"https:\/\/vocesdelaregion.com\/index.php\/author\/voces-de-la-region\/#author","url":"https:\/\/vocesdelaregion.com\/index.php\/author\/voces-de-la-region\/","name":"Voces de la Regi\u00f3n","image":{"@type":"ImageObject","@id":"https:\/\/vocesdelaregion.com\/index.php\/2026\/08\/10\/informacion-importante-para-usuarios-y-suscriptores-de-caldas-empocaldas\/#authorImage","url":"https:\/\/secure.gravatar.com\/avatar\/c827267e427bf3aa88989aab4d31884776220d82096001788e3fe788dc1c5ab9?s=96&d=mm&r=g","width":96,"height":96,"caption":"Voces de la Regi\u00f3n"}},{"@type":"WebPage","@id":"https:\/\/vocesdelaregion.com\/index.php\/2026\/08\/10\/informacion-importante-para-usuarios-y-suscriptores-de-caldas-empocaldas\/#webpage","url":"https:\/\/vocesdelaregion.com\/index.php\/2026\/08\/10\/informacion-importante-para-usuarios-y-suscriptores-de-caldas-empocaldas\/","name":"Informaci\u00f3n importante para usuarios y suscriptores de Caldas \u2013 Empocaldas - Voces de la Regi\u00f3n","description":"Luego del sismo registrado hoy en Colombia, nuestro gerente, Cristian Mateo Loaiza, entrega un mensaje sobre las acciones adelantadas, las verificaciones realizadas y las medidas que se continuar\u00e1n implementando desde Empocaldas. Te invitamos a conocer de primera mano toda la informaci\u00f3n. #EmpocaldasInforma#FuerzaCaldas","inLanguage":"es-CO","isPartOf":{"@id":"https:\/\/vocesdelaregion.com\/#website"},"breadcrumb":{"@id":"https:\/\/vocesdelaregion.com\/index.php\/2026\/08\/10\/informacion-importante-para-usuarios-y-suscriptores-de-caldas-empocaldas\/#breadcrumblist"},"author":{"@id":"https:\/\/vocesdelaregion.com\/index.php\/author\/voces-de-la-region\/#author"},"creator":{"@id":"https:\/\/vocesdelaregion.com\/index.php\/author\/voces-de-la-region\/#author"},"image":{"@type":"ImageObject","url":"https:\/\/vocesdelaregion.com\/wp-content\/uploads\/2026\/09\/comunicado-empocaldas.png","@id":"https:\/\/vocesdelaregion.com\/index.php\/2026\/08\/10\/informacion-importante-para-usuarios-y-suscriptores-de-caldas-empocaldas\/#mainImage","width":617,"height":886},"primaryImageOfPage":{"@id":"https:\/\/vocesdelaregion.com\/index.php\/2026\/08\/10\/informacion-importante-para-usuarios-y-suscriptores-de-caldas-empocaldas\/#mainImage"},"datePublished":"2026-08-10T20:50:00-05:00","dateModified":"2026-09-02T13:07:22-05:00"},{"@type":"WebSite","@id":"https:\/\/vocesdelaregion.com\/#website","url":"https:\/\/vocesdelaregion.com\/","name":"vocesdelaregion.com","description":"Lo que pasa en la regi\u00f3n","inLanguage":"es-CO","publisher":{"@id":"https:\/\/vocesdelaregion.com\/#organization"}}]},"og:locale":"es_ES","og:site_name":"Voces de la Regi\u00f3n - Lo que pasa en la regi\u00f3n","og:type":"article","og:title":"Informaci\u00f3n importante para usuarios y suscriptores de Caldas \u2013 Empocaldas - Voces de la Regi\u00f3n","og:description":"Luego del sismo registrado hoy en Colombia, nuestro gerente, Cristian Mateo Loaiza, entrega un mensaje sobre las acciones adelantadas, las verificaciones realizadas y las medidas que se continuar\u00e1n implementando desde Empocaldas. Te invitamos a conocer de primera mano toda la informaci\u00f3n. #EmpocaldasInforma#FuerzaCaldas","og:url":"https:\/\/vocesdelaregion.com\/index.php\/2026\/08\/10\/informacion-importante-para-usuarios-y-suscriptores-de-caldas-empocaldas\/","og:image":"https:\/\/vocesdelaregion.com\/wp-content\/uploads\/2026\/09\/comunicado-empocaldas.png","og:image:secure_url":"https:\/\/vocesdelaregion.com\/wp-content\/uploads\/2026\/09\/comunicado-empocaldas.png","og:image:width":617,"og:image:height":886,"article:tag":["caldas","gobernaci\u00f3n de caldas","gobernaciones"],"article:published_time":"2026-08-11T01:50:00+00:00","article:modified_time":"2026-09-02T18:07:22+00:00","article:publisher":"https:\/\/facebook.com\/VocesDeLaRegion","twitter:card":"summary_large_image","twitter:site":"@VocesDeLaRegion","twitter:title":"Informaci\u00f3n importante para usuarios y suscriptores de Caldas \u2013 Empocaldas - Voces de la Regi\u00f3n","twitter:description":"Luego del sismo registrado hoy en Colombia, nuestro gerente, Cristian Mateo Loaiza, entrega un mensaje sobre las acciones adelantadas, las verificaciones realizadas y las medidas que se continuar\u00e1n implementando desde Empocaldas. Te invitamos a conocer de primera mano toda la informaci\u00f3n. #EmpocaldasInforma#FuerzaCaldas","twitter:creator":"@VocesDeLaRegion","twitter:image":"https:\/\/vocesdelaregion.com\/wp-content\/uploads\/2026\/09\/comunicado-empocaldas.png"},"aioseo_meta_data":{"post_id":"41074","title":null,"description":null,"keywords":null,"keyphrases":{"focus":{"keyphrase":"","score":0,"analysis":{"keyphraseInTitle":{"score":0,"maxScore":9,"error":1}}},"additional":[]},"primary_term":null,"canonical_url":null,"og_title":null,"og_description":null,"og_object_type":"default","og_image_type":"default","og_image_url":null,"og_image_width":null,"og_image_height":null,"og_image_custom_url":null,"og_image_custom_fields":null,"og_video":"","og_custom_url":null,"og_article_section":null,"og_article_tags":null,"twitter_use_og":false,"twitter_card":"default","twitter_image_type":"default","twitter_image_url":null,"twitter_image_custom_url":null,"twitter_image_custom_fields":null,"twitter_title":null,"twitter_description":null,"schema":{"blockGraphs":[],"customGraphs":[],"default":{"data":{"Article":[],"Course":[],"Dataset":[],"FAQPage":[],"Movie":[],"Person":[],"Product":[],"ProductReview":[],"Car":[],"Recipe":[],"Service":[],"SoftwareApplication":[],"WebPage":[]},"graphName":"BlogPosting","isEnabled":true},"graphs":[]},"schema_type":"default","schema_type_options":null,"pillar_content":false,"robots_default":true,"robots_noindex":false,"robots_noarchive":false,"robots_nosnippet":false,"robots_nofollow":false,"robots_noimageindex":false,"robots_noodp":false,"robots_notranslate":false,"robots_max_snippet":"-1","robots_max_videopreview":"-1","robots_max_imagepreview":"large","priority":null,"frequency":"default","local_seo":null,"breadcrumb_settings":null,"limit_modified_date":false,"ai":{"faqs":[],"keyPoints":[],"schemas":[],"titles":[],"descriptions":[],"socialPosts":{"email":{"subject":"","preview":"","content":""},"linkedin":[],"twitter":[],"facebook":[],"instagram":[]}},"created":"2026-09-02 18:07:22","updated":"2026-09-02 18:08:34","seo_analyzer_scan_date":null,"focus_keyword":null,"additional_keywords":null,"truseo_locale":null},"aioseo_breadcrumb":"<div class=\"aioseo-breadcrumbs\"><span class=\"aioseo-breadcrumb\">\n\t\t\t<a href=\"https:\/\/vocesdelaregion.com\" title=\"Home\">Home<\/a>\n\t\t<\/span><span class=\"aioseo-breadcrumb-separator\">\u00bb<\/span><span class=\"aioseo-breadcrumb\">\n\t\t\t<a href=\"https:\/\/vocesdelaregion.com\/index.php\/category\/gobernaciones\/\" title=\"Gobernaciones\">Gobernaciones<\/a>\n\t\t<\/span><span class=\"aioseo-breadcrumb-separator\">\u00bb<\/span><span class=\"aioseo-breadcrumb\">\n\t\t\t<a href=\"https:\/\/vocesdelaregion.com\/index.php\/category\/gobernaciones\/gobernacion-de-caldas\/\" title=\"Gobernaci\u00f3n de Caldas\">Gobernaci\u00f3n de Caldas<\/a>\n\t\t<\/span><span class=\"aioseo-breadcrumb-separator\">\u00bb<\/span><span class=\"aioseo-breadcrumb\">\n\t\t\tInformaci\u00f3n importante para usuarios y suscriptores de Caldas \u2013 Empocaldas\n\t\t<\/span><\/div>","aioseo_breadcrumb_json":[{"label":"Home","link":"https:\/\/vocesdelaregion.com"},{"label":"Gobernaciones","link":"https:\/\/vocesdelaregion.com\/index.php\/category\/gobernaciones\/"},{"label":"Gobernaci\u00f3n de Caldas","link":"https:\/\/vocesdelaregion.com\/index.php\/category\/gobernaciones\/gobernacion-de-caldas\/"},{"label":"Informaci\u00f3n importante para usuarios y suscriptores de Caldas &#8211; Empocaldas","link":"https:\/\/vocesdelaregion.com\/index.php\/2026\/08\/10\/informacion-importante-para-usuarios-y-suscriptores-de-caldas-empocaldas\/"}],"blog_post_layout_featured_media_urls":{"thumbnail":["https:\/\/vocesdelaregion.com\/wp-content\/uploads\/2026\/09\/comunicado-empocaldas-150x150.png",150,150,true],"full":["https:\/\/vocesdelaregion.com\/wp-content\/uploads\/2026\/09\/comunicado-empocaldas.png",617,886,false]},"categories_names":{"24":{"name":"Caldas","link":"https:\/\/vocesdelaregion.com\/index.php\/category\/caldas\/"},"357":{"name":"Gobernaci\u00f3n de Caldas","link":"https:\/\/vocesdelaregion.com\/index.php\/category\/gobernaciones\/gobernacion-de-caldas\/"},"356":{"name":"Gobernaciones","link":"https:\/\/vocesdelaregion.com\/index.php\/category\/gobernaciones\/"}},"tags_names":[],"comments_number":"0","wpmagazine_modules_lite_featured_media_urls":{"thumbnail":["https:\/\/vocesdelaregion.com\/wp-content\/uploads\/2026\/09\/comunicado-empocaldas-150x150.png",150,150,true],"cvmm-medium":["https:\/\/vocesdelaregion.com\/wp-content\/uploads\/2026\/09\/comunicado-empocaldas-300x300.png",300,300,true],"cvmm-medium-plus":["https:\/\/vocesdelaregion.com\/wp-content\/uploads\/2026\/09\/comunicado-empocaldas-305x207.png",305,207,true],"cvmm-portrait":["https:\/\/vocesdelaregion.com\/wp-content\/uploads\/2026\/09\/comunicado-empocaldas-400x600.png",400,600,true],"cvmm-medium-square":["https:\/\/vocesdelaregion.com\/wp-content\/uploads\/2026\/09\/comunicado-empocaldas-600x600.png",600,600,true],"cvmm-large":["https:\/\/vocesdelaregion.com\/wp-content\/uploads\/2026\/09\/comunicado-empocaldas.png",617,886,false],"cvmm-small":["https:\/\/vocesdelaregion.com\/wp-content\/uploads\/2026\/09\/comunicado-empocaldas-130x95.png",130,95,true],"full":["https:\/\/vocesdelaregion.com\/wp-content\/uploads\/2026\/09\/comunicado-empocaldas.png",617,886,false]},"_links":{"self":[{"href":"https:\/\/vocesdelaregion.com\/index.php\/wp-json\/wp\/v2\/posts\/41074","targetHints":{"allow":["GET"]}}],"collection":[{"href":"https:\/\/vocesdelaregion.com\/index.php\/wp-json\/wp\/v2\/posts"}],"about":[{"href":"https:\/\/vocesdelaregion.com\/index.php\/wp-json\/wp\/v2\/types\/post"}],"author":[{"embeddable":true,"href":"https:\/\/vocesdelaregion.com\/index.php\/wp-json\/wp\/v2\/users\/3"}],"replies":[{"embeddable":true,"href":"https:\/\/vocesdelaregion.com\/index.php\/wp-json\/wp\/v2\/comments?post=41074"}],"version-history":[{"count":1,"href":"https:\/\/vocesdelaregion.com\/index.php\/wp-json\/wp\/v2\/posts\/41074\/revisions"}],"predecessor-version":[{"id":41076,"href":"https:\/\/vocesdelaregion.com\/index.php\/wp-json\/wp\/v2\/posts\/41074\/revisions\/41076"}],"wp:featuredmedia":[{"embeddable":true,"href":"https:\/\/vocesdelaregion.com\/index.php\/wp-json\/wp\/v2\/media\/41075"}],"wp:attachment":[{"href":"https:\/\/vocesdelaregion.com\/index.php\/wp-json\/wp\/v2\/media?parent=41074"}],"wp:term":[{"taxonomy":"category","embeddable":true,"href":"https:\/\/vocesdelaregion.com\/index.php\/wp-json\/wp\/v2\/categories?post=41074"},{"taxonomy":"post_tag","embeddable":true,"href":"https:\/\/vocesdelaregion.com\/index.php\/wp-json\/wp\/v2\/tags?post=41074"}],"curies":[{"name":"wp","href":"https:\/\/api.w.org\/{rel}","templated":true}]}}