{"id":41070,"date":"2026-08-28T12:27:00","date_gmt":"2026-08-28T17:27:00","guid":{"rendered":"https:\/\/vocesdelaregion.com\/?p=41070"},"modified":"2026-09-02T12:32:15","modified_gmt":"2026-09-02T17:32:15","slug":"cada-arbol-que-sembramos-es-una-apuesta-por-el-agua-y-la-vida","status":"publish","type":"post","link":"https:\/\/vocesdelaregion.com\/index.php\/2026\/08\/28\/cada-arbol-que-sembramos-es-una-apuesta-por-el-agua-y-la-vida\/","title":{"rendered":"Cada \u00e1rbol que sembramos es una apuesta por el agua y la vida"},"content":{"rendered":"\n<p class=\"wp-block-paragraph\">Empocaldas y Corpocaldas unieron esfuerzos para proteger nuestras fuentes h\u00eddricas, recuperar los ecosistemas y conservar la biodiversidad que hay en el Acueducto Regional Occidente<\/p><div class=\"voces-contenido-2-2 voces-entity-placement\" id=\"voces-2129331786\"><div class=\"voces-adlabel\">Publicidad<\/div><div id=\"voces-3674488147\"><img src=\"https:\/\/vocesdelaregion.com\/wp-content\/uploads\/2026\/08\/778454399_1736516874341074_597664078430247345_n-scaled.jpg\" alt=\"\"  srcset=\"https:\/\/vocesdelaregion.com\/wp-content\/uploads\/2026\/08\/778454399_1736516874341074_597664078430247345_n-scaled.jpg 2046w, https:\/\/vocesdelaregion.com\/wp-content\/uploads\/2026\/08\/778454399_1736516874341074_597664078430247345_n-240x300.jpg 240w, https:\/\/vocesdelaregion.com\/wp-content\/uploads\/2026\/08\/778454399_1736516874341074_597664078430247345_n-818x1024.jpg 818w, https:\/\/vocesdelaregion.com\/wp-content\/uploads\/2026\/08\/778454399_1736516874341074_597664078430247345_n-768x961.jpg 768w, https:\/\/vocesdelaregion.com\/wp-content\/uploads\/2026\/08\/778454399_1736516874341074_597664078430247345_n-1228x1536.jpg 1228w, https:\/\/vocesdelaregion.com\/wp-content\/uploads\/2026\/08\/778454399_1736516874341074_597664078430247345_n-1637x2048.jpg 1637w\" sizes=\"(max-width: 2046px) 100vw, 2046px\" width=\"2046\" height=\"2560\"   \/><\/div><\/div>\n\n\n\n<p class=\"wp-block-paragraph\">Porque reforestar no es solo sembrar \u00e1rboles: es sembrar futuro<\/p>\n\n\n\n<figure class=\"wp-block-video\"><video height=\"832\" style=\"aspect-ratio: 464 \/ 832;\" width=\"464\" autoplay controls muted src=\"https:\/\/vocesdelaregion.com\/wp-content\/uploads\/2026\/09\/WhatsApp-Video-2026-08-28-at-12.31.05-PM.mp4\" playsinline><\/video><\/figure>\n","protected":false},"excerpt":{"rendered":"<p>Empocaldas y Corpocaldas unieron esfuerzos para proteger nuestras fuentes h\u00eddricas, recuperar los ecosistemas y conservar la biodiversidad que hay en el Acueducto Regional Occidente Porque reforestar no es solo sembrar \u00e1rboles: es sembrar futuro<\/p>\n","protected":false},"author":3,"featured_media":41072,"comment_status":"closed","ping_status":"closed","sticky":false,"template":"","format":"standard","meta":{"om_disable_all_campaigns":false,"_monsterinsights_skip_tracking":false,"_uf_show_specific_survey":0,"_uf_disable_surveys":false,"footnotes":""},"categories":[19,23,24,357,356,27,22,29],"tags":[],"class_list":["post-41070","post","type-post","status-publish","format-standard","has-post-thumbnail","hentry","category-anserma","category-belalcazar","category-caldas","category-gobernacion-de-caldas","category-gobernaciones","category-occidente-prospero","category-risaralda","category-san-jose"],"aioseo_notices":[],"aioseo_head":"\n\t\t<!-- All in One SEO 5.0.1.1 - aioseo.com -->\n\t<meta name=\"description\" content=\"Empocaldas y Corpocaldas unieron esfuerzos para proteger nuestras fuentes h\u00eddricas, recuperar los ecosistemas y conservar la biodiversidad que hay en el Acueducto Regional Occidente Porque reforestar no es solo sembrar \u00e1rboles: es sembrar futuro\" \/>\n\t<meta name=\"robots\" content=\"max-image-preview:large\" \/>\n\t<meta name=\"author\" content=\"Voces de la Regi\u00f3n\"\/>\n\t<link rel=\"canonical\" href=\"https:\/\/vocesdelaregion.com\/index.php\/2026\/08\/28\/cada-arbol-que-sembramos-es-una-apuesta-por-el-agua-y-la-vida\/\" \/>\n\t<meta name=\"generator\" content=\"All in One SEO (AIOSEO) 5.0.1.1\" \/>\n\t\t<meta property=\"og:locale\" content=\"es_ES\" \/>\n\t\t<meta property=\"og:site_name\" content=\"Voces de la Regi\u00f3n - Lo que pasa en la regi\u00f3n\" \/>\n\t\t<meta property=\"og:type\" content=\"article\" \/>\n\t\t<meta property=\"og:title\" content=\"Cada \u00e1rbol que sembramos es una apuesta por el agua y la vida - Voces de la Regi\u00f3n\" \/>\n\t\t<meta property=\"og:description\" content=\"Empocaldas y Corpocaldas unieron esfuerzos para proteger nuestras fuentes h\u00eddricas, recuperar los ecosistemas y conservar la biodiversidad que hay en el Acueducto Regional Occidente Porque reforestar no es solo sembrar \u00e1rboles: es sembrar futuro\" \/>\n\t\t<meta property=\"og:url\" content=\"https:\/\/vocesdelaregion.com\/index.php\/2026\/08\/28\/cada-arbol-que-sembramos-es-una-apuesta-por-el-agua-y-la-vida\/\" \/>\n\t\t<meta property=\"og:image\" content=\"https:\/\/vocesdelaregion.com\/wp-content\/uploads\/2026\/09\/Pipe.png\" \/>\n\t\t<meta property=\"og:image:secure_url\" content=\"https:\/\/vocesdelaregion.com\/wp-content\/uploads\/2026\/09\/Pipe.png\" \/>\n\t\t<meta property=\"og:image:width\" content=\"623\" \/>\n\t\t<meta property=\"og:image:height\" content=\"845\" \/>\n\t\t<meta property=\"article:tag\" content=\"anserma\" \/>\n\t\t<meta property=\"article:tag\" content=\"belalc\u00e1zar\" \/>\n\t\t<meta property=\"article:tag\" content=\"caldas\" \/>\n\t\t<meta property=\"article:tag\" content=\"gobernaci\u00f3n de caldas\" \/>\n\t\t<meta property=\"article:tag\" content=\"gobernaciones\" \/>\n\t\t<meta property=\"article:tag\" content=\"occidente pr\u00f3spero\" \/>\n\t\t<meta property=\"article:tag\" content=\"risaralda\" \/>\n\t\t<meta property=\"article:tag\" content=\"san jos\u00e9\" \/>\n\t\t<meta property=\"article:published_time\" content=\"2026-08-28T17:27:00+00:00\" \/>\n\t\t<meta property=\"article:modified_time\" content=\"2026-09-02T17:32:15+00:00\" \/>\n\t\t<meta property=\"article:publisher\" content=\"https:\/\/facebook.com\/VocesDeLaRegion\" \/>\n\t\t<meta name=\"twitter:card\" content=\"summary_large_image\" \/>\n\t\t<meta name=\"twitter:site\" content=\"@VocesDeLaRegion\" \/>\n\t\t<meta name=\"twitter:title\" content=\"Cada \u00e1rbol que sembramos es una apuesta por el agua y la vida - Voces de la Regi\u00f3n\" \/>\n\t\t<meta name=\"twitter:description\" content=\"Empocaldas y Corpocaldas unieron esfuerzos para proteger nuestras fuentes h\u00eddricas, recuperar los ecosistemas y conservar la biodiversidad que hay en el Acueducto Regional Occidente Porque reforestar no es solo sembrar \u00e1rboles: es sembrar futuro\" \/>\n\t\t<meta name=\"twitter:creator\" content=\"@VocesDeLaRegion\" \/>\n\t\t<meta name=\"twitter:image\" content=\"https:\/\/vocesdelaregion.com\/wp-content\/uploads\/2026\/09\/Pipe.png\" \/>\n\t\t<script type=\"application\/ld+json\" class=\"aioseo-schema\">\n\t\t\t{\"@context\":\"https:\\\/\\\/schema.org\",\"@graph\":[{\"@type\":\"BlogPosting\",\"@id\":\"https:\\\/\\\/vocesdelaregion.com\\\/index.php\\\/2026\\\/08\\\/28\\\/cada-arbol-que-sembramos-es-una-apuesta-por-el-agua-y-la-vida\\\/#blogposting\",\"name\":\"Cada \\u00e1rbol que sembramos es una apuesta por el agua y la vida - Voces de la Regi\\u00f3n\",\"headline\":\"Cada \\u00e1rbol que sembramos es una apuesta por el agua y la vida\",\"author\":{\"@id\":\"https:\\\/\\\/vocesdelaregion.com\\\/index.php\\\/author\\\/voces-de-la-region\\\/#author\"},\"publisher\":{\"@id\":\"https:\\\/\\\/vocesdelaregion.com\\\/#organization\"},\"image\":{\"@type\":\"ImageObject\",\"url\":\"https:\\\/\\\/vocesdelaregion.com\\\/wp-content\\\/uploads\\\/2026\\\/09\\\/Pipe.png\",\"width\":623,\"height\":845},\"datePublished\":\"2026-08-28T12:27:00-05:00\",\"dateModified\":\"2026-09-02T12:32:15-05:00\",\"inLanguage\":\"es-CO\",\"mainEntityOfPage\":{\"@id\":\"https:\\\/\\\/vocesdelaregion.com\\\/index.php\\\/2026\\\/08\\\/28\\\/cada-arbol-que-sembramos-es-una-apuesta-por-el-agua-y-la-vida\\\/#webpage\"},\"isPartOf\":{\"@id\":\"https:\\\/\\\/vocesdelaregion.com\\\/index.php\\\/2026\\\/08\\\/28\\\/cada-arbol-que-sembramos-es-una-apuesta-por-el-agua-y-la-vida\\\/#webpage\"},\"articleSection\":\"Anserma, Belalc\\u00e1zar, Caldas, Gobernaci\\u00f3n de Caldas, Gobernaciones, Occidente Pr\\u00f3spero, Risaralda, San Jos\\u00e9\"},{\"@type\":\"BreadcrumbList\",\"@id\":\"https:\\\/\\\/vocesdelaregion.com\\\/index.php\\\/2026\\\/08\\\/28\\\/cada-arbol-que-sembramos-es-una-apuesta-por-el-agua-y-la-vida\\\/#breadcrumblist\",\"itemListElement\":[{\"@type\":\"ListItem\",\"@id\":\"https:\\\/\\\/vocesdelaregion.com#listItem\",\"position\":1,\"name\":\"Home\",\"item\":\"https:\\\/\\\/vocesdelaregion.com\",\"nextItem\":{\"@type\":\"ListItem\",\"@id\":\"https:\\\/\\\/vocesdelaregion.com\\\/index.php\\\/category\\\/occidente-prospero\\\/#listItem\",\"name\":\"Occidente Pr\\u00f3spero\"}},{\"@type\":\"ListItem\",\"@id\":\"https:\\\/\\\/vocesdelaregion.com\\\/index.php\\\/category\\\/occidente-prospero\\\/#listItem\",\"position\":2,\"name\":\"Occidente Pr\\u00f3spero\",\"item\":\"https:\\\/\\\/vocesdelaregion.com\\\/index.php\\\/category\\\/occidente-prospero\\\/\",\"nextItem\":{\"@type\":\"ListItem\",\"@id\":\"https:\\\/\\\/vocesdelaregion.com\\\/index.php\\\/category\\\/occidente-prospero\\\/anserma\\\/#listItem\",\"name\":\"Anserma\"},\"previousItem\":{\"@type\":\"ListItem\",\"@id\":\"https:\\\/\\\/vocesdelaregion.com#listItem\",\"name\":\"Home\"}},{\"@type\":\"ListItem\",\"@id\":\"https:\\\/\\\/vocesdelaregion.com\\\/index.php\\\/category\\\/occidente-prospero\\\/anserma\\\/#listItem\",\"position\":3,\"name\":\"Anserma\",\"item\":\"https:\\\/\\\/vocesdelaregion.com\\\/index.php\\\/category\\\/occidente-prospero\\\/anserma\\\/\",\"nextItem\":{\"@type\":\"ListItem\",\"@id\":\"https:\\\/\\\/vocesdelaregion.com\\\/index.php\\\/2026\\\/08\\\/28\\\/cada-arbol-que-sembramos-es-una-apuesta-por-el-agua-y-la-vida\\\/#listItem\",\"name\":\"Cada \\u00e1rbol que sembramos es una apuesta por el agua y la vida\"},\"previousItem\":{\"@type\":\"ListItem\",\"@id\":\"https:\\\/\\\/vocesdelaregion.com\\\/index.php\\\/category\\\/occidente-prospero\\\/#listItem\",\"name\":\"Occidente Pr\\u00f3spero\"}},{\"@type\":\"ListItem\",\"@id\":\"https:\\\/\\\/vocesdelaregion.com\\\/index.php\\\/2026\\\/08\\\/28\\\/cada-arbol-que-sembramos-es-una-apuesta-por-el-agua-y-la-vida\\\/#listItem\",\"position\":4,\"name\":\"Cada \\u00e1rbol que sembramos es una apuesta por el agua y la vida\",\"previousItem\":{\"@type\":\"ListItem\",\"@id\":\"https:\\\/\\\/vocesdelaregion.com\\\/index.php\\\/category\\\/occidente-prospero\\\/anserma\\\/#listItem\",\"name\":\"Anserma\"}}]},{\"@type\":\"Organization\",\"@id\":\"https:\\\/\\\/vocesdelaregion.com\\\/#organization\",\"name\":\"vocesdelaregion.com\",\"description\":\"Lo que pasa en la regi\\u00f3n\",\"url\":\"https:\\\/\\\/vocesdelaregion.com\\\/\",\"telephone\":\"+573116111583\",\"logo\":{\"@type\":\"ImageObject\",\"url\":\"https:\\\/\\\/vocesdelaregion.com\\\/wp-content\\\/uploads\\\/2023\\\/09\\\/LOGO-VOCES-DE-LA-REGION.png\",\"@id\":\"https:\\\/\\\/vocesdelaregion.com\\\/index.php\\\/2026\\\/08\\\/28\\\/cada-arbol-que-sembramos-es-una-apuesta-por-el-agua-y-la-vida\\\/#organizationLogo\",\"width\":1300,\"height\":600},\"image\":{\"@id\":\"https:\\\/\\\/vocesdelaregion.com\\\/index.php\\\/2026\\\/08\\\/28\\\/cada-arbol-que-sembramos-es-una-apuesta-por-el-agua-y-la-vida\\\/#organizationLogo\"},\"sameAs\":[\"https:\\\/\\\/facebook.com\\\/VocesDeLaRegion\",\"https:\\\/\\\/twitter.com\\\/VocesDeLaRegion\",\"https:\\\/\\\/instagram.com\\\/VocesDeLaRegion\"]},{\"@type\":\"Person\",\"@id\":\"https:\\\/\\\/vocesdelaregion.com\\\/index.php\\\/author\\\/voces-de-la-region\\\/#author\",\"url\":\"https:\\\/\\\/vocesdelaregion.com\\\/index.php\\\/author\\\/voces-de-la-region\\\/\",\"name\":\"Voces de la Regi\\u00f3n\",\"image\":{\"@type\":\"ImageObject\",\"@id\":\"https:\\\/\\\/vocesdelaregion.com\\\/index.php\\\/2026\\\/08\\\/28\\\/cada-arbol-que-sembramos-es-una-apuesta-por-el-agua-y-la-vida\\\/#authorImage\",\"url\":\"https:\\\/\\\/secure.gravatar.com\\\/avatar\\\/c827267e427bf3aa88989aab4d31884776220d82096001788e3fe788dc1c5ab9?s=96&d=mm&r=g\",\"width\":96,\"height\":96,\"caption\":\"Voces de la Regi\\u00f3n\"}},{\"@type\":\"WebPage\",\"@id\":\"https:\\\/\\\/vocesdelaregion.com\\\/index.php\\\/2026\\\/08\\\/28\\\/cada-arbol-que-sembramos-es-una-apuesta-por-el-agua-y-la-vida\\\/#webpage\",\"url\":\"https:\\\/\\\/vocesdelaregion.com\\\/index.php\\\/2026\\\/08\\\/28\\\/cada-arbol-que-sembramos-es-una-apuesta-por-el-agua-y-la-vida\\\/\",\"name\":\"Cada \\u00e1rbol que sembramos es una apuesta por el agua y la vida - Voces de la Regi\\u00f3n\",\"description\":\"Empocaldas y Corpocaldas unieron esfuerzos para proteger nuestras fuentes h\\u00eddricas, recuperar los ecosistemas y conservar la biodiversidad que hay en el Acueducto Regional Occidente Porque reforestar no es solo sembrar \\u00e1rboles: es sembrar futuro\",\"inLanguage\":\"es-CO\",\"isPartOf\":{\"@id\":\"https:\\\/\\\/vocesdelaregion.com\\\/#website\"},\"breadcrumb\":{\"@id\":\"https:\\\/\\\/vocesdelaregion.com\\\/index.php\\\/2026\\\/08\\\/28\\\/cada-arbol-que-sembramos-es-una-apuesta-por-el-agua-y-la-vida\\\/#breadcrumblist\"},\"author\":{\"@id\":\"https:\\\/\\\/vocesdelaregion.com\\\/index.php\\\/author\\\/voces-de-la-region\\\/#author\"},\"creator\":{\"@id\":\"https:\\\/\\\/vocesdelaregion.com\\\/index.php\\\/author\\\/voces-de-la-region\\\/#author\"},\"image\":{\"@type\":\"ImageObject\",\"url\":\"https:\\\/\\\/vocesdelaregion.com\\\/wp-content\\\/uploads\\\/2026\\\/09\\\/Pipe.png\",\"@id\":\"https:\\\/\\\/vocesdelaregion.com\\\/index.php\\\/2026\\\/08\\\/28\\\/cada-arbol-que-sembramos-es-una-apuesta-por-el-agua-y-la-vida\\\/#mainImage\",\"width\":623,\"height\":845},\"primaryImageOfPage\":{\"@id\":\"https:\\\/\\\/vocesdelaregion.com\\\/index.php\\\/2026\\\/08\\\/28\\\/cada-arbol-que-sembramos-es-una-apuesta-por-el-agua-y-la-vida\\\/#mainImage\"},\"datePublished\":\"2026-08-28T12:27:00-05:00\",\"dateModified\":\"2026-09-02T12:32:15-05:00\"},{\"@type\":\"WebSite\",\"@id\":\"https:\\\/\\\/vocesdelaregion.com\\\/#website\",\"url\":\"https:\\\/\\\/vocesdelaregion.com\\\/\",\"name\":\"vocesdelaregion.com\",\"description\":\"Lo que pasa en la regi\\u00f3n\",\"inLanguage\":\"es-CO\",\"publisher\":{\"@id\":\"https:\\\/\\\/vocesdelaregion.com\\\/#organization\"}}]}\n\t\t<\/script>\n\t\t<!-- All in One SEO -->\n\n","aioseo_head_json":{"title":"Cada \u00e1rbol que sembramos es una apuesta por el agua y la vida - Voces de la Regi\u00f3n","description":"Empocaldas y Corpocaldas unieron esfuerzos para proteger nuestras fuentes h\u00eddricas, recuperar los ecosistemas y conservar la biodiversidad que hay en el Acueducto Regional Occidente Porque reforestar no es solo sembrar \u00e1rboles: es sembrar futuro","canonical_url":"https:\/\/vocesdelaregion.com\/index.php\/2026\/08\/28\/cada-arbol-que-sembramos-es-una-apuesta-por-el-agua-y-la-vida\/","robots":"max-image-preview:large","keywords":"","webmasterTools":{"miscellaneous":""},"schema":{"@context":"https:\/\/schema.org","@graph":[{"@type":"BlogPosting","@id":"https:\/\/vocesdelaregion.com\/index.php\/2026\/08\/28\/cada-arbol-que-sembramos-es-una-apuesta-por-el-agua-y-la-vida\/#blogposting","name":"Cada \u00e1rbol que sembramos es una apuesta por el agua y la vida - Voces de la Regi\u00f3n","headline":"Cada \u00e1rbol que sembramos es una apuesta por el agua y la vida","author":{"@id":"https:\/\/vocesdelaregion.com\/index.php\/author\/voces-de-la-region\/#author"},"publisher":{"@id":"https:\/\/vocesdelaregion.com\/#organization"},"image":{"@type":"ImageObject","url":"https:\/\/vocesdelaregion.com\/wp-content\/uploads\/2026\/09\/Pipe.png","width":623,"height":845},"datePublished":"2026-08-28T12:27:00-05:00","dateModified":"2026-09-02T12:32:15-05:00","inLanguage":"es-CO","mainEntityOfPage":{"@id":"https:\/\/vocesdelaregion.com\/index.php\/2026\/08\/28\/cada-arbol-que-sembramos-es-una-apuesta-por-el-agua-y-la-vida\/#webpage"},"isPartOf":{"@id":"https:\/\/vocesdelaregion.com\/index.php\/2026\/08\/28\/cada-arbol-que-sembramos-es-una-apuesta-por-el-agua-y-la-vida\/#webpage"},"articleSection":"Anserma, Belalc\u00e1zar, Caldas, Gobernaci\u00f3n de Caldas, Gobernaciones, Occidente Pr\u00f3spero, Risaralda, San Jos\u00e9"},{"@type":"BreadcrumbList","@id":"https:\/\/vocesdelaregion.com\/index.php\/2026\/08\/28\/cada-arbol-que-sembramos-es-una-apuesta-por-el-agua-y-la-vida\/#breadcrumblist","itemListElement":[{"@type":"ListItem","@id":"https:\/\/vocesdelaregion.com#listItem","position":1,"name":"Home","item":"https:\/\/vocesdelaregion.com","nextItem":{"@type":"ListItem","@id":"https:\/\/vocesdelaregion.com\/index.php\/category\/occidente-prospero\/#listItem","name":"Occidente Pr\u00f3spero"}},{"@type":"ListItem","@id":"https:\/\/vocesdelaregion.com\/index.php\/category\/occidente-prospero\/#listItem","position":2,"name":"Occidente Pr\u00f3spero","item":"https:\/\/vocesdelaregion.com\/index.php\/category\/occidente-prospero\/","nextItem":{"@type":"ListItem","@id":"https:\/\/vocesdelaregion.com\/index.php\/category\/occidente-prospero\/anserma\/#listItem","name":"Anserma"},"previousItem":{"@type":"ListItem","@id":"https:\/\/vocesdelaregion.com#listItem","name":"Home"}},{"@type":"ListItem","@id":"https:\/\/vocesdelaregion.com\/index.php\/category\/occidente-prospero\/anserma\/#listItem","position":3,"name":"Anserma","item":"https:\/\/vocesdelaregion.com\/index.php\/category\/occidente-prospero\/anserma\/","nextItem":{"@type":"ListItem","@id":"https:\/\/vocesdelaregion.com\/index.php\/2026\/08\/28\/cada-arbol-que-sembramos-es-una-apuesta-por-el-agua-y-la-vida\/#listItem","name":"Cada \u00e1rbol que sembramos es una apuesta por el agua y la vida"},"previousItem":{"@type":"ListItem","@id":"https:\/\/vocesdelaregion.com\/index.php\/category\/occidente-prospero\/#listItem","name":"Occidente Pr\u00f3spero"}},{"@type":"ListItem","@id":"https:\/\/vocesdelaregion.com\/index.php\/2026\/08\/28\/cada-arbol-que-sembramos-es-una-apuesta-por-el-agua-y-la-vida\/#listItem","position":4,"name":"Cada \u00e1rbol que sembramos es una apuesta por el agua y la vida","previousItem":{"@type":"ListItem","@id":"https:\/\/vocesdelaregion.com\/index.php\/category\/occidente-prospero\/anserma\/#listItem","name":"Anserma"}}]},{"@type":"Organization","@id":"https:\/\/vocesdelaregion.com\/#organization","name":"vocesdelaregion.com","description":"Lo que pasa en la regi\u00f3n","url":"https:\/\/vocesdelaregion.com\/","telephone":"+573116111583","logo":{"@type":"ImageObject","url":"https:\/\/vocesdelaregion.com\/wp-content\/uploads\/2023\/09\/LOGO-VOCES-DE-LA-REGION.png","@id":"https:\/\/vocesdelaregion.com\/index.php\/2026\/08\/28\/cada-arbol-que-sembramos-es-una-apuesta-por-el-agua-y-la-vida\/#organizationLogo","width":1300,"height":600},"image":{"@id":"https:\/\/vocesdelaregion.com\/index.php\/2026\/08\/28\/cada-arbol-que-sembramos-es-una-apuesta-por-el-agua-y-la-vida\/#organizationLogo"},"sameAs":["https:\/\/facebook.com\/VocesDeLaRegion","https:\/\/twitter.com\/VocesDeLaRegion","https:\/\/instagram.com\/VocesDeLaRegion"]},{"@type":"Person","@id":"https:\/\/vocesdelaregion.com\/index.php\/author\/voces-de-la-region\/#author","url":"https:\/\/vocesdelaregion.com\/index.php\/author\/voces-de-la-region\/","name":"Voces de la Regi\u00f3n","image":{"@type":"ImageObject","@id":"https:\/\/vocesdelaregion.com\/index.php\/2026\/08\/28\/cada-arbol-que-sembramos-es-una-apuesta-por-el-agua-y-la-vida\/#authorImage","url":"https:\/\/secure.gravatar.com\/avatar\/c827267e427bf3aa88989aab4d31884776220d82096001788e3fe788dc1c5ab9?s=96&d=mm&r=g","width":96,"height":96,"caption":"Voces de la Regi\u00f3n"}},{"@type":"WebPage","@id":"https:\/\/vocesdelaregion.com\/index.php\/2026\/08\/28\/cada-arbol-que-sembramos-es-una-apuesta-por-el-agua-y-la-vida\/#webpage","url":"https:\/\/vocesdelaregion.com\/index.php\/2026\/08\/28\/cada-arbol-que-sembramos-es-una-apuesta-por-el-agua-y-la-vida\/","name":"Cada \u00e1rbol que sembramos es una apuesta por el agua y la vida - Voces de la Regi\u00f3n","description":"Empocaldas y Corpocaldas unieron esfuerzos para proteger nuestras fuentes h\u00eddricas, recuperar los ecosistemas y conservar la biodiversidad que hay en el Acueducto Regional Occidente Porque reforestar no es solo sembrar \u00e1rboles: es sembrar futuro","inLanguage":"es-CO","isPartOf":{"@id":"https:\/\/vocesdelaregion.com\/#website"},"breadcrumb":{"@id":"https:\/\/vocesdelaregion.com\/index.php\/2026\/08\/28\/cada-arbol-que-sembramos-es-una-apuesta-por-el-agua-y-la-vida\/#breadcrumblist"},"author":{"@id":"https:\/\/vocesdelaregion.com\/index.php\/author\/voces-de-la-region\/#author"},"creator":{"@id":"https:\/\/vocesdelaregion.com\/index.php\/author\/voces-de-la-region\/#author"},"image":{"@type":"ImageObject","url":"https:\/\/vocesdelaregion.com\/wp-content\/uploads\/2026\/09\/Pipe.png","@id":"https:\/\/vocesdelaregion.com\/index.php\/2026\/08\/28\/cada-arbol-que-sembramos-es-una-apuesta-por-el-agua-y-la-vida\/#mainImage","width":623,"height":845},"primaryImageOfPage":{"@id":"https:\/\/vocesdelaregion.com\/index.php\/2026\/08\/28\/cada-arbol-que-sembramos-es-una-apuesta-por-el-agua-y-la-vida\/#mainImage"},"datePublished":"2026-08-28T12:27:00-05:00","dateModified":"2026-09-02T12:32:15-05:00"},{"@type":"WebSite","@id":"https:\/\/vocesdelaregion.com\/#website","url":"https:\/\/vocesdelaregion.com\/","name":"vocesdelaregion.com","description":"Lo que pasa en la regi\u00f3n","inLanguage":"es-CO","publisher":{"@id":"https:\/\/vocesdelaregion.com\/#organization"}}]},"og:locale":"es_ES","og:site_name":"Voces de la Regi\u00f3n - Lo que pasa en la regi\u00f3n","og:type":"article","og:title":"Cada \u00e1rbol que sembramos es una apuesta por el agua y la vida - Voces de la Regi\u00f3n","og:description":"Empocaldas y Corpocaldas unieron esfuerzos para proteger nuestras fuentes h\u00eddricas, recuperar los ecosistemas y conservar la biodiversidad que hay en el Acueducto Regional Occidente Porque reforestar no es solo sembrar \u00e1rboles: es sembrar futuro","og:url":"https:\/\/vocesdelaregion.com\/index.php\/2026\/08\/28\/cada-arbol-que-sembramos-es-una-apuesta-por-el-agua-y-la-vida\/","og:image":"https:\/\/vocesdelaregion.com\/wp-content\/uploads\/2026\/09\/Pipe.png","og:image:secure_url":"https:\/\/vocesdelaregion.com\/wp-content\/uploads\/2026\/09\/Pipe.png","og:image:width":623,"og:image:height":845,"article:tag":["anserma","belalc\u00e1zar","caldas","gobernaci\u00f3n de caldas","gobernaciones","occidente pr\u00f3spero","risaralda","san jos\u00e9"],"article:published_time":"2026-08-28T17:27:00+00:00","article:modified_time":"2026-09-02T17:32:15+00:00","article:publisher":"https:\/\/facebook.com\/VocesDeLaRegion","twitter:card":"summary_large_image","twitter:site":"@VocesDeLaRegion","twitter:title":"Cada \u00e1rbol que sembramos es una apuesta por el agua y la vida - Voces de la Regi\u00f3n","twitter:description":"Empocaldas y Corpocaldas unieron esfuerzos para proteger nuestras fuentes h\u00eddricas, recuperar los ecosistemas y conservar la biodiversidad que hay en el Acueducto Regional Occidente Porque reforestar no es solo sembrar \u00e1rboles: es sembrar futuro","twitter:creator":"@VocesDeLaRegion","twitter:image":"https:\/\/vocesdelaregion.com\/wp-content\/uploads\/2026\/09\/Pipe.png"},"aioseo_meta_data":{"post_id":"41070","title":null,"description":null,"keywords":null,"keyphrases":{"focus":{"keyphrase":"","score":0,"analysis":{"keyphraseInTitle":{"score":0,"maxScore":9,"error":1}}},"additional":[]},"primary_term":null,"canonical_url":null,"og_title":null,"og_description":null,"og_object_type":"default","og_image_type":"default","og_image_url":null,"og_image_width":null,"og_image_height":null,"og_image_custom_url":null,"og_image_custom_fields":null,"og_video":"","og_custom_url":null,"og_article_section":null,"og_article_tags":null,"twitter_use_og":false,"twitter_card":"default","twitter_image_type":"default","twitter_image_url":null,"twitter_image_custom_url":null,"twitter_image_custom_fields":null,"twitter_title":null,"twitter_description":null,"schema":{"blockGraphs":[],"customGraphs":[],"default":{"data":{"Article":[],"Course":[],"Dataset":[],"FAQPage":[],"Movie":[],"Person":[],"Product":[],"ProductReview":[],"Car":[],"Recipe":[],"Service":[],"SoftwareApplication":[],"WebPage":[]},"graphName":"BlogPosting","isEnabled":true},"graphs":[]},"schema_type":"default","schema_type_options":null,"pillar_content":false,"robots_default":true,"robots_noindex":false,"robots_noarchive":false,"robots_nosnippet":false,"robots_nofollow":false,"robots_noimageindex":false,"robots_noodp":false,"robots_notranslate":false,"robots_max_snippet":"-1","robots_max_videopreview":"-1","robots_max_imagepreview":"large","priority":null,"frequency":"default","local_seo":null,"breadcrumb_settings":null,"limit_modified_date":false,"ai":{"faqs":[],"keyPoints":[],"schemas":[],"titles":[],"descriptions":[],"socialPosts":{"email":{"subject":"","preview":"","content":""},"linkedin":[],"twitter":[],"facebook":[],"instagram":[]}},"created":"2026-09-02 17:32:15","updated":"2026-09-02 18:06:40","seo_analyzer_scan_date":null,"focus_keyword":null,"additional_keywords":null,"truseo_locale":null},"aioseo_breadcrumb":"<div class=\"aioseo-breadcrumbs\"><span class=\"aioseo-breadcrumb\">\n\t\t\t<a href=\"https:\/\/vocesdelaregion.com\" title=\"Home\">Home<\/a>\n\t\t<\/span><span class=\"aioseo-breadcrumb-separator\">\u00bb<\/span><span class=\"aioseo-breadcrumb\">\n\t\t\t<a href=\"https:\/\/vocesdelaregion.com\/index.php\/category\/occidente-prospero\/\" title=\"Occidente Pr\u00f3spero\">Occidente Pr\u00f3spero<\/a>\n\t\t<\/span><span class=\"aioseo-breadcrumb-separator\">\u00bb<\/span><span class=\"aioseo-breadcrumb\">\n\t\t\t<a href=\"https:\/\/vocesdelaregion.com\/index.php\/category\/occidente-prospero\/anserma\/\" title=\"Anserma\">Anserma<\/a>\n\t\t<\/span><span class=\"aioseo-breadcrumb-separator\">\u00bb<\/span><span class=\"aioseo-breadcrumb\">\n\t\t\tCada \u00e1rbol que sembramos es una apuesta por el agua y la vida\n\t\t<\/span><\/div>","aioseo_breadcrumb_json":[{"label":"Home","link":"https:\/\/vocesdelaregion.com"},{"label":"Occidente Pr\u00f3spero","link":"https:\/\/vocesdelaregion.com\/index.php\/category\/occidente-prospero\/"},{"label":"Anserma","link":"https:\/\/vocesdelaregion.com\/index.php\/category\/occidente-prospero\/anserma\/"},{"label":"Cada \u00e1rbol que sembramos es una apuesta por el agua y la vida","link":"https:\/\/vocesdelaregion.com\/index.php\/2026\/08\/28\/cada-arbol-que-sembramos-es-una-apuesta-por-el-agua-y-la-vida\/"}],"blog_post_layout_featured_media_urls":{"thumbnail":["https:\/\/vocesdelaregion.com\/wp-content\/uploads\/2026\/09\/Pipe-150x150.png",150,150,true],"full":["https:\/\/vocesdelaregion.com\/wp-content\/uploads\/2026\/09\/Pipe.png",623,845,false]},"categories_names":{"19":{"name":"Anserma","link":"https:\/\/vocesdelaregion.com\/index.php\/category\/occidente-prospero\/anserma\/"},"23":{"name":"Belalc\u00e1zar","link":"https:\/\/vocesdelaregion.com\/index.php\/category\/occidente-prospero\/belalcazar\/"},"24":{"name":"Caldas","link":"https:\/\/vocesdelaregion.com\/index.php\/category\/caldas\/"},"357":{"name":"Gobernaci\u00f3n de Caldas","link":"https:\/\/vocesdelaregion.com\/index.php\/category\/gobernaciones\/gobernacion-de-caldas\/"},"356":{"name":"Gobernaciones","link":"https:\/\/vocesdelaregion.com\/index.php\/category\/gobernaciones\/"},"27":{"name":"Occidente Pr\u00f3spero","link":"https:\/\/vocesdelaregion.com\/index.php\/category\/occidente-prospero\/"},"22":{"name":"Risaralda","link":"https:\/\/vocesdelaregion.com\/index.php\/category\/occidente-prospero\/risaralda\/"},"29":{"name":"San Jos\u00e9","link":"https:\/\/vocesdelaregion.com\/index.php\/category\/occidente-prospero\/san-jose\/"}},"tags_names":[],"comments_number":"0","wpmagazine_modules_lite_featured_media_urls":{"thumbnail":["https:\/\/vocesdelaregion.com\/wp-content\/uploads\/2026\/09\/Pipe-150x150.png",150,150,true],"cvmm-medium":["https:\/\/vocesdelaregion.com\/wp-content\/uploads\/2026\/09\/Pipe-300x300.png",300,300,true],"cvmm-medium-plus":["https:\/\/vocesdelaregion.com\/wp-content\/uploads\/2026\/09\/Pipe-305x207.png",305,207,true],"cvmm-portrait":["https:\/\/vocesdelaregion.com\/wp-content\/uploads\/2026\/09\/Pipe-400x600.png",400,600,true],"cvmm-medium-square":["https:\/\/vocesdelaregion.com\/wp-content\/uploads\/2026\/09\/Pipe-600x600.png",600,600,true],"cvmm-large":["https:\/\/vocesdelaregion.com\/wp-content\/uploads\/2026\/09\/Pipe.png",623,845,false],"cvmm-small":["https:\/\/vocesdelaregion.com\/wp-content\/uploads\/2026\/09\/Pipe-130x95.png",130,95,true],"full":["https:\/\/vocesdelaregion.com\/wp-content\/uploads\/2026\/09\/Pipe.png",623,845,false]},"_links":{"self":[{"href":"https:\/\/vocesdelaregion.com\/index.php\/wp-json\/wp\/v2\/posts\/41070","targetHints":{"allow":["GET"]}}],"collection":[{"href":"https:\/\/vocesdelaregion.com\/index.php\/wp-json\/wp\/v2\/posts"}],"about":[{"href":"https:\/\/vocesdelaregion.com\/index.php\/wp-json\/wp\/v2\/types\/post"}],"author":[{"embeddable":true,"href":"https:\/\/vocesdelaregion.com\/index.php\/wp-json\/wp\/v2\/users\/3"}],"replies":[{"embeddable":true,"href":"https:\/\/vocesdelaregion.com\/index.php\/wp-json\/wp\/v2\/comments?post=41070"}],"version-history":[{"count":1,"href":"https:\/\/vocesdelaregion.com\/index.php\/wp-json\/wp\/v2\/posts\/41070\/revisions"}],"predecessor-version":[{"id":41073,"href":"https:\/\/vocesdelaregion.com\/index.php\/wp-json\/wp\/v2\/posts\/41070\/revisions\/41073"}],"wp:featuredmedia":[{"embeddable":true,"href":"https:\/\/vocesdelaregion.com\/index.php\/wp-json\/wp\/v2\/media\/41072"}],"wp:attachment":[{"href":"https:\/\/vocesdelaregion.com\/index.php\/wp-json\/wp\/v2\/media?parent=41070"}],"wp:term":[{"taxonomy":"category","embeddable":true,"href":"https:\/\/vocesdelaregion.com\/index.php\/wp-json\/wp\/v2\/categories?post=41070"},{"taxonomy":"post_tag","embeddable":true,"href":"https:\/\/vocesdelaregion.com\/index.php\/wp-json\/wp\/v2\/tags?post=41070"}],"curies":[{"name":"wp","href":"https:\/\/api.w.org\/{rel}","templated":true}]}}