{"id":41067,"date":"2026-08-26T12:21:11","date_gmt":"2026-08-26T17:21:11","guid":{"rendered":"https:\/\/vocesdelaregion.com\/?p=41067"},"modified":"2026-09-02T12:23:13","modified_gmt":"2026-09-02T17:23:13","slug":"incautacion-de-siete-semovientes-bovinos-en-balboa-risaralda","status":"publish","type":"post","link":"https:\/\/vocesdelaregion.com\/index.php\/2026\/08\/26\/incautacion-de-siete-semovientes-bovinos-en-balboa-risaralda\/","title":{"rendered":"Incautaci\u00f3n de siete semovientes bovinos en Balboa, Risaralda"},"content":{"rendered":"\n<p class=\"wp-block-paragraph\">En el barrio La Aurora, en el marco del Sistema Integrado de Seguridad Rural \u2013 L\u00ednea de Protecci\u00f3n al Capital Natural, uniformados de la Polic\u00eda Nacional adelantaron actividades de prevenci\u00f3n, vigilancia y control, logrando la incautaci\u00f3n de siete semovientes bovinos.<\/p><div class=\"voces-contenido-2-2 voces-entity-placement\" id=\"voces-2320594617\"><div class=\"voces-adlabel\">Publicidad<\/div><div id=\"voces-1127385587\"><img src=\"https:\/\/vocesdelaregion.com\/wp-content\/uploads\/2026\/08\/776324588_2442506582938370_1129011890113417960_n.jpg\" alt=\"\"  srcset=\"https:\/\/vocesdelaregion.com\/wp-content\/uploads\/2026\/08\/776324588_2442506582938370_1129011890113417960_n.jpg 1152w, https:\/\/vocesdelaregion.com\/wp-content\/uploads\/2026\/08\/776324588_2442506582938370_1129011890113417960_n-240x300.jpg 240w, https:\/\/vocesdelaregion.com\/wp-content\/uploads\/2026\/08\/776324588_2442506582938370_1129011890113417960_n-819x1024.jpg 819w, https:\/\/vocesdelaregion.com\/wp-content\/uploads\/2026\/08\/776324588_2442506582938370_1129011890113417960_n-768x960.jpg 768w\" sizes=\"(max-width: 1152px) 100vw, 1152px\" width=\"1152\" height=\"1440\"   \/><\/div><\/div>\n\n\n\n<p class=\"wp-block-paragraph\">La acci\u00f3n se produjo luego de evidenciar inconsistencias en la Gu\u00eda de Movilizaci\u00f3n, documento requerido para el traslado de este tipo de animales, motivo por el cual los semovientes fueron dejados a disposici\u00f3n de la autoridad competente para el respectivo procedimiento.<\/p>\n\n\n\n<p class=\"wp-block-paragraph\">Los animales incautados tienen un valor aproximado de $32 millones de pesos.<\/p>\n\n\n\n<p class=\"wp-block-paragraph\">Con estas acciones, la Polic\u00eda Nacional fortalece los controles en las zonas rurales de Risaralda, contribuyendo a la protecci\u00f3n del patrimonio econ\u00f3mico, la actividad ganadera y el capital natural del departamento.<\/p>\n","protected":false},"excerpt":{"rendered":"<p>En el barrio La Aurora, en el marco del Sistema Integrado de Seguridad Rural \u2013 L\u00ednea de Protecci\u00f3n al Capital Natural, uniformados de la Polic\u00eda Nacional adelantaron actividades de prevenci\u00f3n, vigilancia y control, logrando la incautaci\u00f3n de siete semovientes bovinos. La acci\u00f3n se produjo luego de evidenciar inconsistencias en la Gu\u00eda de Movilizaci\u00f3n, documento requerido [&hellip;]<\/p>\n","protected":false},"author":3,"featured_media":41068,"comment_status":"closed","ping_status":"closed","sticky":false,"template":"","format":"standard","meta":{"om_disable_all_campaigns":false,"_monsterinsights_skip_tracking":false,"_uf_show_specific_survey":0,"_uf_disable_surveys":false,"footnotes":""},"categories":[25,360],"tags":[],"class_list":["post-41067","post","type-post","status-publish","format-standard","has-post-thumbnail","hentry","category-judicial","category-judiciales-risaralda"],"aioseo_notices":[],"aioseo_head":"\n\t\t<!-- All in One SEO 5.0.1.1 - aioseo.com -->\n\t<meta name=\"description\" content=\"En el barrio La Aurora, en el marco del Sistema Integrado de Seguridad Rural \u2013 L\u00ednea de Protecci\u00f3n al Capital Natural, uniformados de la Polic\u00eda Nacional adelantaron actividades de prevenci\u00f3n, vigilancia y control, logrando la incautaci\u00f3n de siete semovientes bovinos. La acci\u00f3n se produjo luego de evidenciar inconsistencias en la Gu\u00eda de Movilizaci\u00f3n, documento requerido\" \/>\n\t<meta name=\"robots\" content=\"max-image-preview:large\" \/>\n\t<meta name=\"author\" content=\"Voces de la Regi\u00f3n\"\/>\n\t<link rel=\"canonical\" href=\"https:\/\/vocesdelaregion.com\/index.php\/2026\/08\/26\/incautacion-de-siete-semovientes-bovinos-en-balboa-risaralda\/\" \/>\n\t<meta name=\"generator\" content=\"All in One SEO (AIOSEO) 5.0.1.1\" \/>\n\t\t<meta property=\"og:locale\" content=\"es_ES\" \/>\n\t\t<meta property=\"og:site_name\" content=\"Voces de la Regi\u00f3n - Lo que pasa en la regi\u00f3n\" \/>\n\t\t<meta property=\"og:type\" content=\"article\" \/>\n\t\t<meta property=\"og:title\" content=\"Incautaci\u00f3n de siete semovientes bovinos en Balboa, Risaralda - Voces de la Regi\u00f3n\" \/>\n\t\t<meta property=\"og:description\" content=\"En el barrio La Aurora, en el marco del Sistema Integrado de Seguridad Rural \u2013 L\u00ednea de Protecci\u00f3n al Capital Natural, uniformados de la Polic\u00eda Nacional adelantaron actividades de prevenci\u00f3n, vigilancia y control, logrando la incautaci\u00f3n de siete semovientes bovinos. La acci\u00f3n se produjo luego de evidenciar inconsistencias en la Gu\u00eda de Movilizaci\u00f3n, documento requerido\" \/>\n\t\t<meta property=\"og:url\" content=\"https:\/\/vocesdelaregion.com\/index.php\/2026\/08\/26\/incautacion-de-siete-semovientes-bovinos-en-balboa-risaralda\/\" \/>\n\t\t<meta property=\"og:image\" content=\"https:\/\/vocesdelaregion.com\/wp-content\/uploads\/2026\/09\/WhatsApp-Image-2026-08-26-at-6.52.12-PM.jpeg\" \/>\n\t\t<meta property=\"og:image:secure_url\" content=\"https:\/\/vocesdelaregion.com\/wp-content\/uploads\/2026\/09\/WhatsApp-Image-2026-08-26-at-6.52.12-PM.jpeg\" \/>\n\t\t<meta property=\"og:image:width\" content=\"1355\" \/>\n\t\t<meta property=\"og:image:height\" content=\"835\" \/>\n\t\t<meta property=\"article:tag\" content=\"judicial\" \/>\n\t\t<meta property=\"article:tag\" content=\"judiciales risaralda\" \/>\n\t\t<meta property=\"article:published_time\" content=\"2026-08-26T17:21:11+00:00\" \/>\n\t\t<meta property=\"article:modified_time\" content=\"2026-09-02T17:23:13+00:00\" \/>\n\t\t<meta property=\"article:publisher\" content=\"https:\/\/facebook.com\/VocesDeLaRegion\" \/>\n\t\t<meta name=\"twitter:card\" content=\"summary_large_image\" \/>\n\t\t<meta name=\"twitter:site\" content=\"@VocesDeLaRegion\" \/>\n\t\t<meta name=\"twitter:title\" content=\"Incautaci\u00f3n de siete semovientes bovinos en Balboa, Risaralda - Voces de la Regi\u00f3n\" \/>\n\t\t<meta name=\"twitter:description\" content=\"En el barrio La Aurora, en el marco del Sistema Integrado de Seguridad Rural \u2013 L\u00ednea de Protecci\u00f3n al Capital Natural, uniformados de la Polic\u00eda Nacional adelantaron actividades de prevenci\u00f3n, vigilancia y control, logrando la incautaci\u00f3n de siete semovientes bovinos. La acci\u00f3n se produjo luego de evidenciar inconsistencias en la Gu\u00eda de Movilizaci\u00f3n, documento requerido\" \/>\n\t\t<meta name=\"twitter:creator\" content=\"@VocesDeLaRegion\" \/>\n\t\t<meta name=\"twitter:image\" content=\"https:\/\/vocesdelaregion.com\/wp-content\/uploads\/2026\/09\/WhatsApp-Image-2026-08-26-at-6.52.12-PM.jpeg\" \/>\n\t\t<script type=\"application\/ld+json\" class=\"aioseo-schema\">\n\t\t\t{\"@context\":\"https:\\\/\\\/schema.org\",\"@graph\":[{\"@type\":\"BlogPosting\",\"@id\":\"https:\\\/\\\/vocesdelaregion.com\\\/index.php\\\/2026\\\/08\\\/26\\\/incautacion-de-siete-semovientes-bovinos-en-balboa-risaralda\\\/#blogposting\",\"name\":\"Incautaci\\u00f3n de siete semovientes bovinos en Balboa, Risaralda - Voces de la Regi\\u00f3n\",\"headline\":\"Incautaci\\u00f3n de siete semovientes bovinos en Balboa, Risaralda\",\"author\":{\"@id\":\"https:\\\/\\\/vocesdelaregion.com\\\/index.php\\\/author\\\/voces-de-la-region\\\/#author\"},\"publisher\":{\"@id\":\"https:\\\/\\\/vocesdelaregion.com\\\/#organization\"},\"image\":{\"@type\":\"ImageObject\",\"url\":\"https:\\\/\\\/vocesdelaregion.com\\\/wp-content\\\/uploads\\\/2026\\\/09\\\/WhatsApp-Image-2026-08-26-at-6.52.12-PM.jpeg\",\"width\":1355,\"height\":835},\"datePublished\":\"2026-08-26T12:21:11-05:00\",\"dateModified\":\"2026-09-02T12:23:13-05:00\",\"inLanguage\":\"es-CO\",\"mainEntityOfPage\":{\"@id\":\"https:\\\/\\\/vocesdelaregion.com\\\/index.php\\\/2026\\\/08\\\/26\\\/incautacion-de-siete-semovientes-bovinos-en-balboa-risaralda\\\/#webpage\"},\"isPartOf\":{\"@id\":\"https:\\\/\\\/vocesdelaregion.com\\\/index.php\\\/2026\\\/08\\\/26\\\/incautacion-de-siete-semovientes-bovinos-en-balboa-risaralda\\\/#webpage\"},\"articleSection\":\"Judicial, Judiciales Risaralda\"},{\"@type\":\"BreadcrumbList\",\"@id\":\"https:\\\/\\\/vocesdelaregion.com\\\/index.php\\\/2026\\\/08\\\/26\\\/incautacion-de-siete-semovientes-bovinos-en-balboa-risaralda\\\/#breadcrumblist\",\"itemListElement\":[{\"@type\":\"ListItem\",\"@id\":\"https:\\\/\\\/vocesdelaregion.com#listItem\",\"position\":1,\"name\":\"Home\",\"item\":\"https:\\\/\\\/vocesdelaregion.com\",\"nextItem\":{\"@type\":\"ListItem\",\"@id\":\"https:\\\/\\\/vocesdelaregion.com\\\/index.php\\\/category\\\/judicial\\\/#listItem\",\"name\":\"Judicial\"}},{\"@type\":\"ListItem\",\"@id\":\"https:\\\/\\\/vocesdelaregion.com\\\/index.php\\\/category\\\/judicial\\\/#listItem\",\"position\":2,\"name\":\"Judicial\",\"item\":\"https:\\\/\\\/vocesdelaregion.com\\\/index.php\\\/category\\\/judicial\\\/\",\"nextItem\":{\"@type\":\"ListItem\",\"@id\":\"https:\\\/\\\/vocesdelaregion.com\\\/index.php\\\/category\\\/judicial\\\/judiciales-risaralda\\\/#listItem\",\"name\":\"Judiciales Risaralda\"},\"previousItem\":{\"@type\":\"ListItem\",\"@id\":\"https:\\\/\\\/vocesdelaregion.com#listItem\",\"name\":\"Home\"}},{\"@type\":\"ListItem\",\"@id\":\"https:\\\/\\\/vocesdelaregion.com\\\/index.php\\\/category\\\/judicial\\\/judiciales-risaralda\\\/#listItem\",\"position\":3,\"name\":\"Judiciales Risaralda\",\"item\":\"https:\\\/\\\/vocesdelaregion.com\\\/index.php\\\/category\\\/judicial\\\/judiciales-risaralda\\\/\",\"nextItem\":{\"@type\":\"ListItem\",\"@id\":\"https:\\\/\\\/vocesdelaregion.com\\\/index.php\\\/2026\\\/08\\\/26\\\/incautacion-de-siete-semovientes-bovinos-en-balboa-risaralda\\\/#listItem\",\"name\":\"Incautaci\\u00f3n de siete semovientes bovinos en Balboa, Risaralda\"},\"previousItem\":{\"@type\":\"ListItem\",\"@id\":\"https:\\\/\\\/vocesdelaregion.com\\\/index.php\\\/category\\\/judicial\\\/#listItem\",\"name\":\"Judicial\"}},{\"@type\":\"ListItem\",\"@id\":\"https:\\\/\\\/vocesdelaregion.com\\\/index.php\\\/2026\\\/08\\\/26\\\/incautacion-de-siete-semovientes-bovinos-en-balboa-risaralda\\\/#listItem\",\"position\":4,\"name\":\"Incautaci\\u00f3n de siete semovientes bovinos en Balboa, Risaralda\",\"previousItem\":{\"@type\":\"ListItem\",\"@id\":\"https:\\\/\\\/vocesdelaregion.com\\\/index.php\\\/category\\\/judicial\\\/judiciales-risaralda\\\/#listItem\",\"name\":\"Judiciales Risaralda\"}}]},{\"@type\":\"Organization\",\"@id\":\"https:\\\/\\\/vocesdelaregion.com\\\/#organization\",\"name\":\"vocesdelaregion.com\",\"description\":\"Lo que pasa en la regi\\u00f3n\",\"url\":\"https:\\\/\\\/vocesdelaregion.com\\\/\",\"telephone\":\"+573116111583\",\"logo\":{\"@type\":\"ImageObject\",\"url\":\"https:\\\/\\\/vocesdelaregion.com\\\/wp-content\\\/uploads\\\/2023\\\/09\\\/LOGO-VOCES-DE-LA-REGION.png\",\"@id\":\"https:\\\/\\\/vocesdelaregion.com\\\/index.php\\\/2026\\\/08\\\/26\\\/incautacion-de-siete-semovientes-bovinos-en-balboa-risaralda\\\/#organizationLogo\",\"width\":1300,\"height\":600},\"image\":{\"@id\":\"https:\\\/\\\/vocesdelaregion.com\\\/index.php\\\/2026\\\/08\\\/26\\\/incautacion-de-siete-semovientes-bovinos-en-balboa-risaralda\\\/#organizationLogo\"},\"sameAs\":[\"https:\\\/\\\/facebook.com\\\/VocesDeLaRegion\",\"https:\\\/\\\/twitter.com\\\/VocesDeLaRegion\",\"https:\\\/\\\/instagram.com\\\/VocesDeLaRegion\"]},{\"@type\":\"Person\",\"@id\":\"https:\\\/\\\/vocesdelaregion.com\\\/index.php\\\/author\\\/voces-de-la-region\\\/#author\",\"url\":\"https:\\\/\\\/vocesdelaregion.com\\\/index.php\\\/author\\\/voces-de-la-region\\\/\",\"name\":\"Voces de la Regi\\u00f3n\",\"image\":{\"@type\":\"ImageObject\",\"@id\":\"https:\\\/\\\/vocesdelaregion.com\\\/index.php\\\/2026\\\/08\\\/26\\\/incautacion-de-siete-semovientes-bovinos-en-balboa-risaralda\\\/#authorImage\",\"url\":\"https:\\\/\\\/secure.gravatar.com\\\/avatar\\\/c827267e427bf3aa88989aab4d31884776220d82096001788e3fe788dc1c5ab9?s=96&d=mm&r=g\",\"width\":96,\"height\":96,\"caption\":\"Voces de la Regi\\u00f3n\"}},{\"@type\":\"WebPage\",\"@id\":\"https:\\\/\\\/vocesdelaregion.com\\\/index.php\\\/2026\\\/08\\\/26\\\/incautacion-de-siete-semovientes-bovinos-en-balboa-risaralda\\\/#webpage\",\"url\":\"https:\\\/\\\/vocesdelaregion.com\\\/index.php\\\/2026\\\/08\\\/26\\\/incautacion-de-siete-semovientes-bovinos-en-balboa-risaralda\\\/\",\"name\":\"Incautaci\\u00f3n de siete semovientes bovinos en Balboa, Risaralda - Voces de la Regi\\u00f3n\",\"description\":\"En el barrio La Aurora, en el marco del Sistema Integrado de Seguridad Rural \\u2013 L\\u00ednea de Protecci\\u00f3n al Capital Natural, uniformados de la Polic\\u00eda Nacional adelantaron actividades de prevenci\\u00f3n, vigilancia y control, logrando la incautaci\\u00f3n de siete semovientes bovinos. La acci\\u00f3n se produjo luego de evidenciar inconsistencias en la Gu\\u00eda de Movilizaci\\u00f3n, documento requerido\",\"inLanguage\":\"es-CO\",\"isPartOf\":{\"@id\":\"https:\\\/\\\/vocesdelaregion.com\\\/#website\"},\"breadcrumb\":{\"@id\":\"https:\\\/\\\/vocesdelaregion.com\\\/index.php\\\/2026\\\/08\\\/26\\\/incautacion-de-siete-semovientes-bovinos-en-balboa-risaralda\\\/#breadcrumblist\"},\"author\":{\"@id\":\"https:\\\/\\\/vocesdelaregion.com\\\/index.php\\\/author\\\/voces-de-la-region\\\/#author\"},\"creator\":{\"@id\":\"https:\\\/\\\/vocesdelaregion.com\\\/index.php\\\/author\\\/voces-de-la-region\\\/#author\"},\"image\":{\"@type\":\"ImageObject\",\"url\":\"https:\\\/\\\/vocesdelaregion.com\\\/wp-content\\\/uploads\\\/2026\\\/09\\\/WhatsApp-Image-2026-08-26-at-6.52.12-PM.jpeg\",\"@id\":\"https:\\\/\\\/vocesdelaregion.com\\\/index.php\\\/2026\\\/08\\\/26\\\/incautacion-de-siete-semovientes-bovinos-en-balboa-risaralda\\\/#mainImage\",\"width\":1355,\"height\":835},\"primaryImageOfPage\":{\"@id\":\"https:\\\/\\\/vocesdelaregion.com\\\/index.php\\\/2026\\\/08\\\/26\\\/incautacion-de-siete-semovientes-bovinos-en-balboa-risaralda\\\/#mainImage\"},\"datePublished\":\"2026-08-26T12:21:11-05:00\",\"dateModified\":\"2026-09-02T12:23:13-05:00\"},{\"@type\":\"WebSite\",\"@id\":\"https:\\\/\\\/vocesdelaregion.com\\\/#website\",\"url\":\"https:\\\/\\\/vocesdelaregion.com\\\/\",\"name\":\"vocesdelaregion.com\",\"description\":\"Lo que pasa en la regi\\u00f3n\",\"inLanguage\":\"es-CO\",\"publisher\":{\"@id\":\"https:\\\/\\\/vocesdelaregion.com\\\/#organization\"}}]}\n\t\t<\/script>\n\t\t<!-- All in One SEO -->\n\n","aioseo_head_json":{"title":"Incautaci\u00f3n de siete semovientes bovinos en Balboa, Risaralda - Voces de la Regi\u00f3n","description":"En el barrio La Aurora, en el marco del Sistema Integrado de Seguridad Rural \u2013 L\u00ednea de Protecci\u00f3n al Capital Natural, uniformados de la Polic\u00eda Nacional adelantaron actividades de prevenci\u00f3n, vigilancia y control, logrando la incautaci\u00f3n de siete semovientes bovinos. La acci\u00f3n se produjo luego de evidenciar inconsistencias en la Gu\u00eda de Movilizaci\u00f3n, documento requerido","canonical_url":"https:\/\/vocesdelaregion.com\/index.php\/2026\/08\/26\/incautacion-de-siete-semovientes-bovinos-en-balboa-risaralda\/","robots":"max-image-preview:large","keywords":"","webmasterTools":{"miscellaneous":""},"schema":{"@context":"https:\/\/schema.org","@graph":[{"@type":"BlogPosting","@id":"https:\/\/vocesdelaregion.com\/index.php\/2026\/08\/26\/incautacion-de-siete-semovientes-bovinos-en-balboa-risaralda\/#blogposting","name":"Incautaci\u00f3n de siete semovientes bovinos en Balboa, Risaralda - Voces de la Regi\u00f3n","headline":"Incautaci\u00f3n de siete semovientes bovinos en Balboa, Risaralda","author":{"@id":"https:\/\/vocesdelaregion.com\/index.php\/author\/voces-de-la-region\/#author"},"publisher":{"@id":"https:\/\/vocesdelaregion.com\/#organization"},"image":{"@type":"ImageObject","url":"https:\/\/vocesdelaregion.com\/wp-content\/uploads\/2026\/09\/WhatsApp-Image-2026-08-26-at-6.52.12-PM.jpeg","width":1355,"height":835},"datePublished":"2026-08-26T12:21:11-05:00","dateModified":"2026-09-02T12:23:13-05:00","inLanguage":"es-CO","mainEntityOfPage":{"@id":"https:\/\/vocesdelaregion.com\/index.php\/2026\/08\/26\/incautacion-de-siete-semovientes-bovinos-en-balboa-risaralda\/#webpage"},"isPartOf":{"@id":"https:\/\/vocesdelaregion.com\/index.php\/2026\/08\/26\/incautacion-de-siete-semovientes-bovinos-en-balboa-risaralda\/#webpage"},"articleSection":"Judicial, Judiciales Risaralda"},{"@type":"BreadcrumbList","@id":"https:\/\/vocesdelaregion.com\/index.php\/2026\/08\/26\/incautacion-de-siete-semovientes-bovinos-en-balboa-risaralda\/#breadcrumblist","itemListElement":[{"@type":"ListItem","@id":"https:\/\/vocesdelaregion.com#listItem","position":1,"name":"Home","item":"https:\/\/vocesdelaregion.com","nextItem":{"@type":"ListItem","@id":"https:\/\/vocesdelaregion.com\/index.php\/category\/judicial\/#listItem","name":"Judicial"}},{"@type":"ListItem","@id":"https:\/\/vocesdelaregion.com\/index.php\/category\/judicial\/#listItem","position":2,"name":"Judicial","item":"https:\/\/vocesdelaregion.com\/index.php\/category\/judicial\/","nextItem":{"@type":"ListItem","@id":"https:\/\/vocesdelaregion.com\/index.php\/category\/judicial\/judiciales-risaralda\/#listItem","name":"Judiciales Risaralda"},"previousItem":{"@type":"ListItem","@id":"https:\/\/vocesdelaregion.com#listItem","name":"Home"}},{"@type":"ListItem","@id":"https:\/\/vocesdelaregion.com\/index.php\/category\/judicial\/judiciales-risaralda\/#listItem","position":3,"name":"Judiciales Risaralda","item":"https:\/\/vocesdelaregion.com\/index.php\/category\/judicial\/judiciales-risaralda\/","nextItem":{"@type":"ListItem","@id":"https:\/\/vocesdelaregion.com\/index.php\/2026\/08\/26\/incautacion-de-siete-semovientes-bovinos-en-balboa-risaralda\/#listItem","name":"Incautaci\u00f3n de siete semovientes bovinos en Balboa, Risaralda"},"previousItem":{"@type":"ListItem","@id":"https:\/\/vocesdelaregion.com\/index.php\/category\/judicial\/#listItem","name":"Judicial"}},{"@type":"ListItem","@id":"https:\/\/vocesdelaregion.com\/index.php\/2026\/08\/26\/incautacion-de-siete-semovientes-bovinos-en-balboa-risaralda\/#listItem","position":4,"name":"Incautaci\u00f3n de siete semovientes bovinos en Balboa, Risaralda","previousItem":{"@type":"ListItem","@id":"https:\/\/vocesdelaregion.com\/index.php\/category\/judicial\/judiciales-risaralda\/#listItem","name":"Judiciales Risaralda"}}]},{"@type":"Organization","@id":"https:\/\/vocesdelaregion.com\/#organization","name":"vocesdelaregion.com","description":"Lo que pasa en la regi\u00f3n","url":"https:\/\/vocesdelaregion.com\/","telephone":"+573116111583","logo":{"@type":"ImageObject","url":"https:\/\/vocesdelaregion.com\/wp-content\/uploads\/2023\/09\/LOGO-VOCES-DE-LA-REGION.png","@id":"https:\/\/vocesdelaregion.com\/index.php\/2026\/08\/26\/incautacion-de-siete-semovientes-bovinos-en-balboa-risaralda\/#organizationLogo","width":1300,"height":600},"image":{"@id":"https:\/\/vocesdelaregion.com\/index.php\/2026\/08\/26\/incautacion-de-siete-semovientes-bovinos-en-balboa-risaralda\/#organizationLogo"},"sameAs":["https:\/\/facebook.com\/VocesDeLaRegion","https:\/\/twitter.com\/VocesDeLaRegion","https:\/\/instagram.com\/VocesDeLaRegion"]},{"@type":"Person","@id":"https:\/\/vocesdelaregion.com\/index.php\/author\/voces-de-la-region\/#author","url":"https:\/\/vocesdelaregion.com\/index.php\/author\/voces-de-la-region\/","name":"Voces de la Regi\u00f3n","image":{"@type":"ImageObject","@id":"https:\/\/vocesdelaregion.com\/index.php\/2026\/08\/26\/incautacion-de-siete-semovientes-bovinos-en-balboa-risaralda\/#authorImage","url":"https:\/\/secure.gravatar.com\/avatar\/c827267e427bf3aa88989aab4d31884776220d82096001788e3fe788dc1c5ab9?s=96&d=mm&r=g","width":96,"height":96,"caption":"Voces de la Regi\u00f3n"}},{"@type":"WebPage","@id":"https:\/\/vocesdelaregion.com\/index.php\/2026\/08\/26\/incautacion-de-siete-semovientes-bovinos-en-balboa-risaralda\/#webpage","url":"https:\/\/vocesdelaregion.com\/index.php\/2026\/08\/26\/incautacion-de-siete-semovientes-bovinos-en-balboa-risaralda\/","name":"Incautaci\u00f3n de siete semovientes bovinos en Balboa, Risaralda - Voces de la Regi\u00f3n","description":"En el barrio La Aurora, en el marco del Sistema Integrado de Seguridad Rural \u2013 L\u00ednea de Protecci\u00f3n al Capital Natural, uniformados de la Polic\u00eda Nacional adelantaron actividades de prevenci\u00f3n, vigilancia y control, logrando la incautaci\u00f3n de siete semovientes bovinos. La acci\u00f3n se produjo luego de evidenciar inconsistencias en la Gu\u00eda de Movilizaci\u00f3n, documento requerido","inLanguage":"es-CO","isPartOf":{"@id":"https:\/\/vocesdelaregion.com\/#website"},"breadcrumb":{"@id":"https:\/\/vocesdelaregion.com\/index.php\/2026\/08\/26\/incautacion-de-siete-semovientes-bovinos-en-balboa-risaralda\/#breadcrumblist"},"author":{"@id":"https:\/\/vocesdelaregion.com\/index.php\/author\/voces-de-la-region\/#author"},"creator":{"@id":"https:\/\/vocesdelaregion.com\/index.php\/author\/voces-de-la-region\/#author"},"image":{"@type":"ImageObject","url":"https:\/\/vocesdelaregion.com\/wp-content\/uploads\/2026\/09\/WhatsApp-Image-2026-08-26-at-6.52.12-PM.jpeg","@id":"https:\/\/vocesdelaregion.com\/index.php\/2026\/08\/26\/incautacion-de-siete-semovientes-bovinos-en-balboa-risaralda\/#mainImage","width":1355,"height":835},"primaryImageOfPage":{"@id":"https:\/\/vocesdelaregion.com\/index.php\/2026\/08\/26\/incautacion-de-siete-semovientes-bovinos-en-balboa-risaralda\/#mainImage"},"datePublished":"2026-08-26T12:21:11-05:00","dateModified":"2026-09-02T12:23:13-05:00"},{"@type":"WebSite","@id":"https:\/\/vocesdelaregion.com\/#website","url":"https:\/\/vocesdelaregion.com\/","name":"vocesdelaregion.com","description":"Lo que pasa en la regi\u00f3n","inLanguage":"es-CO","publisher":{"@id":"https:\/\/vocesdelaregion.com\/#organization"}}]},"og:locale":"es_ES","og:site_name":"Voces de la Regi\u00f3n - Lo que pasa en la regi\u00f3n","og:type":"article","og:title":"Incautaci\u00f3n de siete semovientes bovinos en Balboa, Risaralda - Voces de la Regi\u00f3n","og:description":"En el barrio La Aurora, en el marco del Sistema Integrado de Seguridad Rural \u2013 L\u00ednea de Protecci\u00f3n al Capital Natural, uniformados de la Polic\u00eda Nacional adelantaron actividades de prevenci\u00f3n, vigilancia y control, logrando la incautaci\u00f3n de siete semovientes bovinos. La acci\u00f3n se produjo luego de evidenciar inconsistencias en la Gu\u00eda de Movilizaci\u00f3n, documento requerido","og:url":"https:\/\/vocesdelaregion.com\/index.php\/2026\/08\/26\/incautacion-de-siete-semovientes-bovinos-en-balboa-risaralda\/","og:image":"https:\/\/vocesdelaregion.com\/wp-content\/uploads\/2026\/09\/WhatsApp-Image-2026-08-26-at-6.52.12-PM.jpeg","og:image:secure_url":"https:\/\/vocesdelaregion.com\/wp-content\/uploads\/2026\/09\/WhatsApp-Image-2026-08-26-at-6.52.12-PM.jpeg","og:image:width":1355,"og:image:height":835,"article:tag":["judicial","judiciales risaralda"],"article:published_time":"2026-08-26T17:21:11+00:00","article:modified_time":"2026-09-02T17:23:13+00:00","article:publisher":"https:\/\/facebook.com\/VocesDeLaRegion","twitter:card":"summary_large_image","twitter:site":"@VocesDeLaRegion","twitter:title":"Incautaci\u00f3n de siete semovientes bovinos en Balboa, Risaralda - Voces de la Regi\u00f3n","twitter:description":"En el barrio La Aurora, en el marco del Sistema Integrado de Seguridad Rural \u2013 L\u00ednea de Protecci\u00f3n al Capital Natural, uniformados de la Polic\u00eda Nacional adelantaron actividades de prevenci\u00f3n, vigilancia y control, logrando la incautaci\u00f3n de siete semovientes bovinos. La acci\u00f3n se produjo luego de evidenciar inconsistencias en la Gu\u00eda de Movilizaci\u00f3n, documento requerido","twitter:creator":"@VocesDeLaRegion","twitter:image":"https:\/\/vocesdelaregion.com\/wp-content\/uploads\/2026\/09\/WhatsApp-Image-2026-08-26-at-6.52.12-PM.jpeg"},"aioseo_meta_data":{"post_id":"41067","title":null,"description":null,"keywords":null,"keyphrases":{"focus":{"keyphrase":"","score":0,"analysis":{"keyphraseInTitle":{"score":0,"maxScore":9,"error":1}}},"additional":[]},"primary_term":null,"canonical_url":null,"og_title":null,"og_description":null,"og_object_type":"default","og_image_type":"default","og_image_url":null,"og_image_width":null,"og_image_height":null,"og_image_custom_url":null,"og_image_custom_fields":null,"og_video":"","og_custom_url":null,"og_article_section":null,"og_article_tags":null,"twitter_use_og":false,"twitter_card":"default","twitter_image_type":"default","twitter_image_url":null,"twitter_image_custom_url":null,"twitter_image_custom_fields":null,"twitter_title":null,"twitter_description":null,"schema":{"blockGraphs":[],"customGraphs":[],"default":{"data":{"Article":[],"Course":[],"Dataset":[],"FAQPage":[],"Movie":[],"Person":[],"Product":[],"ProductReview":[],"Car":[],"Recipe":[],"Service":[],"SoftwareApplication":[],"WebPage":[]},"graphName":"BlogPosting","isEnabled":true},"graphs":[]},"schema_type":"default","schema_type_options":null,"pillar_content":false,"robots_default":true,"robots_noindex":false,"robots_noarchive":false,"robots_nosnippet":false,"robots_nofollow":false,"robots_noimageindex":false,"robots_noodp":false,"robots_notranslate":false,"robots_max_snippet":"-1","robots_max_videopreview":"-1","robots_max_imagepreview":"large","priority":null,"frequency":"default","local_seo":null,"breadcrumb_settings":null,"limit_modified_date":false,"ai":{"faqs":[],"keyPoints":[],"schemas":[],"titles":[],"descriptions":[],"socialPosts":{"email":{"subject":"","preview":"","content":""},"linkedin":[],"twitter":[],"facebook":[],"instagram":[]}},"created":"2026-09-02 17:23:13","updated":"2026-09-02 18:04:55","seo_analyzer_scan_date":null,"focus_keyword":null,"additional_keywords":null,"truseo_locale":null},"aioseo_breadcrumb":"<div class=\"aioseo-breadcrumbs\"><span class=\"aioseo-breadcrumb\">\n\t\t\t<a href=\"https:\/\/vocesdelaregion.com\" title=\"Home\">Home<\/a>\n\t\t<\/span><span class=\"aioseo-breadcrumb-separator\">\u00bb<\/span><span class=\"aioseo-breadcrumb\">\n\t\t\t<a href=\"https:\/\/vocesdelaregion.com\/index.php\/category\/judicial\/\" title=\"Judicial\">Judicial<\/a>\n\t\t<\/span><span class=\"aioseo-breadcrumb-separator\">\u00bb<\/span><span class=\"aioseo-breadcrumb\">\n\t\t\t<a href=\"https:\/\/vocesdelaregion.com\/index.php\/category\/judicial\/judiciales-risaralda\/\" title=\"Judiciales Risaralda\">Judiciales Risaralda<\/a>\n\t\t<\/span><span class=\"aioseo-breadcrumb-separator\">\u00bb<\/span><span class=\"aioseo-breadcrumb\">\n\t\t\tIncautaci\u00f3n de siete semovientes bovinos en Balboa, Risaralda\n\t\t<\/span><\/div>","aioseo_breadcrumb_json":[{"label":"Home","link":"https:\/\/vocesdelaregion.com"},{"label":"Judicial","link":"https:\/\/vocesdelaregion.com\/index.php\/category\/judicial\/"},{"label":"Judiciales Risaralda","link":"https:\/\/vocesdelaregion.com\/index.php\/category\/judicial\/judiciales-risaralda\/"},{"label":"Incautaci\u00f3n de siete semovientes bovinos en Balboa, Risaralda","link":"https:\/\/vocesdelaregion.com\/index.php\/2026\/08\/26\/incautacion-de-siete-semovientes-bovinos-en-balboa-risaralda\/"}],"blog_post_layout_featured_media_urls":{"thumbnail":["https:\/\/vocesdelaregion.com\/wp-content\/uploads\/2026\/09\/WhatsApp-Image-2026-08-26-at-6.52.12-PM-150x150.jpeg",150,150,true],"full":["https:\/\/vocesdelaregion.com\/wp-content\/uploads\/2026\/09\/WhatsApp-Image-2026-08-26-at-6.52.12-PM.jpeg",1355,835,false]},"categories_names":{"25":{"name":"Judicial","link":"https:\/\/vocesdelaregion.com\/index.php\/category\/judicial\/"},"360":{"name":"Judiciales Risaralda","link":"https:\/\/vocesdelaregion.com\/index.php\/category\/judicial\/judiciales-risaralda\/"}},"tags_names":[],"comments_number":"0","wpmagazine_modules_lite_featured_media_urls":{"thumbnail":["https:\/\/vocesdelaregion.com\/wp-content\/uploads\/2026\/09\/WhatsApp-Image-2026-08-26-at-6.52.12-PM-150x150.jpeg",150,150,true],"cvmm-medium":["https:\/\/vocesdelaregion.com\/wp-content\/uploads\/2026\/09\/WhatsApp-Image-2026-08-26-at-6.52.12-PM-300x300.jpeg",300,300,true],"cvmm-medium-plus":["https:\/\/vocesdelaregion.com\/wp-content\/uploads\/2026\/09\/WhatsApp-Image-2026-08-26-at-6.52.12-PM-305x207.jpeg",305,207,true],"cvmm-portrait":["https:\/\/vocesdelaregion.com\/wp-content\/uploads\/2026\/09\/WhatsApp-Image-2026-08-26-at-6.52.12-PM-400x600.jpeg",400,600,true],"cvmm-medium-square":["https:\/\/vocesdelaregion.com\/wp-content\/uploads\/2026\/09\/WhatsApp-Image-2026-08-26-at-6.52.12-PM-600x600.jpeg",600,600,true],"cvmm-large":["https:\/\/vocesdelaregion.com\/wp-content\/uploads\/2026\/09\/WhatsApp-Image-2026-08-26-at-6.52.12-PM-1024x835.jpeg",1024,835,true],"cvmm-small":["https:\/\/vocesdelaregion.com\/wp-content\/uploads\/2026\/09\/WhatsApp-Image-2026-08-26-at-6.52.12-PM-130x95.jpeg",130,95,true],"full":["https:\/\/vocesdelaregion.com\/wp-content\/uploads\/2026\/09\/WhatsApp-Image-2026-08-26-at-6.52.12-PM.jpeg",1355,835,false]},"_links":{"self":[{"href":"https:\/\/vocesdelaregion.com\/index.php\/wp-json\/wp\/v2\/posts\/41067","targetHints":{"allow":["GET"]}}],"collection":[{"href":"https:\/\/vocesdelaregion.com\/index.php\/wp-json\/wp\/v2\/posts"}],"about":[{"href":"https:\/\/vocesdelaregion.com\/index.php\/wp-json\/wp\/v2\/types\/post"}],"author":[{"embeddable":true,"href":"https:\/\/vocesdelaregion.com\/index.php\/wp-json\/wp\/v2\/users\/3"}],"replies":[{"embeddable":true,"href":"https:\/\/vocesdelaregion.com\/index.php\/wp-json\/wp\/v2\/comments?post=41067"}],"version-history":[{"count":1,"href":"https:\/\/vocesdelaregion.com\/index.php\/wp-json\/wp\/v2\/posts\/41067\/revisions"}],"predecessor-version":[{"id":41069,"href":"https:\/\/vocesdelaregion.com\/index.php\/wp-json\/wp\/v2\/posts\/41067\/revisions\/41069"}],"wp:featuredmedia":[{"embeddable":true,"href":"https:\/\/vocesdelaregion.com\/index.php\/wp-json\/wp\/v2\/media\/41068"}],"wp:attachment":[{"href":"https:\/\/vocesdelaregion.com\/index.php\/wp-json\/wp\/v2\/media?parent=41067"}],"wp:term":[{"taxonomy":"category","embeddable":true,"href":"https:\/\/vocesdelaregion.com\/index.php\/wp-json\/wp\/v2\/categories?post=41067"},{"taxonomy":"post_tag","embeddable":true,"href":"https:\/\/vocesdelaregion.com\/index.php\/wp-json\/wp\/v2\/tags?post=41067"}],"curies":[{"name":"wp","href":"https:\/\/api.w.org\/{rel}","templated":true}]}}