{"id":41062,"date":"2026-08-28T10:15:00","date_gmt":"2026-08-28T15:15:00","guid":{"rendered":"https:\/\/vocesdelaregion.com\/?p=41062"},"modified":"2026-09-02T12:19:15","modified_gmt":"2026-09-02T17:19:15","slug":"fue-recapturado-un-hombre-requerido-para-cumplir-condena-de-mas-de-siete-anos-de-prision","status":"publish","type":"post","link":"https:\/\/vocesdelaregion.com\/index.php\/2026\/08\/28\/fue-recapturado-un-hombre-requerido-para-cumplir-condena-de-mas-de-siete-anos-de-prision\/","title":{"rendered":"Fue recapturado un hombre requerido para cumplir condena de m\u00e1s de siete a\u00f1os de prisi\u00f3n.\u00a0"},"content":{"rendered":"\n<p class=\"wp-block-paragraph\"><strong>Se fug\u00f3 tras un permiso administrativo de 72 horas<\/strong><\/p><div class=\"voces-contenido-2-2 voces-entity-placement\" id=\"voces-292628585\"><div class=\"voces-adlabel\">Publicidad<\/div><div id=\"voces-2975383952\"><img src=\"https:\/\/vocesdelaregion.com\/wp-content\/uploads\/2026\/08\/776324588_2442506582938370_1129011890113417960_n.jpg\" alt=\"\"  srcset=\"https:\/\/vocesdelaregion.com\/wp-content\/uploads\/2026\/08\/776324588_2442506582938370_1129011890113417960_n.jpg 1152w, https:\/\/vocesdelaregion.com\/wp-content\/uploads\/2026\/08\/776324588_2442506582938370_1129011890113417960_n-240x300.jpg 240w, https:\/\/vocesdelaregion.com\/wp-content\/uploads\/2026\/08\/776324588_2442506582938370_1129011890113417960_n-819x1024.jpg 819w, https:\/\/vocesdelaregion.com\/wp-content\/uploads\/2026\/08\/776324588_2442506582938370_1129011890113417960_n-768x960.jpg 768w\" sizes=\"(max-width: 1152px) 100vw, 1152px\" width=\"1152\" height=\"1440\"   \/><\/div><\/div>\n\n\n\n<p class=\"wp-block-paragraph\">La Polic\u00eda Nacional en el departamento de Caldas, mediante actividades de registro, identificaci\u00f3n y consulta de antecedentes, materializ\u00f3 la captura por orden judicial de un ciudadano conocido con el alias de \u201cAlexander\u201d, quien era requerido por las autoridades judiciales para cumplir una condena privativa de la libertad.<\/p>\n\n\n\n<p class=\"wp-block-paragraph\">El procedimiento fue adelantado por uniformados de la patrulla de vigilancia en la v\u00eda principal de ingreso al corregimiento de Samaria, donde se desarrollaban controles a personas y verificaci\u00f3n de antecedentes. All\u00ed, los polic\u00edas abordaron a un ciudadano el cual manifest\u00f3 no portar documento de identidad, raz\u00f3n por la cual fue trasladado a las instalaciones policiales con el fin de establecer plenamente su identificaci\u00f3n.<\/p>\n\n\n\n<p class=\"wp-block-paragraph\">Una vez obtenido su n\u00famero de c\u00e9dula y realizada la respectiva consulta en el dispositivo policial PDA, se estableci\u00f3 que sobre esta persona reca\u00eda una orden de captura vigente para el cumplimiento de condena, por el delito de fabricaci\u00f3n, tr\u00e1fico, porte o tenencia de armas de fuego, accesorios, partes o municiones.<\/p>\n\n\n\n<figure class=\"wp-block-audio\"><audio controls src=\"https:\/\/vocesdelaregion.com\/wp-content\/uploads\/2026\/09\/FULL-Coronel-Alex-Duran-Santos-Comandante-Departamento-de-Policia-Caldas-Se-fugo-tras-un-permiso-administrativo-de-72-horas.mp3\"><\/audio><figcaption class=\"wp-element-caption\">Coronel, Alex Dur\u00e1n Santos, Comandnate Polic\u00eda Caldas<\/figcaption><\/figure>\n\n\n\n<p class=\"wp-block-paragraph\">De acuerdo con las investigaciones alias de \u201cAlexander\u201d de 37 a\u00f1os, habr\u00eda evadido el cumplimiento de su condena luego de no regresar al establecimiento penitenciario tras hab\u00e9rsele otorgado un permiso administrativo de 72 horas.<\/p>\n\n\n\n<figure class=\"wp-block-image size-large\"><img fetchpriority=\"high\" decoding=\"async\" width=\"1024\" height=\"576\" src=\"https:\/\/vocesdelaregion.com\/wp-content\/uploads\/2026\/09\/Se-fugo-tras-un-permiso-administrativo-de-72-horas-2-1024x576.jpg\" alt=\"\" class=\"wp-image-41063\" srcset=\"https:\/\/vocesdelaregion.com\/wp-content\/uploads\/2026\/09\/Se-fugo-tras-un-permiso-administrativo-de-72-horas-2-1024x576.jpg 1024w, https:\/\/vocesdelaregion.com\/wp-content\/uploads\/2026\/09\/Se-fugo-tras-un-permiso-administrativo-de-72-horas-2-300x169.jpg 300w, https:\/\/vocesdelaregion.com\/wp-content\/uploads\/2026\/09\/Se-fugo-tras-un-permiso-administrativo-de-72-horas-2-768x432.jpg 768w, https:\/\/vocesdelaregion.com\/wp-content\/uploads\/2026\/09\/Se-fugo-tras-un-permiso-administrativo-de-72-horas-2-1536x864.jpg 1536w, https:\/\/vocesdelaregion.com\/wp-content\/uploads\/2026\/09\/Se-fugo-tras-un-permiso-administrativo-de-72-horas-2.jpg 1920w\" sizes=\"(max-width: 1024px) 100vw, 1024px\" \/><\/figure>\n\n\n\n<p class=\"wp-block-paragraph\">Este sujeto presuntamente, se habr\u00eda trasladado hacia una zona rural del corregimiento de Samaria, donde permaneci\u00f3 aproximadamente durante un a\u00f1o y se desempe\u00f1aba como agricultor, intentando pasar desapercibido y evadir el accionar de las autoridades.<\/p>\n\n\n\n<p class=\"wp-block-paragraph\">El ciudadano registra antecedentes judiciales por los delitos de tr\u00e1fico, fabricaci\u00f3n o porte de estupefacientes; amenazas; y concierto para delinquir agravado. Tras ser dejado a disposici\u00f3n de la autoridad judicial competente un Juez orden\u00f3 su traslado a un establecimiento penitenciario con el fin de cumplir condena de 94 meses y 15 d\u00edas bajo la modalidad de reclusi\u00f3n intramural.<\/p>\n\n\n\n<p class=\"wp-block-paragraph\">La Polic\u00eda Nacional sigue fortaleciendo los controles preventivos y operativos para garantizar la seguridad ciudadana en el departamento de Caldas.<\/p>\n","protected":false},"excerpt":{"rendered":"<p>Se fug\u00f3 tras un permiso administrativo de 72 horas La Polic\u00eda Nacional en el departamento de Caldas, mediante actividades de registro, identificaci\u00f3n y consulta de antecedentes, materializ\u00f3 la captura por orden judicial de un ciudadano conocido con el alias de \u201cAlexander\u201d, quien era requerido por las autoridades judiciales para cumplir una condena privativa de la [&hellip;]<\/p>\n","protected":false},"author":3,"featured_media":41064,"comment_status":"closed","ping_status":"closed","sticky":false,"template":"","format":"standard","meta":{"om_disable_all_campaigns":false,"_monsterinsights_skip_tracking":false,"_uf_show_specific_survey":0,"_uf_disable_surveys":false,"footnotes":""},"categories":[25,359],"tags":[],"class_list":["post-41062","post","type-post","status-publish","format-standard","has-post-thumbnail","hentry","category-judicial","category-judiciales-caldas"],"aioseo_notices":[],"aioseo_head":"\n\t\t<!-- All in One SEO 5.0.1.1 - aioseo.com -->\n\t<meta name=\"description\" content=\"Se fug\u00f3 tras un permiso administrativo de 72 horas La Polic\u00eda Nacional en el departamento de Caldas, mediante actividades de registro, identificaci\u00f3n y consulta de antecedentes, materializ\u00f3 la captura por orden judicial de un ciudadano conocido con el alias de \u201cAlexander\u201d, quien era requerido por las autoridades judiciales para cumplir una condena privativa de la\" \/>\n\t<meta name=\"robots\" content=\"max-image-preview:large\" \/>\n\t<meta name=\"author\" content=\"Voces de la Regi\u00f3n\"\/>\n\t<link rel=\"canonical\" href=\"https:\/\/vocesdelaregion.com\/index.php\/2026\/08\/28\/fue-recapturado-un-hombre-requerido-para-cumplir-condena-de-mas-de-siete-anos-de-prision\/\" \/>\n\t<meta name=\"generator\" content=\"All in One SEO (AIOSEO) 5.0.1.1\" \/>\n\t\t<meta property=\"og:locale\" content=\"es_ES\" \/>\n\t\t<meta property=\"og:site_name\" content=\"Voces de la Regi\u00f3n - Lo que pasa en la regi\u00f3n\" \/>\n\t\t<meta property=\"og:type\" content=\"article\" \/>\n\t\t<meta property=\"og:title\" content=\"Fue recapturado un hombre requerido para cumplir condena de m\u00e1s de siete a\u00f1os de prisi\u00f3n. - Voces de la Regi\u00f3n\" \/>\n\t\t<meta property=\"og:description\" content=\"Se fug\u00f3 tras un permiso administrativo de 72 horas La Polic\u00eda Nacional en el departamento de Caldas, mediante actividades de registro, identificaci\u00f3n y consulta de antecedentes, materializ\u00f3 la captura por orden judicial de un ciudadano conocido con el alias de \u201cAlexander\u201d, quien era requerido por las autoridades judiciales para cumplir una condena privativa de la\" \/>\n\t\t<meta property=\"og:url\" content=\"https:\/\/vocesdelaregion.com\/index.php\/2026\/08\/28\/fue-recapturado-un-hombre-requerido-para-cumplir-condena-de-mas-de-siete-anos-de-prision\/\" \/>\n\t\t<meta property=\"og:image\" content=\"https:\/\/vocesdelaregion.com\/wp-content\/uploads\/2026\/09\/Se-fugo-tras-un-permiso-administrativo-de-72-horas-scaled.jpeg\" \/>\n\t\t<meta property=\"og:image:secure_url\" content=\"https:\/\/vocesdelaregion.com\/wp-content\/uploads\/2026\/09\/Se-fugo-tras-un-permiso-administrativo-de-72-horas-scaled.jpeg\" \/>\n\t\t<meta property=\"og:image:width\" content=\"2560\" \/>\n\t\t<meta property=\"og:image:height\" content=\"1928\" \/>\n\t\t<meta property=\"article:tag\" content=\"judicial\" \/>\n\t\t<meta property=\"article:tag\" content=\"judiciales caldas\" \/>\n\t\t<meta property=\"article:published_time\" content=\"2026-08-28T15:15:00+00:00\" \/>\n\t\t<meta property=\"article:modified_time\" content=\"2026-09-02T17:19:15+00:00\" \/>\n\t\t<meta property=\"article:publisher\" content=\"https:\/\/facebook.com\/VocesDeLaRegion\" \/>\n\t\t<meta name=\"twitter:card\" content=\"summary_large_image\" \/>\n\t\t<meta name=\"twitter:site\" content=\"@VocesDeLaRegion\" \/>\n\t\t<meta name=\"twitter:title\" content=\"Fue recapturado un hombre requerido para cumplir condena de m\u00e1s de siete a\u00f1os de prisi\u00f3n. - Voces de la Regi\u00f3n\" \/>\n\t\t<meta name=\"twitter:description\" content=\"Se fug\u00f3 tras un permiso administrativo de 72 horas La Polic\u00eda Nacional en el departamento de Caldas, mediante actividades de registro, identificaci\u00f3n y consulta de antecedentes, materializ\u00f3 la captura por orden judicial de un ciudadano conocido con el alias de \u201cAlexander\u201d, quien era requerido por las autoridades judiciales para cumplir una condena privativa de la\" \/>\n\t\t<meta name=\"twitter:creator\" content=\"@VocesDeLaRegion\" \/>\n\t\t<meta name=\"twitter:image\" content=\"https:\/\/vocesdelaregion.com\/wp-content\/uploads\/2026\/09\/Se-fugo-tras-un-permiso-administrativo-de-72-horas-scaled.jpeg\" \/>\n\t\t<script type=\"application\/ld+json\" class=\"aioseo-schema\">\n\t\t\t{\"@context\":\"https:\\\/\\\/schema.org\",\"@graph\":[{\"@type\":\"BlogPosting\",\"@id\":\"https:\\\/\\\/vocesdelaregion.com\\\/index.php\\\/2026\\\/08\\\/28\\\/fue-recapturado-un-hombre-requerido-para-cumplir-condena-de-mas-de-siete-anos-de-prision\\\/#blogposting\",\"name\":\"Fue recapturado un hombre requerido para cumplir condena de m\\u00e1s de siete a\\u00f1os de prisi\\u00f3n. - Voces de la Regi\\u00f3n\",\"headline\":\"Fue recapturado un hombre requerido para cumplir condena de m\\u00e1s de siete a\\u00f1os de prisi\\u00f3n.\\u00a0\",\"author\":{\"@id\":\"https:\\\/\\\/vocesdelaregion.com\\\/index.php\\\/author\\\/voces-de-la-region\\\/#author\"},\"publisher\":{\"@id\":\"https:\\\/\\\/vocesdelaregion.com\\\/#organization\"},\"image\":{\"@type\":\"ImageObject\",\"url\":\"https:\\\/\\\/vocesdelaregion.com\\\/wp-content\\\/uploads\\\/2026\\\/09\\\/Se-fugo-tras-un-permiso-administrativo-de-72-horas-scaled.jpeg\",\"width\":2560,\"height\":1928},\"datePublished\":\"2026-08-28T10:15:00-05:00\",\"dateModified\":\"2026-09-02T12:19:15-05:00\",\"inLanguage\":\"es-CO\",\"mainEntityOfPage\":{\"@id\":\"https:\\\/\\\/vocesdelaregion.com\\\/index.php\\\/2026\\\/08\\\/28\\\/fue-recapturado-un-hombre-requerido-para-cumplir-condena-de-mas-de-siete-anos-de-prision\\\/#webpage\"},\"isPartOf\":{\"@id\":\"https:\\\/\\\/vocesdelaregion.com\\\/index.php\\\/2026\\\/08\\\/28\\\/fue-recapturado-un-hombre-requerido-para-cumplir-condena-de-mas-de-siete-anos-de-prision\\\/#webpage\"},\"articleSection\":\"Judicial, Judiciales Caldas\"},{\"@type\":\"BreadcrumbList\",\"@id\":\"https:\\\/\\\/vocesdelaregion.com\\\/index.php\\\/2026\\\/08\\\/28\\\/fue-recapturado-un-hombre-requerido-para-cumplir-condena-de-mas-de-siete-anos-de-prision\\\/#breadcrumblist\",\"itemListElement\":[{\"@type\":\"ListItem\",\"@id\":\"https:\\\/\\\/vocesdelaregion.com#listItem\",\"position\":1,\"name\":\"Home\",\"item\":\"https:\\\/\\\/vocesdelaregion.com\",\"nextItem\":{\"@type\":\"ListItem\",\"@id\":\"https:\\\/\\\/vocesdelaregion.com\\\/index.php\\\/category\\\/judicial\\\/#listItem\",\"name\":\"Judicial\"}},{\"@type\":\"ListItem\",\"@id\":\"https:\\\/\\\/vocesdelaregion.com\\\/index.php\\\/category\\\/judicial\\\/#listItem\",\"position\":2,\"name\":\"Judicial\",\"item\":\"https:\\\/\\\/vocesdelaregion.com\\\/index.php\\\/category\\\/judicial\\\/\",\"nextItem\":{\"@type\":\"ListItem\",\"@id\":\"https:\\\/\\\/vocesdelaregion.com\\\/index.php\\\/category\\\/judicial\\\/judiciales-caldas\\\/#listItem\",\"name\":\"Judiciales Caldas\"},\"previousItem\":{\"@type\":\"ListItem\",\"@id\":\"https:\\\/\\\/vocesdelaregion.com#listItem\",\"name\":\"Home\"}},{\"@type\":\"ListItem\",\"@id\":\"https:\\\/\\\/vocesdelaregion.com\\\/index.php\\\/category\\\/judicial\\\/judiciales-caldas\\\/#listItem\",\"position\":3,\"name\":\"Judiciales Caldas\",\"item\":\"https:\\\/\\\/vocesdelaregion.com\\\/index.php\\\/category\\\/judicial\\\/judiciales-caldas\\\/\",\"nextItem\":{\"@type\":\"ListItem\",\"@id\":\"https:\\\/\\\/vocesdelaregion.com\\\/index.php\\\/2026\\\/08\\\/28\\\/fue-recapturado-un-hombre-requerido-para-cumplir-condena-de-mas-de-siete-anos-de-prision\\\/#listItem\",\"name\":\"Fue recapturado un hombre requerido para cumplir condena de m\\u00e1s de siete a\\u00f1os de prisi\\u00f3n.\\u00a0\"},\"previousItem\":{\"@type\":\"ListItem\",\"@id\":\"https:\\\/\\\/vocesdelaregion.com\\\/index.php\\\/category\\\/judicial\\\/#listItem\",\"name\":\"Judicial\"}},{\"@type\":\"ListItem\",\"@id\":\"https:\\\/\\\/vocesdelaregion.com\\\/index.php\\\/2026\\\/08\\\/28\\\/fue-recapturado-un-hombre-requerido-para-cumplir-condena-de-mas-de-siete-anos-de-prision\\\/#listItem\",\"position\":4,\"name\":\"Fue recapturado un hombre requerido para cumplir condena de m\\u00e1s de siete a\\u00f1os de prisi\\u00f3n.\\u00a0\",\"previousItem\":{\"@type\":\"ListItem\",\"@id\":\"https:\\\/\\\/vocesdelaregion.com\\\/index.php\\\/category\\\/judicial\\\/judiciales-caldas\\\/#listItem\",\"name\":\"Judiciales Caldas\"}}]},{\"@type\":\"Organization\",\"@id\":\"https:\\\/\\\/vocesdelaregion.com\\\/#organization\",\"name\":\"vocesdelaregion.com\",\"description\":\"Lo que pasa en la regi\\u00f3n\",\"url\":\"https:\\\/\\\/vocesdelaregion.com\\\/\",\"telephone\":\"+573116111583\",\"logo\":{\"@type\":\"ImageObject\",\"url\":\"https:\\\/\\\/vocesdelaregion.com\\\/wp-content\\\/uploads\\\/2023\\\/09\\\/LOGO-VOCES-DE-LA-REGION.png\",\"@id\":\"https:\\\/\\\/vocesdelaregion.com\\\/index.php\\\/2026\\\/08\\\/28\\\/fue-recapturado-un-hombre-requerido-para-cumplir-condena-de-mas-de-siete-anos-de-prision\\\/#organizationLogo\",\"width\":1300,\"height\":600},\"image\":{\"@id\":\"https:\\\/\\\/vocesdelaregion.com\\\/index.php\\\/2026\\\/08\\\/28\\\/fue-recapturado-un-hombre-requerido-para-cumplir-condena-de-mas-de-siete-anos-de-prision\\\/#organizationLogo\"},\"sameAs\":[\"https:\\\/\\\/facebook.com\\\/VocesDeLaRegion\",\"https:\\\/\\\/twitter.com\\\/VocesDeLaRegion\",\"https:\\\/\\\/instagram.com\\\/VocesDeLaRegion\"]},{\"@type\":\"Person\",\"@id\":\"https:\\\/\\\/vocesdelaregion.com\\\/index.php\\\/author\\\/voces-de-la-region\\\/#author\",\"url\":\"https:\\\/\\\/vocesdelaregion.com\\\/index.php\\\/author\\\/voces-de-la-region\\\/\",\"name\":\"Voces de la Regi\\u00f3n\",\"image\":{\"@type\":\"ImageObject\",\"@id\":\"https:\\\/\\\/vocesdelaregion.com\\\/index.php\\\/2026\\\/08\\\/28\\\/fue-recapturado-un-hombre-requerido-para-cumplir-condena-de-mas-de-siete-anos-de-prision\\\/#authorImage\",\"url\":\"https:\\\/\\\/secure.gravatar.com\\\/avatar\\\/c827267e427bf3aa88989aab4d31884776220d82096001788e3fe788dc1c5ab9?s=96&d=mm&r=g\",\"width\":96,\"height\":96,\"caption\":\"Voces de la Regi\\u00f3n\"}},{\"@type\":\"WebPage\",\"@id\":\"https:\\\/\\\/vocesdelaregion.com\\\/index.php\\\/2026\\\/08\\\/28\\\/fue-recapturado-un-hombre-requerido-para-cumplir-condena-de-mas-de-siete-anos-de-prision\\\/#webpage\",\"url\":\"https:\\\/\\\/vocesdelaregion.com\\\/index.php\\\/2026\\\/08\\\/28\\\/fue-recapturado-un-hombre-requerido-para-cumplir-condena-de-mas-de-siete-anos-de-prision\\\/\",\"name\":\"Fue recapturado un hombre requerido para cumplir condena de m\\u00e1s de siete a\\u00f1os de prisi\\u00f3n. - Voces de la Regi\\u00f3n\",\"description\":\"Se fug\\u00f3 tras un permiso administrativo de 72 horas La Polic\\u00eda Nacional en el departamento de Caldas, mediante actividades de registro, identificaci\\u00f3n y consulta de antecedentes, materializ\\u00f3 la captura por orden judicial de un ciudadano conocido con el alias de \\u201cAlexander\\u201d, quien era requerido por las autoridades judiciales para cumplir una condena privativa de la\",\"inLanguage\":\"es-CO\",\"isPartOf\":{\"@id\":\"https:\\\/\\\/vocesdelaregion.com\\\/#website\"},\"breadcrumb\":{\"@id\":\"https:\\\/\\\/vocesdelaregion.com\\\/index.php\\\/2026\\\/08\\\/28\\\/fue-recapturado-un-hombre-requerido-para-cumplir-condena-de-mas-de-siete-anos-de-prision\\\/#breadcrumblist\"},\"author\":{\"@id\":\"https:\\\/\\\/vocesdelaregion.com\\\/index.php\\\/author\\\/voces-de-la-region\\\/#author\"},\"creator\":{\"@id\":\"https:\\\/\\\/vocesdelaregion.com\\\/index.php\\\/author\\\/voces-de-la-region\\\/#author\"},\"image\":{\"@type\":\"ImageObject\",\"url\":\"https:\\\/\\\/vocesdelaregion.com\\\/wp-content\\\/uploads\\\/2026\\\/09\\\/Se-fugo-tras-un-permiso-administrativo-de-72-horas-scaled.jpeg\",\"@id\":\"https:\\\/\\\/vocesdelaregion.com\\\/index.php\\\/2026\\\/08\\\/28\\\/fue-recapturado-un-hombre-requerido-para-cumplir-condena-de-mas-de-siete-anos-de-prision\\\/#mainImage\",\"width\":2560,\"height\":1928},\"primaryImageOfPage\":{\"@id\":\"https:\\\/\\\/vocesdelaregion.com\\\/index.php\\\/2026\\\/08\\\/28\\\/fue-recapturado-un-hombre-requerido-para-cumplir-condena-de-mas-de-siete-anos-de-prision\\\/#mainImage\"},\"datePublished\":\"2026-08-28T10:15:00-05:00\",\"dateModified\":\"2026-09-02T12:19:15-05:00\"},{\"@type\":\"WebSite\",\"@id\":\"https:\\\/\\\/vocesdelaregion.com\\\/#website\",\"url\":\"https:\\\/\\\/vocesdelaregion.com\\\/\",\"name\":\"vocesdelaregion.com\",\"description\":\"Lo que pasa en la regi\\u00f3n\",\"inLanguage\":\"es-CO\",\"publisher\":{\"@id\":\"https:\\\/\\\/vocesdelaregion.com\\\/#organization\"}}]}\n\t\t<\/script>\n\t\t<!-- All in One SEO -->\n\n","aioseo_head_json":{"title":"Fue recapturado un hombre requerido para cumplir condena de m\u00e1s de siete a\u00f1os de prisi\u00f3n. - Voces de la Regi\u00f3n","description":"Se fug\u00f3 tras un permiso administrativo de 72 horas La Polic\u00eda Nacional en el departamento de Caldas, mediante actividades de registro, identificaci\u00f3n y consulta de antecedentes, materializ\u00f3 la captura por orden judicial de un ciudadano conocido con el alias de \u201cAlexander\u201d, quien era requerido por las autoridades judiciales para cumplir una condena privativa de la","canonical_url":"https:\/\/vocesdelaregion.com\/index.php\/2026\/08\/28\/fue-recapturado-un-hombre-requerido-para-cumplir-condena-de-mas-de-siete-anos-de-prision\/","robots":"max-image-preview:large","keywords":"","webmasterTools":{"miscellaneous":""},"schema":{"@context":"https:\/\/schema.org","@graph":[{"@type":"BlogPosting","@id":"https:\/\/vocesdelaregion.com\/index.php\/2026\/08\/28\/fue-recapturado-un-hombre-requerido-para-cumplir-condena-de-mas-de-siete-anos-de-prision\/#blogposting","name":"Fue recapturado un hombre requerido para cumplir condena de m\u00e1s de siete a\u00f1os de prisi\u00f3n. - Voces de la Regi\u00f3n","headline":"Fue recapturado un hombre requerido para cumplir condena de m\u00e1s de siete a\u00f1os de prisi\u00f3n.\u00a0","author":{"@id":"https:\/\/vocesdelaregion.com\/index.php\/author\/voces-de-la-region\/#author"},"publisher":{"@id":"https:\/\/vocesdelaregion.com\/#organization"},"image":{"@type":"ImageObject","url":"https:\/\/vocesdelaregion.com\/wp-content\/uploads\/2026\/09\/Se-fugo-tras-un-permiso-administrativo-de-72-horas-scaled.jpeg","width":2560,"height":1928},"datePublished":"2026-08-28T10:15:00-05:00","dateModified":"2026-09-02T12:19:15-05:00","inLanguage":"es-CO","mainEntityOfPage":{"@id":"https:\/\/vocesdelaregion.com\/index.php\/2026\/08\/28\/fue-recapturado-un-hombre-requerido-para-cumplir-condena-de-mas-de-siete-anos-de-prision\/#webpage"},"isPartOf":{"@id":"https:\/\/vocesdelaregion.com\/index.php\/2026\/08\/28\/fue-recapturado-un-hombre-requerido-para-cumplir-condena-de-mas-de-siete-anos-de-prision\/#webpage"},"articleSection":"Judicial, Judiciales Caldas"},{"@type":"BreadcrumbList","@id":"https:\/\/vocesdelaregion.com\/index.php\/2026\/08\/28\/fue-recapturado-un-hombre-requerido-para-cumplir-condena-de-mas-de-siete-anos-de-prision\/#breadcrumblist","itemListElement":[{"@type":"ListItem","@id":"https:\/\/vocesdelaregion.com#listItem","position":1,"name":"Home","item":"https:\/\/vocesdelaregion.com","nextItem":{"@type":"ListItem","@id":"https:\/\/vocesdelaregion.com\/index.php\/category\/judicial\/#listItem","name":"Judicial"}},{"@type":"ListItem","@id":"https:\/\/vocesdelaregion.com\/index.php\/category\/judicial\/#listItem","position":2,"name":"Judicial","item":"https:\/\/vocesdelaregion.com\/index.php\/category\/judicial\/","nextItem":{"@type":"ListItem","@id":"https:\/\/vocesdelaregion.com\/index.php\/category\/judicial\/judiciales-caldas\/#listItem","name":"Judiciales Caldas"},"previousItem":{"@type":"ListItem","@id":"https:\/\/vocesdelaregion.com#listItem","name":"Home"}},{"@type":"ListItem","@id":"https:\/\/vocesdelaregion.com\/index.php\/category\/judicial\/judiciales-caldas\/#listItem","position":3,"name":"Judiciales Caldas","item":"https:\/\/vocesdelaregion.com\/index.php\/category\/judicial\/judiciales-caldas\/","nextItem":{"@type":"ListItem","@id":"https:\/\/vocesdelaregion.com\/index.php\/2026\/08\/28\/fue-recapturado-un-hombre-requerido-para-cumplir-condena-de-mas-de-siete-anos-de-prision\/#listItem","name":"Fue recapturado un hombre requerido para cumplir condena de m\u00e1s de siete a\u00f1os de prisi\u00f3n.\u00a0"},"previousItem":{"@type":"ListItem","@id":"https:\/\/vocesdelaregion.com\/index.php\/category\/judicial\/#listItem","name":"Judicial"}},{"@type":"ListItem","@id":"https:\/\/vocesdelaregion.com\/index.php\/2026\/08\/28\/fue-recapturado-un-hombre-requerido-para-cumplir-condena-de-mas-de-siete-anos-de-prision\/#listItem","position":4,"name":"Fue recapturado un hombre requerido para cumplir condena de m\u00e1s de siete a\u00f1os de prisi\u00f3n.\u00a0","previousItem":{"@type":"ListItem","@id":"https:\/\/vocesdelaregion.com\/index.php\/category\/judicial\/judiciales-caldas\/#listItem","name":"Judiciales Caldas"}}]},{"@type":"Organization","@id":"https:\/\/vocesdelaregion.com\/#organization","name":"vocesdelaregion.com","description":"Lo que pasa en la regi\u00f3n","url":"https:\/\/vocesdelaregion.com\/","telephone":"+573116111583","logo":{"@type":"ImageObject","url":"https:\/\/vocesdelaregion.com\/wp-content\/uploads\/2023\/09\/LOGO-VOCES-DE-LA-REGION.png","@id":"https:\/\/vocesdelaregion.com\/index.php\/2026\/08\/28\/fue-recapturado-un-hombre-requerido-para-cumplir-condena-de-mas-de-siete-anos-de-prision\/#organizationLogo","width":1300,"height":600},"image":{"@id":"https:\/\/vocesdelaregion.com\/index.php\/2026\/08\/28\/fue-recapturado-un-hombre-requerido-para-cumplir-condena-de-mas-de-siete-anos-de-prision\/#organizationLogo"},"sameAs":["https:\/\/facebook.com\/VocesDeLaRegion","https:\/\/twitter.com\/VocesDeLaRegion","https:\/\/instagram.com\/VocesDeLaRegion"]},{"@type":"Person","@id":"https:\/\/vocesdelaregion.com\/index.php\/author\/voces-de-la-region\/#author","url":"https:\/\/vocesdelaregion.com\/index.php\/author\/voces-de-la-region\/","name":"Voces de la Regi\u00f3n","image":{"@type":"ImageObject","@id":"https:\/\/vocesdelaregion.com\/index.php\/2026\/08\/28\/fue-recapturado-un-hombre-requerido-para-cumplir-condena-de-mas-de-siete-anos-de-prision\/#authorImage","url":"https:\/\/secure.gravatar.com\/avatar\/c827267e427bf3aa88989aab4d31884776220d82096001788e3fe788dc1c5ab9?s=96&d=mm&r=g","width":96,"height":96,"caption":"Voces de la Regi\u00f3n"}},{"@type":"WebPage","@id":"https:\/\/vocesdelaregion.com\/index.php\/2026\/08\/28\/fue-recapturado-un-hombre-requerido-para-cumplir-condena-de-mas-de-siete-anos-de-prision\/#webpage","url":"https:\/\/vocesdelaregion.com\/index.php\/2026\/08\/28\/fue-recapturado-un-hombre-requerido-para-cumplir-condena-de-mas-de-siete-anos-de-prision\/","name":"Fue recapturado un hombre requerido para cumplir condena de m\u00e1s de siete a\u00f1os de prisi\u00f3n. - Voces de la Regi\u00f3n","description":"Se fug\u00f3 tras un permiso administrativo de 72 horas La Polic\u00eda Nacional en el departamento de Caldas, mediante actividades de registro, identificaci\u00f3n y consulta de antecedentes, materializ\u00f3 la captura por orden judicial de un ciudadano conocido con el alias de \u201cAlexander\u201d, quien era requerido por las autoridades judiciales para cumplir una condena privativa de la","inLanguage":"es-CO","isPartOf":{"@id":"https:\/\/vocesdelaregion.com\/#website"},"breadcrumb":{"@id":"https:\/\/vocesdelaregion.com\/index.php\/2026\/08\/28\/fue-recapturado-un-hombre-requerido-para-cumplir-condena-de-mas-de-siete-anos-de-prision\/#breadcrumblist"},"author":{"@id":"https:\/\/vocesdelaregion.com\/index.php\/author\/voces-de-la-region\/#author"},"creator":{"@id":"https:\/\/vocesdelaregion.com\/index.php\/author\/voces-de-la-region\/#author"},"image":{"@type":"ImageObject","url":"https:\/\/vocesdelaregion.com\/wp-content\/uploads\/2026\/09\/Se-fugo-tras-un-permiso-administrativo-de-72-horas-scaled.jpeg","@id":"https:\/\/vocesdelaregion.com\/index.php\/2026\/08\/28\/fue-recapturado-un-hombre-requerido-para-cumplir-condena-de-mas-de-siete-anos-de-prision\/#mainImage","width":2560,"height":1928},"primaryImageOfPage":{"@id":"https:\/\/vocesdelaregion.com\/index.php\/2026\/08\/28\/fue-recapturado-un-hombre-requerido-para-cumplir-condena-de-mas-de-siete-anos-de-prision\/#mainImage"},"datePublished":"2026-08-28T10:15:00-05:00","dateModified":"2026-09-02T12:19:15-05:00"},{"@type":"WebSite","@id":"https:\/\/vocesdelaregion.com\/#website","url":"https:\/\/vocesdelaregion.com\/","name":"vocesdelaregion.com","description":"Lo que pasa en la regi\u00f3n","inLanguage":"es-CO","publisher":{"@id":"https:\/\/vocesdelaregion.com\/#organization"}}]},"og:locale":"es_ES","og:site_name":"Voces de la Regi\u00f3n - Lo que pasa en la regi\u00f3n","og:type":"article","og:title":"Fue recapturado un hombre requerido para cumplir condena de m\u00e1s de siete a\u00f1os de prisi\u00f3n. - Voces de la Regi\u00f3n","og:description":"Se fug\u00f3 tras un permiso administrativo de 72 horas La Polic\u00eda Nacional en el departamento de Caldas, mediante actividades de registro, identificaci\u00f3n y consulta de antecedentes, materializ\u00f3 la captura por orden judicial de un ciudadano conocido con el alias de \u201cAlexander\u201d, quien era requerido por las autoridades judiciales para cumplir una condena privativa de la","og:url":"https:\/\/vocesdelaregion.com\/index.php\/2026\/08\/28\/fue-recapturado-un-hombre-requerido-para-cumplir-condena-de-mas-de-siete-anos-de-prision\/","og:image":"https:\/\/vocesdelaregion.com\/wp-content\/uploads\/2026\/09\/Se-fugo-tras-un-permiso-administrativo-de-72-horas-scaled.jpeg","og:image:secure_url":"https:\/\/vocesdelaregion.com\/wp-content\/uploads\/2026\/09\/Se-fugo-tras-un-permiso-administrativo-de-72-horas-scaled.jpeg","og:image:width":2560,"og:image:height":1928,"article:tag":["judicial","judiciales caldas"],"article:published_time":"2026-08-28T15:15:00+00:00","article:modified_time":"2026-09-02T17:19:15+00:00","article:publisher":"https:\/\/facebook.com\/VocesDeLaRegion","twitter:card":"summary_large_image","twitter:site":"@VocesDeLaRegion","twitter:title":"Fue recapturado un hombre requerido para cumplir condena de m\u00e1s de siete a\u00f1os de prisi\u00f3n. - Voces de la Regi\u00f3n","twitter:description":"Se fug\u00f3 tras un permiso administrativo de 72 horas La Polic\u00eda Nacional en el departamento de Caldas, mediante actividades de registro, identificaci\u00f3n y consulta de antecedentes, materializ\u00f3 la captura por orden judicial de un ciudadano conocido con el alias de \u201cAlexander\u201d, quien era requerido por las autoridades judiciales para cumplir una condena privativa de la","twitter:creator":"@VocesDeLaRegion","twitter:image":"https:\/\/vocesdelaregion.com\/wp-content\/uploads\/2026\/09\/Se-fugo-tras-un-permiso-administrativo-de-72-horas-scaled.jpeg"},"aioseo_meta_data":{"post_id":"41062","title":null,"description":null,"keywords":null,"keyphrases":{"focus":{"keyphrase":"","score":0,"analysis":{"keyphraseInTitle":{"score":0,"maxScore":9,"error":1}}},"additional":[]},"primary_term":null,"canonical_url":null,"og_title":null,"og_description":null,"og_object_type":"default","og_image_type":"default","og_image_url":null,"og_image_width":null,"og_image_height":null,"og_image_custom_url":null,"og_image_custom_fields":null,"og_video":"","og_custom_url":null,"og_article_section":null,"og_article_tags":null,"twitter_use_og":false,"twitter_card":"default","twitter_image_type":"default","twitter_image_url":null,"twitter_image_custom_url":null,"twitter_image_custom_fields":null,"twitter_title":null,"twitter_description":null,"schema":{"blockGraphs":[],"customGraphs":[],"default":{"data":{"Article":[],"Course":[],"Dataset":[],"FAQPage":[],"Movie":[],"Person":[],"Product":[],"ProductReview":[],"Car":[],"Recipe":[],"Service":[],"SoftwareApplication":[],"WebPage":[]},"graphName":"BlogPosting","isEnabled":true},"graphs":[]},"schema_type":"default","schema_type_options":null,"pillar_content":false,"robots_default":true,"robots_noindex":false,"robots_noarchive":false,"robots_nosnippet":false,"robots_nofollow":false,"robots_noimageindex":false,"robots_noodp":false,"robots_notranslate":false,"robots_max_snippet":"-1","robots_max_videopreview":"-1","robots_max_imagepreview":"large","priority":null,"frequency":"default","local_seo":null,"breadcrumb_settings":null,"limit_modified_date":false,"ai":{"faqs":[],"keyPoints":[],"schemas":[],"titles":[],"descriptions":[],"socialPosts":{"email":{"subject":"","preview":"","content":""},"linkedin":[],"twitter":[],"facebook":[],"instagram":[]}},"created":"2026-09-02 17:19:15","updated":"2026-09-02 18:04:55","seo_analyzer_scan_date":null,"focus_keyword":null,"additional_keywords":null,"truseo_locale":null},"aioseo_breadcrumb":"<div class=\"aioseo-breadcrumbs\"><span class=\"aioseo-breadcrumb\">\n\t\t\t<a href=\"https:\/\/vocesdelaregion.com\" title=\"Home\">Home<\/a>\n\t\t<\/span><span class=\"aioseo-breadcrumb-separator\">\u00bb<\/span><span class=\"aioseo-breadcrumb\">\n\t\t\t<a href=\"https:\/\/vocesdelaregion.com\/index.php\/category\/judicial\/\" title=\"Judicial\">Judicial<\/a>\n\t\t<\/span><span class=\"aioseo-breadcrumb-separator\">\u00bb<\/span><span class=\"aioseo-breadcrumb\">\n\t\t\t<a href=\"https:\/\/vocesdelaregion.com\/index.php\/category\/judicial\/judiciales-caldas\/\" title=\"Judiciales Caldas\">Judiciales Caldas<\/a>\n\t\t<\/span><span class=\"aioseo-breadcrumb-separator\">\u00bb<\/span><span class=\"aioseo-breadcrumb\">\n\t\t\tFue recapturado un hombre requerido para cumplir condena de m\u00e1s de siete a\u00f1os de prisi\u00f3n. \n\t\t<\/span><\/div>","aioseo_breadcrumb_json":[{"label":"Home","link":"https:\/\/vocesdelaregion.com"},{"label":"Judicial","link":"https:\/\/vocesdelaregion.com\/index.php\/category\/judicial\/"},{"label":"Judiciales Caldas","link":"https:\/\/vocesdelaregion.com\/index.php\/category\/judicial\/judiciales-caldas\/"},{"label":"Fue recapturado un hombre requerido para cumplir condena de m\u00e1s de siete a\u00f1os de prisi\u00f3n.\u00a0","link":"https:\/\/vocesdelaregion.com\/index.php\/2026\/08\/28\/fue-recapturado-un-hombre-requerido-para-cumplir-condena-de-mas-de-siete-anos-de-prision\/"}],"blog_post_layout_featured_media_urls":{"thumbnail":["https:\/\/vocesdelaregion.com\/wp-content\/uploads\/2026\/09\/Se-fugo-tras-un-permiso-administrativo-de-72-horas-150x150.jpeg",150,150,true],"full":["https:\/\/vocesdelaregion.com\/wp-content\/uploads\/2026\/09\/Se-fugo-tras-un-permiso-administrativo-de-72-horas-scaled.jpeg",2560,1928,false]},"categories_names":{"25":{"name":"Judicial","link":"https:\/\/vocesdelaregion.com\/index.php\/category\/judicial\/"},"359":{"name":"Judiciales Caldas","link":"https:\/\/vocesdelaregion.com\/index.php\/category\/judicial\/judiciales-caldas\/"}},"tags_names":[],"comments_number":"0","wpmagazine_modules_lite_featured_media_urls":{"thumbnail":["https:\/\/vocesdelaregion.com\/wp-content\/uploads\/2026\/09\/Se-fugo-tras-un-permiso-administrativo-de-72-horas-150x150.jpeg",150,150,true],"cvmm-medium":["https:\/\/vocesdelaregion.com\/wp-content\/uploads\/2026\/09\/Se-fugo-tras-un-permiso-administrativo-de-72-horas-300x300.jpeg",300,300,true],"cvmm-medium-plus":["https:\/\/vocesdelaregion.com\/wp-content\/uploads\/2026\/09\/Se-fugo-tras-un-permiso-administrativo-de-72-horas-305x207.jpeg",305,207,true],"cvmm-portrait":["https:\/\/vocesdelaregion.com\/wp-content\/uploads\/2026\/09\/Se-fugo-tras-un-permiso-administrativo-de-72-horas-400x600.jpeg",400,600,true],"cvmm-medium-square":["https:\/\/vocesdelaregion.com\/wp-content\/uploads\/2026\/09\/Se-fugo-tras-un-permiso-administrativo-de-72-horas-600x600.jpeg",600,600,true],"cvmm-large":["https:\/\/vocesdelaregion.com\/wp-content\/uploads\/2026\/09\/Se-fugo-tras-un-permiso-administrativo-de-72-horas-1024x1024.jpeg",1024,1024,true],"cvmm-small":["https:\/\/vocesdelaregion.com\/wp-content\/uploads\/2026\/09\/Se-fugo-tras-un-permiso-administrativo-de-72-horas-130x95.jpeg",130,95,true],"full":["https:\/\/vocesdelaregion.com\/wp-content\/uploads\/2026\/09\/Se-fugo-tras-un-permiso-administrativo-de-72-horas-scaled.jpeg",2560,1928,false]},"_links":{"self":[{"href":"https:\/\/vocesdelaregion.com\/index.php\/wp-json\/wp\/v2\/posts\/41062","targetHints":{"allow":["GET"]}}],"collection":[{"href":"https:\/\/vocesdelaregion.com\/index.php\/wp-json\/wp\/v2\/posts"}],"about":[{"href":"https:\/\/vocesdelaregion.com\/index.php\/wp-json\/wp\/v2\/types\/post"}],"author":[{"embeddable":true,"href":"https:\/\/vocesdelaregion.com\/index.php\/wp-json\/wp\/v2\/users\/3"}],"replies":[{"embeddable":true,"href":"https:\/\/vocesdelaregion.com\/index.php\/wp-json\/wp\/v2\/comments?post=41062"}],"version-history":[{"count":1,"href":"https:\/\/vocesdelaregion.com\/index.php\/wp-json\/wp\/v2\/posts\/41062\/revisions"}],"predecessor-version":[{"id":41066,"href":"https:\/\/vocesdelaregion.com\/index.php\/wp-json\/wp\/v2\/posts\/41062\/revisions\/41066"}],"wp:featuredmedia":[{"embeddable":true,"href":"https:\/\/vocesdelaregion.com\/index.php\/wp-json\/wp\/v2\/media\/41064"}],"wp:attachment":[{"href":"https:\/\/vocesdelaregion.com\/index.php\/wp-json\/wp\/v2\/media?parent=41062"}],"wp:term":[{"taxonomy":"category","embeddable":true,"href":"https:\/\/vocesdelaregion.com\/index.php\/wp-json\/wp\/v2\/categories?post=41062"},{"taxonomy":"post_tag","embeddable":true,"href":"https:\/\/vocesdelaregion.com\/index.php\/wp-json\/wp\/v2\/tags?post=41062"}],"curies":[{"name":"wp","href":"https:\/\/api.w.org\/{rel}","templated":true}]}}