{"id":41050,"date":"2026-08-31T06:04:00","date_gmt":"2026-08-31T11:04:00","guid":{"rendered":"https:\/\/vocesdelaregion.com\/?p=41050"},"modified":"2026-09-02T12:13:08","modified_gmt":"2026-09-02T17:13:08","slug":"43-capturados-y-185-armas-cortopunzantes-incautadas-la-policia-fortalece-la-seguridad-en-manizales-y-villamaria","status":"publish","type":"post","link":"https:\/\/vocesdelaregion.com\/index.php\/2026\/08\/31\/43-capturados-y-185-armas-cortopunzantes-incautadas-la-policia-fortalece-la-seguridad-en-manizales-y-villamaria\/","title":{"rendered":"43 capturados y 185 armas cortopunzantes incautadas: la polic\u00eda fortalece la seguridad en Manizales y Villamar\u00eda"},"content":{"rendered":"\n<p class=\"wp-block-paragraph\">La oportuna reacci\u00f3n de la Polic\u00eda y el trabajo articulado con la comunidad y las autoridades permitieron importantes resultados operativos durante la \u00faltima semana.<\/p><div class=\"voces-contenido-2-2 voces-entity-placement\" id=\"voces-761213082\"><div class=\"voces-adlabel\">Publicidad<\/div><div id=\"voces-3720612162\"><img src=\"https:\/\/vocesdelaregion.com\/wp-content\/uploads\/2026\/08\/778779382_18613609999011644_5849563138792472294_n.jpg\" alt=\"\"  srcset=\"https:\/\/vocesdelaregion.com\/wp-content\/uploads\/2026\/08\/778779382_18613609999011644_5849563138792472294_n.jpg 1350w, https:\/\/vocesdelaregion.com\/wp-content\/uploads\/2026\/08\/778779382_18613609999011644_5849563138792472294_n-240x300.jpg 240w, https:\/\/vocesdelaregion.com\/wp-content\/uploads\/2026\/08\/778779382_18613609999011644_5849563138792472294_n-819x1024.jpg 819w, https:\/\/vocesdelaregion.com\/wp-content\/uploads\/2026\/08\/778779382_18613609999011644_5849563138792472294_n-768x960.jpg 768w, https:\/\/vocesdelaregion.com\/wp-content\/uploads\/2026\/08\/778779382_18613609999011644_5849563138792472294_n-1228x1536.jpg 1228w\" sizes=\"(max-width: 1350px) 100vw, 1350px\" width=\"1350\" height=\"1688\"   \/><\/div><\/div>\n\n\n\n<p class=\"wp-block-paragraph\">Durante la \u00faltima semana, la Polic\u00eda Metropolitana fortaleci\u00f3 los controles operativos y preventivos, logrando adem\u00e1s la incautaci\u00f3n de un arma de fuego y la atenci\u00f3n de m\u00e1s de 2.267 llamadas a la l\u00ednea 123.<\/p>\n\n\n\n<figure class=\"wp-block-gallery has-nested-images columns-default is-cropped wp-block-gallery-1 is-layout-flex wp-block-gallery-is-layout-flex\">\n<figure class=\"wp-block-image size-large\"><img fetchpriority=\"high\" decoding=\"async\" width=\"1024\" height=\"768\" data-id=\"41059\" src=\"https:\/\/vocesdelaregion.com\/wp-content\/uploads\/2026\/09\/WhatsApp-Image-2026-08-31-at-11.02.05-AM-1024x768.jpeg\" alt=\"\" class=\"wp-image-41059\" srcset=\"https:\/\/vocesdelaregion.com\/wp-content\/uploads\/2026\/09\/WhatsApp-Image-2026-08-31-at-11.02.05-AM-1024x768.jpeg 1024w, https:\/\/vocesdelaregion.com\/wp-content\/uploads\/2026\/09\/WhatsApp-Image-2026-08-31-at-11.02.05-AM-300x225.jpeg 300w, https:\/\/vocesdelaregion.com\/wp-content\/uploads\/2026\/09\/WhatsApp-Image-2026-08-31-at-11.02.05-AM-768x576.jpeg 768w, https:\/\/vocesdelaregion.com\/wp-content\/uploads\/2026\/09\/WhatsApp-Image-2026-08-31-at-11.02.05-AM-1536x1152.jpeg 1536w, https:\/\/vocesdelaregion.com\/wp-content\/uploads\/2026\/09\/WhatsApp-Image-2026-08-31-at-11.02.05-AM-136x102.jpeg 136w, https:\/\/vocesdelaregion.com\/wp-content\/uploads\/2026\/09\/WhatsApp-Image-2026-08-31-at-11.02.05-AM.jpeg 1600w\" sizes=\"(max-width: 1024px) 100vw, 1024px\" \/><\/figure>\n\n\n\n<figure class=\"wp-block-image size-large\"><img decoding=\"async\" width=\"1024\" height=\"656\" data-id=\"41058\" src=\"https:\/\/vocesdelaregion.com\/wp-content\/uploads\/2026\/09\/WhatsApp-Image-2026-08-31-at-11.02.05-AM-1-1024x656.jpeg\" alt=\"\" class=\"wp-image-41058\" srcset=\"https:\/\/vocesdelaregion.com\/wp-content\/uploads\/2026\/09\/WhatsApp-Image-2026-08-31-at-11.02.05-AM-1-1024x656.jpeg 1024w, https:\/\/vocesdelaregion.com\/wp-content\/uploads\/2026\/09\/WhatsApp-Image-2026-08-31-at-11.02.05-AM-1-300x192.jpeg 300w, https:\/\/vocesdelaregion.com\/wp-content\/uploads\/2026\/09\/WhatsApp-Image-2026-08-31-at-11.02.05-AM-1-768x492.jpeg 768w, https:\/\/vocesdelaregion.com\/wp-content\/uploads\/2026\/09\/WhatsApp-Image-2026-08-31-at-11.02.05-AM-1.jpeg 1032w\" sizes=\"(max-width: 1024px) 100vw, 1024px\" \/><\/figure>\n\n\n\n<figure class=\"wp-block-image size-large\"><img decoding=\"async\" width=\"1024\" height=\"576\" data-id=\"41057\" src=\"https:\/\/vocesdelaregion.com\/wp-content\/uploads\/2026\/09\/WhatsApp-Image-2026-08-31-at-11.02.15-AM-1024x576.jpeg\" alt=\"\" class=\"wp-image-41057\" srcset=\"https:\/\/vocesdelaregion.com\/wp-content\/uploads\/2026\/09\/WhatsApp-Image-2026-08-31-at-11.02.15-AM-1024x576.jpeg 1024w, https:\/\/vocesdelaregion.com\/wp-content\/uploads\/2026\/09\/WhatsApp-Image-2026-08-31-at-11.02.15-AM-300x169.jpeg 300w, https:\/\/vocesdelaregion.com\/wp-content\/uploads\/2026\/09\/WhatsApp-Image-2026-08-31-at-11.02.15-AM-768x432.jpeg 768w, https:\/\/vocesdelaregion.com\/wp-content\/uploads\/2026\/09\/WhatsApp-Image-2026-08-31-at-11.02.15-AM.jpeg 1280w\" sizes=\"(max-width: 1024px) 100vw, 1024px\" \/><\/figure>\n<\/figure>\n\n\n\n<p class=\"wp-block-paragraph\">Manizales: la Polic\u00eda Metropolitana de Manizales presenta el balance operativo correspondiente a la semana comprendida entre el 24 y el 30 de agosto de 2026, periodo en el que, mediante el despliegue de acciones preventivas, operativas e investigativas, se obtuvieron importantes resultados contra el delito y en favor de la seguridad y convivencia ciudadana.<\/p>\n\n\n\n<p class=\"wp-block-paragraph\">Durante este periodo fueron capturadas 43 personas por diferentes delitos, entre ellos, tr\u00e1fico, fabricaci\u00f3n o porte de estupefacientes, violencia intrafamiliar agravada, fabricaci\u00f3n, tr\u00e1fico o porte de armas de fuego, hurto calificado y agravado, violaci\u00f3n de habitaci\u00f3n ajena, lesiones personales.<\/p>\n\n\n\n<p class=\"wp-block-paragraph\">De igual manera, en los diferentes procedimientos policiales se incautaron 185 armas cortopunzantes y un arma de fogueo, evitando que estos elementos fueran utilizados para afectar la integridad de los ciudadanos. Asimismo, se impusieron 298 \u00f3rdenes de comparendo por comportamientos contrarios a la convivencia y se realizaron 35 traslados al Centro Transitorio por Protecci\u00f3n (CTP).<\/p>\n\n\n\n<figure class=\"wp-block-gallery has-nested-images columns-default is-cropped wp-block-gallery-2 is-layout-flex wp-block-gallery-is-layout-flex\">\n<figure class=\"wp-block-image size-large\"><img loading=\"lazy\" decoding=\"async\" width=\"1024\" height=\"576\" data-id=\"41056\" src=\"https:\/\/vocesdelaregion.com\/wp-content\/uploads\/2026\/09\/WhatsApp-Image-2026-08-31-at-11.02.15-AM-1-1024x576.jpeg\" alt=\"\" class=\"wp-image-41056\" srcset=\"https:\/\/vocesdelaregion.com\/wp-content\/uploads\/2026\/09\/WhatsApp-Image-2026-08-31-at-11.02.15-AM-1-1024x576.jpeg 1024w, https:\/\/vocesdelaregion.com\/wp-content\/uploads\/2026\/09\/WhatsApp-Image-2026-08-31-at-11.02.15-AM-1-300x169.jpeg 300w, https:\/\/vocesdelaregion.com\/wp-content\/uploads\/2026\/09\/WhatsApp-Image-2026-08-31-at-11.02.15-AM-1-768x432.jpeg 768w, https:\/\/vocesdelaregion.com\/wp-content\/uploads\/2026\/09\/WhatsApp-Image-2026-08-31-at-11.02.15-AM-1.jpeg 1280w\" sizes=\"(max-width: 1024px) 100vw, 1024px\" \/><\/figure>\n\n\n\n<figure class=\"wp-block-image size-large\"><img loading=\"lazy\" decoding=\"async\" width=\"1024\" height=\"576\" data-id=\"41055\" src=\"https:\/\/vocesdelaregion.com\/wp-content\/uploads\/2026\/09\/WhatsApp-Image-2026-08-31-at-11.02.15-AM-2-1024x576.jpeg\" alt=\"\" class=\"wp-image-41055\" srcset=\"https:\/\/vocesdelaregion.com\/wp-content\/uploads\/2026\/09\/WhatsApp-Image-2026-08-31-at-11.02.15-AM-2-1024x576.jpeg 1024w, https:\/\/vocesdelaregion.com\/wp-content\/uploads\/2026\/09\/WhatsApp-Image-2026-08-31-at-11.02.15-AM-2-300x169.jpeg 300w, https:\/\/vocesdelaregion.com\/wp-content\/uploads\/2026\/09\/WhatsApp-Image-2026-08-31-at-11.02.15-AM-2-768x432.jpeg 768w, https:\/\/vocesdelaregion.com\/wp-content\/uploads\/2026\/09\/WhatsApp-Image-2026-08-31-at-11.02.15-AM-2.jpeg 1280w\" sizes=\"(max-width: 1024px) 100vw, 1024px\" \/><\/figure>\n\n\n\n<figure class=\"wp-block-image size-large\"><img loading=\"lazy\" decoding=\"async\" width=\"1024\" height=\"576\" data-id=\"41054\" src=\"https:\/\/vocesdelaregion.com\/wp-content\/uploads\/2026\/09\/WhatsApp-Image-2026-08-31-at-11.02.15-AM-3-1024x576.jpeg\" alt=\"\" class=\"wp-image-41054\" srcset=\"https:\/\/vocesdelaregion.com\/wp-content\/uploads\/2026\/09\/WhatsApp-Image-2026-08-31-at-11.02.15-AM-3-1024x576.jpeg 1024w, https:\/\/vocesdelaregion.com\/wp-content\/uploads\/2026\/09\/WhatsApp-Image-2026-08-31-at-11.02.15-AM-3-300x169.jpeg 300w, https:\/\/vocesdelaregion.com\/wp-content\/uploads\/2026\/09\/WhatsApp-Image-2026-08-31-at-11.02.15-AM-3-768x432.jpeg 768w, https:\/\/vocesdelaregion.com\/wp-content\/uploads\/2026\/09\/WhatsApp-Image-2026-08-31-at-11.02.15-AM-3.jpeg 1280w\" sizes=\"(max-width: 1024px) 100vw, 1024px\" \/><\/figure>\n<\/figure>\n\n\n\n<p class=\"wp-block-paragraph\">La l\u00ednea de emergencia 123 recibi\u00f3 durante la semana un total de 2.267 llamadas, entre las que se destacan 255 reportes por ri\u00f1as, 81 por violencia intrafamiliar y 353 casos relacionados con alteraci\u00f3n de la tranquilidad ciudadana, evidenciando la importancia de este canal para la atenci\u00f3n oportuna de las situaciones que afectan la convivencia.<\/p>\n\n\n\n<p class=\"wp-block-paragraph\">Entre las acciones desarrolladas durante la \u00faltima semana se destacan:<\/p>\n\n\n\n<p class=\"wp-block-paragraph\">En tiempo r\u00e9cord, se hicieron efectivas las ordenes de captura de \u201cGafas\u201d y \u201cEl Rapero\u201d presuntos responsables de hechos de terrorismo en la ciudad de Manizales.<\/p>\n\n\n\n<figure class=\"wp-block-gallery has-nested-images columns-default is-cropped wp-block-gallery-3 is-layout-flex wp-block-gallery-is-layout-flex\">\n<figure class=\"wp-block-image size-large\"><img loading=\"lazy\" decoding=\"async\" width=\"1024\" height=\"576\" data-id=\"41052\" src=\"https:\/\/vocesdelaregion.com\/wp-content\/uploads\/2026\/09\/WhatsApp-Image-2026-08-31-at-11.02.16-AM-1-1024x576.jpeg\" alt=\"\" class=\"wp-image-41052\" srcset=\"https:\/\/vocesdelaregion.com\/wp-content\/uploads\/2026\/09\/WhatsApp-Image-2026-08-31-at-11.02.16-AM-1-1024x576.jpeg 1024w, https:\/\/vocesdelaregion.com\/wp-content\/uploads\/2026\/09\/WhatsApp-Image-2026-08-31-at-11.02.16-AM-1-300x169.jpeg 300w, https:\/\/vocesdelaregion.com\/wp-content\/uploads\/2026\/09\/WhatsApp-Image-2026-08-31-at-11.02.16-AM-1-768x432.jpeg 768w, https:\/\/vocesdelaregion.com\/wp-content\/uploads\/2026\/09\/WhatsApp-Image-2026-08-31-at-11.02.16-AM-1.jpeg 1280w\" sizes=\"(max-width: 1024px) 100vw, 1024px\" \/><\/figure>\n\n\n\n<figure class=\"wp-block-image size-large\"><img loading=\"lazy\" decoding=\"async\" width=\"1024\" height=\"576\" data-id=\"41053\" src=\"https:\/\/vocesdelaregion.com\/wp-content\/uploads\/2026\/09\/WhatsApp-Image-2026-08-31-at-11.02.16-AM-1024x576.jpeg\" alt=\"\" class=\"wp-image-41053\" srcset=\"https:\/\/vocesdelaregion.com\/wp-content\/uploads\/2026\/09\/WhatsApp-Image-2026-08-31-at-11.02.16-AM-1024x576.jpeg 1024w, https:\/\/vocesdelaregion.com\/wp-content\/uploads\/2026\/09\/WhatsApp-Image-2026-08-31-at-11.02.16-AM-300x169.jpeg 300w, https:\/\/vocesdelaregion.com\/wp-content\/uploads\/2026\/09\/WhatsApp-Image-2026-08-31-at-11.02.16-AM-768x432.jpeg 768w, https:\/\/vocesdelaregion.com\/wp-content\/uploads\/2026\/09\/WhatsApp-Image-2026-08-31-at-11.02.16-AM.jpeg 1280w\" sizes=\"(max-width: 1024px) 100vw, 1024px\" \/><\/figure>\n<\/figure>\n\n\n\n<p class=\"wp-block-paragraph\">Fue desarticulado un grupo delincuencial dedicado al hurto mediante la modalidad de \u201ccocheo\u201d en Manizales, fueron capturadas tres personas y estar\u00edan vinculadas por lo menos en 10 casos de hurto en la ciudad.<br>Se dio captura por orden judicial de un sujeto por hurto calificado y agravado presunto responsable al hurto del establecimiento comercial \u201cValenbrown\u201d<\/p>\n\n\n\n<p class=\"wp-block-paragraph\">En el desarrollo de la operaci\u00f3n \u201cLos Peones\u201d fueron capturadas cuatro personas por hurto a residencias en Manizales.<\/p>\n\n\n\n<p class=\"wp-block-paragraph\">El se\u00f1or Teniente Coronel Edward Mauricio D\u00e1vila S\u00e1nchez, manifest\u00f3; \u201cContinuamos fortaleciendo nuestra presencia en Manizales y Villamar\u00eda, obteniendo resultados importantes contra el delito. La colaboraci\u00f3n de la ciudadan\u00eda es clave para reaccionar oportunamente y seguir trabajando por la seguridad y tranquilidad de nuestros ciudadanos.\u201d<\/p>\n\n\n\n<figure class=\"wp-block-video\"><video height=\"576\" style=\"aspect-ratio: 1024 \/ 576;\" width=\"1024\" controls src=\"https:\/\/vocesdelaregion.com\/wp-content\/uploads\/2026\/09\/WhatsApp-Video-2026-08-31-at-11.03.34-AM.mp4\"><\/video><figcaption class=\"wp-element-caption\">Teniente Coronel Edward Mauricio D\u00e1vila S\u00e1nchez, comandante (e) Polic\u00eda Metropolitana de Manizales<\/figcaption><\/figure>\n\n\n\n<p class=\"wp-block-paragraph\">La Polic\u00eda Nacional continuar\u00e1 desarrollando acciones operativas y preventivas en Manizales y Villamar\u00eda, fortaleciendo la presencia institucional y articulando esfuerzos con las autoridades locales para garantizar entornos m\u00e1s seguros para todos.<\/p>\n","protected":false},"excerpt":{"rendered":"<p>La oportuna reacci\u00f3n de la Polic\u00eda y el trabajo articulado con la comunidad y las autoridades permitieron importantes resultados operativos durante la \u00faltima semana. Durante la \u00faltima semana, la Polic\u00eda Metropolitana fortaleci\u00f3 los controles operativos y preventivos, logrando adem\u00e1s la incautaci\u00f3n de un arma de fuego y la atenci\u00f3n de m\u00e1s de 2.267 llamadas a [&hellip;]<\/p>\n","protected":false},"author":3,"featured_media":41060,"comment_status":"closed","ping_status":"closed","sticky":false,"template":"","format":"standard","meta":{"om_disable_all_campaigns":false,"_monsterinsights_skip_tracking":false,"_uf_show_specific_survey":0,"_uf_disable_surveys":false,"footnotes":""},"categories":[25,359],"tags":[],"class_list":["post-41050","post","type-post","status-publish","format-standard","has-post-thumbnail","hentry","category-judicial","category-judiciales-caldas"],"aioseo_notices":[],"aioseo_head":"\n\t\t<!-- All in One SEO 5.0.1.1 - aioseo.com -->\n\t<meta name=\"description\" content=\"La oportuna reacci\u00f3n de la Polic\u00eda y el trabajo articulado con la comunidad y las autoridades permitieron importantes resultados operativos durante la \u00faltima semana. Durante la \u00faltima semana, la Polic\u00eda Metropolitana fortaleci\u00f3 los controles operativos y preventivos, logrando adem\u00e1s la incautaci\u00f3n de un arma de fuego y la atenci\u00f3n de m\u00e1s de 2.267 llamadas a\" \/>\n\t<meta name=\"robots\" content=\"max-image-preview:large\" \/>\n\t<meta name=\"author\" content=\"Voces de la Regi\u00f3n\"\/>\n\t<link rel=\"canonical\" href=\"https:\/\/vocesdelaregion.com\/index.php\/2026\/08\/31\/43-capturados-y-185-armas-cortopunzantes-incautadas-la-policia-fortalece-la-seguridad-en-manizales-y-villamaria\/\" \/>\n\t<meta name=\"generator\" content=\"All in One SEO (AIOSEO) 5.0.1.1\" \/>\n\t\t<meta property=\"og:locale\" content=\"es_ES\" \/>\n\t\t<meta property=\"og:site_name\" content=\"Voces de la Regi\u00f3n - Lo que pasa en la regi\u00f3n\" \/>\n\t\t<meta property=\"og:type\" content=\"article\" \/>\n\t\t<meta property=\"og:title\" content=\"43 capturados y 185 armas cortopunzantes incautadas: la polic\u00eda fortalece la seguridad en Manizales y Villamar\u00eda - Voces de la Regi\u00f3n\" \/>\n\t\t<meta property=\"og:description\" content=\"La oportuna reacci\u00f3n de la Polic\u00eda y el trabajo articulado con la comunidad y las autoridades permitieron importantes resultados operativos durante la \u00faltima semana. Durante la \u00faltima semana, la Polic\u00eda Metropolitana fortaleci\u00f3 los controles operativos y preventivos, logrando adem\u00e1s la incautaci\u00f3n de un arma de fuego y la atenci\u00f3n de m\u00e1s de 2.267 llamadas a\" \/>\n\t\t<meta property=\"og:url\" content=\"https:\/\/vocesdelaregion.com\/index.php\/2026\/08\/31\/43-capturados-y-185-armas-cortopunzantes-incautadas-la-policia-fortalece-la-seguridad-en-manizales-y-villamaria\/\" \/>\n\t\t<meta property=\"og:image\" content=\"https:\/\/vocesdelaregion.com\/wp-content\/uploads\/2026\/09\/WhatsApp-Image-2026-08-31-at-11.02.04-AM.jpeg\" \/>\n\t\t<meta property=\"og:image:secure_url\" content=\"https:\/\/vocesdelaregion.com\/wp-content\/uploads\/2026\/09\/WhatsApp-Image-2026-08-31-at-11.02.04-AM.jpeg\" \/>\n\t\t<meta property=\"og:image:width\" content=\"1600\" \/>\n\t\t<meta property=\"og:image:height\" content=\"1200\" \/>\n\t\t<meta property=\"article:tag\" content=\"judicial\" \/>\n\t\t<meta property=\"article:tag\" content=\"judiciales caldas\" \/>\n\t\t<meta property=\"article:published_time\" content=\"2026-08-31T11:04:00+00:00\" \/>\n\t\t<meta property=\"article:modified_time\" content=\"2026-09-02T17:13:08+00:00\" \/>\n\t\t<meta property=\"article:publisher\" content=\"https:\/\/facebook.com\/VocesDeLaRegion\" \/>\n\t\t<meta name=\"twitter:card\" content=\"summary_large_image\" \/>\n\t\t<meta name=\"twitter:site\" content=\"@VocesDeLaRegion\" \/>\n\t\t<meta name=\"twitter:title\" content=\"43 capturados y 185 armas cortopunzantes incautadas: la polic\u00eda fortalece la seguridad en Manizales y Villamar\u00eda - Voces de la Regi\u00f3n\" \/>\n\t\t<meta name=\"twitter:description\" content=\"La oportuna reacci\u00f3n de la Polic\u00eda y el trabajo articulado con la comunidad y las autoridades permitieron importantes resultados operativos durante la \u00faltima semana. Durante la \u00faltima semana, la Polic\u00eda Metropolitana fortaleci\u00f3 los controles operativos y preventivos, logrando adem\u00e1s la incautaci\u00f3n de un arma de fuego y la atenci\u00f3n de m\u00e1s de 2.267 llamadas a\" \/>\n\t\t<meta name=\"twitter:creator\" content=\"@VocesDeLaRegion\" \/>\n\t\t<meta name=\"twitter:image\" content=\"https:\/\/vocesdelaregion.com\/wp-content\/uploads\/2026\/09\/WhatsApp-Image-2026-08-31-at-11.02.04-AM.jpeg\" \/>\n\t\t<script type=\"application\/ld+json\" class=\"aioseo-schema\">\n\t\t\t{\"@context\":\"https:\\\/\\\/schema.org\",\"@graph\":[{\"@type\":\"BlogPosting\",\"@id\":\"https:\\\/\\\/vocesdelaregion.com\\\/index.php\\\/2026\\\/08\\\/31\\\/43-capturados-y-185-armas-cortopunzantes-incautadas-la-policia-fortalece-la-seguridad-en-manizales-y-villamaria\\\/#blogposting\",\"name\":\"43 capturados y 185 armas cortopunzantes incautadas: la polic\\u00eda fortalece la seguridad en Manizales y Villamar\\u00eda - Voces de la Regi\\u00f3n\",\"headline\":\"43 capturados y 185 armas cortopunzantes incautadas: la polic\\u00eda fortalece la seguridad en Manizales y Villamar\\u00eda\",\"author\":{\"@id\":\"https:\\\/\\\/vocesdelaregion.com\\\/index.php\\\/author\\\/voces-de-la-region\\\/#author\"},\"publisher\":{\"@id\":\"https:\\\/\\\/vocesdelaregion.com\\\/#organization\"},\"image\":{\"@type\":\"ImageObject\",\"url\":\"https:\\\/\\\/vocesdelaregion.com\\\/wp-content\\\/uploads\\\/2026\\\/09\\\/WhatsApp-Image-2026-08-31-at-11.02.04-AM.jpeg\",\"width\":1600,\"height\":1200},\"datePublished\":\"2026-08-31T06:04:00-05:00\",\"dateModified\":\"2026-09-02T12:13:08-05:00\",\"inLanguage\":\"es-CO\",\"mainEntityOfPage\":{\"@id\":\"https:\\\/\\\/vocesdelaregion.com\\\/index.php\\\/2026\\\/08\\\/31\\\/43-capturados-y-185-armas-cortopunzantes-incautadas-la-policia-fortalece-la-seguridad-en-manizales-y-villamaria\\\/#webpage\"},\"isPartOf\":{\"@id\":\"https:\\\/\\\/vocesdelaregion.com\\\/index.php\\\/2026\\\/08\\\/31\\\/43-capturados-y-185-armas-cortopunzantes-incautadas-la-policia-fortalece-la-seguridad-en-manizales-y-villamaria\\\/#webpage\"},\"articleSection\":\"Judicial, Judiciales Caldas\"},{\"@type\":\"BreadcrumbList\",\"@id\":\"https:\\\/\\\/vocesdelaregion.com\\\/index.php\\\/2026\\\/08\\\/31\\\/43-capturados-y-185-armas-cortopunzantes-incautadas-la-policia-fortalece-la-seguridad-en-manizales-y-villamaria\\\/#breadcrumblist\",\"itemListElement\":[{\"@type\":\"ListItem\",\"@id\":\"https:\\\/\\\/vocesdelaregion.com#listItem\",\"position\":1,\"name\":\"Home\",\"item\":\"https:\\\/\\\/vocesdelaregion.com\",\"nextItem\":{\"@type\":\"ListItem\",\"@id\":\"https:\\\/\\\/vocesdelaregion.com\\\/index.php\\\/category\\\/judicial\\\/#listItem\",\"name\":\"Judicial\"}},{\"@type\":\"ListItem\",\"@id\":\"https:\\\/\\\/vocesdelaregion.com\\\/index.php\\\/category\\\/judicial\\\/#listItem\",\"position\":2,\"name\":\"Judicial\",\"item\":\"https:\\\/\\\/vocesdelaregion.com\\\/index.php\\\/category\\\/judicial\\\/\",\"nextItem\":{\"@type\":\"ListItem\",\"@id\":\"https:\\\/\\\/vocesdelaregion.com\\\/index.php\\\/category\\\/judicial\\\/judiciales-caldas\\\/#listItem\",\"name\":\"Judiciales Caldas\"},\"previousItem\":{\"@type\":\"ListItem\",\"@id\":\"https:\\\/\\\/vocesdelaregion.com#listItem\",\"name\":\"Home\"}},{\"@type\":\"ListItem\",\"@id\":\"https:\\\/\\\/vocesdelaregion.com\\\/index.php\\\/category\\\/judicial\\\/judiciales-caldas\\\/#listItem\",\"position\":3,\"name\":\"Judiciales Caldas\",\"item\":\"https:\\\/\\\/vocesdelaregion.com\\\/index.php\\\/category\\\/judicial\\\/judiciales-caldas\\\/\",\"nextItem\":{\"@type\":\"ListItem\",\"@id\":\"https:\\\/\\\/vocesdelaregion.com\\\/index.php\\\/2026\\\/08\\\/31\\\/43-capturados-y-185-armas-cortopunzantes-incautadas-la-policia-fortalece-la-seguridad-en-manizales-y-villamaria\\\/#listItem\",\"name\":\"43 capturados y 185 armas cortopunzantes incautadas: la polic\\u00eda fortalece la seguridad en Manizales y Villamar\\u00eda\"},\"previousItem\":{\"@type\":\"ListItem\",\"@id\":\"https:\\\/\\\/vocesdelaregion.com\\\/index.php\\\/category\\\/judicial\\\/#listItem\",\"name\":\"Judicial\"}},{\"@type\":\"ListItem\",\"@id\":\"https:\\\/\\\/vocesdelaregion.com\\\/index.php\\\/2026\\\/08\\\/31\\\/43-capturados-y-185-armas-cortopunzantes-incautadas-la-policia-fortalece-la-seguridad-en-manizales-y-villamaria\\\/#listItem\",\"position\":4,\"name\":\"43 capturados y 185 armas cortopunzantes incautadas: la polic\\u00eda fortalece la seguridad en Manizales y Villamar\\u00eda\",\"previousItem\":{\"@type\":\"ListItem\",\"@id\":\"https:\\\/\\\/vocesdelaregion.com\\\/index.php\\\/category\\\/judicial\\\/judiciales-caldas\\\/#listItem\",\"name\":\"Judiciales Caldas\"}}]},{\"@type\":\"Organization\",\"@id\":\"https:\\\/\\\/vocesdelaregion.com\\\/#organization\",\"name\":\"vocesdelaregion.com\",\"description\":\"Lo que pasa en la regi\\u00f3n\",\"url\":\"https:\\\/\\\/vocesdelaregion.com\\\/\",\"telephone\":\"+573116111583\",\"logo\":{\"@type\":\"ImageObject\",\"url\":\"https:\\\/\\\/vocesdelaregion.com\\\/wp-content\\\/uploads\\\/2023\\\/09\\\/LOGO-VOCES-DE-LA-REGION.png\",\"@id\":\"https:\\\/\\\/vocesdelaregion.com\\\/index.php\\\/2026\\\/08\\\/31\\\/43-capturados-y-185-armas-cortopunzantes-incautadas-la-policia-fortalece-la-seguridad-en-manizales-y-villamaria\\\/#organizationLogo\",\"width\":1300,\"height\":600},\"image\":{\"@id\":\"https:\\\/\\\/vocesdelaregion.com\\\/index.php\\\/2026\\\/08\\\/31\\\/43-capturados-y-185-armas-cortopunzantes-incautadas-la-policia-fortalece-la-seguridad-en-manizales-y-villamaria\\\/#organizationLogo\"},\"sameAs\":[\"https:\\\/\\\/facebook.com\\\/VocesDeLaRegion\",\"https:\\\/\\\/twitter.com\\\/VocesDeLaRegion\",\"https:\\\/\\\/instagram.com\\\/VocesDeLaRegion\"]},{\"@type\":\"Person\",\"@id\":\"https:\\\/\\\/vocesdelaregion.com\\\/index.php\\\/author\\\/voces-de-la-region\\\/#author\",\"url\":\"https:\\\/\\\/vocesdelaregion.com\\\/index.php\\\/author\\\/voces-de-la-region\\\/\",\"name\":\"Voces de la Regi\\u00f3n\",\"image\":{\"@type\":\"ImageObject\",\"@id\":\"https:\\\/\\\/vocesdelaregion.com\\\/index.php\\\/2026\\\/08\\\/31\\\/43-capturados-y-185-armas-cortopunzantes-incautadas-la-policia-fortalece-la-seguridad-en-manizales-y-villamaria\\\/#authorImage\",\"url\":\"https:\\\/\\\/secure.gravatar.com\\\/avatar\\\/c827267e427bf3aa88989aab4d31884776220d82096001788e3fe788dc1c5ab9?s=96&d=mm&r=g\",\"width\":96,\"height\":96,\"caption\":\"Voces de la Regi\\u00f3n\"}},{\"@type\":\"WebPage\",\"@id\":\"https:\\\/\\\/vocesdelaregion.com\\\/index.php\\\/2026\\\/08\\\/31\\\/43-capturados-y-185-armas-cortopunzantes-incautadas-la-policia-fortalece-la-seguridad-en-manizales-y-villamaria\\\/#webpage\",\"url\":\"https:\\\/\\\/vocesdelaregion.com\\\/index.php\\\/2026\\\/08\\\/31\\\/43-capturados-y-185-armas-cortopunzantes-incautadas-la-policia-fortalece-la-seguridad-en-manizales-y-villamaria\\\/\",\"name\":\"43 capturados y 185 armas cortopunzantes incautadas: la polic\\u00eda fortalece la seguridad en Manizales y Villamar\\u00eda - Voces de la Regi\\u00f3n\",\"description\":\"La oportuna reacci\\u00f3n de la Polic\\u00eda y el trabajo articulado con la comunidad y las autoridades permitieron importantes resultados operativos durante la \\u00faltima semana. Durante la \\u00faltima semana, la Polic\\u00eda Metropolitana fortaleci\\u00f3 los controles operativos y preventivos, logrando adem\\u00e1s la incautaci\\u00f3n de un arma de fuego y la atenci\\u00f3n de m\\u00e1s de 2.267 llamadas a\",\"inLanguage\":\"es-CO\",\"isPartOf\":{\"@id\":\"https:\\\/\\\/vocesdelaregion.com\\\/#website\"},\"breadcrumb\":{\"@id\":\"https:\\\/\\\/vocesdelaregion.com\\\/index.php\\\/2026\\\/08\\\/31\\\/43-capturados-y-185-armas-cortopunzantes-incautadas-la-policia-fortalece-la-seguridad-en-manizales-y-villamaria\\\/#breadcrumblist\"},\"author\":{\"@id\":\"https:\\\/\\\/vocesdelaregion.com\\\/index.php\\\/author\\\/voces-de-la-region\\\/#author\"},\"creator\":{\"@id\":\"https:\\\/\\\/vocesdelaregion.com\\\/index.php\\\/author\\\/voces-de-la-region\\\/#author\"},\"image\":{\"@type\":\"ImageObject\",\"url\":\"https:\\\/\\\/vocesdelaregion.com\\\/wp-content\\\/uploads\\\/2026\\\/09\\\/WhatsApp-Image-2026-08-31-at-11.02.04-AM.jpeg\",\"@id\":\"https:\\\/\\\/vocesdelaregion.com\\\/index.php\\\/2026\\\/08\\\/31\\\/43-capturados-y-185-armas-cortopunzantes-incautadas-la-policia-fortalece-la-seguridad-en-manizales-y-villamaria\\\/#mainImage\",\"width\":1600,\"height\":1200},\"primaryImageOfPage\":{\"@id\":\"https:\\\/\\\/vocesdelaregion.com\\\/index.php\\\/2026\\\/08\\\/31\\\/43-capturados-y-185-armas-cortopunzantes-incautadas-la-policia-fortalece-la-seguridad-en-manizales-y-villamaria\\\/#mainImage\"},\"datePublished\":\"2026-08-31T06:04:00-05:00\",\"dateModified\":\"2026-09-02T12:13:08-05:00\"},{\"@type\":\"WebSite\",\"@id\":\"https:\\\/\\\/vocesdelaregion.com\\\/#website\",\"url\":\"https:\\\/\\\/vocesdelaregion.com\\\/\",\"name\":\"vocesdelaregion.com\",\"description\":\"Lo que pasa en la regi\\u00f3n\",\"inLanguage\":\"es-CO\",\"publisher\":{\"@id\":\"https:\\\/\\\/vocesdelaregion.com\\\/#organization\"}}]}\n\t\t<\/script>\n\t\t<!-- All in One SEO -->\n\n","aioseo_head_json":{"title":"43 capturados y 185 armas cortopunzantes incautadas: la polic\u00eda fortalece la seguridad en Manizales y Villamar\u00eda - Voces de la Regi\u00f3n","description":"La oportuna reacci\u00f3n de la Polic\u00eda y el trabajo articulado con la comunidad y las autoridades permitieron importantes resultados operativos durante la \u00faltima semana. Durante la \u00faltima semana, la Polic\u00eda Metropolitana fortaleci\u00f3 los controles operativos y preventivos, logrando adem\u00e1s la incautaci\u00f3n de un arma de fuego y la atenci\u00f3n de m\u00e1s de 2.267 llamadas a","canonical_url":"https:\/\/vocesdelaregion.com\/index.php\/2026\/08\/31\/43-capturados-y-185-armas-cortopunzantes-incautadas-la-policia-fortalece-la-seguridad-en-manizales-y-villamaria\/","robots":"max-image-preview:large","keywords":"","webmasterTools":{"miscellaneous":""},"schema":{"@context":"https:\/\/schema.org","@graph":[{"@type":"BlogPosting","@id":"https:\/\/vocesdelaregion.com\/index.php\/2026\/08\/31\/43-capturados-y-185-armas-cortopunzantes-incautadas-la-policia-fortalece-la-seguridad-en-manizales-y-villamaria\/#blogposting","name":"43 capturados y 185 armas cortopunzantes incautadas: la polic\u00eda fortalece la seguridad en Manizales y Villamar\u00eda - Voces de la Regi\u00f3n","headline":"43 capturados y 185 armas cortopunzantes incautadas: la polic\u00eda fortalece la seguridad en Manizales y Villamar\u00eda","author":{"@id":"https:\/\/vocesdelaregion.com\/index.php\/author\/voces-de-la-region\/#author"},"publisher":{"@id":"https:\/\/vocesdelaregion.com\/#organization"},"image":{"@type":"ImageObject","url":"https:\/\/vocesdelaregion.com\/wp-content\/uploads\/2026\/09\/WhatsApp-Image-2026-08-31-at-11.02.04-AM.jpeg","width":1600,"height":1200},"datePublished":"2026-08-31T06:04:00-05:00","dateModified":"2026-09-02T12:13:08-05:00","inLanguage":"es-CO","mainEntityOfPage":{"@id":"https:\/\/vocesdelaregion.com\/index.php\/2026\/08\/31\/43-capturados-y-185-armas-cortopunzantes-incautadas-la-policia-fortalece-la-seguridad-en-manizales-y-villamaria\/#webpage"},"isPartOf":{"@id":"https:\/\/vocesdelaregion.com\/index.php\/2026\/08\/31\/43-capturados-y-185-armas-cortopunzantes-incautadas-la-policia-fortalece-la-seguridad-en-manizales-y-villamaria\/#webpage"},"articleSection":"Judicial, Judiciales Caldas"},{"@type":"BreadcrumbList","@id":"https:\/\/vocesdelaregion.com\/index.php\/2026\/08\/31\/43-capturados-y-185-armas-cortopunzantes-incautadas-la-policia-fortalece-la-seguridad-en-manizales-y-villamaria\/#breadcrumblist","itemListElement":[{"@type":"ListItem","@id":"https:\/\/vocesdelaregion.com#listItem","position":1,"name":"Home","item":"https:\/\/vocesdelaregion.com","nextItem":{"@type":"ListItem","@id":"https:\/\/vocesdelaregion.com\/index.php\/category\/judicial\/#listItem","name":"Judicial"}},{"@type":"ListItem","@id":"https:\/\/vocesdelaregion.com\/index.php\/category\/judicial\/#listItem","position":2,"name":"Judicial","item":"https:\/\/vocesdelaregion.com\/index.php\/category\/judicial\/","nextItem":{"@type":"ListItem","@id":"https:\/\/vocesdelaregion.com\/index.php\/category\/judicial\/judiciales-caldas\/#listItem","name":"Judiciales Caldas"},"previousItem":{"@type":"ListItem","@id":"https:\/\/vocesdelaregion.com#listItem","name":"Home"}},{"@type":"ListItem","@id":"https:\/\/vocesdelaregion.com\/index.php\/category\/judicial\/judiciales-caldas\/#listItem","position":3,"name":"Judiciales Caldas","item":"https:\/\/vocesdelaregion.com\/index.php\/category\/judicial\/judiciales-caldas\/","nextItem":{"@type":"ListItem","@id":"https:\/\/vocesdelaregion.com\/index.php\/2026\/08\/31\/43-capturados-y-185-armas-cortopunzantes-incautadas-la-policia-fortalece-la-seguridad-en-manizales-y-villamaria\/#listItem","name":"43 capturados y 185 armas cortopunzantes incautadas: la polic\u00eda fortalece la seguridad en Manizales y Villamar\u00eda"},"previousItem":{"@type":"ListItem","@id":"https:\/\/vocesdelaregion.com\/index.php\/category\/judicial\/#listItem","name":"Judicial"}},{"@type":"ListItem","@id":"https:\/\/vocesdelaregion.com\/index.php\/2026\/08\/31\/43-capturados-y-185-armas-cortopunzantes-incautadas-la-policia-fortalece-la-seguridad-en-manizales-y-villamaria\/#listItem","position":4,"name":"43 capturados y 185 armas cortopunzantes incautadas: la polic\u00eda fortalece la seguridad en Manizales y Villamar\u00eda","previousItem":{"@type":"ListItem","@id":"https:\/\/vocesdelaregion.com\/index.php\/category\/judicial\/judiciales-caldas\/#listItem","name":"Judiciales Caldas"}}]},{"@type":"Organization","@id":"https:\/\/vocesdelaregion.com\/#organization","name":"vocesdelaregion.com","description":"Lo que pasa en la regi\u00f3n","url":"https:\/\/vocesdelaregion.com\/","telephone":"+573116111583","logo":{"@type":"ImageObject","url":"https:\/\/vocesdelaregion.com\/wp-content\/uploads\/2023\/09\/LOGO-VOCES-DE-LA-REGION.png","@id":"https:\/\/vocesdelaregion.com\/index.php\/2026\/08\/31\/43-capturados-y-185-armas-cortopunzantes-incautadas-la-policia-fortalece-la-seguridad-en-manizales-y-villamaria\/#organizationLogo","width":1300,"height":600},"image":{"@id":"https:\/\/vocesdelaregion.com\/index.php\/2026\/08\/31\/43-capturados-y-185-armas-cortopunzantes-incautadas-la-policia-fortalece-la-seguridad-en-manizales-y-villamaria\/#organizationLogo"},"sameAs":["https:\/\/facebook.com\/VocesDeLaRegion","https:\/\/twitter.com\/VocesDeLaRegion","https:\/\/instagram.com\/VocesDeLaRegion"]},{"@type":"Person","@id":"https:\/\/vocesdelaregion.com\/index.php\/author\/voces-de-la-region\/#author","url":"https:\/\/vocesdelaregion.com\/index.php\/author\/voces-de-la-region\/","name":"Voces de la Regi\u00f3n","image":{"@type":"ImageObject","@id":"https:\/\/vocesdelaregion.com\/index.php\/2026\/08\/31\/43-capturados-y-185-armas-cortopunzantes-incautadas-la-policia-fortalece-la-seguridad-en-manizales-y-villamaria\/#authorImage","url":"https:\/\/secure.gravatar.com\/avatar\/c827267e427bf3aa88989aab4d31884776220d82096001788e3fe788dc1c5ab9?s=96&d=mm&r=g","width":96,"height":96,"caption":"Voces de la Regi\u00f3n"}},{"@type":"WebPage","@id":"https:\/\/vocesdelaregion.com\/index.php\/2026\/08\/31\/43-capturados-y-185-armas-cortopunzantes-incautadas-la-policia-fortalece-la-seguridad-en-manizales-y-villamaria\/#webpage","url":"https:\/\/vocesdelaregion.com\/index.php\/2026\/08\/31\/43-capturados-y-185-armas-cortopunzantes-incautadas-la-policia-fortalece-la-seguridad-en-manizales-y-villamaria\/","name":"43 capturados y 185 armas cortopunzantes incautadas: la polic\u00eda fortalece la seguridad en Manizales y Villamar\u00eda - Voces de la Regi\u00f3n","description":"La oportuna reacci\u00f3n de la Polic\u00eda y el trabajo articulado con la comunidad y las autoridades permitieron importantes resultados operativos durante la \u00faltima semana. Durante la \u00faltima semana, la Polic\u00eda Metropolitana fortaleci\u00f3 los controles operativos y preventivos, logrando adem\u00e1s la incautaci\u00f3n de un arma de fuego y la atenci\u00f3n de m\u00e1s de 2.267 llamadas a","inLanguage":"es-CO","isPartOf":{"@id":"https:\/\/vocesdelaregion.com\/#website"},"breadcrumb":{"@id":"https:\/\/vocesdelaregion.com\/index.php\/2026\/08\/31\/43-capturados-y-185-armas-cortopunzantes-incautadas-la-policia-fortalece-la-seguridad-en-manizales-y-villamaria\/#breadcrumblist"},"author":{"@id":"https:\/\/vocesdelaregion.com\/index.php\/author\/voces-de-la-region\/#author"},"creator":{"@id":"https:\/\/vocesdelaregion.com\/index.php\/author\/voces-de-la-region\/#author"},"image":{"@type":"ImageObject","url":"https:\/\/vocesdelaregion.com\/wp-content\/uploads\/2026\/09\/WhatsApp-Image-2026-08-31-at-11.02.04-AM.jpeg","@id":"https:\/\/vocesdelaregion.com\/index.php\/2026\/08\/31\/43-capturados-y-185-armas-cortopunzantes-incautadas-la-policia-fortalece-la-seguridad-en-manizales-y-villamaria\/#mainImage","width":1600,"height":1200},"primaryImageOfPage":{"@id":"https:\/\/vocesdelaregion.com\/index.php\/2026\/08\/31\/43-capturados-y-185-armas-cortopunzantes-incautadas-la-policia-fortalece-la-seguridad-en-manizales-y-villamaria\/#mainImage"},"datePublished":"2026-08-31T06:04:00-05:00","dateModified":"2026-09-02T12:13:08-05:00"},{"@type":"WebSite","@id":"https:\/\/vocesdelaregion.com\/#website","url":"https:\/\/vocesdelaregion.com\/","name":"vocesdelaregion.com","description":"Lo que pasa en la regi\u00f3n","inLanguage":"es-CO","publisher":{"@id":"https:\/\/vocesdelaregion.com\/#organization"}}]},"og:locale":"es_ES","og:site_name":"Voces de la Regi\u00f3n - Lo que pasa en la regi\u00f3n","og:type":"article","og:title":"43 capturados y 185 armas cortopunzantes incautadas: la polic\u00eda fortalece la seguridad en Manizales y Villamar\u00eda - Voces de la Regi\u00f3n","og:description":"La oportuna reacci\u00f3n de la Polic\u00eda y el trabajo articulado con la comunidad y las autoridades permitieron importantes resultados operativos durante la \u00faltima semana. Durante la \u00faltima semana, la Polic\u00eda Metropolitana fortaleci\u00f3 los controles operativos y preventivos, logrando adem\u00e1s la incautaci\u00f3n de un arma de fuego y la atenci\u00f3n de m\u00e1s de 2.267 llamadas a","og:url":"https:\/\/vocesdelaregion.com\/index.php\/2026\/08\/31\/43-capturados-y-185-armas-cortopunzantes-incautadas-la-policia-fortalece-la-seguridad-en-manizales-y-villamaria\/","og:image":"https:\/\/vocesdelaregion.com\/wp-content\/uploads\/2026\/09\/WhatsApp-Image-2026-08-31-at-11.02.04-AM.jpeg","og:image:secure_url":"https:\/\/vocesdelaregion.com\/wp-content\/uploads\/2026\/09\/WhatsApp-Image-2026-08-31-at-11.02.04-AM.jpeg","og:image:width":1600,"og:image:height":1200,"article:tag":["judicial","judiciales caldas"],"article:published_time":"2026-08-31T11:04:00+00:00","article:modified_time":"2026-09-02T17:13:08+00:00","article:publisher":"https:\/\/facebook.com\/VocesDeLaRegion","twitter:card":"summary_large_image","twitter:site":"@VocesDeLaRegion","twitter:title":"43 capturados y 185 armas cortopunzantes incautadas: la polic\u00eda fortalece la seguridad en Manizales y Villamar\u00eda - Voces de la Regi\u00f3n","twitter:description":"La oportuna reacci\u00f3n de la Polic\u00eda y el trabajo articulado con la comunidad y las autoridades permitieron importantes resultados operativos durante la \u00faltima semana. Durante la \u00faltima semana, la Polic\u00eda Metropolitana fortaleci\u00f3 los controles operativos y preventivos, logrando adem\u00e1s la incautaci\u00f3n de un arma de fuego y la atenci\u00f3n de m\u00e1s de 2.267 llamadas a","twitter:creator":"@VocesDeLaRegion","twitter:image":"https:\/\/vocesdelaregion.com\/wp-content\/uploads\/2026\/09\/WhatsApp-Image-2026-08-31-at-11.02.04-AM.jpeg"},"aioseo_meta_data":{"post_id":"41050","title":null,"description":null,"keywords":null,"keyphrases":{"focus":{"keyphrase":"","score":0,"analysis":{"keyphraseInTitle":{"score":0,"maxScore":9,"error":1}}},"additional":[]},"primary_term":null,"canonical_url":null,"og_title":null,"og_description":null,"og_object_type":"default","og_image_type":"default","og_image_url":null,"og_image_width":null,"og_image_height":null,"og_image_custom_url":null,"og_image_custom_fields":null,"og_video":"","og_custom_url":null,"og_article_section":null,"og_article_tags":null,"twitter_use_og":false,"twitter_card":"default","twitter_image_type":"default","twitter_image_url":null,"twitter_image_custom_url":null,"twitter_image_custom_fields":null,"twitter_title":null,"twitter_description":null,"schema":{"blockGraphs":[],"customGraphs":[],"default":{"data":{"Article":[],"Course":[],"Dataset":[],"FAQPage":[],"Movie":[],"Person":[],"Product":[],"ProductReview":[],"Car":[],"Recipe":[],"Service":[],"SoftwareApplication":[],"WebPage":[]},"graphName":"BlogPosting","isEnabled":true},"graphs":[]},"schema_type":"default","schema_type_options":null,"pillar_content":false,"robots_default":true,"robots_noindex":false,"robots_noarchive":false,"robots_nosnippet":false,"robots_nofollow":false,"robots_noimageindex":false,"robots_noodp":false,"robots_notranslate":false,"robots_max_snippet":"-1","robots_max_videopreview":"-1","robots_max_imagepreview":"large","priority":null,"frequency":"default","local_seo":null,"breadcrumb_settings":null,"limit_modified_date":false,"ai":{"faqs":[],"keyPoints":[],"schemas":[],"titles":[],"descriptions":[],"socialPosts":{"email":{"subject":"","preview":"","content":""},"linkedin":[],"twitter":[],"facebook":[],"instagram":[]}},"created":"2026-09-02 17:13:08","updated":"2026-09-02 18:04:55","seo_analyzer_scan_date":null,"focus_keyword":null,"additional_keywords":null,"truseo_locale":null},"aioseo_breadcrumb":"<div class=\"aioseo-breadcrumbs\"><span class=\"aioseo-breadcrumb\">\n\t\t\t<a href=\"https:\/\/vocesdelaregion.com\" title=\"Home\">Home<\/a>\n\t\t<\/span><span class=\"aioseo-breadcrumb-separator\">\u00bb<\/span><span class=\"aioseo-breadcrumb\">\n\t\t\t<a href=\"https:\/\/vocesdelaregion.com\/index.php\/category\/judicial\/\" title=\"Judicial\">Judicial<\/a>\n\t\t<\/span><span class=\"aioseo-breadcrumb-separator\">\u00bb<\/span><span class=\"aioseo-breadcrumb\">\n\t\t\t<a href=\"https:\/\/vocesdelaregion.com\/index.php\/category\/judicial\/judiciales-caldas\/\" title=\"Judiciales Caldas\">Judiciales Caldas<\/a>\n\t\t<\/span><span class=\"aioseo-breadcrumb-separator\">\u00bb<\/span><span class=\"aioseo-breadcrumb\">\n\t\t\t43 capturados y 185 armas cortopunzantes incautadas: la polic\u00eda fortalece la seguridad en Manizales y Villamar\u00eda\n\t\t<\/span><\/div>","aioseo_breadcrumb_json":[{"label":"Home","link":"https:\/\/vocesdelaregion.com"},{"label":"Judicial","link":"https:\/\/vocesdelaregion.com\/index.php\/category\/judicial\/"},{"label":"Judiciales Caldas","link":"https:\/\/vocesdelaregion.com\/index.php\/category\/judicial\/judiciales-caldas\/"},{"label":"43 capturados y 185 armas cortopunzantes incautadas: la polic\u00eda fortalece la seguridad en Manizales y Villamar\u00eda","link":"https:\/\/vocesdelaregion.com\/index.php\/2026\/08\/31\/43-capturados-y-185-armas-cortopunzantes-incautadas-la-policia-fortalece-la-seguridad-en-manizales-y-villamaria\/"}],"blog_post_layout_featured_media_urls":{"thumbnail":["https:\/\/vocesdelaregion.com\/wp-content\/uploads\/2026\/09\/WhatsApp-Image-2026-08-31-at-11.02.04-AM-150x150.jpeg",150,150,true],"full":["https:\/\/vocesdelaregion.com\/wp-content\/uploads\/2026\/09\/WhatsApp-Image-2026-08-31-at-11.02.04-AM.jpeg",1600,1200,false]},"categories_names":{"25":{"name":"Judicial","link":"https:\/\/vocesdelaregion.com\/index.php\/category\/judicial\/"},"359":{"name":"Judiciales Caldas","link":"https:\/\/vocesdelaregion.com\/index.php\/category\/judicial\/judiciales-caldas\/"}},"tags_names":[],"comments_number":"0","wpmagazine_modules_lite_featured_media_urls":{"thumbnail":["https:\/\/vocesdelaregion.com\/wp-content\/uploads\/2026\/09\/WhatsApp-Image-2026-08-31-at-11.02.04-AM-150x150.jpeg",150,150,true],"cvmm-medium":["https:\/\/vocesdelaregion.com\/wp-content\/uploads\/2026\/09\/WhatsApp-Image-2026-08-31-at-11.02.04-AM-300x300.jpeg",300,300,true],"cvmm-medium-plus":["https:\/\/vocesdelaregion.com\/wp-content\/uploads\/2026\/09\/WhatsApp-Image-2026-08-31-at-11.02.04-AM-305x207.jpeg",305,207,true],"cvmm-portrait":["https:\/\/vocesdelaregion.com\/wp-content\/uploads\/2026\/09\/WhatsApp-Image-2026-08-31-at-11.02.04-AM-400x600.jpeg",400,600,true],"cvmm-medium-square":["https:\/\/vocesdelaregion.com\/wp-content\/uploads\/2026\/09\/WhatsApp-Image-2026-08-31-at-11.02.04-AM-600x600.jpeg",600,600,true],"cvmm-large":["https:\/\/vocesdelaregion.com\/wp-content\/uploads\/2026\/09\/WhatsApp-Image-2026-08-31-at-11.02.04-AM-1024x1024.jpeg",1024,1024,true],"cvmm-small":["https:\/\/vocesdelaregion.com\/wp-content\/uploads\/2026\/09\/WhatsApp-Image-2026-08-31-at-11.02.04-AM-130x95.jpeg",130,95,true],"full":["https:\/\/vocesdelaregion.com\/wp-content\/uploads\/2026\/09\/WhatsApp-Image-2026-08-31-at-11.02.04-AM.jpeg",1600,1200,false]},"_links":{"self":[{"href":"https:\/\/vocesdelaregion.com\/index.php\/wp-json\/wp\/v2\/posts\/41050","targetHints":{"allow":["GET"]}}],"collection":[{"href":"https:\/\/vocesdelaregion.com\/index.php\/wp-json\/wp\/v2\/posts"}],"about":[{"href":"https:\/\/vocesdelaregion.com\/index.php\/wp-json\/wp\/v2\/types\/post"}],"author":[{"embeddable":true,"href":"https:\/\/vocesdelaregion.com\/index.php\/wp-json\/wp\/v2\/users\/3"}],"replies":[{"embeddable":true,"href":"https:\/\/vocesdelaregion.com\/index.php\/wp-json\/wp\/v2\/comments?post=41050"}],"version-history":[{"count":1,"href":"https:\/\/vocesdelaregion.com\/index.php\/wp-json\/wp\/v2\/posts\/41050\/revisions"}],"predecessor-version":[{"id":41061,"href":"https:\/\/vocesdelaregion.com\/index.php\/wp-json\/wp\/v2\/posts\/41050\/revisions\/41061"}],"wp:featuredmedia":[{"embeddable":true,"href":"https:\/\/vocesdelaregion.com\/index.php\/wp-json\/wp\/v2\/media\/41060"}],"wp:attachment":[{"href":"https:\/\/vocesdelaregion.com\/index.php\/wp-json\/wp\/v2\/media?parent=41050"}],"wp:term":[{"taxonomy":"category","embeddable":true,"href":"https:\/\/vocesdelaregion.com\/index.php\/wp-json\/wp\/v2\/categories?post=41050"},{"taxonomy":"post_tag","embeddable":true,"href":"https:\/\/vocesdelaregion.com\/index.php\/wp-json\/wp\/v2\/tags?post=41050"}],"curies":[{"name":"wp","href":"https:\/\/api.w.org\/{rel}","templated":true}]}}