{"id":41031,"date":"2026-09-01T12:40:08","date_gmt":"2026-09-01T17:40:08","guid":{"rendered":"https:\/\/vocesdelaregion.com\/?p=41031"},"modified":"2026-09-01T12:40:10","modified_gmt":"2026-09-01T17:40:10","slug":"corpocaldas-y-cornare-ultiman-detalles-para-la-adopcion-conjunta-del-plan-de-manejo-ambiental-del-paramo-de-sonson","status":"publish","type":"post","link":"https:\/\/vocesdelaregion.com\/index.php\/2026\/09\/01\/corpocaldas-y-cornare-ultiman-detalles-para-la-adopcion-conjunta-del-plan-de-manejo-ambiental-del-paramo-de-sonson\/","title":{"rendered":"Corpocaldas y Cornare ultiman detalles para la adopci\u00f3n conjunta del Plan de Manejo Ambiental del P\u00e1ramo de Sons\u00f3n"},"content":{"rendered":"\n<p class=\"wp-block-paragraph\">Las corporaciones aut\u00f3nomas regionales de Caldas y de las Cuencas de los R\u00edos Negro y Nare, Corpocaldas y Cornare, se reunieron para ultimar los detalles que dar\u00e1n paso a la adopci\u00f3n conjunta del Plan de Manejo Ambiental del Complejo de P\u00e1ramos P\u00e1ramo de Sons\u00f3n.<\/p><div class=\"voces-contenido-2-2 voces-entity-placement\" id=\"voces-4236512389\"><div class=\"voces-adlabel\">Publicidad<\/div><div id=\"voces-2522246492\"><img src=\"https:\/\/vocesdelaregion.com\/wp-content\/uploads\/2026\/08\/775319595_1370288858564416_7295743081978790239_n.jpg\" alt=\"\"  srcset=\"https:\/\/vocesdelaregion.com\/wp-content\/uploads\/2026\/08\/775319595_1370288858564416_7295743081978790239_n.jpg 1280w, https:\/\/vocesdelaregion.com\/wp-content\/uploads\/2026\/08\/775319595_1370288858564416_7295743081978790239_n-240x300.jpg 240w, https:\/\/vocesdelaregion.com\/wp-content\/uploads\/2026\/08\/775319595_1370288858564416_7295743081978790239_n-819x1024.jpg 819w, https:\/\/vocesdelaregion.com\/wp-content\/uploads\/2026\/08\/775319595_1370288858564416_7295743081978790239_n-768x960.jpg 768w, https:\/\/vocesdelaregion.com\/wp-content\/uploads\/2026\/08\/775319595_1370288858564416_7295743081978790239_n-1229x1536.jpg 1229w\" sizes=\"(max-width: 1280px) 100vw, 1280px\" width=\"1280\" height=\"1600\"   \/><\/div><\/div>\n\n\n\n<p class=\"wp-block-paragraph\">El encuentro tuvo lugar en el municipio de Sons\u00f3n, Antioquia, en donde los directores de ambas entidades compartieron los avances y aprendizajes del proceso de co-construcci\u00f3n de dicho Plan con los habitantes del \u00e1rea de influencia del Complejo en esta zona del vecino departamento.&nbsp;<\/p>\n\n\n\n<figure class=\"wp-block-gallery has-nested-images columns-default is-cropped wp-block-gallery-1 is-layout-flex wp-block-gallery-is-layout-flex\">\n<figure class=\"wp-block-image size-large\"><img fetchpriority=\"high\" decoding=\"async\" width=\"1024\" height=\"682\" data-id=\"41042\" src=\"https:\/\/vocesdelaregion.com\/wp-content\/uploads\/2026\/09\/Imagen-2-1-1024x682.jpeg\" alt=\"\" class=\"wp-image-41042\" srcset=\"https:\/\/vocesdelaregion.com\/wp-content\/uploads\/2026\/09\/Imagen-2-1-1024x682.jpeg 1024w, https:\/\/vocesdelaregion.com\/wp-content\/uploads\/2026\/09\/Imagen-2-1-300x200.jpeg 300w, https:\/\/vocesdelaregion.com\/wp-content\/uploads\/2026\/09\/Imagen-2-1-768x512.jpeg 768w, https:\/\/vocesdelaregion.com\/wp-content\/uploads\/2026\/09\/Imagen-2-1-1536x1023.jpeg 1536w, https:\/\/vocesdelaregion.com\/wp-content\/uploads\/2026\/09\/Imagen-2-1.jpeg 1600w\" sizes=\"(max-width: 1024px) 100vw, 1024px\" \/><\/figure>\n\n\n\n<figure class=\"wp-block-image size-large\"><img decoding=\"async\" width=\"1024\" height=\"768\" data-id=\"41041\" src=\"https:\/\/vocesdelaregion.com\/wp-content\/uploads\/2026\/09\/Imagen-3-1024x768.jpeg\" alt=\"\" class=\"wp-image-41041\" srcset=\"https:\/\/vocesdelaregion.com\/wp-content\/uploads\/2026\/09\/Imagen-3-1024x768.jpeg 1024w, https:\/\/vocesdelaregion.com\/wp-content\/uploads\/2026\/09\/Imagen-3-300x225.jpeg 300w, https:\/\/vocesdelaregion.com\/wp-content\/uploads\/2026\/09\/Imagen-3-768x576.jpeg 768w, https:\/\/vocesdelaregion.com\/wp-content\/uploads\/2026\/09\/Imagen-3-136x102.jpeg 136w, https:\/\/vocesdelaregion.com\/wp-content\/uploads\/2026\/09\/Imagen-3.jpeg 1280w\" sizes=\"(max-width: 1024px) 100vw, 1024px\" \/><\/figure>\n\n\n\n<figure class=\"wp-block-image size-large\"><img decoding=\"async\" width=\"1024\" height=\"682\" data-id=\"41040\" src=\"https:\/\/vocesdelaregion.com\/wp-content\/uploads\/2026\/09\/Imagen-4-1024x682.jpeg\" alt=\"\" class=\"wp-image-41040\" srcset=\"https:\/\/vocesdelaregion.com\/wp-content\/uploads\/2026\/09\/Imagen-4-1024x682.jpeg 1024w, https:\/\/vocesdelaregion.com\/wp-content\/uploads\/2026\/09\/Imagen-4-300x200.jpeg 300w, https:\/\/vocesdelaregion.com\/wp-content\/uploads\/2026\/09\/Imagen-4-768x512.jpeg 768w, https:\/\/vocesdelaregion.com\/wp-content\/uploads\/2026\/09\/Imagen-4-1536x1023.jpeg 1536w, https:\/\/vocesdelaregion.com\/wp-content\/uploads\/2026\/09\/Imagen-4.jpeg 1600w\" sizes=\"(max-width: 1024px) 100vw, 1024px\" \/><\/figure>\n\n\n\n<figure class=\"wp-block-image size-large\"><img loading=\"lazy\" decoding=\"async\" width=\"1024\" height=\"682\" data-id=\"41039\" src=\"https:\/\/vocesdelaregion.com\/wp-content\/uploads\/2026\/09\/Imagen-5-1024x682.jpeg\" alt=\"\" class=\"wp-image-41039\" srcset=\"https:\/\/vocesdelaregion.com\/wp-content\/uploads\/2026\/09\/Imagen-5-1024x682.jpeg 1024w, https:\/\/vocesdelaregion.com\/wp-content\/uploads\/2026\/09\/Imagen-5-300x200.jpeg 300w, https:\/\/vocesdelaregion.com\/wp-content\/uploads\/2026\/09\/Imagen-5-768x512.jpeg 768w, https:\/\/vocesdelaregion.com\/wp-content\/uploads\/2026\/09\/Imagen-5-1536x1023.jpeg 1536w, https:\/\/vocesdelaregion.com\/wp-content\/uploads\/2026\/09\/Imagen-5.jpeg 1600w\" sizes=\"(max-width: 1024px) 100vw, 1024px\" \/><\/figure>\n<\/figure>\n\n\n\n<p class=\"wp-block-paragraph\">Como parte de la jornada, se desarroll\u00f3 el conversatorio denominado <em>Una Ruta Com\u00fan para el P\u00e1ramo<\/em>, espacio para dialogar sobre los avances del proceso y el valor ambiental y social del Complejo, as\u00ed como sobre los retos para garantizar su conservaci\u00f3n.&nbsp;<\/p>\n\n\n\n<p class=\"wp-block-paragraph\">\u201cEl futuro de nuestros p\u00e1ramos se construye de manera conjunta. Este proceso nos permite reconocer lo que hemos avanzado, pero tambi\u00e9n los desaf\u00edos que tenemos para garantizar la conservaci\u00f3n de este ecosistema y fortalecer una gesti\u00f3n que tenga en cuenta las realidades del territorio\u201d, se\u00f1al\u00f3 Germ\u00e1n P\u00e1ez Olaya, director general de Corpocaldas<\/p>\n\n\n\n<figure class=\"wp-block-video\"><video height=\"1024\" style=\"aspect-ratio: 576 \/ 1024;\" width=\"576\" controls src=\"https:\/\/vocesdelaregion.com\/wp-content\/uploads\/2026\/09\/Video-1-German-Alonso-Paez-Olaya-director-general-de-Corpocaldas.mp4\"><\/video><figcaption class=\"wp-element-caption\">Germ\u00e1n P\u00e1ez Olaya, director general de Corpocaldas<\/figcaption><\/figure>\n\n\n\n<p class=\"wp-block-paragraph\">A estos desaf\u00edos tambi\u00e9n le apunt\u00f3 Javier Valencia Gonz\u00e1lez, director general de Cornare, quien destac\u00f3 que, para responder a ellos, el proceso consolida un diagn\u00f3stico y una zonificaci\u00f3n que orienten acciones de conservaci\u00f3n, restauraci\u00f3n, monitoreo y gobernanza ambiental en el complejo.&nbsp;<\/p>\n\n\n\n<figure class=\"wp-block-video\"><video height=\"576\" style=\"aspect-ratio: 1024 \/ 576;\" width=\"1024\" controls src=\"https:\/\/vocesdelaregion.com\/wp-content\/uploads\/2026\/09\/Video-3-Javier-Valencia-Gonzalez-director-general-de-Cornare.mp4\"><\/video><figcaption class=\"wp-element-caption\">Javier Valencia Gonz\u00e1lez, director general de Cornare<\/figcaption><\/figure>\n\n\n\n<p class=\"wp-block-paragraph\">Con una inversi\u00f3n conjunta superior a los 400 millones de pesos, la estrategia busca priorizar acciones y gestionar recursos nacionales e internacionales para proteger el p\u00e1ramo. Asimismo, promueve acuerdos entre las dos corporaciones, la participaci\u00f3n de las comunidades y el apoyo articulador de la Universidad de Antioquia.<\/p>\n\n\n\n<p class=\"wp-block-paragraph\">\u201cHemos sido articuladores, b\u00e1sicamente sintetizadores de conocimiento, hemos sido los encargados de armonizar las herramientas y los instrumentos de manejo que ten\u00edan las dos Corporaciones, tambi\u00e9n con las expectativas de la gente, entreg\u00e1ndonos el conocimiento cient\u00edfico y acad\u00e9mico para que pueda ser \u00fatil en el manejo de los ecosistemas\u201d, explic\u00f3 Juan Camilo Villegas, profesor de la Universidad de Antioquia y coordinador del convenio del P\u00e1ramo del Complejo de Sons\u00f3n.<\/p>\n\n\n\n<figure class=\"wp-block-video\"><video height=\"576\" style=\"aspect-ratio: 1024 \/ 576;\" width=\"1024\" controls src=\"https:\/\/vocesdelaregion.com\/wp-content\/uploads\/2026\/09\/Video-2-Juan-Camilo-Villegas-profesor-de-la-Universidad-de-Antioquia-coordinador-del-convenio-de-Paramo-del-Complejo-de-Sonson.mp4\"><\/video><figcaption class=\"wp-element-caption\">Juan Camilo Villegas, profesor de la Universidad de Antioquia y coordinador del convenio del P\u00e1ramo del Complejo de Sons\u00f3n.<\/figcaption><\/figure>\n\n\n\n<p class=\"wp-block-paragraph\"><strong>El turno ahora ser\u00e1 para Caldas<\/strong><\/p>\n\n\n\n<p class=\"wp-block-paragraph\">El Complejo de P\u00e1ramos comprende 9.183,6 hect\u00e1reas, de las cuales 3.637,7 se encuentran en Antioquia y las 5.545,9 hect\u00e1reas se concentran en el departamento de Caldas. Por eso, el pr\u00f3ximo encuentro como parte de esta ruta conjunta ser\u00e1 el pr\u00f3ximo s\u00e1bado 5 de septiembre en el municipio de Salamina, en territorio caldense.<\/p>\n\n\n\n<p class=\"wp-block-paragraph\">All\u00ed, ambas corporaciones, en compa\u00f1\u00eda de la Universidad, realizar\u00e1n una nueva jornada de socializaci\u00f3n y di\u00e1logo con las comunidades de esta zona de influencia, con el prop\u00f3sito de compartir los avances del proceso de co-construcci\u00f3n del Plan de Manejo Ambiental y recoger los aportes de los actores de este territorio.<\/p>\n\n\n\n<figure class=\"wp-block-gallery has-nested-images columns-default is-cropped wp-block-gallery-2 is-layout-flex wp-block-gallery-is-layout-flex\">\n<figure class=\"wp-block-image size-large\"><img loading=\"lazy\" decoding=\"async\" width=\"1024\" height=\"576\" data-id=\"41037\" src=\"https:\/\/vocesdelaregion.com\/wp-content\/uploads\/2026\/09\/Imagen-7-1024x576.jpeg\" alt=\"\" class=\"wp-image-41037\" srcset=\"https:\/\/vocesdelaregion.com\/wp-content\/uploads\/2026\/09\/Imagen-7-1024x576.jpeg 1024w, https:\/\/vocesdelaregion.com\/wp-content\/uploads\/2026\/09\/Imagen-7-300x169.jpeg 300w, https:\/\/vocesdelaregion.com\/wp-content\/uploads\/2026\/09\/Imagen-7-768x432.jpeg 768w, https:\/\/vocesdelaregion.com\/wp-content\/uploads\/2026\/09\/Imagen-7.jpeg 1280w\" sizes=\"(max-width: 1024px) 100vw, 1024px\" \/><\/figure>\n\n\n\n<figure class=\"wp-block-image size-large\"><img loading=\"lazy\" decoding=\"async\" width=\"1024\" height=\"682\" data-id=\"41036\" src=\"https:\/\/vocesdelaregion.com\/wp-content\/uploads\/2026\/09\/Imagen-8-1024x682.jpeg\" alt=\"\" class=\"wp-image-41036\" srcset=\"https:\/\/vocesdelaregion.com\/wp-content\/uploads\/2026\/09\/Imagen-8-1024x682.jpeg 1024w, https:\/\/vocesdelaregion.com\/wp-content\/uploads\/2026\/09\/Imagen-8-300x200.jpeg 300w, https:\/\/vocesdelaregion.com\/wp-content\/uploads\/2026\/09\/Imagen-8-768x512.jpeg 768w, https:\/\/vocesdelaregion.com\/wp-content\/uploads\/2026\/09\/Imagen-8.jpeg 1280w\" sizes=\"(max-width: 1024px) 100vw, 1024px\" \/><\/figure>\n\n\n\n<figure class=\"wp-block-image size-large\"><img loading=\"lazy\" decoding=\"async\" width=\"1024\" height=\"576\" data-id=\"41034\" src=\"https:\/\/vocesdelaregion.com\/wp-content\/uploads\/2026\/09\/Imagen-10-1024x576.jpeg\" alt=\"\" class=\"wp-image-41034\" srcset=\"https:\/\/vocesdelaregion.com\/wp-content\/uploads\/2026\/09\/Imagen-10-1024x576.jpeg 1024w, https:\/\/vocesdelaregion.com\/wp-content\/uploads\/2026\/09\/Imagen-10-300x169.jpeg 300w, https:\/\/vocesdelaregion.com\/wp-content\/uploads\/2026\/09\/Imagen-10-768x432.jpeg 768w, https:\/\/vocesdelaregion.com\/wp-content\/uploads\/2026\/09\/Imagen-10.jpeg 1280w\" sizes=\"(max-width: 1024px) 100vw, 1024px\" \/><\/figure>\n<\/figure>\n\n\n\n<p class=\"wp-block-paragraph\">As\u00ed pues, m\u00e1s que un instrumento t\u00e9cnico, el Plan constituir\u00e1 una hoja de ruta para orientar acciones de conservaci\u00f3n, restauraci\u00f3n, uso sostenible y seguimiento del complejo. Su adopci\u00f3n abrir\u00e1 una nueva etapa de implementaci\u00f3n y articulaci\u00f3n institucional, con un horizonte de 10 a\u00f1os.<\/p>\n\n\n\n<figure class=\"wp-block-gallery has-nested-images columns-default is-cropped wp-block-gallery-3 is-layout-flex wp-block-gallery-is-layout-flex\">\n<figure class=\"wp-block-image size-large\"><img loading=\"lazy\" decoding=\"async\" width=\"1024\" height=\"682\" data-id=\"41033\" src=\"https:\/\/vocesdelaregion.com\/wp-content\/uploads\/2026\/09\/Imagen-11-1024x682.jpeg\" alt=\"\" class=\"wp-image-41033\" srcset=\"https:\/\/vocesdelaregion.com\/wp-content\/uploads\/2026\/09\/Imagen-11-1024x682.jpeg 1024w, https:\/\/vocesdelaregion.com\/wp-content\/uploads\/2026\/09\/Imagen-11-300x200.jpeg 300w, https:\/\/vocesdelaregion.com\/wp-content\/uploads\/2026\/09\/Imagen-11-768x512.jpeg 768w, https:\/\/vocesdelaregion.com\/wp-content\/uploads\/2026\/09\/Imagen-11.jpeg 1280w\" sizes=\"(max-width: 1024px) 100vw, 1024px\" \/><\/figure>\n\n\n\n<figure class=\"wp-block-image size-large\"><img loading=\"lazy\" decoding=\"async\" width=\"1024\" height=\"682\" data-id=\"41035\" src=\"https:\/\/vocesdelaregion.com\/wp-content\/uploads\/2026\/09\/Imagen-9-1024x682.jpeg\" alt=\"\" class=\"wp-image-41035\" srcset=\"https:\/\/vocesdelaregion.com\/wp-content\/uploads\/2026\/09\/Imagen-9-1024x682.jpeg 1024w, https:\/\/vocesdelaregion.com\/wp-content\/uploads\/2026\/09\/Imagen-9-300x200.jpeg 300w, https:\/\/vocesdelaregion.com\/wp-content\/uploads\/2026\/09\/Imagen-9-768x512.jpeg 768w, https:\/\/vocesdelaregion.com\/wp-content\/uploads\/2026\/09\/Imagen-9.jpeg 1280w\" sizes=\"(max-width: 1024px) 100vw, 1024px\" \/><\/figure>\n\n\n\n<figure class=\"wp-block-image size-large\"><img loading=\"lazy\" decoding=\"async\" width=\"1024\" height=\"682\" data-id=\"41032\" src=\"https:\/\/vocesdelaregion.com\/wp-content\/uploads\/2026\/09\/Imagen-12-1024x682.jpeg\" alt=\"\" class=\"wp-image-41032\" srcset=\"https:\/\/vocesdelaregion.com\/wp-content\/uploads\/2026\/09\/Imagen-12-1024x682.jpeg 1024w, https:\/\/vocesdelaregion.com\/wp-content\/uploads\/2026\/09\/Imagen-12-300x200.jpeg 300w, https:\/\/vocesdelaregion.com\/wp-content\/uploads\/2026\/09\/Imagen-12-768x512.jpeg 768w, https:\/\/vocesdelaregion.com\/wp-content\/uploads\/2026\/09\/Imagen-12.jpeg 1280w\" sizes=\"(max-width: 1024px) 100vw, 1024px\" \/><\/figure>\n<\/figure>\n\n\n\n<p class=\"wp-block-paragraph\"><strong>El dato<\/strong><\/p>\n\n\n\n<p class=\"wp-block-paragraph\">En Caldas, el P\u00e1ramo est\u00e1 presente en Aguadas, Manzanares, Marulanda, P\u00e1cora, Pensilvania y Salamina; mientras que en Antioquia se localiza en Sons\u00f3n, El Carmen de Viboral, Argelia y Nari\u00f1o. Su importancia radica en su aporte a la regulaci\u00f3n h\u00eddrica, la conservaci\u00f3n de la biodiversidad y la conectividad de los ecosistemas altoandinos.<\/p>\n","protected":false},"excerpt":{"rendered":"<p>Las corporaciones aut\u00f3nomas regionales de Caldas y de las Cuencas de los R\u00edos Negro y Nare, Corpocaldas y Cornare, se reunieron para ultimar los detalles que dar\u00e1n paso a la adopci\u00f3n conjunta del Plan de Manejo Ambiental del Complejo de P\u00e1ramos P\u00e1ramo de Sons\u00f3n. El encuentro tuvo lugar en el municipio de Sons\u00f3n, Antioquia, en [&hellip;]<\/p>\n","protected":false},"author":3,"featured_media":41043,"comment_status":"closed","ping_status":"closed","sticky":false,"template":"","format":"standard","meta":{"om_disable_all_campaigns":false,"_monsterinsights_skip_tracking":false,"_uf_show_specific_survey":0,"_uf_disable_surveys":false,"footnotes":""},"categories":[24,357,356],"tags":[],"class_list":["post-41031","post","type-post","status-publish","format-standard","has-post-thumbnail","hentry","category-caldas","category-gobernacion-de-caldas","category-gobernaciones"],"aioseo_notices":[],"aioseo_head":"\n\t\t<!-- All in One SEO 5.0.1.1 - aioseo.com -->\n\t<meta name=\"description\" content=\"Las corporaciones aut\u00f3nomas regionales de Caldas y de las Cuencas de los R\u00edos Negro y Nare, Corpocaldas y Cornare, se reunieron para ultimar los detalles que dar\u00e1n paso a la adopci\u00f3n conjunta del Plan de Manejo Ambiental del Complejo de P\u00e1ramos P\u00e1ramo de Sons\u00f3n. El encuentro tuvo lugar en el municipio de Sons\u00f3n, Antioquia, en\" \/>\n\t<meta name=\"robots\" content=\"max-image-preview:large\" \/>\n\t<meta name=\"author\" content=\"Voces de la Regi\u00f3n\"\/>\n\t<link rel=\"canonical\" href=\"https:\/\/vocesdelaregion.com\/index.php\/2026\/09\/01\/corpocaldas-y-cornare-ultiman-detalles-para-la-adopcion-conjunta-del-plan-de-manejo-ambiental-del-paramo-de-sonson\/\" \/>\n\t<meta name=\"generator\" content=\"All in One SEO (AIOSEO) 5.0.1.1\" \/>\n\t\t<meta property=\"og:locale\" content=\"es_ES\" \/>\n\t\t<meta property=\"og:site_name\" content=\"Voces de la Regi\u00f3n - Lo que pasa en la regi\u00f3n\" \/>\n\t\t<meta property=\"og:type\" content=\"article\" \/>\n\t\t<meta property=\"og:title\" content=\"Corpocaldas y Cornare ultiman detalles para la adopci\u00f3n conjunta del Plan de Manejo Ambiental del P\u00e1ramo de Sons\u00f3n - Voces de la Regi\u00f3n\" \/>\n\t\t<meta property=\"og:description\" content=\"Las corporaciones aut\u00f3nomas regionales de Caldas y de las Cuencas de los R\u00edos Negro y Nare, Corpocaldas y Cornare, se reunieron para ultimar los detalles que dar\u00e1n paso a la adopci\u00f3n conjunta del Plan de Manejo Ambiental del Complejo de P\u00e1ramos P\u00e1ramo de Sons\u00f3n. El encuentro tuvo lugar en el municipio de Sons\u00f3n, Antioquia, en\" \/>\n\t\t<meta property=\"og:url\" content=\"https:\/\/vocesdelaregion.com\/index.php\/2026\/09\/01\/corpocaldas-y-cornare-ultiman-detalles-para-la-adopcion-conjunta-del-plan-de-manejo-ambiental-del-paramo-de-sonson\/\" \/>\n\t\t<meta property=\"og:image\" content=\"https:\/\/vocesdelaregion.com\/wp-content\/uploads\/2026\/09\/Imagen-1-1.jpeg\" \/>\n\t\t<meta property=\"og:image:secure_url\" content=\"https:\/\/vocesdelaregion.com\/wp-content\/uploads\/2026\/09\/Imagen-1-1.jpeg\" \/>\n\t\t<meta property=\"og:image:width\" content=\"1600\" \/>\n\t\t<meta property=\"og:image:height\" content=\"1066\" \/>\n\t\t<meta property=\"article:tag\" content=\"caldas\" \/>\n\t\t<meta property=\"article:tag\" content=\"gobernaci\u00f3n de caldas\" \/>\n\t\t<meta property=\"article:tag\" content=\"gobernaciones\" \/>\n\t\t<meta property=\"article:published_time\" content=\"2026-09-01T17:40:08+00:00\" \/>\n\t\t<meta property=\"article:modified_time\" content=\"2026-09-01T17:40:10+00:00\" \/>\n\t\t<meta property=\"article:publisher\" content=\"https:\/\/facebook.com\/VocesDeLaRegion\" \/>\n\t\t<meta name=\"twitter:card\" content=\"summary_large_image\" \/>\n\t\t<meta name=\"twitter:site\" content=\"@VocesDeLaRegion\" \/>\n\t\t<meta name=\"twitter:title\" content=\"Corpocaldas y Cornare ultiman detalles para la adopci\u00f3n conjunta del Plan de Manejo Ambiental del P\u00e1ramo de Sons\u00f3n - Voces de la Regi\u00f3n\" \/>\n\t\t<meta name=\"twitter:description\" content=\"Las corporaciones aut\u00f3nomas regionales de Caldas y de las Cuencas de los R\u00edos Negro y Nare, Corpocaldas y Cornare, se reunieron para ultimar los detalles que dar\u00e1n paso a la adopci\u00f3n conjunta del Plan de Manejo Ambiental del Complejo de P\u00e1ramos P\u00e1ramo de Sons\u00f3n. El encuentro tuvo lugar en el municipio de Sons\u00f3n, Antioquia, en\" \/>\n\t\t<meta name=\"twitter:creator\" content=\"@VocesDeLaRegion\" \/>\n\t\t<meta name=\"twitter:image\" content=\"https:\/\/vocesdelaregion.com\/wp-content\/uploads\/2026\/09\/Imagen-1-1.jpeg\" \/>\n\t\t<script type=\"application\/ld+json\" class=\"aioseo-schema\">\n\t\t\t{\"@context\":\"https:\\\/\\\/schema.org\",\"@graph\":[{\"@type\":\"BlogPosting\",\"@id\":\"https:\\\/\\\/vocesdelaregion.com\\\/index.php\\\/2026\\\/09\\\/01\\\/corpocaldas-y-cornare-ultiman-detalles-para-la-adopcion-conjunta-del-plan-de-manejo-ambiental-del-paramo-de-sonson\\\/#blogposting\",\"name\":\"Corpocaldas y Cornare ultiman detalles para la adopci\\u00f3n conjunta del Plan de Manejo Ambiental del P\\u00e1ramo de Sons\\u00f3n - Voces de la Regi\\u00f3n\",\"headline\":\"Corpocaldas y Cornare ultiman detalles para la adopci\\u00f3n conjunta del Plan de Manejo Ambiental del P\\u00e1ramo de Sons\\u00f3n\",\"author\":{\"@id\":\"https:\\\/\\\/vocesdelaregion.com\\\/index.php\\\/author\\\/voces-de-la-region\\\/#author\"},\"publisher\":{\"@id\":\"https:\\\/\\\/vocesdelaregion.com\\\/#organization\"},\"image\":{\"@type\":\"ImageObject\",\"url\":\"https:\\\/\\\/vocesdelaregion.com\\\/wp-content\\\/uploads\\\/2026\\\/09\\\/Imagen-1-1.jpeg\",\"width\":1600,\"height\":1066},\"datePublished\":\"2026-09-01T12:40:08-05:00\",\"dateModified\":\"2026-09-01T12:40:10-05:00\",\"inLanguage\":\"es-CO\",\"mainEntityOfPage\":{\"@id\":\"https:\\\/\\\/vocesdelaregion.com\\\/index.php\\\/2026\\\/09\\\/01\\\/corpocaldas-y-cornare-ultiman-detalles-para-la-adopcion-conjunta-del-plan-de-manejo-ambiental-del-paramo-de-sonson\\\/#webpage\"},\"isPartOf\":{\"@id\":\"https:\\\/\\\/vocesdelaregion.com\\\/index.php\\\/2026\\\/09\\\/01\\\/corpocaldas-y-cornare-ultiman-detalles-para-la-adopcion-conjunta-del-plan-de-manejo-ambiental-del-paramo-de-sonson\\\/#webpage\"},\"articleSection\":\"Caldas, Gobernaci\\u00f3n de Caldas, Gobernaciones\"},{\"@type\":\"BreadcrumbList\",\"@id\":\"https:\\\/\\\/vocesdelaregion.com\\\/index.php\\\/2026\\\/09\\\/01\\\/corpocaldas-y-cornare-ultiman-detalles-para-la-adopcion-conjunta-del-plan-de-manejo-ambiental-del-paramo-de-sonson\\\/#breadcrumblist\",\"itemListElement\":[{\"@type\":\"ListItem\",\"@id\":\"https:\\\/\\\/vocesdelaregion.com#listItem\",\"position\":1,\"name\":\"Home\",\"item\":\"https:\\\/\\\/vocesdelaregion.com\",\"nextItem\":{\"@type\":\"ListItem\",\"@id\":\"https:\\\/\\\/vocesdelaregion.com\\\/index.php\\\/category\\\/gobernaciones\\\/#listItem\",\"name\":\"Gobernaciones\"}},{\"@type\":\"ListItem\",\"@id\":\"https:\\\/\\\/vocesdelaregion.com\\\/index.php\\\/category\\\/gobernaciones\\\/#listItem\",\"position\":2,\"name\":\"Gobernaciones\",\"item\":\"https:\\\/\\\/vocesdelaregion.com\\\/index.php\\\/category\\\/gobernaciones\\\/\",\"nextItem\":{\"@type\":\"ListItem\",\"@id\":\"https:\\\/\\\/vocesdelaregion.com\\\/index.php\\\/category\\\/gobernaciones\\\/gobernacion-de-caldas\\\/#listItem\",\"name\":\"Gobernaci\\u00f3n de Caldas\"},\"previousItem\":{\"@type\":\"ListItem\",\"@id\":\"https:\\\/\\\/vocesdelaregion.com#listItem\",\"name\":\"Home\"}},{\"@type\":\"ListItem\",\"@id\":\"https:\\\/\\\/vocesdelaregion.com\\\/index.php\\\/category\\\/gobernaciones\\\/gobernacion-de-caldas\\\/#listItem\",\"position\":3,\"name\":\"Gobernaci\\u00f3n de Caldas\",\"item\":\"https:\\\/\\\/vocesdelaregion.com\\\/index.php\\\/category\\\/gobernaciones\\\/gobernacion-de-caldas\\\/\",\"nextItem\":{\"@type\":\"ListItem\",\"@id\":\"https:\\\/\\\/vocesdelaregion.com\\\/index.php\\\/2026\\\/09\\\/01\\\/corpocaldas-y-cornare-ultiman-detalles-para-la-adopcion-conjunta-del-plan-de-manejo-ambiental-del-paramo-de-sonson\\\/#listItem\",\"name\":\"Corpocaldas y Cornare ultiman detalles para la adopci\\u00f3n conjunta del Plan de Manejo Ambiental del P\\u00e1ramo de Sons\\u00f3n\"},\"previousItem\":{\"@type\":\"ListItem\",\"@id\":\"https:\\\/\\\/vocesdelaregion.com\\\/index.php\\\/category\\\/gobernaciones\\\/#listItem\",\"name\":\"Gobernaciones\"}},{\"@type\":\"ListItem\",\"@id\":\"https:\\\/\\\/vocesdelaregion.com\\\/index.php\\\/2026\\\/09\\\/01\\\/corpocaldas-y-cornare-ultiman-detalles-para-la-adopcion-conjunta-del-plan-de-manejo-ambiental-del-paramo-de-sonson\\\/#listItem\",\"position\":4,\"name\":\"Corpocaldas y Cornare ultiman detalles para la adopci\\u00f3n conjunta del Plan de Manejo Ambiental del P\\u00e1ramo de Sons\\u00f3n\",\"previousItem\":{\"@type\":\"ListItem\",\"@id\":\"https:\\\/\\\/vocesdelaregion.com\\\/index.php\\\/category\\\/gobernaciones\\\/gobernacion-de-caldas\\\/#listItem\",\"name\":\"Gobernaci\\u00f3n de Caldas\"}}]},{\"@type\":\"Organization\",\"@id\":\"https:\\\/\\\/vocesdelaregion.com\\\/#organization\",\"name\":\"vocesdelaregion.com\",\"description\":\"Lo que pasa en la regi\\u00f3n\",\"url\":\"https:\\\/\\\/vocesdelaregion.com\\\/\",\"telephone\":\"+573116111583\",\"logo\":{\"@type\":\"ImageObject\",\"url\":\"https:\\\/\\\/vocesdelaregion.com\\\/wp-content\\\/uploads\\\/2023\\\/09\\\/LOGO-VOCES-DE-LA-REGION.png\",\"@id\":\"https:\\\/\\\/vocesdelaregion.com\\\/index.php\\\/2026\\\/09\\\/01\\\/corpocaldas-y-cornare-ultiman-detalles-para-la-adopcion-conjunta-del-plan-de-manejo-ambiental-del-paramo-de-sonson\\\/#organizationLogo\",\"width\":1300,\"height\":600},\"image\":{\"@id\":\"https:\\\/\\\/vocesdelaregion.com\\\/index.php\\\/2026\\\/09\\\/01\\\/corpocaldas-y-cornare-ultiman-detalles-para-la-adopcion-conjunta-del-plan-de-manejo-ambiental-del-paramo-de-sonson\\\/#organizationLogo\"},\"sameAs\":[\"https:\\\/\\\/facebook.com\\\/VocesDeLaRegion\",\"https:\\\/\\\/twitter.com\\\/VocesDeLaRegion\",\"https:\\\/\\\/instagram.com\\\/VocesDeLaRegion\"]},{\"@type\":\"Person\",\"@id\":\"https:\\\/\\\/vocesdelaregion.com\\\/index.php\\\/author\\\/voces-de-la-region\\\/#author\",\"url\":\"https:\\\/\\\/vocesdelaregion.com\\\/index.php\\\/author\\\/voces-de-la-region\\\/\",\"name\":\"Voces de la Regi\\u00f3n\",\"image\":{\"@type\":\"ImageObject\",\"@id\":\"https:\\\/\\\/vocesdelaregion.com\\\/index.php\\\/2026\\\/09\\\/01\\\/corpocaldas-y-cornare-ultiman-detalles-para-la-adopcion-conjunta-del-plan-de-manejo-ambiental-del-paramo-de-sonson\\\/#authorImage\",\"url\":\"https:\\\/\\\/secure.gravatar.com\\\/avatar\\\/c827267e427bf3aa88989aab4d31884776220d82096001788e3fe788dc1c5ab9?s=96&d=mm&r=g\",\"width\":96,\"height\":96,\"caption\":\"Voces de la Regi\\u00f3n\"}},{\"@type\":\"WebPage\",\"@id\":\"https:\\\/\\\/vocesdelaregion.com\\\/index.php\\\/2026\\\/09\\\/01\\\/corpocaldas-y-cornare-ultiman-detalles-para-la-adopcion-conjunta-del-plan-de-manejo-ambiental-del-paramo-de-sonson\\\/#webpage\",\"url\":\"https:\\\/\\\/vocesdelaregion.com\\\/index.php\\\/2026\\\/09\\\/01\\\/corpocaldas-y-cornare-ultiman-detalles-para-la-adopcion-conjunta-del-plan-de-manejo-ambiental-del-paramo-de-sonson\\\/\",\"name\":\"Corpocaldas y Cornare ultiman detalles para la adopci\\u00f3n conjunta del Plan de Manejo Ambiental del P\\u00e1ramo de Sons\\u00f3n - Voces de la Regi\\u00f3n\",\"description\":\"Las corporaciones aut\\u00f3nomas regionales de Caldas y de las Cuencas de los R\\u00edos Negro y Nare, Corpocaldas y Cornare, se reunieron para ultimar los detalles que dar\\u00e1n paso a la adopci\\u00f3n conjunta del Plan de Manejo Ambiental del Complejo de P\\u00e1ramos P\\u00e1ramo de Sons\\u00f3n. El encuentro tuvo lugar en el municipio de Sons\\u00f3n, Antioquia, en\",\"inLanguage\":\"es-CO\",\"isPartOf\":{\"@id\":\"https:\\\/\\\/vocesdelaregion.com\\\/#website\"},\"breadcrumb\":{\"@id\":\"https:\\\/\\\/vocesdelaregion.com\\\/index.php\\\/2026\\\/09\\\/01\\\/corpocaldas-y-cornare-ultiman-detalles-para-la-adopcion-conjunta-del-plan-de-manejo-ambiental-del-paramo-de-sonson\\\/#breadcrumblist\"},\"author\":{\"@id\":\"https:\\\/\\\/vocesdelaregion.com\\\/index.php\\\/author\\\/voces-de-la-region\\\/#author\"},\"creator\":{\"@id\":\"https:\\\/\\\/vocesdelaregion.com\\\/index.php\\\/author\\\/voces-de-la-region\\\/#author\"},\"image\":{\"@type\":\"ImageObject\",\"url\":\"https:\\\/\\\/vocesdelaregion.com\\\/wp-content\\\/uploads\\\/2026\\\/09\\\/Imagen-1-1.jpeg\",\"@id\":\"https:\\\/\\\/vocesdelaregion.com\\\/index.php\\\/2026\\\/09\\\/01\\\/corpocaldas-y-cornare-ultiman-detalles-para-la-adopcion-conjunta-del-plan-de-manejo-ambiental-del-paramo-de-sonson\\\/#mainImage\",\"width\":1600,\"height\":1066},\"primaryImageOfPage\":{\"@id\":\"https:\\\/\\\/vocesdelaregion.com\\\/index.php\\\/2026\\\/09\\\/01\\\/corpocaldas-y-cornare-ultiman-detalles-para-la-adopcion-conjunta-del-plan-de-manejo-ambiental-del-paramo-de-sonson\\\/#mainImage\"},\"datePublished\":\"2026-09-01T12:40:08-05:00\",\"dateModified\":\"2026-09-01T12:40:10-05:00\"},{\"@type\":\"WebSite\",\"@id\":\"https:\\\/\\\/vocesdelaregion.com\\\/#website\",\"url\":\"https:\\\/\\\/vocesdelaregion.com\\\/\",\"name\":\"vocesdelaregion.com\",\"description\":\"Lo que pasa en la regi\\u00f3n\",\"inLanguage\":\"es-CO\",\"publisher\":{\"@id\":\"https:\\\/\\\/vocesdelaregion.com\\\/#organization\"}}]}\n\t\t<\/script>\n\t\t<!-- All in One SEO -->\n\n","aioseo_head_json":{"title":"Corpocaldas y Cornare ultiman detalles para la adopci\u00f3n conjunta del Plan de Manejo Ambiental del P\u00e1ramo de Sons\u00f3n - Voces de la Regi\u00f3n","description":"Las corporaciones aut\u00f3nomas regionales de Caldas y de las Cuencas de los R\u00edos Negro y Nare, Corpocaldas y Cornare, se reunieron para ultimar los detalles que dar\u00e1n paso a la adopci\u00f3n conjunta del Plan de Manejo Ambiental del Complejo de P\u00e1ramos P\u00e1ramo de Sons\u00f3n. El encuentro tuvo lugar en el municipio de Sons\u00f3n, Antioquia, en","canonical_url":"https:\/\/vocesdelaregion.com\/index.php\/2026\/09\/01\/corpocaldas-y-cornare-ultiman-detalles-para-la-adopcion-conjunta-del-plan-de-manejo-ambiental-del-paramo-de-sonson\/","robots":"max-image-preview:large","keywords":"","webmasterTools":{"miscellaneous":""},"schema":{"@context":"https:\/\/schema.org","@graph":[{"@type":"BlogPosting","@id":"https:\/\/vocesdelaregion.com\/index.php\/2026\/09\/01\/corpocaldas-y-cornare-ultiman-detalles-para-la-adopcion-conjunta-del-plan-de-manejo-ambiental-del-paramo-de-sonson\/#blogposting","name":"Corpocaldas y Cornare ultiman detalles para la adopci\u00f3n conjunta del Plan de Manejo Ambiental del P\u00e1ramo de Sons\u00f3n - Voces de la Regi\u00f3n","headline":"Corpocaldas y Cornare ultiman detalles para la adopci\u00f3n conjunta del Plan de Manejo Ambiental del P\u00e1ramo de Sons\u00f3n","author":{"@id":"https:\/\/vocesdelaregion.com\/index.php\/author\/voces-de-la-region\/#author"},"publisher":{"@id":"https:\/\/vocesdelaregion.com\/#organization"},"image":{"@type":"ImageObject","url":"https:\/\/vocesdelaregion.com\/wp-content\/uploads\/2026\/09\/Imagen-1-1.jpeg","width":1600,"height":1066},"datePublished":"2026-09-01T12:40:08-05:00","dateModified":"2026-09-01T12:40:10-05:00","inLanguage":"es-CO","mainEntityOfPage":{"@id":"https:\/\/vocesdelaregion.com\/index.php\/2026\/09\/01\/corpocaldas-y-cornare-ultiman-detalles-para-la-adopcion-conjunta-del-plan-de-manejo-ambiental-del-paramo-de-sonson\/#webpage"},"isPartOf":{"@id":"https:\/\/vocesdelaregion.com\/index.php\/2026\/09\/01\/corpocaldas-y-cornare-ultiman-detalles-para-la-adopcion-conjunta-del-plan-de-manejo-ambiental-del-paramo-de-sonson\/#webpage"},"articleSection":"Caldas, Gobernaci\u00f3n de Caldas, Gobernaciones"},{"@type":"BreadcrumbList","@id":"https:\/\/vocesdelaregion.com\/index.php\/2026\/09\/01\/corpocaldas-y-cornare-ultiman-detalles-para-la-adopcion-conjunta-del-plan-de-manejo-ambiental-del-paramo-de-sonson\/#breadcrumblist","itemListElement":[{"@type":"ListItem","@id":"https:\/\/vocesdelaregion.com#listItem","position":1,"name":"Home","item":"https:\/\/vocesdelaregion.com","nextItem":{"@type":"ListItem","@id":"https:\/\/vocesdelaregion.com\/index.php\/category\/gobernaciones\/#listItem","name":"Gobernaciones"}},{"@type":"ListItem","@id":"https:\/\/vocesdelaregion.com\/index.php\/category\/gobernaciones\/#listItem","position":2,"name":"Gobernaciones","item":"https:\/\/vocesdelaregion.com\/index.php\/category\/gobernaciones\/","nextItem":{"@type":"ListItem","@id":"https:\/\/vocesdelaregion.com\/index.php\/category\/gobernaciones\/gobernacion-de-caldas\/#listItem","name":"Gobernaci\u00f3n de Caldas"},"previousItem":{"@type":"ListItem","@id":"https:\/\/vocesdelaregion.com#listItem","name":"Home"}},{"@type":"ListItem","@id":"https:\/\/vocesdelaregion.com\/index.php\/category\/gobernaciones\/gobernacion-de-caldas\/#listItem","position":3,"name":"Gobernaci\u00f3n de Caldas","item":"https:\/\/vocesdelaregion.com\/index.php\/category\/gobernaciones\/gobernacion-de-caldas\/","nextItem":{"@type":"ListItem","@id":"https:\/\/vocesdelaregion.com\/index.php\/2026\/09\/01\/corpocaldas-y-cornare-ultiman-detalles-para-la-adopcion-conjunta-del-plan-de-manejo-ambiental-del-paramo-de-sonson\/#listItem","name":"Corpocaldas y Cornare ultiman detalles para la adopci\u00f3n conjunta del Plan de Manejo Ambiental del P\u00e1ramo de Sons\u00f3n"},"previousItem":{"@type":"ListItem","@id":"https:\/\/vocesdelaregion.com\/index.php\/category\/gobernaciones\/#listItem","name":"Gobernaciones"}},{"@type":"ListItem","@id":"https:\/\/vocesdelaregion.com\/index.php\/2026\/09\/01\/corpocaldas-y-cornare-ultiman-detalles-para-la-adopcion-conjunta-del-plan-de-manejo-ambiental-del-paramo-de-sonson\/#listItem","position":4,"name":"Corpocaldas y Cornare ultiman detalles para la adopci\u00f3n conjunta del Plan de Manejo Ambiental del P\u00e1ramo de Sons\u00f3n","previousItem":{"@type":"ListItem","@id":"https:\/\/vocesdelaregion.com\/index.php\/category\/gobernaciones\/gobernacion-de-caldas\/#listItem","name":"Gobernaci\u00f3n de Caldas"}}]},{"@type":"Organization","@id":"https:\/\/vocesdelaregion.com\/#organization","name":"vocesdelaregion.com","description":"Lo que pasa en la regi\u00f3n","url":"https:\/\/vocesdelaregion.com\/","telephone":"+573116111583","logo":{"@type":"ImageObject","url":"https:\/\/vocesdelaregion.com\/wp-content\/uploads\/2023\/09\/LOGO-VOCES-DE-LA-REGION.png","@id":"https:\/\/vocesdelaregion.com\/index.php\/2026\/09\/01\/corpocaldas-y-cornare-ultiman-detalles-para-la-adopcion-conjunta-del-plan-de-manejo-ambiental-del-paramo-de-sonson\/#organizationLogo","width":1300,"height":600},"image":{"@id":"https:\/\/vocesdelaregion.com\/index.php\/2026\/09\/01\/corpocaldas-y-cornare-ultiman-detalles-para-la-adopcion-conjunta-del-plan-de-manejo-ambiental-del-paramo-de-sonson\/#organizationLogo"},"sameAs":["https:\/\/facebook.com\/VocesDeLaRegion","https:\/\/twitter.com\/VocesDeLaRegion","https:\/\/instagram.com\/VocesDeLaRegion"]},{"@type":"Person","@id":"https:\/\/vocesdelaregion.com\/index.php\/author\/voces-de-la-region\/#author","url":"https:\/\/vocesdelaregion.com\/index.php\/author\/voces-de-la-region\/","name":"Voces de la Regi\u00f3n","image":{"@type":"ImageObject","@id":"https:\/\/vocesdelaregion.com\/index.php\/2026\/09\/01\/corpocaldas-y-cornare-ultiman-detalles-para-la-adopcion-conjunta-del-plan-de-manejo-ambiental-del-paramo-de-sonson\/#authorImage","url":"https:\/\/secure.gravatar.com\/avatar\/c827267e427bf3aa88989aab4d31884776220d82096001788e3fe788dc1c5ab9?s=96&d=mm&r=g","width":96,"height":96,"caption":"Voces de la Regi\u00f3n"}},{"@type":"WebPage","@id":"https:\/\/vocesdelaregion.com\/index.php\/2026\/09\/01\/corpocaldas-y-cornare-ultiman-detalles-para-la-adopcion-conjunta-del-plan-de-manejo-ambiental-del-paramo-de-sonson\/#webpage","url":"https:\/\/vocesdelaregion.com\/index.php\/2026\/09\/01\/corpocaldas-y-cornare-ultiman-detalles-para-la-adopcion-conjunta-del-plan-de-manejo-ambiental-del-paramo-de-sonson\/","name":"Corpocaldas y Cornare ultiman detalles para la adopci\u00f3n conjunta del Plan de Manejo Ambiental del P\u00e1ramo de Sons\u00f3n - Voces de la Regi\u00f3n","description":"Las corporaciones aut\u00f3nomas regionales de Caldas y de las Cuencas de los R\u00edos Negro y Nare, Corpocaldas y Cornare, se reunieron para ultimar los detalles que dar\u00e1n paso a la adopci\u00f3n conjunta del Plan de Manejo Ambiental del Complejo de P\u00e1ramos P\u00e1ramo de Sons\u00f3n. El encuentro tuvo lugar en el municipio de Sons\u00f3n, Antioquia, en","inLanguage":"es-CO","isPartOf":{"@id":"https:\/\/vocesdelaregion.com\/#website"},"breadcrumb":{"@id":"https:\/\/vocesdelaregion.com\/index.php\/2026\/09\/01\/corpocaldas-y-cornare-ultiman-detalles-para-la-adopcion-conjunta-del-plan-de-manejo-ambiental-del-paramo-de-sonson\/#breadcrumblist"},"author":{"@id":"https:\/\/vocesdelaregion.com\/index.php\/author\/voces-de-la-region\/#author"},"creator":{"@id":"https:\/\/vocesdelaregion.com\/index.php\/author\/voces-de-la-region\/#author"},"image":{"@type":"ImageObject","url":"https:\/\/vocesdelaregion.com\/wp-content\/uploads\/2026\/09\/Imagen-1-1.jpeg","@id":"https:\/\/vocesdelaregion.com\/index.php\/2026\/09\/01\/corpocaldas-y-cornare-ultiman-detalles-para-la-adopcion-conjunta-del-plan-de-manejo-ambiental-del-paramo-de-sonson\/#mainImage","width":1600,"height":1066},"primaryImageOfPage":{"@id":"https:\/\/vocesdelaregion.com\/index.php\/2026\/09\/01\/corpocaldas-y-cornare-ultiman-detalles-para-la-adopcion-conjunta-del-plan-de-manejo-ambiental-del-paramo-de-sonson\/#mainImage"},"datePublished":"2026-09-01T12:40:08-05:00","dateModified":"2026-09-01T12:40:10-05:00"},{"@type":"WebSite","@id":"https:\/\/vocesdelaregion.com\/#website","url":"https:\/\/vocesdelaregion.com\/","name":"vocesdelaregion.com","description":"Lo que pasa en la regi\u00f3n","inLanguage":"es-CO","publisher":{"@id":"https:\/\/vocesdelaregion.com\/#organization"}}]},"og:locale":"es_ES","og:site_name":"Voces de la Regi\u00f3n - Lo que pasa en la regi\u00f3n","og:type":"article","og:title":"Corpocaldas y Cornare ultiman detalles para la adopci\u00f3n conjunta del Plan de Manejo Ambiental del P\u00e1ramo de Sons\u00f3n - Voces de la Regi\u00f3n","og:description":"Las corporaciones aut\u00f3nomas regionales de Caldas y de las Cuencas de los R\u00edos Negro y Nare, Corpocaldas y Cornare, se reunieron para ultimar los detalles que dar\u00e1n paso a la adopci\u00f3n conjunta del Plan de Manejo Ambiental del Complejo de P\u00e1ramos P\u00e1ramo de Sons\u00f3n. El encuentro tuvo lugar en el municipio de Sons\u00f3n, Antioquia, en","og:url":"https:\/\/vocesdelaregion.com\/index.php\/2026\/09\/01\/corpocaldas-y-cornare-ultiman-detalles-para-la-adopcion-conjunta-del-plan-de-manejo-ambiental-del-paramo-de-sonson\/","og:image":"https:\/\/vocesdelaregion.com\/wp-content\/uploads\/2026\/09\/Imagen-1-1.jpeg","og:image:secure_url":"https:\/\/vocesdelaregion.com\/wp-content\/uploads\/2026\/09\/Imagen-1-1.jpeg","og:image:width":1600,"og:image:height":1066,"article:tag":["caldas","gobernaci\u00f3n de caldas","gobernaciones"],"article:published_time":"2026-09-01T17:40:08+00:00","article:modified_time":"2026-09-01T17:40:10+00:00","article:publisher":"https:\/\/facebook.com\/VocesDeLaRegion","twitter:card":"summary_large_image","twitter:site":"@VocesDeLaRegion","twitter:title":"Corpocaldas y Cornare ultiman detalles para la adopci\u00f3n conjunta del Plan de Manejo Ambiental del P\u00e1ramo de Sons\u00f3n - Voces de la Regi\u00f3n","twitter:description":"Las corporaciones aut\u00f3nomas regionales de Caldas y de las Cuencas de los R\u00edos Negro y Nare, Corpocaldas y Cornare, se reunieron para ultimar los detalles que dar\u00e1n paso a la adopci\u00f3n conjunta del Plan de Manejo Ambiental del Complejo de P\u00e1ramos P\u00e1ramo de Sons\u00f3n. El encuentro tuvo lugar en el municipio de Sons\u00f3n, Antioquia, en","twitter:creator":"@VocesDeLaRegion","twitter:image":"https:\/\/vocesdelaregion.com\/wp-content\/uploads\/2026\/09\/Imagen-1-1.jpeg"},"aioseo_meta_data":{"post_id":"41031","title":null,"description":null,"keywords":null,"keyphrases":{"focus":{"keyphrase":"","score":0,"analysis":{"keyphraseInTitle":{"score":0,"maxScore":9,"error":1}}},"additional":[]},"primary_term":null,"canonical_url":null,"og_title":null,"og_description":null,"og_object_type":"default","og_image_type":"default","og_image_url":null,"og_image_width":null,"og_image_height":null,"og_image_custom_url":null,"og_image_custom_fields":null,"og_video":"","og_custom_url":null,"og_article_section":null,"og_article_tags":null,"twitter_use_og":false,"twitter_card":"default","twitter_image_type":"default","twitter_image_url":null,"twitter_image_custom_url":null,"twitter_image_custom_fields":null,"twitter_title":null,"twitter_description":null,"schema":{"blockGraphs":[],"customGraphs":[],"default":{"data":{"Article":[],"Course":[],"Dataset":[],"FAQPage":[],"Movie":[],"Person":[],"Product":[],"ProductReview":[],"Car":[],"Recipe":[],"Service":[],"SoftwareApplication":[],"WebPage":[]},"graphName":"BlogPosting","isEnabled":true},"graphs":[]},"schema_type":"default","schema_type_options":null,"pillar_content":false,"robots_default":true,"robots_noindex":false,"robots_noarchive":false,"robots_nosnippet":false,"robots_nofollow":false,"robots_noimageindex":false,"robots_noodp":false,"robots_notranslate":false,"robots_max_snippet":"-1","robots_max_videopreview":"-1","robots_max_imagepreview":"large","priority":null,"frequency":"default","local_seo":null,"breadcrumb_settings":null,"limit_modified_date":false,"ai":{"faqs":[],"keyPoints":[],"schemas":[],"titles":[],"descriptions":[],"socialPosts":{"email":{"subject":"","preview":"","content":""},"linkedin":[],"twitter":[],"facebook":[],"instagram":[]}},"created":"2026-09-01 17:40:10","updated":"2026-09-01 19:14:37","seo_analyzer_scan_date":null,"focus_keyword":null,"additional_keywords":null,"truseo_locale":null},"aioseo_breadcrumb":"<div class=\"aioseo-breadcrumbs\"><span class=\"aioseo-breadcrumb\">\n\t\t\t<a href=\"https:\/\/vocesdelaregion.com\" title=\"Home\">Home<\/a>\n\t\t<\/span><span class=\"aioseo-breadcrumb-separator\">\u00bb<\/span><span class=\"aioseo-breadcrumb\">\n\t\t\t<a href=\"https:\/\/vocesdelaregion.com\/index.php\/category\/gobernaciones\/\" title=\"Gobernaciones\">Gobernaciones<\/a>\n\t\t<\/span><span class=\"aioseo-breadcrumb-separator\">\u00bb<\/span><span class=\"aioseo-breadcrumb\">\n\t\t\t<a href=\"https:\/\/vocesdelaregion.com\/index.php\/category\/gobernaciones\/gobernacion-de-caldas\/\" title=\"Gobernaci\u00f3n de Caldas\">Gobernaci\u00f3n de Caldas<\/a>\n\t\t<\/span><span class=\"aioseo-breadcrumb-separator\">\u00bb<\/span><span class=\"aioseo-breadcrumb\">\n\t\t\tCorpocaldas y Cornare ultiman detalles para la adopci\u00f3n conjunta del Plan de Manejo Ambiental del P\u00e1ramo de Sons\u00f3n\n\t\t<\/span><\/div>","aioseo_breadcrumb_json":[{"label":"Home","link":"https:\/\/vocesdelaregion.com"},{"label":"Gobernaciones","link":"https:\/\/vocesdelaregion.com\/index.php\/category\/gobernaciones\/"},{"label":"Gobernaci\u00f3n de Caldas","link":"https:\/\/vocesdelaregion.com\/index.php\/category\/gobernaciones\/gobernacion-de-caldas\/"},{"label":"Corpocaldas y Cornare ultiman detalles para la adopci\u00f3n conjunta del Plan de Manejo Ambiental del P\u00e1ramo de Sons\u00f3n","link":"https:\/\/vocesdelaregion.com\/index.php\/2026\/09\/01\/corpocaldas-y-cornare-ultiman-detalles-para-la-adopcion-conjunta-del-plan-de-manejo-ambiental-del-paramo-de-sonson\/"}],"blog_post_layout_featured_media_urls":{"thumbnail":["https:\/\/vocesdelaregion.com\/wp-content\/uploads\/2026\/09\/Imagen-1-1-150x150.jpeg",150,150,true],"full":["https:\/\/vocesdelaregion.com\/wp-content\/uploads\/2026\/09\/Imagen-1-1.jpeg",1600,1066,false]},"categories_names":{"24":{"name":"Caldas","link":"https:\/\/vocesdelaregion.com\/index.php\/category\/caldas\/"},"357":{"name":"Gobernaci\u00f3n de Caldas","link":"https:\/\/vocesdelaregion.com\/index.php\/category\/gobernaciones\/gobernacion-de-caldas\/"},"356":{"name":"Gobernaciones","link":"https:\/\/vocesdelaregion.com\/index.php\/category\/gobernaciones\/"}},"tags_names":[],"comments_number":"0","wpmagazine_modules_lite_featured_media_urls":{"thumbnail":["https:\/\/vocesdelaregion.com\/wp-content\/uploads\/2026\/09\/Imagen-1-1-150x150.jpeg",150,150,true],"cvmm-medium":["https:\/\/vocesdelaregion.com\/wp-content\/uploads\/2026\/09\/Imagen-1-1-300x300.jpeg",300,300,true],"cvmm-medium-plus":["https:\/\/vocesdelaregion.com\/wp-content\/uploads\/2026\/09\/Imagen-1-1-305x207.jpeg",305,207,true],"cvmm-portrait":["https:\/\/vocesdelaregion.com\/wp-content\/uploads\/2026\/09\/Imagen-1-1-400x600.jpeg",400,600,true],"cvmm-medium-square":["https:\/\/vocesdelaregion.com\/wp-content\/uploads\/2026\/09\/Imagen-1-1-600x600.jpeg",600,600,true],"cvmm-large":["https:\/\/vocesdelaregion.com\/wp-content\/uploads\/2026\/09\/Imagen-1-1-1024x1024.jpeg",1024,1024,true],"cvmm-small":["https:\/\/vocesdelaregion.com\/wp-content\/uploads\/2026\/09\/Imagen-1-1-130x95.jpeg",130,95,true],"full":["https:\/\/vocesdelaregion.com\/wp-content\/uploads\/2026\/09\/Imagen-1-1.jpeg",1600,1066,false]},"_links":{"self":[{"href":"https:\/\/vocesdelaregion.com\/index.php\/wp-json\/wp\/v2\/posts\/41031","targetHints":{"allow":["GET"]}}],"collection":[{"href":"https:\/\/vocesdelaregion.com\/index.php\/wp-json\/wp\/v2\/posts"}],"about":[{"href":"https:\/\/vocesdelaregion.com\/index.php\/wp-json\/wp\/v2\/types\/post"}],"author":[{"embeddable":true,"href":"https:\/\/vocesdelaregion.com\/index.php\/wp-json\/wp\/v2\/users\/3"}],"replies":[{"embeddable":true,"href":"https:\/\/vocesdelaregion.com\/index.php\/wp-json\/wp\/v2\/comments?post=41031"}],"version-history":[{"count":1,"href":"https:\/\/vocesdelaregion.com\/index.php\/wp-json\/wp\/v2\/posts\/41031\/revisions"}],"predecessor-version":[{"id":41047,"href":"https:\/\/vocesdelaregion.com\/index.php\/wp-json\/wp\/v2\/posts\/41031\/revisions\/41047"}],"wp:featuredmedia":[{"embeddable":true,"href":"https:\/\/vocesdelaregion.com\/index.php\/wp-json\/wp\/v2\/media\/41043"}],"wp:attachment":[{"href":"https:\/\/vocesdelaregion.com\/index.php\/wp-json\/wp\/v2\/media?parent=41031"}],"wp:term":[{"taxonomy":"category","embeddable":true,"href":"https:\/\/vocesdelaregion.com\/index.php\/wp-json\/wp\/v2\/categories?post=41031"},{"taxonomy":"post_tag","embeddable":true,"href":"https:\/\/vocesdelaregion.com\/index.php\/wp-json\/wp\/v2\/tags?post=41031"}],"curies":[{"name":"wp","href":"https:\/\/api.w.org\/{rel}","templated":true}]}}