{"id":4012,"date":"2025-02-09T20:39:00","date_gmt":"2025-02-10T01:39:00","guid":{"rendered":"https:\/\/vocesdelaregion.com\/?p=4012"},"modified":"2025-02-09T21:50:34","modified_gmt":"2025-02-10T02:50:34","slug":"una-moto-arrollo-a-un-peaton-tres-lesionados","status":"publish","type":"post","link":"https:\/\/vocesdelaregion.com\/index.php\/2025\/02\/09\/una-moto-arrollo-a-un-peaton-tres-lesionados\/","title":{"rendered":"Una moto arroll\u00f3 a un peat\u00f3n. Tres lesionados"},"content":{"rendered":"\n<p>La noche de este domingo 9 de febrero se registr\u00f3 un fuerte accidente de tr\u00e1nsito en la Calle Real del municipio de #Saman\u00e1, en el Magdalena caldense.<\/p>\n\n\n\n<p>De acuerdo con versiones en el lugar, una motocicleta, al parecer con exceso de velocidad arroll\u00f3 a un peat\u00f3n<\/p>\n\n\n\n<p>Tanto el peat\u00f3n, como los dos ocupantes del veh\u00edculo resultaron lesionados.<\/p>\n\n\n\n<p>Unidades de Bomberos Saman\u00e1 atendieron a los heridos, dos fueron trasladados en veh\u00edculo de Bomberos y otro en ambulancia del hospital hasta el centro asistencial local.<\/p>\n\n\n\n<figure class=\"wp-block-embed is-type-video is-provider-youtube wp-block-embed-youtube wp-embed-aspect-4-3 wp-has-aspect-ratio\"><div class=\"wp-block-embed__wrapper\">\n<iframe title=\"Dos personas lesionadas en accidente de moto\" width=\"640\" height=\"480\" src=\"https:\/\/www.youtube.com\/embed\/VH-FLmWwXbc?feature=oembed\" frameborder=\"0\" allow=\"accelerometer; autoplay; clipboard-write; encrypted-media; gyroscope; picture-in-picture; web-share\" referrerpolicy=\"strict-origin-when-cross-origin\" allowfullscreen><\/iframe>\n<\/div><\/figure>\n","protected":false},"excerpt":{"rendered":"<p>La noche de este domingo 9 de febrero se registr\u00f3 un fuerte accidente de tr\u00e1nsito en la Calle Real del municipio de #Saman\u00e1, en el Magdalena caldense. De acuerdo con versiones en el lugar, una motocicleta, al parecer con exceso de velocidad arroll\u00f3 a un peat\u00f3n Tanto el peat\u00f3n, como los dos ocupantes del veh\u00edculo [&hellip;]<\/p>\n","protected":false},"author":1,"featured_media":4013,"comment_status":"open","ping_status":"open","sticky":false,"template":"","format":"standard","meta":{"om_disable_all_campaigns":false,"_monsterinsights_skip_tracking":false,"_monsterinsights_sitenote_active":false,"_monsterinsights_sitenote_note":"","_monsterinsights_sitenote_category":0,"_uf_show_specific_survey":0,"_uf_disable_surveys":false,"footnotes":""},"categories":[48,45,41,1],"tags":[],"class_list":["post-4012","post","type-post","status-publish","format-standard","has-post-thumbnail","hentry","category-accidentes-de-transito","category-magdalena","category-movilidad","category-noticias"],"aioseo_notices":[],"blog_post_layout_featured_media_urls":{"thumbnail":["https:\/\/vocesdelaregion.com\/wp-content\/uploads\/2025\/02\/Captura-de-pantalla-2025-02-09-213814-150x150.png",150,150,true],"full":["https:\/\/vocesdelaregion.com\/wp-content\/uploads\/2025\/02\/Captura-de-pantalla-2025-02-09-213814.png",657,745,false]},"categories_names":{"48":{"name":"Accidentes de tr\u00e1nsito","link":"https:\/\/vocesdelaregion.com\/index.php\/category\/movilidad\/accidentes-de-transito\/"},"45":{"name":"Magdalena","link":"https:\/\/vocesdelaregion.com\/index.php\/category\/caldas\/magdalena\/"},"41":{"name":"Movilidad","link":"https:\/\/vocesdelaregion.com\/index.php\/category\/movilidad\/"},"1":{"name":"Noticias","link":"https:\/\/vocesdelaregion.com\/index.php\/category\/noticias\/"}},"tags_names":[],"comments_number":"0","wpmagazine_modules_lite_featured_media_urls":{"thumbnail":["https:\/\/vocesdelaregion.com\/wp-content\/uploads\/2025\/02\/Captura-de-pantalla-2025-02-09-213814-150x150.png",150,150,true],"cvmm-medium":["https:\/\/vocesdelaregion.com\/wp-content\/uploads\/2025\/02\/Captura-de-pantalla-2025-02-09-213814-300x300.png",300,300,true],"cvmm-medium-plus":["https:\/\/vocesdelaregion.com\/wp-content\/uploads\/2025\/02\/Captura-de-pantalla-2025-02-09-213814-305x207.png",305,207,true],"cvmm-portrait":["https:\/\/vocesdelaregion.com\/wp-content\/uploads\/2025\/02\/Captura-de-pantalla-2025-02-09-213814-400x600.png",400,600,true],"cvmm-medium-square":["https:\/\/vocesdelaregion.com\/wp-content\/uploads\/2025\/02\/Captura-de-pantalla-2025-02-09-213814-600x600.png",600,600,true],"cvmm-large":["https:\/\/vocesdelaregion.com\/wp-content\/uploads\/2025\/02\/Captura-de-pantalla-2025-02-09-213814.png",657,745,false],"cvmm-small":["https:\/\/vocesdelaregion.com\/wp-content\/uploads\/2025\/02\/Captura-de-pantalla-2025-02-09-213814-130x95.png",130,95,true],"full":["https:\/\/vocesdelaregion.com\/wp-content\/uploads\/2025\/02\/Captura-de-pantalla-2025-02-09-213814.png",657,745,false]},"_links":{"self":[{"href":"https:\/\/vocesdelaregion.com\/index.php\/wp-json\/wp\/v2\/posts\/4012","targetHints":{"allow":["GET"]}}],"collection":[{"href":"https:\/\/vocesdelaregion.com\/index.php\/wp-json\/wp\/v2\/posts"}],"about":[{"href":"https:\/\/vocesdelaregion.com\/index.php\/wp-json\/wp\/v2\/types\/post"}],"author":[{"embeddable":true,"href":"https:\/\/vocesdelaregion.com\/index.php\/wp-json\/wp\/v2\/users\/1"}],"replies":[{"embeddable":true,"href":"https:\/\/vocesdelaregion.com\/index.php\/wp-json\/wp\/v2\/comments?post=4012"}],"version-history":[{"count":2,"href":"https:\/\/vocesdelaregion.com\/index.php\/wp-json\/wp\/v2\/posts\/4012\/revisions"}],"predecessor-version":[{"id":4015,"href":"https:\/\/vocesdelaregion.com\/index.php\/wp-json\/wp\/v2\/posts\/4012\/revisions\/4015"}],"wp:featuredmedia":[{"embeddable":true,"href":"https:\/\/vocesdelaregion.com\/index.php\/wp-json\/wp\/v2\/media\/4013"}],"wp:attachment":[{"href":"https:\/\/vocesdelaregion.com\/index.php\/wp-json\/wp\/v2\/media?parent=4012"}],"wp:term":[{"taxonomy":"category","embeddable":true,"href":"https:\/\/vocesdelaregion.com\/index.php\/wp-json\/wp\/v2\/categories?post=4012"},{"taxonomy":"post_tag","embeddable":true,"href":"https:\/\/vocesdelaregion.com\/index.php\/wp-json\/wp\/v2\/tags?post=4012"}],"curies":[{"name":"wp","href":"https:\/\/api.w.org\/{rel}","templated":true}]}}