{"id":39480,"date":"2026-04-01T22:15:00","date_gmt":"2026-04-02T03:15:00","guid":{"rendered":"https:\/\/vocesdelaregion.com\/?p=39480"},"modified":"2026-04-27T20:22:33","modified_gmt":"2026-04-28T01:22:33","slug":"manizales-baja-desempleo-al-86-y-mejora-sus-indicadores-laborales-segun-el-dane","status":"publish","type":"post","link":"https:\/\/vocesdelaregion.com\/index.php\/2026\/04\/01\/manizales-baja-desempleo-al-86-y-mejora-sus-indicadores-laborales-segun-el-dane\/","title":{"rendered":"Manizales baja desempleo al 8,6 % y mejora sus indicadores laborales, seg\u00fan el DANE"},"content":{"rendered":"\n<ul class=\"wp-block-list\">\n<li><strong><em>Las cifras corresponden al trimestre m\u00f3vil diciembre de 2025 a febrero de 2026 reportado por el DANE para Manizales y su \u00c1rea Metropolitana.<\/em><\/strong><\/li>\n\n\n\n<li><strong><em>La Alcald\u00eda de Manizales destaca que los resultados reflejan din\u00e1micas econ\u00f3micas que impactan directamente los ingresos de los hogares.<\/em><\/strong><\/li>\n<\/ul>\n\n\n\n<p>Una reducci\u00f3n sostenida en la tasa de desempleo, acompa\u00f1ada por un aumento en la ocupaci\u00f3n y la participaci\u00f3n laboral, marca el panorama actual de Manizales y su \u00c1rea Metropolitana durante el trimestre diciembre de 2025 a febrero de 2026. De acuerdo con el Departamento Administrativo Nacional de Estad\u00edstica (DANE), la ciudad pas\u00f3 de una tasa de desempleo del 10,4% al 8,6%, lo que representa una disminuci\u00f3n de 1,8 puntos porcentuales y la ubica como la cuarta con menor desocupaci\u00f3n entre las 23 principales ciudades del pa\u00eds.<\/p>\n\n\n\n<figure class=\"wp-block-gallery has-nested-images columns-default is-cropped wp-block-gallery-1 is-layout-flex wp-block-gallery-is-layout-flex\">\n<figure class=\"wp-block-image size-large\"><img fetchpriority=\"high\" decoding=\"async\" width=\"819\" height=\"1024\" data-id=\"39484\" src=\"https:\/\/vocesdelaregion.com\/wp-content\/uploads\/2026\/04\/Cifras-empleo-2-1140x1425-1-819x1024.jpeg\" alt=\"\" class=\"wp-image-39484\" srcset=\"https:\/\/vocesdelaregion.com\/wp-content\/uploads\/2026\/04\/Cifras-empleo-2-1140x1425-1-819x1024.jpeg 819w, https:\/\/vocesdelaregion.com\/wp-content\/uploads\/2026\/04\/Cifras-empleo-2-1140x1425-1-240x300.jpeg 240w, https:\/\/vocesdelaregion.com\/wp-content\/uploads\/2026\/04\/Cifras-empleo-2-1140x1425-1-768x960.jpeg 768w, https:\/\/vocesdelaregion.com\/wp-content\/uploads\/2026\/04\/Cifras-empleo-2-1140x1425-1.jpeg 1140w\" sizes=\"(max-width: 819px) 100vw, 819px\" \/><\/figure>\n\n\n\n<figure class=\"wp-block-image size-large\"><img decoding=\"async\" width=\"819\" height=\"1024\" data-id=\"39483\" src=\"https:\/\/vocesdelaregion.com\/wp-content\/uploads\/2026\/04\/Cifras-empleo-3-1140x1425-1-819x1024.jpeg\" alt=\"\" class=\"wp-image-39483\" srcset=\"https:\/\/vocesdelaregion.com\/wp-content\/uploads\/2026\/04\/Cifras-empleo-3-1140x1425-1-819x1024.jpeg 819w, https:\/\/vocesdelaregion.com\/wp-content\/uploads\/2026\/04\/Cifras-empleo-3-1140x1425-1-240x300.jpeg 240w, https:\/\/vocesdelaregion.com\/wp-content\/uploads\/2026\/04\/Cifras-empleo-3-1140x1425-1-768x960.jpeg 768w, https:\/\/vocesdelaregion.com\/wp-content\/uploads\/2026\/04\/Cifras-empleo-3-1140x1425-1.jpeg 1140w\" sizes=\"(max-width: 819px) 100vw, 819px\" \/><\/figure>\n<\/figure>\n\n\n\n<p>El secretario de Planeaci\u00f3n, Jos\u00e9 Fernando Olarte Osorio, se\u00f1al\u00f3 que este comportamiento confirma el impacto de las decisiones p\u00fablicas y privadas en la econom\u00eda local.&nbsp;<strong><em>\u201cLas cifras siguen siendo muy positivas para Manizales y demuestran las apuestas que estamos haciendo desde el sector p\u00fablico y el sector privado para generar valor, riqueza y una econom\u00eda sana y sostenible que permita ingresos en los hogares y mejores resultados en superaci\u00f3n de pobreza\u201d<\/em><\/strong>, afirm\u00f3.<\/p>\n\n\n\n<figure class=\"wp-block-embed is-type-rich is-provider-gestor-del-servicio wp-block-embed-gestor-del-servicio\"><div class=\"wp-block-embed__wrapper\">\n<audio class=\"wp-audio-shortcode\" id=\"audio-39480-1\" preload=\"none\" style=\"width: 100%;\" controls=\"controls\"><source type=\"audio\/mpeg\" src=\"https:\/\/centrodeinformacion.manizales.gov.co\/wp-content\/uploads\/2026\/03\/Jose-Fernando-Olarte-empleabilidad.mp3?_=1\" \/><a href=\"https:\/\/centrodeinformacion.manizales.gov.co\/wp-content\/uploads\/2026\/03\/Jose-Fernando-Olarte-empleabilidad.mp3\">https:\/\/centrodeinformacion.manizales.gov.co\/wp-content\/uploads\/2026\/03\/Jose-Fernando-Olarte-empleabilidad.mp3<\/a><\/audio>\n<\/div><figcaption class=\"wp-element-caption\"><strong>Audio:<em>\u00a0secretario de Planeaci\u00f3n, Jos\u00e9 Fernando Olarte<\/em><\/strong>\u00a0<strong><em>Osorio.<\/em><\/strong><br><br>El funcionario destac\u00f3 que los resultados responden al trabajo conjunto entre la institucionalidad y el sector productivo. Indic\u00f3 que la articulaci\u00f3n con los empresarios ha sido clave, debido a que son ellos quienes tienen la capacidad de generar empleos sostenibles y dinamizar la econom\u00eda local.<br><br><strong>Adem\u00e1s de la reducci\u00f3n del desempleo en este trimestre, los indicadores muestran un aumento en la tasa de ocupaci\u00f3n, que pas\u00f3 de 53,9% a 56,7%, y en la tasa global de participaci\u00f3n, que subi\u00f3 de 60,2% a 62%. Estos datos indican que m\u00e1s personas est\u00e1n buscando empleo y, al mismo tiempo, est\u00e1n logrando acceder a oportunidades laborales.<\/strong><br><br>El comportamiento de los indicadores laborales durante el trimestre diciembre de 2025 a febrero de 2026 refleja una mayor confianza de los ciudadanos para integrarse al mercado de trabajo. Seg\u00fan explic\u00f3 Olarte, el aumento en la participaci\u00f3n significa que m\u00e1s personas est\u00e1n activas en la b\u00fasqueda de empleo, mientras que el incremento en la ocupaci\u00f3n evidencia que esas oportunidades se est\u00e1n materializando.<br><br><br><br>Otro aspecto relevante en este periodo es el nivel de formalidad laboral. Manizales se ubica como la segunda ciudad con mejor formalidad en el pa\u00eds, lo que representa empleos con mayores garant\u00edas, estabilidad y acceso a seguridad social.<\/figcaption><\/figure>\n\n\n\n<figure class=\"wp-block-gallery has-nested-images columns-default is-cropped wp-block-gallery-2 is-layout-flex wp-block-gallery-is-layout-flex\">\n<figure class=\"wp-block-image size-large\"><img decoding=\"async\" width=\"1024\" height=\"768\" data-id=\"39482\" src=\"https:\/\/vocesdelaregion.com\/wp-content\/uploads\/2026\/04\/Atencion-salud-2-1024x768.jpeg\" alt=\"\" class=\"wp-image-39482\" srcset=\"https:\/\/vocesdelaregion.com\/wp-content\/uploads\/2026\/04\/Atencion-salud-2-1024x768.jpeg 1024w, https:\/\/vocesdelaregion.com\/wp-content\/uploads\/2026\/04\/Atencion-salud-2-300x225.jpeg 300w, https:\/\/vocesdelaregion.com\/wp-content\/uploads\/2026\/04\/Atencion-salud-2-768x576.jpeg 768w, https:\/\/vocesdelaregion.com\/wp-content\/uploads\/2026\/04\/Atencion-salud-2-136x102.jpeg 136w, https:\/\/vocesdelaregion.com\/wp-content\/uploads\/2026\/04\/Atencion-salud-2.jpeg 1536w\" sizes=\"(max-width: 1024px) 100vw, 1024px\" \/><\/figure>\n\n\n\n<figure class=\"wp-block-image size-large\"><img loading=\"lazy\" decoding=\"async\" width=\"1024\" height=\"536\" data-id=\"39481\" src=\"https:\/\/vocesdelaregion.com\/wp-content\/uploads\/2026\/04\/docentes-manizales-2.jpeg\" alt=\"\" class=\"wp-image-39481\" srcset=\"https:\/\/vocesdelaregion.com\/wp-content\/uploads\/2026\/04\/docentes-manizales-2.jpeg 1024w, https:\/\/vocesdelaregion.com\/wp-content\/uploads\/2026\/04\/docentes-manizales-2-300x157.jpeg 300w, https:\/\/vocesdelaregion.com\/wp-content\/uploads\/2026\/04\/docentes-manizales-2-768x402.jpeg 768w\" sizes=\"(max-width: 1024px) 100vw, 1024px\" \/><\/figure>\n<\/figure>\n\n\n\n<p>El an\u00e1lisis por sectores evidencia que el crecimiento del empleo durante este trimestre se concentra principalmente en actividades de servicios. Las \u00e1reas de administraci\u00f3n p\u00fablica, educaci\u00f3n y salud lideran la generaci\u00f3n de puestos de trabajo con 9.252 nuevos empleos, lo que equivale al 62% del total. A estas se suman las actividades art\u00edsticas, de entretenimiento y servicios con 4.313 empleos (29%), as\u00ed como la construcci\u00f3n con 3.061 empleos (21%).<\/p>\n\n\n\n<p>La Alcald\u00eda de Manizales impulsa acciones que faciliten el acceso al empleo, el acompa\u00f1amiento a empresas y la generaci\u00f3n de oportunidades, con el prop\u00f3sito de que m\u00e1s ciudadanos puedan integrarse al mercado laboral y mejorar sus condiciones de vida.<\/p>\n\n\n\n<p>En s\u00edntesis, durante el trimestre diciembre de 2025 a febrero de 2026, Manizales presenta indicadores laborales favorables, con una reducci\u00f3n del desempleo, mayor participaci\u00f3n ciudadana y un papel determinante del sector servicios, en medio de desaf\u00edos en sectores clave que orientan las acciones institucionales hacia un crecimiento econ\u00f3mico m\u00e1s equilibrado<\/p>\n","protected":false},"excerpt":{"rendered":"<p>Una reducci\u00f3n sostenida en la tasa de desempleo, acompa\u00f1ada por un aumento en la ocupaci\u00f3n y la participaci\u00f3n laboral, marca el panorama actual de Manizales y su \u00c1rea Metropolitana durante el trimestre diciembre de 2025 a febrero de 2026. De acuerdo con el Departamento Administrativo Nacional de Estad\u00edstica (DANE), la ciudad pas\u00f3 de una tasa [&hellip;]<\/p>\n","protected":false},"author":1,"featured_media":39485,"comment_status":"closed","ping_status":"closed","sticky":false,"template":"","format":"standard","meta":{"om_disable_all_campaigns":false,"_monsterinsights_skip_tracking":false,"_monsterinsights_sitenote_active":false,"_monsterinsights_sitenote_note":"","_monsterinsights_sitenote_category":0,"_uf_show_specific_survey":0,"_uf_disable_surveys":false,"footnotes":""},"categories":[355,58,361,26],"tags":[],"class_list":["post-39480","post","type-post","status-publish","format-standard","has-post-thumbnail","hentry","category-alcaldia-de-manizales","category-alcaldias","category-economia","category-manizales"],"aioseo_notices":[],"blog_post_layout_featured_media_urls":{"thumbnail":["https:\/\/vocesdelaregion.com\/wp-content\/uploads\/2026\/04\/Cifras-empleo-1-1140x1425-1-150x150.jpeg",150,150,true],"full":["https:\/\/vocesdelaregion.com\/wp-content\/uploads\/2026\/04\/Cifras-empleo-1-1140x1425-1.jpeg",1140,1425,false]},"categories_names":{"355":{"name":"Alcald\u00eda de Manizales","link":"https:\/\/vocesdelaregion.com\/index.php\/category\/alcaldias\/alcaldia-de-manizales\/"},"58":{"name":"Alcald\u00edas","link":"https:\/\/vocesdelaregion.com\/index.php\/category\/alcaldias\/"},"361":{"name":"Econom\u00eda","link":"https:\/\/vocesdelaregion.com\/index.php\/category\/economia\/"},"26":{"name":"Manizales","link":"https:\/\/vocesdelaregion.com\/index.php\/category\/manizales\/"}},"tags_names":[],"comments_number":"0","wpmagazine_modules_lite_featured_media_urls":{"thumbnail":["https:\/\/vocesdelaregion.com\/wp-content\/uploads\/2026\/04\/Cifras-empleo-1-1140x1425-1-150x150.jpeg",150,150,true],"cvmm-medium":["https:\/\/vocesdelaregion.com\/wp-content\/uploads\/2026\/04\/Cifras-empleo-1-1140x1425-1-300x300.jpeg",300,300,true],"cvmm-medium-plus":["https:\/\/vocesdelaregion.com\/wp-content\/uploads\/2026\/04\/Cifras-empleo-1-1140x1425-1-305x207.jpeg",305,207,true],"cvmm-portrait":["https:\/\/vocesdelaregion.com\/wp-content\/uploads\/2026\/04\/Cifras-empleo-1-1140x1425-1-400x600.jpeg",400,600,true],"cvmm-medium-square":["https:\/\/vocesdelaregion.com\/wp-content\/uploads\/2026\/04\/Cifras-empleo-1-1140x1425-1-600x600.jpeg",600,600,true],"cvmm-large":["https:\/\/vocesdelaregion.com\/wp-content\/uploads\/2026\/04\/Cifras-empleo-1-1140x1425-1-1024x1024.jpeg",1024,1024,true],"cvmm-small":["https:\/\/vocesdelaregion.com\/wp-content\/uploads\/2026\/04\/Cifras-empleo-1-1140x1425-1-130x95.jpeg",130,95,true],"full":["https:\/\/vocesdelaregion.com\/wp-content\/uploads\/2026\/04\/Cifras-empleo-1-1140x1425-1.jpeg",1140,1425,false]},"_links":{"self":[{"href":"https:\/\/vocesdelaregion.com\/index.php\/wp-json\/wp\/v2\/posts\/39480","targetHints":{"allow":["GET"]}}],"collection":[{"href":"https:\/\/vocesdelaregion.com\/index.php\/wp-json\/wp\/v2\/posts"}],"about":[{"href":"https:\/\/vocesdelaregion.com\/index.php\/wp-json\/wp\/v2\/types\/post"}],"author":[{"embeddable":true,"href":"https:\/\/vocesdelaregion.com\/index.php\/wp-json\/wp\/v2\/users\/1"}],"replies":[{"embeddable":true,"href":"https:\/\/vocesdelaregion.com\/index.php\/wp-json\/wp\/v2\/comments?post=39480"}],"version-history":[{"count":1,"href":"https:\/\/vocesdelaregion.com\/index.php\/wp-json\/wp\/v2\/posts\/39480\/revisions"}],"predecessor-version":[{"id":39486,"href":"https:\/\/vocesdelaregion.com\/index.php\/wp-json\/wp\/v2\/posts\/39480\/revisions\/39486"}],"wp:featuredmedia":[{"embeddable":true,"href":"https:\/\/vocesdelaregion.com\/index.php\/wp-json\/wp\/v2\/media\/39485"}],"wp:attachment":[{"href":"https:\/\/vocesdelaregion.com\/index.php\/wp-json\/wp\/v2\/media?parent=39480"}],"wp:term":[{"taxonomy":"category","embeddable":true,"href":"https:\/\/vocesdelaregion.com\/index.php\/wp-json\/wp\/v2\/categories?post=39480"},{"taxonomy":"post_tag","embeddable":true,"href":"https:\/\/vocesdelaregion.com\/index.php\/wp-json\/wp\/v2\/tags?post=39480"}],"curies":[{"name":"wp","href":"https:\/\/api.w.org\/{rel}","templated":true}]}}