{"id":39473,"date":"2026-04-01T08:01:00","date_gmt":"2026-04-01T13:01:00","guid":{"rendered":"https:\/\/vocesdelaregion.com\/?p=39473"},"modified":"2026-04-27T20:10:30","modified_gmt":"2026-04-28T01:10:30","slug":"previenen-sobre-el-uso-de-velas-en-el-cerro-sancancio-durante-semana-santa","status":"publish","type":"post","link":"https:\/\/vocesdelaregion.com\/index.php\/2026\/04\/01\/previenen-sobre-el-uso-de-velas-en-el-cerro-sancancio-durante-semana-santa\/","title":{"rendered":"Previenen sobre el uso de velas en el cerro Sancancio durante Semana Santa"},"content":{"rendered":"\n<p><em><strong>La Unidad de Gesti\u00f3n del Riesgo de Manizales pide a los ciudadanos abstenerse de hacer fogatas o dejar velas encendidas en la zona.<\/strong><\/em><\/p>\n\n\n\n<p><em><strong>Con el inicio de las conmemoraciones de Semana Santa y el aumento del flujo de visitantes al Cerro Sancancio, se hace un llamado urgente a la ciudadan\u00eda y a los feligreses para evitar el encendido de velas y material inflamable en la zona.<\/strong><\/em><a href=\"https:\/\/centrodeinformacion.manizales.gov.co\/2026\/04\/01\/\"><\/a><\/p>\n\n\n\n<p>El cerro Sancancio, que por tradici\u00f3n es un punto de encuentro espiritual y tur\u00edstico, enfrenta un riesgo por incendios forestales debido a la acumulaci\u00f3n de material vegetal seco; dejar velas encendidas como acto de devoci\u00f3n representa una amenaza directa para la biodiversidad local y la seguridad de quienes frecuentan el sector.<\/p>\n\n\n\n<figure class=\"wp-block-image size-large\"><img fetchpriority=\"high\" decoding=\"async\" width=\"1024\" height=\"575\" src=\"https:\/\/vocesdelaregion.com\/wp-content\/uploads\/2026\/04\/WhatsApp-Image-2026-03-30-at-12.04.05-PM-1024x575.jpeg\" alt=\"\" class=\"wp-image-39478\" srcset=\"https:\/\/vocesdelaregion.com\/wp-content\/uploads\/2026\/04\/WhatsApp-Image-2026-03-30-at-12.04.05-PM-1024x575.jpeg 1024w, https:\/\/vocesdelaregion.com\/wp-content\/uploads\/2026\/04\/WhatsApp-Image-2026-03-30-at-12.04.05-PM-300x168.jpeg 300w, https:\/\/vocesdelaregion.com\/wp-content\/uploads\/2026\/04\/WhatsApp-Image-2026-03-30-at-12.04.05-PM-768x431.jpeg 768w, https:\/\/vocesdelaregion.com\/wp-content\/uploads\/2026\/04\/WhatsApp-Image-2026-03-30-at-12.04.05-PM.jpeg 1184w\" sizes=\"(max-width: 1024px) 100vw, 1024px\" \/><\/figure>\n\n\n\n<p><strong><em>\u201cLa fe y la protecci\u00f3n de nuestro entorno deben ir de la mano. Invitamos a los ciudadanos a vivir sus tradiciones de manera consciente, reemplazando las llamas f\u00edsicas por actos de cuidado ambiental\u201d<\/em><\/strong>, se enfatiza desde la Unidad de Gesti\u00f3n del Riesgo de Manizales.<\/p>\n\n\n\n<p><strong>\u200bRecomendaciones para los visitantes:<\/strong><\/p>\n\n\n\n<ul class=\"wp-block-list\">\n<li>Abstenerse de llevar velas, f\u00f3sforos o encendedores al ascenso del cerro.<\/li>\n\n\n\n<li>\u200bReportar de inmediato cualquier columna de humo a las autoridades competentes, a trav\u00e9s de la L\u00ednea del Cuerpo Oficial de Bomberos 119.<\/li>\n\n\n\n<li>Mantener los senderos libres de residuos que puedan generar efecto lupa.<\/li>\n<\/ul>\n\n\n\n<p><strong>\u200bLa seguridad de este cerro depende del comportamiento preventivo de cada visitante. Tambi\u00e9n en la Semana Santa, el compromiso es con la vida y la naturaleza.<\/strong><\/p>\n","protected":false},"excerpt":{"rendered":"<p>La Unidad de Gesti\u00f3n del Riesgo de Manizales pide a los ciudadanos abstenerse de hacer fogatas o dejar velas encendidas en la zona. Con el inicio de las conmemoraciones de Semana Santa y el aumento del flujo de visitantes al Cerro Sancancio, se hace un llamado urgente a la ciudadan\u00eda y a los feligreses para [&hellip;]<\/p>\n","protected":false},"author":1,"featured_media":39477,"comment_status":"closed","ping_status":"closed","sticky":false,"template":"","format":"standard","meta":{"om_disable_all_campaigns":false,"_monsterinsights_skip_tracking":false,"_monsterinsights_sitenote_active":false,"_monsterinsights_sitenote_note":"","_monsterinsights_sitenote_category":0,"_uf_show_specific_survey":0,"_uf_disable_surveys":false,"footnotes":""},"categories":[355,58,26],"tags":[],"class_list":["post-39473","post","type-post","status-publish","format-standard","has-post-thumbnail","hentry","category-alcaldia-de-manizales","category-alcaldias","category-manizales"],"aioseo_notices":[],"blog_post_layout_featured_media_urls":{"thumbnail":["https:\/\/vocesdelaregion.com\/wp-content\/uploads\/2026\/04\/WhatsApp-Image-2026-03-30-at-4.11.50-PM-150x150.jpeg",150,150,true],"full":["https:\/\/vocesdelaregion.com\/wp-content\/uploads\/2026\/04\/WhatsApp-Image-2026-03-30-at-4.11.50-PM.jpeg",1080,1350,false]},"categories_names":{"355":{"name":"Alcald\u00eda de Manizales","link":"https:\/\/vocesdelaregion.com\/index.php\/category\/alcaldias\/alcaldia-de-manizales\/"},"58":{"name":"Alcald\u00edas","link":"https:\/\/vocesdelaregion.com\/index.php\/category\/alcaldias\/"},"26":{"name":"Manizales","link":"https:\/\/vocesdelaregion.com\/index.php\/category\/manizales\/"}},"tags_names":[],"comments_number":"0","wpmagazine_modules_lite_featured_media_urls":{"thumbnail":["https:\/\/vocesdelaregion.com\/wp-content\/uploads\/2026\/04\/WhatsApp-Image-2026-03-30-at-4.11.50-PM-150x150.jpeg",150,150,true],"cvmm-medium":["https:\/\/vocesdelaregion.com\/wp-content\/uploads\/2026\/04\/WhatsApp-Image-2026-03-30-at-4.11.50-PM-300x300.jpeg",300,300,true],"cvmm-medium-plus":["https:\/\/vocesdelaregion.com\/wp-content\/uploads\/2026\/04\/WhatsApp-Image-2026-03-30-at-4.11.50-PM-305x207.jpeg",305,207,true],"cvmm-portrait":["https:\/\/vocesdelaregion.com\/wp-content\/uploads\/2026\/04\/WhatsApp-Image-2026-03-30-at-4.11.50-PM-400x600.jpeg",400,600,true],"cvmm-medium-square":["https:\/\/vocesdelaregion.com\/wp-content\/uploads\/2026\/04\/WhatsApp-Image-2026-03-30-at-4.11.50-PM-600x600.jpeg",600,600,true],"cvmm-large":["https:\/\/vocesdelaregion.com\/wp-content\/uploads\/2026\/04\/WhatsApp-Image-2026-03-30-at-4.11.50-PM-1024x1024.jpeg",1024,1024,true],"cvmm-small":["https:\/\/vocesdelaregion.com\/wp-content\/uploads\/2026\/04\/WhatsApp-Image-2026-03-30-at-4.11.50-PM-130x95.jpeg",130,95,true],"full":["https:\/\/vocesdelaregion.com\/wp-content\/uploads\/2026\/04\/WhatsApp-Image-2026-03-30-at-4.11.50-PM.jpeg",1080,1350,false]},"_links":{"self":[{"href":"https:\/\/vocesdelaregion.com\/index.php\/wp-json\/wp\/v2\/posts\/39473","targetHints":{"allow":["GET"]}}],"collection":[{"href":"https:\/\/vocesdelaregion.com\/index.php\/wp-json\/wp\/v2\/posts"}],"about":[{"href":"https:\/\/vocesdelaregion.com\/index.php\/wp-json\/wp\/v2\/types\/post"}],"author":[{"embeddable":true,"href":"https:\/\/vocesdelaregion.com\/index.php\/wp-json\/wp\/v2\/users\/1"}],"replies":[{"embeddable":true,"href":"https:\/\/vocesdelaregion.com\/index.php\/wp-json\/wp\/v2\/comments?post=39473"}],"version-history":[{"count":1,"href":"https:\/\/vocesdelaregion.com\/index.php\/wp-json\/wp\/v2\/posts\/39473\/revisions"}],"predecessor-version":[{"id":39479,"href":"https:\/\/vocesdelaregion.com\/index.php\/wp-json\/wp\/v2\/posts\/39473\/revisions\/39479"}],"wp:featuredmedia":[{"embeddable":true,"href":"https:\/\/vocesdelaregion.com\/index.php\/wp-json\/wp\/v2\/media\/39477"}],"wp:attachment":[{"href":"https:\/\/vocesdelaregion.com\/index.php\/wp-json\/wp\/v2\/media?parent=39473"}],"wp:term":[{"taxonomy":"category","embeddable":true,"href":"https:\/\/vocesdelaregion.com\/index.php\/wp-json\/wp\/v2\/categories?post=39473"},{"taxonomy":"post_tag","embeddable":true,"href":"https:\/\/vocesdelaregion.com\/index.php\/wp-json\/wp\/v2\/tags?post=39473"}],"curies":[{"name":"wp","href":"https:\/\/api.w.org\/{rel}","templated":true}]}}