{"id":3897,"date":"2025-02-03T15:51:00","date_gmt":"2025-02-03T20:51:00","guid":{"rendered":"https:\/\/vocesdelaregion.com\/?p=3897"},"modified":"2025-03-24T19:08:57","modified_gmt":"2025-03-25T00:08:57","slug":"otro-homicidio-en-caldas-balearon-a-un-hombre","status":"publish","type":"post","link":"https:\/\/vocesdelaregion.com\/index.php\/2025\/02\/03\/otro-homicidio-en-caldas-balearon-a-un-hombre\/","title":{"rendered":"Otro homicidio en Caldas. Balearon a un hombre"},"content":{"rendered":"\n<p>Un nuevo homicidio se registr\u00f3 en Caldas, en la vereda Cristales del municipio de Saman\u00e1, Magdalena caldense.<\/p>\n\n\n\n<p>Algunos habitantes observaron a un hombre tirado en la v\u00eda, con signos de violencia y de inmediato avisaron a la polic\u00eda.<\/p>\n\n\n\n<p>Al llegar al lugar, las autoridades constataron que el hombre ten\u00eda varios impactos con arma de fuego en la cabeza.<\/p>\n\n\n\n<p>Se realizaron las labores correspondientes de levantamiento a cad\u00e1ver y se iniciaron las investigaciones para esclarecer este hecho.<\/p>\n\n\n\n<p>La v\u00edctima fue identificada como Argiro de Jes\u00fas Jaramillo Taborda, de 42 a\u00f1os de edad.<\/p>\n\n\n\n<p>Caldas suma ya 17 homicidios este a\u00f1o 2025, 15 en enero y 2 en febrero, as\u00ed:<\/p>\n\n\n\n<ul class=\"wp-block-list\">\n<li>Manizales 5<\/li>\n\n\n\n<li>La Dorada 4<\/li>\n\n\n\n<li>Saman\u00e1 2<\/li>\n\n\n\n<li>Sup\u00eda 2<\/li>\n\n\n\n<li>San Jos\u00e9 2<\/li>\n\n\n\n<li>Chinchin\u00e1 1<\/li>\n\n\n\n<li>Viterbo 1<\/li>\n<\/ul>\n","protected":false},"excerpt":{"rendered":"<p>Un nuevo homicidio se registr\u00f3 en Caldas, en la vereda Cristales del municipio de Saman\u00e1, Magdalena caldense. Algunos habitantes observaron a un hombre tirado en la v\u00eda, con signos de violencia y de inmediato avisaron a la polic\u00eda. Al llegar al lugar, las autoridades constataron que el hombre ten\u00eda varios impactos con arma de fuego [&hellip;]<\/p>\n","protected":false},"author":1,"featured_media":3800,"comment_status":"open","ping_status":"open","sticky":false,"template":"","format":"standard","meta":{"om_disable_all_campaigns":false,"_monsterinsights_skip_tracking":false,"_monsterinsights_sitenote_active":false,"_monsterinsights_sitenote_note":"","_monsterinsights_sitenote_category":0,"_uf_show_specific_survey":0,"_uf_disable_surveys":false,"footnotes":""},"categories":[25,359,45],"tags":[172,261,72,73,53,272],"class_list":["post-3897","post","type-post","status-publish","format-standard","has-post-thumbnail","hentry","category-judicial","category-judiciales-caldas","category-magdalena","tag-arma-de-fuego","tag-bala","tag-caldas","tag-homicidio","tag-judicial","tag-magdalena"],"aioseo_notices":[],"blog_post_layout_featured_media_urls":{"thumbnail":["https:\/\/vocesdelaregion.com\/wp-content\/uploads\/2025\/01\/Homicidio-150x150.jpg",150,150,true],"full":["https:\/\/vocesdelaregion.com\/wp-content\/uploads\/2025\/01\/Homicidio.jpg",780,562,false]},"categories_names":{"25":{"name":"Judicial","link":"https:\/\/vocesdelaregion.com\/index.php\/category\/judicial\/"},"359":{"name":"Judiciales Caldas","link":"https:\/\/vocesdelaregion.com\/index.php\/category\/judicial\/judiciales-caldas\/"},"45":{"name":"Magdalena","link":"https:\/\/vocesdelaregion.com\/index.php\/category\/caldas\/magdalena\/"}},"tags_names":{"172":{"name":"arma de fuego","link":"https:\/\/vocesdelaregion.com\/index.php\/tag\/arma-de-fuego\/"},"261":{"name":"bala","link":"https:\/\/vocesdelaregion.com\/index.php\/tag\/bala\/"},"72":{"name":"caldas","link":"https:\/\/vocesdelaregion.com\/index.php\/tag\/caldas\/"},"73":{"name":"Homicidio","link":"https:\/\/vocesdelaregion.com\/index.php\/tag\/homicidio\/"},"53":{"name":"judicial","link":"https:\/\/vocesdelaregion.com\/index.php\/tag\/judicial\/"},"272":{"name":"magdalena","link":"https:\/\/vocesdelaregion.com\/index.php\/tag\/magdalena\/"}},"comments_number":"0","wpmagazine_modules_lite_featured_media_urls":{"thumbnail":["https:\/\/vocesdelaregion.com\/wp-content\/uploads\/2025\/01\/Homicidio-150x150.jpg",150,150,true],"cvmm-medium":["https:\/\/vocesdelaregion.com\/wp-content\/uploads\/2025\/01\/Homicidio-300x300.jpg",300,300,true],"cvmm-medium-plus":["https:\/\/vocesdelaregion.com\/wp-content\/uploads\/2025\/01\/Homicidio-305x207.jpg",305,207,true],"cvmm-portrait":["https:\/\/vocesdelaregion.com\/wp-content\/uploads\/2025\/01\/Homicidio-400x562.jpg",400,562,true],"cvmm-medium-square":["https:\/\/vocesdelaregion.com\/wp-content\/uploads\/2025\/01\/Homicidio-600x562.jpg",600,562,true],"cvmm-large":["https:\/\/vocesdelaregion.com\/wp-content\/uploads\/2025\/01\/Homicidio.jpg",780,562,false],"cvmm-small":["https:\/\/vocesdelaregion.com\/wp-content\/uploads\/2025\/01\/Homicidio-130x95.jpg",130,95,true],"full":["https:\/\/vocesdelaregion.com\/wp-content\/uploads\/2025\/01\/Homicidio.jpg",780,562,false]},"_links":{"self":[{"href":"https:\/\/vocesdelaregion.com\/index.php\/wp-json\/wp\/v2\/posts\/3897","targetHints":{"allow":["GET"]}}],"collection":[{"href":"https:\/\/vocesdelaregion.com\/index.php\/wp-json\/wp\/v2\/posts"}],"about":[{"href":"https:\/\/vocesdelaregion.com\/index.php\/wp-json\/wp\/v2\/types\/post"}],"author":[{"embeddable":true,"href":"https:\/\/vocesdelaregion.com\/index.php\/wp-json\/wp\/v2\/users\/1"}],"replies":[{"embeddable":true,"href":"https:\/\/vocesdelaregion.com\/index.php\/wp-json\/wp\/v2\/comments?post=3897"}],"version-history":[{"count":2,"href":"https:\/\/vocesdelaregion.com\/index.php\/wp-json\/wp\/v2\/posts\/3897\/revisions"}],"predecessor-version":[{"id":3899,"href":"https:\/\/vocesdelaregion.com\/index.php\/wp-json\/wp\/v2\/posts\/3897\/revisions\/3899"}],"wp:featuredmedia":[{"embeddable":true,"href":"https:\/\/vocesdelaregion.com\/index.php\/wp-json\/wp\/v2\/media\/3800"}],"wp:attachment":[{"href":"https:\/\/vocesdelaregion.com\/index.php\/wp-json\/wp\/v2\/media?parent=3897"}],"wp:term":[{"taxonomy":"category","embeddable":true,"href":"https:\/\/vocesdelaregion.com\/index.php\/wp-json\/wp\/v2\/categories?post=3897"},{"taxonomy":"post_tag","embeddable":true,"href":"https:\/\/vocesdelaregion.com\/index.php\/wp-json\/wp\/v2\/tags?post=3897"}],"curies":[{"name":"wp","href":"https:\/\/api.w.org\/{rel}","templated":true}]}}