{"id":3719,"date":"2025-01-20T11:43:44","date_gmt":"2025-01-20T16:43:44","guid":{"rendered":"https:\/\/vocesdelaregion.com\/?p=3719"},"modified":"2025-01-20T13:46:50","modified_gmt":"2025-01-20T18:46:50","slug":"2-homicidios-710-reportes-a-la-linea-123-de-la-policia-nacional-14-capturados-durante-el-fin-de-semana-en-manizales","status":"publish","type":"post","link":"https:\/\/vocesdelaregion.com\/index.php\/2025\/01\/20\/2-homicidios-710-reportes-a-la-linea-123-de-la-policia-nacional-14-capturados-durante-el-fin-de-semana-en-manizales\/","title":{"rendered":"2 homicidios, 710 reportes a la l\u00ednea 123 de la Polic\u00eda Nacional, 14 capturados, durante el fin de semana en Manizales"},"content":{"rendered":"\n<p>La Alcald\u00eda de Manizales, a trav\u00e9s de la Secretar\u00eda del Interior, y la Polic\u00eda Nacional realizaron durante el fin de semana acciones de vigilancia, control y atenci\u00f3n de requerimientos de la comunidad, con el fin de garantizar la seguridad y la sana convivencia en la ciudad.<\/p>\n\n\n\n<figure class=\"wp-block-gallery has-nested-images columns-default is-cropped wp-block-gallery-1 is-layout-flex wp-block-gallery-is-layout-flex\">\n<figure class=\"wp-block-image\"><img fetchpriority=\"high\" decoding=\"async\" width=\"1024\" height=\"682\" data-id=\"3716\" src=\"https:\/\/vocesdelaregion.com\/wp-content\/uploads\/2025\/01\/whatsapp-image-2025-01-20-at-112515421882791000193-1024x682.jpeg\" alt=\"\" class=\"wp-image-3716\" srcset=\"https:\/\/vocesdelaregion.com\/wp-content\/uploads\/2025\/01\/whatsapp-image-2025-01-20-at-112515421882791000193-1024x682.jpeg 1024w, https:\/\/vocesdelaregion.com\/wp-content\/uploads\/2025\/01\/whatsapp-image-2025-01-20-at-112515421882791000193-300x200.jpeg 300w, https:\/\/vocesdelaregion.com\/wp-content\/uploads\/2025\/01\/whatsapp-image-2025-01-20-at-112515421882791000193-768x512.jpeg 768w, https:\/\/vocesdelaregion.com\/wp-content\/uploads\/2025\/01\/whatsapp-image-2025-01-20-at-112515421882791000193-600x400.jpeg 600w, https:\/\/vocesdelaregion.com\/wp-content\/uploads\/2025\/01\/whatsapp-image-2025-01-20-at-112515421882791000193.jpeg 1280w\" sizes=\"(max-width: 1024px) 100vw, 1024px\" \/><\/figure>\n\n\n\n<figure class=\"wp-block-image\"><img decoding=\"async\" width=\"1024\" height=\"768\" data-id=\"3717\" src=\"https:\/\/vocesdelaregion.com\/wp-content\/uploads\/2025\/01\/whatsapp-image-2025-01-20-at-118938409194134776108-1024x768.jpeg\" alt=\"\" class=\"wp-image-3717\" srcset=\"https:\/\/vocesdelaregion.com\/wp-content\/uploads\/2025\/01\/whatsapp-image-2025-01-20-at-118938409194134776108-1024x768.jpeg 1024w, https:\/\/vocesdelaregion.com\/wp-content\/uploads\/2025\/01\/whatsapp-image-2025-01-20-at-118938409194134776108-300x225.jpeg 300w, https:\/\/vocesdelaregion.com\/wp-content\/uploads\/2025\/01\/whatsapp-image-2025-01-20-at-118938409194134776108-768x576.jpeg 768w, https:\/\/vocesdelaregion.com\/wp-content\/uploads\/2025\/01\/whatsapp-image-2025-01-20-at-118938409194134776108-136x102.jpeg 136w, https:\/\/vocesdelaregion.com\/wp-content\/uploads\/2025\/01\/whatsapp-image-2025-01-20-at-118938409194134776108-600x450.jpeg 600w, https:\/\/vocesdelaregion.com\/wp-content\/uploads\/2025\/01\/whatsapp-image-2025-01-20-at-118938409194134776108.jpeg 1154w\" sizes=\"(max-width: 1024px) 100vw, 1024px\" \/><\/figure>\n<\/figure>\n\n\n\n<p><strong>Resultados de los operativos:<\/strong><\/p>\n\n\n\n<ul class=\"wp-block-list\">\n<li>Se realizaron 103 \u00f3rdenes de comparendos por infringir el C\u00f3digo Nacional de Seguridad y Convivencia Ciudadana<\/li>\n\n\n\n<li>Se realizaron 60 traslados al Centro Transitorio por Protecci\u00f3n (CTP)<\/li>\n\n\n\n<li>33 casos atendidos de violencia intrafamiliar<\/li>\n\n\n\n<li>Se registraron 710 llamadas a la L\u00ednea 123<\/li>\n\n\n\n<li>14 ciudadanos capturados por diferentes delitos<\/li>\n\n\n\n<li>Se incautaron 57 armas blancas<\/li>\n\n\n\n<li>10 adolescentes fueron trasladados al Instituto de Atenci\u00f3n a la Familia<\/li>\n\n\n\n<li>Se atendieron 38 casos de ri\u00f1as en v\u00eda p\u00fablica<\/li>\n<\/ul>\n\n\n\n<p><strong>En investigaci\u00f3n dos homicidios en hechos aislados en los barrios Gal\u00e1n y F\u00e1tima<\/strong><\/p>\n\n\n\n<p>El primero de ellos, un ex polic\u00eda oriundo de Chinchin\u00e1 fue encontrado muerto&nbsp; en el barrio F\u00e1tima con un disparo en el pecho. El segundo caso, un ciudadano de 28 a\u00f1os fue hallado sin vida en una canaleta del barrio Gal\u00e1n con dos impactos de bala, ambos casos se encuentran en investigaci\u00f3n por el CTI y la Polic\u00eda Metropolitana de Manizales, con el fin de dar con establecer los m\u00f3viles y los responsables de los dos casos.<\/p>\n","protected":false},"excerpt":{"rendered":"<p>La Alcald\u00eda de Manizales, a trav\u00e9s de la Secretar\u00eda del Interior, y la Polic\u00eda Nacional realizaron durante el fin de semana acciones de vigilancia, control y atenci\u00f3n de requerimientos de la comunidad, con el fin de garantizar la seguridad y la sana convivencia en la ciudad. Resultados de los operativos: En investigaci\u00f3n dos homicidios en [&hellip;]<\/p>\n","protected":false},"author":1,"featured_media":3718,"comment_status":"open","ping_status":"open","sticky":false,"template":"","format":"standard","meta":{"om_disable_all_campaigns":false,"_monsterinsights_skip_tracking":false,"_monsterinsights_sitenote_active":false,"_monsterinsights_sitenote_note":"","_monsterinsights_sitenote_category":0,"_uf_show_specific_survey":0,"_uf_disable_surveys":false,"footnotes":""},"categories":[25,26,1],"tags":[234,230,73,53,64,79,235],"class_list":["post-3719","post","type-post","status-publish","format-standard","has-post-thumbnail","hentry","category-judicial","category-manizales","category-noticias","tag-fin-de-semana","tag-hechos","tag-homicidio","tag-judicial","tag-manizales","tag-policia","tag-reporte"],"aioseo_notices":[],"blog_post_layout_featured_media_urls":{"thumbnail":["https:\/\/vocesdelaregion.com\/wp-content\/uploads\/2025\/01\/WhatsApp-Image-2025-01-20-at-11.45.32-AM-150x150.jpeg",150,150,true],"full":["https:\/\/vocesdelaregion.com\/wp-content\/uploads\/2025\/01\/WhatsApp-Image-2025-01-20-at-11.45.32-AM.jpeg",1280,957,false]},"categories_names":{"25":{"name":"Judicial","link":"https:\/\/vocesdelaregion.com\/index.php\/category\/judicial\/"},"26":{"name":"Manizales","link":"https:\/\/vocesdelaregion.com\/index.php\/category\/manizales\/"},"1":{"name":"Noticias","link":"https:\/\/vocesdelaregion.com\/index.php\/category\/noticias\/"}},"tags_names":{"234":{"name":"fin de semana","link":"https:\/\/vocesdelaregion.com\/index.php\/tag\/fin-de-semana\/"},"230":{"name":"hechos","link":"https:\/\/vocesdelaregion.com\/index.php\/tag\/hechos\/"},"73":{"name":"Homicidio","link":"https:\/\/vocesdelaregion.com\/index.php\/tag\/homicidio\/"},"53":{"name":"judicial","link":"https:\/\/vocesdelaregion.com\/index.php\/tag\/judicial\/"},"64":{"name":"Manizales","link":"https:\/\/vocesdelaregion.com\/index.php\/tag\/manizales\/"},"79":{"name":"polic\u00eda","link":"https:\/\/vocesdelaregion.com\/index.php\/tag\/policia\/"},"235":{"name":"reporte","link":"https:\/\/vocesdelaregion.com\/index.php\/tag\/reporte\/"}},"comments_number":"0","wpmagazine_modules_lite_featured_media_urls":{"thumbnail":["https:\/\/vocesdelaregion.com\/wp-content\/uploads\/2025\/01\/WhatsApp-Image-2025-01-20-at-11.45.32-AM-150x150.jpeg",150,150,true],"cvmm-medium":["https:\/\/vocesdelaregion.com\/wp-content\/uploads\/2025\/01\/WhatsApp-Image-2025-01-20-at-11.45.32-AM-300x300.jpeg",300,300,true],"cvmm-medium-plus":["https:\/\/vocesdelaregion.com\/wp-content\/uploads\/2025\/01\/WhatsApp-Image-2025-01-20-at-11.45.32-AM-305x207.jpeg",305,207,true],"cvmm-portrait":["https:\/\/vocesdelaregion.com\/wp-content\/uploads\/2025\/01\/WhatsApp-Image-2025-01-20-at-11.45.32-AM-400x600.jpeg",400,600,true],"cvmm-medium-square":["https:\/\/vocesdelaregion.com\/wp-content\/uploads\/2025\/01\/WhatsApp-Image-2025-01-20-at-11.45.32-AM-600x600.jpeg",600,600,true],"cvmm-large":["https:\/\/vocesdelaregion.com\/wp-content\/uploads\/2025\/01\/WhatsApp-Image-2025-01-20-at-11.45.32-AM-1024x957.jpeg",1024,957,true],"cvmm-small":["https:\/\/vocesdelaregion.com\/wp-content\/uploads\/2025\/01\/WhatsApp-Image-2025-01-20-at-11.45.32-AM-130x95.jpeg",130,95,true],"full":["https:\/\/vocesdelaregion.com\/wp-content\/uploads\/2025\/01\/WhatsApp-Image-2025-01-20-at-11.45.32-AM.jpeg",1280,957,false]},"_links":{"self":[{"href":"https:\/\/vocesdelaregion.com\/index.php\/wp-json\/wp\/v2\/posts\/3719","targetHints":{"allow":["GET"]}}],"collection":[{"href":"https:\/\/vocesdelaregion.com\/index.php\/wp-json\/wp\/v2\/posts"}],"about":[{"href":"https:\/\/vocesdelaregion.com\/index.php\/wp-json\/wp\/v2\/types\/post"}],"author":[{"embeddable":true,"href":"https:\/\/vocesdelaregion.com\/index.php\/wp-json\/wp\/v2\/users\/1"}],"replies":[{"embeddable":true,"href":"https:\/\/vocesdelaregion.com\/index.php\/wp-json\/wp\/v2\/comments?post=3719"}],"version-history":[{"count":1,"href":"https:\/\/vocesdelaregion.com\/index.php\/wp-json\/wp\/v2\/posts\/3719\/revisions"}],"predecessor-version":[{"id":3720,"href":"https:\/\/vocesdelaregion.com\/index.php\/wp-json\/wp\/v2\/posts\/3719\/revisions\/3720"}],"wp:featuredmedia":[{"embeddable":true,"href":"https:\/\/vocesdelaregion.com\/index.php\/wp-json\/wp\/v2\/media\/3718"}],"wp:attachment":[{"href":"https:\/\/vocesdelaregion.com\/index.php\/wp-json\/wp\/v2\/media?parent=3719"}],"wp:term":[{"taxonomy":"category","embeddable":true,"href":"https:\/\/vocesdelaregion.com\/index.php\/wp-json\/wp\/v2\/categories?post=3719"},{"taxonomy":"post_tag","embeddable":true,"href":"https:\/\/vocesdelaregion.com\/index.php\/wp-json\/wp\/v2\/tags?post=3719"}],"curies":[{"name":"wp","href":"https:\/\/api.w.org\/{rel}","templated":true}]}}