{"id":35466,"date":"2026-03-17T17:38:16","date_gmt":"2026-03-17T22:38:16","guid":{"rendered":"https:\/\/vocesdelaregion.com\/?p=35466"},"modified":"2026-03-17T17:38:20","modified_gmt":"2026-03-17T22:38:20","slug":"belalcazar-le-apuesta-al-futuro-con-computadores-y-aula-stem-el-gobierno-de-caldas-y-la-unal-transforman-la-educacion","status":"publish","type":"post","link":"https:\/\/vocesdelaregion.com\/index.php\/2026\/03\/17\/belalcazar-le-apuesta-al-futuro-con-computadores-y-aula-stem-el-gobierno-de-caldas-y-la-unal-transforman-la-educacion\/","title":{"rendered":"Belalc\u00e1zar le apuesta al futuro: con computadores y aula STEM, el Gobierno de Caldas y la UNAL transforman la educaci\u00f3n"},"content":{"rendered":"\n<p>En medio de la expectativa de estudiantes y docentes, y con la ilusi\u00f3n reflejada en cada mirada, llegaron a las instituciones educativas del municipio de Belalc\u00e1zar&nbsp;<strong>40 nuevos computadores&nbsp;<\/strong>que, m\u00e1s que equipos, representan puertas abiertas al conocimiento.<\/p>\n\n\n\n<p>En las aulas, donde antes la tecnolog\u00eda era limitada, hoy comienzan a encenderse nuevas posibilidades. Y es que a este avance se suma la&nbsp;<strong>puesta en marcha de un aula STEM, un espacio pensado para despertar la curiosidad, la creatividad y el pensamiento cient\u00edfico<\/strong>&nbsp;de las nuevas generaciones.<\/p>\n\n\n\n<figure class=\"wp-block-gallery has-nested-images columns-default is-cropped wp-block-gallery-1 is-layout-flex wp-block-gallery-is-layout-flex\">\n<figure class=\"wp-block-image size-large\"><img fetchpriority=\"high\" decoding=\"async\" width=\"1024\" height=\"683\" data-id=\"35469\" src=\"https:\/\/vocesdelaregion.com\/wp-content\/uploads\/2026\/03\/WhatsApp-Image-2026-03-17-at-10.02.20-AM-1024x683.jpeg\" alt=\"\" class=\"wp-image-35469\" srcset=\"https:\/\/vocesdelaregion.com\/wp-content\/uploads\/2026\/03\/WhatsApp-Image-2026-03-17-at-10.02.20-AM-1024x683.jpeg 1024w, https:\/\/vocesdelaregion.com\/wp-content\/uploads\/2026\/03\/WhatsApp-Image-2026-03-17-at-10.02.20-AM-300x200.jpeg 300w, https:\/\/vocesdelaregion.com\/wp-content\/uploads\/2026\/03\/WhatsApp-Image-2026-03-17-at-10.02.20-AM-768x512.jpeg 768w, https:\/\/vocesdelaregion.com\/wp-content\/uploads\/2026\/03\/WhatsApp-Image-2026-03-17-at-10.02.20-AM.jpeg 1280w\" sizes=\"(max-width: 1024px) 100vw, 1024px\" \/><\/figure>\n\n\n\n<figure class=\"wp-block-image size-large\"><img decoding=\"async\" width=\"1024\" height=\"683\" data-id=\"35467\" src=\"https:\/\/vocesdelaregion.com\/wp-content\/uploads\/2026\/03\/WhatsApp-Image-2026-03-17-at-10.07.57-AM-1024x683.jpeg\" alt=\"\" class=\"wp-image-35467\" srcset=\"https:\/\/vocesdelaregion.com\/wp-content\/uploads\/2026\/03\/WhatsApp-Image-2026-03-17-at-10.07.57-AM-1024x683.jpeg 1024w, https:\/\/vocesdelaregion.com\/wp-content\/uploads\/2026\/03\/WhatsApp-Image-2026-03-17-at-10.07.57-AM-300x200.jpeg 300w, https:\/\/vocesdelaregion.com\/wp-content\/uploads\/2026\/03\/WhatsApp-Image-2026-03-17-at-10.07.57-AM-768x512.jpeg 768w, https:\/\/vocesdelaregion.com\/wp-content\/uploads\/2026\/03\/WhatsApp-Image-2026-03-17-at-10.07.57-AM.jpeg 1280w\" sizes=\"(max-width: 1024px) 100vw, 1024px\" \/><\/figure>\n\n\n\n<figure class=\"wp-block-image size-large\"><img decoding=\"async\" width=\"1024\" height=\"683\" data-id=\"35468\" src=\"https:\/\/vocesdelaregion.com\/wp-content\/uploads\/2026\/03\/WhatsApp-Image-2026-03-17-at-10.02.19-AM-1-1024x683.jpeg\" alt=\"\" class=\"wp-image-35468\" srcset=\"https:\/\/vocesdelaregion.com\/wp-content\/uploads\/2026\/03\/WhatsApp-Image-2026-03-17-at-10.02.19-AM-1-1024x683.jpeg 1024w, https:\/\/vocesdelaregion.com\/wp-content\/uploads\/2026\/03\/WhatsApp-Image-2026-03-17-at-10.02.19-AM-1-300x200.jpeg 300w, https:\/\/vocesdelaregion.com\/wp-content\/uploads\/2026\/03\/WhatsApp-Image-2026-03-17-at-10.02.19-AM-1-768x512.jpeg 768w, https:\/\/vocesdelaregion.com\/wp-content\/uploads\/2026\/03\/WhatsApp-Image-2026-03-17-at-10.02.19-AM-1.jpeg 1280w\" sizes=\"(max-width: 1024px) 100vw, 1024px\" \/><\/figure>\n<\/figure>\n\n\n\n<p>El gobernador de Caldas, Henry Guti\u00e9rrez \u00c1ngel, explic\u00f3 que las Aulas Stem hacen parte de un programa de correspondencia de la Universidad Nacional con la Gobernaci\u00f3n,&nbsp;<strong>mediante la estampilla pro-universidades<\/strong>. \u201cSon aulas que re\u00fanen matem\u00e1ticas, ciencia, tecnolog\u00eda, ingenier\u00eda y matem\u00e1ticas con implementos de punta para que la gente del com\u00fan enriquezca su capacidad tecnol\u00f3gica. \u00a1Estamos haciendo obras en beneficio de Caldas y, en este caso, de Belalc\u00e1zar!\u201d, dijo.<\/p>\n\n\n\n<figure class=\"wp-block-video\"><video controls src=\"https:\/\/escaldas.com\/wp-content\/uploads\/2026\/03\/Henry-Gutierrez-Angel-Entrega-de-computadores-y-aula-STEM-en-Belalcazar.mp4\"><\/video><figcaption class=\"wp-element-caption\"><strong>Gobernador de Caldas, Henry Guti\u00e9rrez \u00c1ngel.<\/strong><\/figcaption><\/figure>\n\n\n\n<p>Por su parte, el secretario de Educaci\u00f3n de Caldas, Luis Herney Vargas Barrera, invit\u00f3 a los belalcazaritas a visitar el Aula STEM de su municipio, la cual les permitir\u00e1 desarrollar habilidades digitales a todos los ciudadanos. \u201c<strong>Hemos entregado 13 aulas en estos dos a\u00f1os y ser\u00e1n m\u00e1s. Adem\u00e1s, entregamos 40 computadores para la comunidad educativa del municipio<\/strong>\u201d, apunt\u00f3.<\/p>\n\n\n\n<figure class=\"wp-block-video\"><video controls src=\"https:\/\/escaldas.com\/wp-content\/uploads\/2026\/03\/Luis-Herney-Vargas-Barrera-Entrega-de-computadores-y-aula-STEM-en-Belalcazar.mp4\"><\/video><figcaption class=\"wp-element-caption\"><strong>Secretario de Educaci\u00f3n de Caldas, Luis Herney Vargas Barrera.<\/strong><\/figcaption><\/figure>\n\n\n\n<p>Jonier Zapata, estudiante de la Instituci\u00f3n Educativa Cristo Rey, es uno de los beneficiarios y expres\u00f3 su alegr\u00eda por la llegada de nuevos equipos para su colegio. \u201cEstamos muy contentos porque esto nos servir\u00e1 para impulsar nuestros estudios,&nbsp;<strong>los necesit\u00e1bamos mucho, estamos muy agradecidos con el Gobernador de Caldas y con la Secretar\u00eda de Educaci\u00f3n.&nbsp;<\/strong>La verdad lo que nos gusta m\u00e1s son las impresoras 3D, las gafas de realidad virtual y los computadores.&nbsp;<strong>Es primera vez que tenemos este tipo de equipos en los municipios<\/strong>\u201d, manifest\u00f3.<\/p>\n\n\n\n<figure class=\"wp-block-video\"><video controls src=\"https:\/\/escaldas.com\/wp-content\/uploads\/2026\/03\/Jonier-Zapata-Entrega-de-computadores-y-aula-STEM-en-Belalcazar.mp4\"><\/video><\/figure>\n\n\n\n<p>Cada uno de estos computadores representa una apuesta por el talento de los estudiantes, al tiempo que contribuye a cerrar brechas digitales y a prepararlos para enfrentar los retos de un mundo cada vez m\u00e1s conectado, tecnol\u00f3gico y competitivo.<\/p>\n\n\n\n<p>El rector encargado de la Instituci\u00f3n Educativa El \u00c1guila, V\u00edctor Alfonso Gonz\u00e1lez, tambi\u00e9n agradeci\u00f3 la entrega y asegur\u00f3 que est\u00e1n felices con los equipos y con el aula STEM: \u201cNo cont\u00e1bamos con esta sorpresa, estamos felices con los computadores, ya los necesit\u00e1bamos para que nuestros j\u00f3venes ind\u00edgenas y no ind\u00edgenas puedan disfrutar.&nbsp;<strong>Con esta tecnolog\u00eda, la idea es llevar a los estudiantes por grupos al aula STEM, que tengan la experiencia de qu\u00e9 es esto<\/strong>\u201d.<\/p>\n\n\n\n<figure class=\"wp-block-video\"><video controls src=\"https:\/\/escaldas.com\/wp-content\/uploads\/2026\/03\/Victor-Alfonso-Gonzales-Morales-Entrega-de-computadores-y-aula-STEM-en-Belalcazar.mp4\"><\/video><figcaption class=\"wp-element-caption\"><strong>Rector encargado de la Instituci\u00f3n Educativa El \u00c1guila, V\u00edctor Alfonso Gonz\u00e1lez.<\/strong><\/figcaption><\/figure>\n\n\n\n<p>Entre tanto, el alcalde de Belalc\u00e1zar, Fabio Andr\u00e9s Ram\u00edrez Giraldo, resalt\u00f3 que con el aula y los equipos&nbsp;<strong>se benefician ni\u00f1os de la zona urbana y de la zona rural<\/strong>. \u201cEstamos felices. Un agradecimiento especial al Gobernador y al Secretario de Educaci\u00f3n, que hicieron esa generosa y valiosa entrega. Esto es acercar a los estudiantes a la tecnolog\u00eda, pues son<strong>&nbsp;equipos de punta que realmente mejoran la educaci\u00f3n y les permite hacer innovaci\u00f3n.&nbsp;<\/strong>Es una gran entrega, es el respaldo que la Gobernaci\u00f3n y todo su equipo a Belalc\u00e1zar\u201d, destac\u00f3.<\/p>\n\n\n\n<figure class=\"wp-block-video\"><video controls src=\"https:\/\/escaldas.com\/wp-content\/uploads\/2026\/03\/Fabio-Andres-Ramirez-Giraldo-Entrega-de-computadores-y-aula-STEM-en-Belalcazar.mp4\"><\/video><figcaption class=\"wp-element-caption\"><strong>Alcalde de Belalc\u00e1zar, Fabio Andr\u00e9s Ram\u00edrez Giraldo.<\/strong><\/figcaption><\/figure>\n\n\n\n<p><strong>En datos:<\/strong><\/p>\n\n\n\n<ul class=\"wp-block-list\">\n<li>Recursos invertidos en los 40 equipos de c\u00f3mputo para cuatro instituciones educativas de Belalc\u00e1zar: $84.059.280<\/li>\n\n\n\n<li>Recursos invertidos en el aula STEM: $95.203.281, que incluyen 36 elementos entre equipos y dotaci\u00f3n tecnol\u00f3gica.<\/li>\n<\/ul>\n","protected":false},"excerpt":{"rendered":"<p>En medio de la expectativa de estudiantes y docentes, y con la ilusi\u00f3n reflejada en cada mirada, llegaron a las instituciones educativas del municipio de Belalc\u00e1zar&nbsp;40 nuevos computadores&nbsp;que, m\u00e1s que equipos, representan puertas abiertas al conocimiento. En las aulas, donde antes la tecnolog\u00eda era limitada, hoy comienzan a encenderse nuevas posibilidades. Y es que a [&hellip;]<\/p>\n","protected":false},"author":1,"featured_media":35470,"comment_status":"closed","ping_status":"closed","sticky":false,"template":"","format":"standard","meta":{"om_disable_all_campaigns":false,"_monsterinsights_skip_tracking":false,"_monsterinsights_sitenote_active":false,"_monsterinsights_sitenote_note":"","_monsterinsights_sitenote_category":0,"_uf_show_specific_survey":0,"_uf_disable_surveys":false,"footnotes":""},"categories":[23,24,357,356,27],"tags":[],"class_list":["post-35466","post","type-post","status-publish","format-standard","has-post-thumbnail","hentry","category-belalcazar","category-caldas","category-gobernacion-de-caldas","category-gobernaciones","category-occidente-prospero"],"aioseo_notices":[],"blog_post_layout_featured_media_urls":{"thumbnail":["https:\/\/vocesdelaregion.com\/wp-content\/uploads\/2026\/03\/WhatsApp-Image-2026-03-17-at-10.07.57-AM-1-1024x683-1-150x150.jpeg",150,150,true],"full":["https:\/\/vocesdelaregion.com\/wp-content\/uploads\/2026\/03\/WhatsApp-Image-2026-03-17-at-10.07.57-AM-1-1024x683-1.jpeg",1024,683,false]},"categories_names":{"23":{"name":"Belalc\u00e1zar","link":"https:\/\/vocesdelaregion.com\/index.php\/category\/occidente-prospero\/belalcazar\/"},"24":{"name":"Caldas","link":"https:\/\/vocesdelaregion.com\/index.php\/category\/caldas\/"},"357":{"name":"Gobernaci\u00f3n de Caldas","link":"https:\/\/vocesdelaregion.com\/index.php\/category\/gobernaciones\/gobernacion-de-caldas\/"},"356":{"name":"Gobernaciones","link":"https:\/\/vocesdelaregion.com\/index.php\/category\/gobernaciones\/"},"27":{"name":"Occidente Pr\u00f3spero","link":"https:\/\/vocesdelaregion.com\/index.php\/category\/occidente-prospero\/"}},"tags_names":[],"comments_number":"0","wpmagazine_modules_lite_featured_media_urls":{"thumbnail":["https:\/\/vocesdelaregion.com\/wp-content\/uploads\/2026\/03\/WhatsApp-Image-2026-03-17-at-10.07.57-AM-1-1024x683-1-150x150.jpeg",150,150,true],"cvmm-medium":["https:\/\/vocesdelaregion.com\/wp-content\/uploads\/2026\/03\/WhatsApp-Image-2026-03-17-at-10.07.57-AM-1-1024x683-1-300x300.jpeg",300,300,true],"cvmm-medium-plus":["https:\/\/vocesdelaregion.com\/wp-content\/uploads\/2026\/03\/WhatsApp-Image-2026-03-17-at-10.07.57-AM-1-1024x683-1-305x207.jpeg",305,207,true],"cvmm-portrait":["https:\/\/vocesdelaregion.com\/wp-content\/uploads\/2026\/03\/WhatsApp-Image-2026-03-17-at-10.07.57-AM-1-1024x683-1-400x600.jpeg",400,600,true],"cvmm-medium-square":["https:\/\/vocesdelaregion.com\/wp-content\/uploads\/2026\/03\/WhatsApp-Image-2026-03-17-at-10.07.57-AM-1-1024x683-1-600x600.jpeg",600,600,true],"cvmm-large":["https:\/\/vocesdelaregion.com\/wp-content\/uploads\/2026\/03\/WhatsApp-Image-2026-03-17-at-10.07.57-AM-1-1024x683-1.jpeg",1024,683,false],"cvmm-small":["https:\/\/vocesdelaregion.com\/wp-content\/uploads\/2026\/03\/WhatsApp-Image-2026-03-17-at-10.07.57-AM-1-1024x683-1-130x95.jpeg",130,95,true],"full":["https:\/\/vocesdelaregion.com\/wp-content\/uploads\/2026\/03\/WhatsApp-Image-2026-03-17-at-10.07.57-AM-1-1024x683-1.jpeg",1024,683,false]},"_links":{"self":[{"href":"https:\/\/vocesdelaregion.com\/index.php\/wp-json\/wp\/v2\/posts\/35466","targetHints":{"allow":["GET"]}}],"collection":[{"href":"https:\/\/vocesdelaregion.com\/index.php\/wp-json\/wp\/v2\/posts"}],"about":[{"href":"https:\/\/vocesdelaregion.com\/index.php\/wp-json\/wp\/v2\/types\/post"}],"author":[{"embeddable":true,"href":"https:\/\/vocesdelaregion.com\/index.php\/wp-json\/wp\/v2\/users\/1"}],"replies":[{"embeddable":true,"href":"https:\/\/vocesdelaregion.com\/index.php\/wp-json\/wp\/v2\/comments?post=35466"}],"version-history":[{"count":1,"href":"https:\/\/vocesdelaregion.com\/index.php\/wp-json\/wp\/v2\/posts\/35466\/revisions"}],"predecessor-version":[{"id":35471,"href":"https:\/\/vocesdelaregion.com\/index.php\/wp-json\/wp\/v2\/posts\/35466\/revisions\/35471"}],"wp:featuredmedia":[{"embeddable":true,"href":"https:\/\/vocesdelaregion.com\/index.php\/wp-json\/wp\/v2\/media\/35470"}],"wp:attachment":[{"href":"https:\/\/vocesdelaregion.com\/index.php\/wp-json\/wp\/v2\/media?parent=35466"}],"wp:term":[{"taxonomy":"category","embeddable":true,"href":"https:\/\/vocesdelaregion.com\/index.php\/wp-json\/wp\/v2\/categories?post=35466"},{"taxonomy":"post_tag","embeddable":true,"href":"https:\/\/vocesdelaregion.com\/index.php\/wp-json\/wp\/v2\/tags?post=35466"}],"curies":[{"name":"wp","href":"https:\/\/api.w.org\/{rel}","templated":true}]}}