{"id":35463,"date":"2026-03-12T13:41:20","date_gmt":"2026-03-12T18:41:20","guid":{"rendered":"https:\/\/vocesdelaregion.com\/?p=35463"},"modified":"2026-03-12T13:42:15","modified_gmt":"2026-03-12T18:42:15","slug":"programa-innvencibles-que-fortalece-el-tejido-empresarial-caldense-llega-a-anserma","status":"publish","type":"post","link":"https:\/\/vocesdelaregion.com\/index.php\/2026\/03\/12\/programa-innvencibles-que-fortalece-el-tejido-empresarial-caldense-llega-a-anserma\/","title":{"rendered":"Programa Innvencibles que fortalece el tejido empresarial caldense llega a Anserma"},"content":{"rendered":"\n<p>El Gobierno de Caldas sigue impulsando proyectos que benefician a las empresas locales. Es as\u00ed como, en convenio con la C\u00e1mara de Comercio de Manizales por Caldas (CCMPC), a trav\u00e9s de su laboratorio de creatividad e innovaci\u00f3n NeuroCity,&nbsp;<strong>la Secretar\u00eda de Desarrollo, Empleo e Innovaci\u00f3n da apertura a una nueva edici\u00f3n del programa Innvencibles. Esta vez estar\u00e1 dirigido a empresarios del municipio de Anserma&nbsp;<\/strong>que deseen transformar sus ideas en productos o servicios innovadores.<\/p>\n\n\n\n<p>Esta convocatoria busca que las empresas participantes&nbsp;<strong>logren materializar nuevas ideas y fortalecer sus capacidades empresariales<\/strong>&nbsp;mediante herramientas pr\u00e1cticas que les permitan diferenciarse y posicionarse mejor en el mercado.<\/p>\n\n\n\n<p>El impacto positivo de esta estrategia ya se evidenci\u00f3 en su edici\u00f3n anterior, en la que varias empresas lograron validar ideas innovadoras y fortalecer sus modelos de negocio.<\/p>\n\n\n\n<p>\u201cQueremos invitar a todos los empresarios del municipio de Anserma para que se vinculen a este programa que aporta a los procesos de transformaci\u00f3n digital.&nbsp;<strong>Esta metodolog\u00eda ya permiti\u00f3 el desarrollo de 15 prototipos validados en el municipio de Aguadas<\/strong>, que incluyen desde nuevos servicios tur\u00edsticos y alimentos t\u00edpicos hasta canales de comercializaci\u00f3n digital, como sitios web con traducci\u00f3n al ingl\u00e9s para la exportaci\u00f3n de artesan\u00edas\u201d, se\u00f1al\u00f3 la secretaria de Desarrollo, Empleo e Innovaci\u00f3n de Caldas, Juanita Espeleta.<\/p>\n\n\n\n<figure class=\"wp-block-audio\"><audio controls src=\"https:\/\/escaldas.com\/wp-content\/uploads\/2026\/03\/Juniata-Espeleta-Norena-.mp3\"><\/audio><figcaption class=\"wp-element-caption\"><strong>Juanita Espeleta, secretaria de Desarrollo Empleo e Innovaci\u00f3n de Caldas.<\/strong><\/figcaption><\/figure>\n\n\n\n<p>Por su parte, Alexander Dur\u00e1n Mac\u00edas, coordinador del programa Innvencibles en municipios, explic\u00f3 que&nbsp;<strong>la participaci\u00f3n no tiene ning\u00fan costo y que los cupos son limitados.&nbsp;<\/strong>\u201cEl programa es gratuito y tiene cupos limitados para&nbsp;<strong>hasta 20 empresas<\/strong>. Quienes hagan parte del proceso podr\u00e1n acceder a diferentes beneficios y acompa\u00f1amiento especializado para fortalecer sus negocios\u201d, indic\u00f3.<\/p>\n\n\n\n<figure class=\"wp-block-audio\"><audio controls src=\"https:\/\/escaldas.com\/wp-content\/uploads\/2026\/03\/Alexander-Duran-Macias-Coordinador-Programa-Innvencibles-en-municipios.-.mp3\"><\/audio><figcaption class=\"wp-element-caption\"><strong>Alexander Dur\u00e1n Mac\u00edas, coordinador programa Innvencibles en municipios.<\/strong><\/figcaption><\/figure>\n\n\n\n<h4 class=\"wp-block-heading\">Beneficios del programa<\/h4>\n\n\n\n<p>Las empresas seleccionadas recibir\u00e1n:<\/p>\n\n\n\n<ul class=\"wp-block-list\">\n<li>26 horas de formaci\u00f3n especializada.<\/li>\n\n\n\n<li>Acompa\u00f1amiento para el desarrollo de un nuevo producto o servicio.<\/li>\n\n\n\n<li>Mentor\u00edas personalizadas con expertos.<\/li>\n<\/ul>\n\n\n\n<h4 class=\"wp-block-heading\">Requisitos para participar<\/h4>\n\n\n\n<p>Para postularse, los empresarios deben cumplir con algunos requisitos b\u00e1sicos:<\/p>\n\n\n\n<ul class=\"wp-block-list\">\n<li>Tener matr\u00edcula mercantil renovada.<\/li>\n\n\n\n<li>Contar con m\u00ednimo un a\u00f1o de generaci\u00f3n de ventas.<\/li>\n<\/ul>\n\n\n\n<p><strong>Los interesados podr\u00e1n inscribirse en el siguiente enlace:<br><a href=\"http:\/?\">h<\/a><a href=\"https:\/\/ccmpc.org.co\/caracterizacionempresarial\/\">ttps:\/\/ccmpc.org.co\/caracterizacionempresarial\/<\/a><\/strong><\/p>\n\n\n\n<p>Es importante indicar que el programa al que se postulan es&nbsp;<strong>Innvencibles<\/strong>.<\/p>\n\n\n\n<p>La convocatoria estar\u00e1 abierta hasta el&nbsp;<strong>31 de marzo de 2026<\/strong>. Los t\u00e9rminos de referencia completos pueden consultarse en:&nbsp;<a href=\"https:\/\/m.ccmpc.org\/a49bb5\">https:\/\/m.ccmpc.org\/a49bb5<\/a><\/p>\n\n\n\n<p>Se puede obtener m\u00e1s informaci\u00f3n del programa a trav\u00e9s de&nbsp;<a href=\"http:\/?\">innvencibles@ccm.org.co<\/a>&nbsp;&nbsp;|&nbsp; &nbsp;312 7151179.<\/p>\n","protected":false},"excerpt":{"rendered":"<p>El Gobierno de Caldas sigue impulsando proyectos que benefician a las empresas locales. Es as\u00ed como, en convenio con la C\u00e1mara de Comercio de Manizales por Caldas (CCMPC), a trav\u00e9s de su laboratorio de creatividad e innovaci\u00f3n NeuroCity,&nbsp;la Secretar\u00eda de Desarrollo, Empleo e Innovaci\u00f3n da apertura a una nueva edici\u00f3n del programa Innvencibles. Esta vez [&hellip;]<\/p>\n","protected":false},"author":1,"featured_media":35465,"comment_status":"closed","ping_status":"closed","sticky":false,"template":"","format":"standard","meta":{"om_disable_all_campaigns":false,"_monsterinsights_skip_tracking":false,"_monsterinsights_sitenote_active":false,"_monsterinsights_sitenote_note":"","_monsterinsights_sitenote_category":0,"_uf_show_specific_survey":0,"_uf_disable_surveys":false,"footnotes":""},"categories":[19,24,357,356,27],"tags":[],"class_list":["post-35463","post","type-post","status-publish","format-standard","has-post-thumbnail","hentry","category-anserma","category-caldas","category-gobernacion-de-caldas","category-gobernaciones","category-occidente-prospero"],"aioseo_notices":[],"blog_post_layout_featured_media_urls":{"thumbnail":["https:\/\/vocesdelaregion.com\/wp-content\/uploads\/2026\/03\/pieza-promocional-150x150.jpeg",150,150,true],"full":["https:\/\/vocesdelaregion.com\/wp-content\/uploads\/2026\/03\/pieza-promocional.jpeg",1080,1350,false]},"categories_names":{"19":{"name":"Anserma","link":"https:\/\/vocesdelaregion.com\/index.php\/category\/occidente-prospero\/anserma\/"},"24":{"name":"Caldas","link":"https:\/\/vocesdelaregion.com\/index.php\/category\/caldas\/"},"357":{"name":"Gobernaci\u00f3n de Caldas","link":"https:\/\/vocesdelaregion.com\/index.php\/category\/gobernaciones\/gobernacion-de-caldas\/"},"356":{"name":"Gobernaciones","link":"https:\/\/vocesdelaregion.com\/index.php\/category\/gobernaciones\/"},"27":{"name":"Occidente Pr\u00f3spero","link":"https:\/\/vocesdelaregion.com\/index.php\/category\/occidente-prospero\/"}},"tags_names":[],"comments_number":"0","wpmagazine_modules_lite_featured_media_urls":{"thumbnail":["https:\/\/vocesdelaregion.com\/wp-content\/uploads\/2026\/03\/pieza-promocional-150x150.jpeg",150,150,true],"cvmm-medium":["https:\/\/vocesdelaregion.com\/wp-content\/uploads\/2026\/03\/pieza-promocional-300x300.jpeg",300,300,true],"cvmm-medium-plus":["https:\/\/vocesdelaregion.com\/wp-content\/uploads\/2026\/03\/pieza-promocional-305x207.jpeg",305,207,true],"cvmm-portrait":["https:\/\/vocesdelaregion.com\/wp-content\/uploads\/2026\/03\/pieza-promocional-400x600.jpeg",400,600,true],"cvmm-medium-square":["https:\/\/vocesdelaregion.com\/wp-content\/uploads\/2026\/03\/pieza-promocional-600x600.jpeg",600,600,true],"cvmm-large":["https:\/\/vocesdelaregion.com\/wp-content\/uploads\/2026\/03\/pieza-promocional-1024x1024.jpeg",1024,1024,true],"cvmm-small":["https:\/\/vocesdelaregion.com\/wp-content\/uploads\/2026\/03\/pieza-promocional-130x95.jpeg",130,95,true],"full":["https:\/\/vocesdelaregion.com\/wp-content\/uploads\/2026\/03\/pieza-promocional.jpeg",1080,1350,false]},"_links":{"self":[{"href":"https:\/\/vocesdelaregion.com\/index.php\/wp-json\/wp\/v2\/posts\/35463","targetHints":{"allow":["GET"]}}],"collection":[{"href":"https:\/\/vocesdelaregion.com\/index.php\/wp-json\/wp\/v2\/posts"}],"about":[{"href":"https:\/\/vocesdelaregion.com\/index.php\/wp-json\/wp\/v2\/types\/post"}],"author":[{"embeddable":true,"href":"https:\/\/vocesdelaregion.com\/index.php\/wp-json\/wp\/v2\/users\/1"}],"replies":[{"embeddable":true,"href":"https:\/\/vocesdelaregion.com\/index.php\/wp-json\/wp\/v2\/comments?post=35463"}],"version-history":[{"count":1,"href":"https:\/\/vocesdelaregion.com\/index.php\/wp-json\/wp\/v2\/posts\/35463\/revisions"}],"predecessor-version":[{"id":35464,"href":"https:\/\/vocesdelaregion.com\/index.php\/wp-json\/wp\/v2\/posts\/35463\/revisions\/35464"}],"wp:featuredmedia":[{"embeddable":true,"href":"https:\/\/vocesdelaregion.com\/index.php\/wp-json\/wp\/v2\/media\/35465"}],"wp:attachment":[{"href":"https:\/\/vocesdelaregion.com\/index.php\/wp-json\/wp\/v2\/media?parent=35463"}],"wp:term":[{"taxonomy":"category","embeddable":true,"href":"https:\/\/vocesdelaregion.com\/index.php\/wp-json\/wp\/v2\/categories?post=35463"},{"taxonomy":"post_tag","embeddable":true,"href":"https:\/\/vocesdelaregion.com\/index.php\/wp-json\/wp\/v2\/tags?post=35463"}],"curies":[{"name":"wp","href":"https:\/\/api.w.org\/{rel}","templated":true}]}}